{"id":82241,"date":"2023-01-05T09:58:55","date_gmt":"2023-01-05T09:58:55","guid":{"rendered":"https:\/\/www.noticiasradioreflejos.com.ar\/2021\/?p=82241"},"modified":"2023-01-05T09:58:55","modified_gmt":"2023-01-05T09:58:55","slug":"kicillof-anuncio-en-miramar-que-la-provincia-hara-la-tercera-etapa-de-los-viajes-de-fin-de-curso","status":"publish","type":"post","link":"https:\/\/www.noticiasradioreflejos.com.ar\/2021\/kicillof-anuncio-en-miramar-que-la-provincia-hara-la-tercera-etapa-de-los-viajes-de-fin-de-curso\/","title":{"rendered":"Kicillof anunci\u00f3 en Miramar que \u00abla provincia har\u00e1 la tercera etapa de los viajes de fin de curso\u00bb"},"content":{"rendered":"<p>El gobernador bonaerense, Axel Kicillof anunci\u00f3 hoy en Miramar que \u00aben este 2023 haremos la tercera etapa de los viajes de fin de curso\u00bb y as\u00ed el gobierno provincial va a \u00abgarantizar que todos los que terminan el secundario puedan vivir ese momento especial\u00bb.<!--more--><\/p>\n<p>\u00abTerminamos la segunda etapa de los viajes de fin de curso para todos y lo seguiremos haciendo. Tiene un valor sentimental y educativo, y queremos que todos tengan acceso a la universidad, el derecho a la educaci\u00f3n que es vital\u00bb, dijo Kicillof.<\/p>\n<p>El gobernador afirm\u00f3 que \u00abseguiremos abriendo centros universitarios. Es algo que vamos a consolidar. Tambi\u00e9n garantizamos a chicos de educaci\u00f3n especial que puedan tener su viaje\u00bb.<\/p>\n<p><iframe loading=\"lazy\" title=\"Viajes Fin de curso Etapa 3\" src=\"https:\/\/www.youtube.com\/embed\/f1XujaMvxko\" width=\"853\" height=\"480\" frameborder=\"0\" allowfullscreen=\"allowfullscreen\"><\/iframe><\/p>\n<p>En otro tramo de la exposici\u00f3n, y bajo el lema \u00abDerecho al Futuro\u00bb, manifest\u00f3 que \u00abhay que celebrar los n\u00fameros de la temporada que reci\u00e9n se inicia\u00bb, ya que \u00abla pandemia hizo estragos en la actividad tur\u00edstica desde alojamientos, gastronom\u00eda y toda la industria que se mueve con el turismo\u00bb.<\/p>\n<p>\u00abLogramos acompa\u00f1ar con distintas pol\u00edticas poder sostener la supervivencia. La temporada pasada fue compleja pero termin\u00f3 siendo r\u00e9cord a pesar de los protocolos y enormes cuidados\u00bb, afirm\u00f3.<\/p>\n<p>El mandatario bonaerense tambi\u00e9n remarc\u00f3 que \u00abhoy venimos del mejor diciembre de la historia para la Provincia. Tomamos recaudos con los distintos intendentes y en ese sentido lanzamos el Operativo de Sol a Sol que no solo es de seguridad sino de cuidados. Hay 22 mil efectivos en los distintos destinos, hicimos inversiones en patrulleros, motos y toda estructura que ayude\u00bb.<\/p>\n<p>Kicillof tambi\u00e9n confirm\u00f3 que \u00abseguiremos con la Cuenta DNI que ser\u00e1 de una gran ayuda para la temporada tur\u00edstica con muchos beneficios que se dar\u00e1n semana a semana\u00bb.<\/p>\n<p>Por su parte, el ministro de Producci\u00f3n, Ciencia e Innovaci\u00f3n Tecnol\u00f3gica, Augusto Costa, dijo que \u00abvenimos de un diciembre hist\u00f3rico con m\u00e1s de 4 millones de visitantes en los distintos lugares tur\u00edsticos de la Provincia y enero viene con un nivel de afluencia tur\u00edstica que ser\u00e1 a\u00fan mejor a la pasada. Eso genera trabajo y producci\u00f3n\u00bb.<\/p>\n<p>El funcionario tambi\u00e9n inform\u00f3 que ma\u00f1ana se abrir\u00e1 el quinto Parador Recreo en Chascom\u00fas, que se suma a los cuatro que hay en distintos puntos de la costa atl\u00e1ntica: \u00abEstamos en una temporada que arranc\u00f3 con todo\u00bb, afirm\u00f3.<\/p>\n","protected":false},"excerpt":{"rendered":"<p>El gobernador bonaerense, Axel Kicillof anunci\u00f3 hoy en Miramar que \u00aben este 2023 haremos la tercera etapa de los viajes de fin de curso\u00bb y as\u00ed el gobierno provincial va a \u00abgarantizar que todos los que terminan el secundario puedan vivir ese momento especial\u00bb.<\/p>\n","protected":false},"author":3,"featured_media":0,"comment_status":"closed","ping_status":"closed","sticky":false,"template":"","format":"standard","meta":{"footnotes":""},"categories":[58,33],"tags":[],"class_list":["post-82241","post","type-post","status-publish","format-standard","hentry","category-gobierno","category-turismo"],"yoast_head":"<!-- This site is optimized with the Yoast SEO plugin v25.9 - https:\/\/yoast.com\/wordpress\/plugins\/seo\/ -->\n<title>Kicillof anunci\u00f3 en Miramar que &quot;la provincia har\u00e1 la tercera etapa de los viajes de fin de curso&quot; - Noticias Radio Reflejos<\/title>\n<meta name=\"robots\" content=\"index, follow, max-snippet:-1, max-image-preview:large, max-video-preview:-1\" \/>\n<link rel=\"canonical\" href=\"https:\/\/www.noticiasradioreflejos.com.ar\/2021\/kicillof-anuncio-en-miramar-que-la-provincia-hara-la-tercera-etapa-de-los-viajes-de-fin-de-curso\/\" \/>\n<meta property=\"og:locale\" content=\"es_ES\" \/>\n<meta property=\"og:type\" content=\"article\" \/>\n<meta property=\"og:title\" content=\"Kicillof anunci\u00f3 en Miramar que &quot;la provincia har\u00e1 la tercera etapa de los viajes de fin de curso&quot; - Noticias Radio Reflejos\" \/>\n<meta property=\"og:description\" content=\"El gobernador bonaerense, Axel Kicillof anunci\u00f3 hoy en Miramar que \u00aben este 2023 haremos la tercera etapa de los viajes de fin de curso\u00bb y as\u00ed el gobierno provincial va a \u00abgarantizar que todos los que terminan el secundario puedan vivir ese momento especial\u00bb.\" \/>\n<meta property=\"og:url\" content=\"https:\/\/www.noticiasradioreflejos.com.ar\/2021\/kicillof-anuncio-en-miramar-que-la-provincia-hara-la-tercera-etapa-de-los-viajes-de-fin-de-curso\/\" \/>\n<meta property=\"og:site_name\" content=\"Noticias Radio Reflejos\" \/>\n<meta property=\"article:published_time\" content=\"2023-01-05T09:58:55+00:00\" \/>\n<meta property=\"og:image\" content=\"https:\/\/www.noticiasradioreflejos.com.ar\/2021\/wp-content\/uploads\/2021\/07\/logosol300x200.png\" \/>\n\t<meta property=\"og:image:width\" content=\"300\" \/>\n\t<meta property=\"og:image:height\" content=\"200\" \/>\n\t<meta property=\"og:image:type\" content=\"image\/png\" \/>\n<meta name=\"author\" content=\"Arnaldo Botto\" \/>\n<meta name=\"twitter:card\" content=\"summary_large_image\" \/>\n<script type=\"application\/ld+json\" class=\"yoast-schema-graph\">{\"@context\":\"https:\/\/schema.org\",\"@graph\":[{\"@type\":\"WebPage\",\"@id\":\"https:\/\/www.noticiasradioreflejos.com.ar\/2021\/kicillof-anuncio-en-miramar-que-la-provincia-hara-la-tercera-etapa-de-los-viajes-de-fin-de-curso\/\",\"url\":\"https:\/\/www.noticiasradioreflejos.com.ar\/2021\/kicillof-anuncio-en-miramar-que-la-provincia-hara-la-tercera-etapa-de-los-viajes-de-fin-de-curso\/\",\"name\":\"Kicillof anunci\u00f3 en Miramar que \\\"la provincia har\u00e1 la tercera etapa de los viajes de fin de curso\\\" - Noticias Radio Reflejos\",\"isPartOf\":{\"@id\":\"https:\/\/www.noticiasradioreflejos.com.ar\/2021\/#website\"},\"datePublished\":\"2023-01-05T09:58:55+00:00\",\"author\":{\"@id\":\"https:\/\/www.noticiasradioreflejos.com.ar\/2021\/#\/schema\/person\/ad82545263dcc5ec0996818884fd5fb1\"},\"breadcrumb\":{\"@id\":\"https:\/\/www.noticiasradioreflejos.com.ar\/2021\/kicillof-anuncio-en-miramar-que-la-provincia-hara-la-tercera-etapa-de-los-viajes-de-fin-de-curso\/#breadcrumb\"},\"inLanguage\":\"es\",\"potentialAction\":[{\"@type\":\"ReadAction\",\"target\":[\"https:\/\/www.noticiasradioreflejos.com.ar\/2021\/kicillof-anuncio-en-miramar-que-la-provincia-hara-la-tercera-etapa-de-los-viajes-de-fin-de-curso\/\"]}]},{\"@type\":\"BreadcrumbList\",\"@id\":\"https:\/\/www.noticiasradioreflejos.com.ar\/2021\/kicillof-anuncio-en-miramar-que-la-provincia-hara-la-tercera-etapa-de-los-viajes-de-fin-de-curso\/#breadcrumb\",\"itemListElement\":[{\"@type\":\"ListItem\",\"position\":1,\"name\":\"Portada\",\"item\":\"https:\/\/www.noticiasradioreflejos.com.ar\/2021\/\"},{\"@type\":\"ListItem\",\"position\":2,\"name\":\"Kicillof anunci\u00f3 en Miramar que \u00abla provincia har\u00e1 la tercera etapa de los viajes de fin de curso\u00bb\"}]},{\"@type\":\"WebSite\",\"@id\":\"https:\/\/www.noticiasradioreflejos.com.ar\/2021\/#website\",\"url\":\"https:\/\/www.noticiasradioreflejos.com.ar\/2021\/\",\"name\":\"Noticias Radio Reflejos\",\"description\":\"Las noticias de mi comarca\",\"potentialAction\":[{\"@type\":\"SearchAction\",\"target\":{\"@type\":\"EntryPoint\",\"urlTemplate\":\"https:\/\/www.noticiasradioreflejos.com.ar\/2021\/?s={search_term_string}\"},\"query-input\":{\"@type\":\"PropertyValueSpecification\",\"valueRequired\":true,\"valueName\":\"search_term_string\"}}],\"inLanguage\":\"es\"},{\"@type\":\"Person\",\"@id\":\"https:\/\/www.noticiasradioreflejos.com.ar\/2021\/#\/schema\/person\/ad82545263dcc5ec0996818884fd5fb1\",\"name\":\"Arnaldo Botto\",\"image\":{\"@type\":\"ImageObject\",\"inLanguage\":\"es\",\"@id\":\"https:\/\/www.noticiasradioreflejos.com.ar\/2021\/#\/schema\/person\/image\/\",\"url\":\"https:\/\/secure.gravatar.com\/avatar\/55cb5e37c1efa326397366e6974cb338056df65cb50e7d64d1cf314e87504837?s=96&d=mm&r=g\",\"contentUrl\":\"https:\/\/secure.gravatar.com\/avatar\/55cb5e37c1efa326397366e6974cb338056df65cb50e7d64d1cf314e87504837?s=96&d=mm&r=g\",\"caption\":\"Arnaldo Botto\"},\"url\":\"https:\/\/www.noticiasradioreflejos.com.ar\/2021\/author\/arnaldo\/\"}]}<\/script>\n<!-- \/ Yoast SEO plugin. -->","yoast_head_json":{"title":"Kicillof anunci\u00f3 en Miramar que \"la provincia har\u00e1 la tercera etapa de los viajes de fin de curso\" - Noticias Radio Reflejos","robots":{"index":"index","follow":"follow","max-snippet":"max-snippet:-1","max-image-preview":"max-image-preview:large","max-video-preview":"max-video-preview:-1"},"canonical":"https:\/\/www.noticiasradioreflejos.com.ar\/2021\/kicillof-anuncio-en-miramar-que-la-provincia-hara-la-tercera-etapa-de-los-viajes-de-fin-de-curso\/","og_locale":"es_ES","og_type":"article","og_title":"Kicillof anunci\u00f3 en Miramar que \"la provincia har\u00e1 la tercera etapa de los viajes de fin de curso\" - Noticias Radio Reflejos","og_description":"El gobernador bonaerense, Axel Kicillof anunci\u00f3 hoy en Miramar que \u00aben este 2023 haremos la tercera etapa de los viajes de fin de curso\u00bb y as\u00ed el gobierno provincial va a \u00abgarantizar que todos los que terminan el secundario puedan vivir ese momento especial\u00bb.","og_url":"https:\/\/www.noticiasradioreflejos.com.ar\/2021\/kicillof-anuncio-en-miramar-que-la-provincia-hara-la-tercera-etapa-de-los-viajes-de-fin-de-curso\/","og_site_name":"Noticias Radio Reflejos","article_published_time":"2023-01-05T09:58:55+00:00","og_image":[{"width":300,"height":200,"url":"https:\/\/www.noticiasradioreflejos.com.ar\/2021\/wp-content\/uploads\/2021\/07\/logosol300x200.png","type":"image\/png"}],"author":"Arnaldo Botto","twitter_card":"summary_large_image","schema":{"@context":"https:\/\/schema.org","@graph":[{"@type":"WebPage","@id":"https:\/\/www.noticiasradioreflejos.com.ar\/2021\/kicillof-anuncio-en-miramar-que-la-provincia-hara-la-tercera-etapa-de-los-viajes-de-fin-de-curso\/","url":"https:\/\/www.noticiasradioreflejos.com.ar\/2021\/kicillof-anuncio-en-miramar-que-la-provincia-hara-la-tercera-etapa-de-los-viajes-de-fin-de-curso\/","name":"Kicillof anunci\u00f3 en Miramar que \"la provincia har\u00e1 la tercera etapa de los viajes de fin de curso\" - Noticias Radio Reflejos","isPartOf":{"@id":"https:\/\/www.noticiasradioreflejos.com.ar\/2021\/#website"},"datePublished":"2023-01-05T09:58:55+00:00","author":{"@id":"https:\/\/www.noticiasradioreflejos.com.ar\/2021\/#\/schema\/person\/ad82545263dcc5ec0996818884fd5fb1"},"breadcrumb":{"@id":"https:\/\/www.noticiasradioreflejos.com.ar\/2021\/kicillof-anuncio-en-miramar-que-la-provincia-hara-la-tercera-etapa-de-los-viajes-de-fin-de-curso\/#breadcrumb"},"inLanguage":"es","potentialAction":[{"@type":"ReadAction","target":["https:\/\/www.noticiasradioreflejos.com.ar\/2021\/kicillof-anuncio-en-miramar-que-la-provincia-hara-la-tercera-etapa-de-los-viajes-de-fin-de-curso\/"]}]},{"@type":"BreadcrumbList","@id":"https:\/\/www.noticiasradioreflejos.com.ar\/2021\/kicillof-anuncio-en-miramar-que-la-provincia-hara-la-tercera-etapa-de-los-viajes-de-fin-de-curso\/#breadcrumb","itemListElement":[{"@type":"ListItem","position":1,"name":"Portada","item":"https:\/\/www.noticiasradioreflejos.com.ar\/2021\/"},{"@type":"ListItem","position":2,"name":"Kicillof anunci\u00f3 en Miramar que \u00abla provincia har\u00e1 la tercera etapa de los viajes de fin de curso\u00bb"}]},{"@type":"WebSite","@id":"https:\/\/www.noticiasradioreflejos.com.ar\/2021\/#website","url":"https:\/\/www.noticiasradioreflejos.com.ar\/2021\/","name":"Noticias Radio Reflejos","description":"Las noticias de mi comarca","potentialAction":[{"@type":"SearchAction","target":{"@type":"EntryPoint","urlTemplate":"https:\/\/www.noticiasradioreflejos.com.ar\/2021\/?s={search_term_string}"},"query-input":{"@type":"PropertyValueSpecification","valueRequired":true,"valueName":"search_term_string"}}],"inLanguage":"es"},{"@type":"Person","@id":"https:\/\/www.noticiasradioreflejos.com.ar\/2021\/#\/schema\/person\/ad82545263dcc5ec0996818884fd5fb1","name":"Arnaldo Botto","image":{"@type":"ImageObject","inLanguage":"es","@id":"https:\/\/www.noticiasradioreflejos.com.ar\/2021\/#\/schema\/person\/image\/","url":"https:\/\/secure.gravatar.com\/avatar\/55cb5e37c1efa326397366e6974cb338056df65cb50e7d64d1cf314e87504837?s=96&d=mm&r=g","contentUrl":"https:\/\/secure.gravatar.com\/avatar\/55cb5e37c1efa326397366e6974cb338056df65cb50e7d64d1cf314e87504837?s=96&d=mm&r=g","caption":"Arnaldo Botto"},"url":"https:\/\/www.noticiasradioreflejos.com.ar\/2021\/author\/arnaldo\/"}]}},"_links":{"self":[{"href":"https:\/\/www.noticiasradioreflejos.com.ar\/2021\/wp-json\/wp\/v2\/posts\/82241","targetHints":{"allow":["GET"]}}],"collection":[{"href":"https:\/\/www.noticiasradioreflejos.com.ar\/2021\/wp-json\/wp\/v2\/posts"}],"about":[{"href":"https:\/\/www.noticiasradioreflejos.com.ar\/2021\/wp-json\/wp\/v2\/types\/post"}],"author":[{"embeddable":true,"href":"https:\/\/www.noticiasradioreflejos.com.ar\/2021\/wp-json\/wp\/v2\/users\/3"}],"replies":[{"embeddable":true,"href":"https:\/\/www.noticiasradioreflejos.com.ar\/2021\/wp-json\/wp\/v2\/comments?post=82241"}],"version-history":[{"count":1,"href":"https:\/\/www.noticiasradioreflejos.com.ar\/2021\/wp-json\/wp\/v2\/posts\/82241\/revisions"}],"predecessor-version":[{"id":82243,"href":"https:\/\/www.noticiasradioreflejos.com.ar\/2021\/wp-json\/wp\/v2\/posts\/82241\/revisions\/82243"}],"wp:attachment":[{"href":"https:\/\/www.noticiasradioreflejos.com.ar\/2021\/wp-json\/wp\/v2\/media?parent=82241"}],"wp:term":[{"taxonomy":"category","embeddable":true,"href":"https:\/\/www.noticiasradioreflejos.com.ar\/2021\/wp-json\/wp\/v2\/categories?post=82241"},{"taxonomy":"post_tag","embeddable":true,"href":"https:\/\/www.noticiasradioreflejos.com.ar\/2021\/wp-json\/wp\/v2\/tags?post=82241"}],"curies":[{"name":"wp","href":"https:\/\/api.w.org\/{rel}","templated":true}]}}