{"id":82231,"date":"2023-01-04T22:06:47","date_gmt":"2023-01-04T22:06:47","guid":{"rendered":"https:\/\/www.noticiasradioreflejos.com.ar\/2021\/?p=82231"},"modified":"2023-01-04T22:06:47","modified_gmt":"2023-01-04T22:06:47","slug":"el-gobierno-bonaerense-financiara-proyectos-que-preserven-bosques-nativos","status":"publish","type":"post","link":"https:\/\/www.noticiasradioreflejos.com.ar\/2021\/el-gobierno-bonaerense-financiara-proyectos-que-preserven-bosques-nativos\/","title":{"rendered":"El Gobierno bonaerense financiar\u00e1 proyectos que preserven bosques nativos"},"content":{"rendered":"<p>La provincia de Buenos Aires financiar\u00e1 por primera vez, con fondos de la ley nacional de bosques, planes que ayuden a preservar o a hacer un uso correcto de los bosques bonaerenses<!--more--><\/p>\n<p>La ministra de Ambiente, Daniela Vilar, a trav\u00e9s de su cuenta de Twitter asegur\u00f3 que se van a impulsar \u00abproyectos de preservaci\u00f3n y manejo sostenible de estos ecosistemas y los servicios ambientales que nos brindan\u201d.<\/p>\n<p>La funcionaria inform\u00f3 que en el \u00e1mbito provincial existen \u201ccerca de un mill\u00f3n de hect\u00e1reas de bosque nativo\u201d que, dijo, \u201cson fundamentales en la lucha contra el cambio clim\u00e1tico, mejoran la calidad del aire, absorben CO2 y agua, ayudando a prevenir y mitigar inundaciones o sequ\u00edas\u201d.<\/p>\n<p>Vilar llam\u00f3 a quienes tengan alg\u00fan espacio territorial dentro del Ordenamiento Territorial de Bosques Nativos se inscriban a la propuesta y consider\u00f3 que se trata de \u201cun paso hist\u00f3rico por el bienestar del ambiente y el buen vivir de los bonaerenses\u201d<\/p>\n<p>Los interesados en la propuesta tendr\u00e1n tiempo de inscribirse hasta el 1\u00b0 de marzo de 2023.Los formularios de inscripci\u00f3n se encuentran disponibles en la p\u00e1gina web del ministerio (http:\/\/ambiente.gba.gob.ar\/bosquesnativos\/convocatoriabosques).<\/p>\n<p>Los formularios deber\u00e1n ser completados y firmados \u201cpor un profesional que se encuentre inscripto en el registro de profesionales de Bosques Nativos del Ministerio de Ambiente de la provincia de Buenos Aires\u201d.<\/p>\n","protected":false},"excerpt":{"rendered":"<p>La provincia de Buenos Aires financiar\u00e1 por primera vez, con fondos de la ley nacional de bosques, planes que ayuden a preservar o a hacer un uso correcto de los bosques bonaerenses<\/p>\n","protected":false},"author":3,"featured_media":0,"comment_status":"closed","ping_status":"closed","sticky":false,"template":"","format":"standard","meta":{"footnotes":""},"categories":[46,58,24],"tags":[],"class_list":["post-82231","post","type-post","status-publish","format-standard","hentry","category-ciencia-y-tecnologia","category-gobierno","category-politica"],"yoast_head":"<!-- This site is optimized with the Yoast SEO plugin v25.9 - https:\/\/yoast.com\/wordpress\/plugins\/seo\/ -->\n<title>El Gobierno bonaerense financiar\u00e1 proyectos que preserven bosques nativos - Noticias Radio Reflejos<\/title>\n<meta name=\"robots\" content=\"index, follow, max-snippet:-1, max-image-preview:large, max-video-preview:-1\" \/>\n<link rel=\"canonical\" href=\"https:\/\/www.noticiasradioreflejos.com.ar\/2021\/el-gobierno-bonaerense-financiara-proyectos-que-preserven-bosques-nativos\/\" \/>\n<meta property=\"og:locale\" content=\"es_ES\" \/>\n<meta property=\"og:type\" content=\"article\" \/>\n<meta property=\"og:title\" content=\"El Gobierno bonaerense financiar\u00e1 proyectos que preserven bosques nativos - Noticias Radio Reflejos\" \/>\n<meta property=\"og:description\" content=\"La provincia de Buenos Aires financiar\u00e1 por primera vez, con fondos de la ley nacional de bosques, planes que ayuden a preservar o a hacer un uso correcto de los bosques bonaerenses\" \/>\n<meta property=\"og:url\" content=\"https:\/\/www.noticiasradioreflejos.com.ar\/2021\/el-gobierno-bonaerense-financiara-proyectos-que-preserven-bosques-nativos\/\" \/>\n<meta property=\"og:site_name\" content=\"Noticias Radio Reflejos\" \/>\n<meta property=\"article:published_time\" content=\"2023-01-04T22:06:47+00:00\" \/>\n<meta property=\"og:image\" content=\"https:\/\/www.noticiasradioreflejos.com.ar\/2021\/wp-content\/uploads\/2021\/07\/logosol300x200.png\" \/>\n\t<meta property=\"og:image:width\" content=\"300\" \/>\n\t<meta property=\"og:image:height\" content=\"200\" \/>\n\t<meta property=\"og:image:type\" content=\"image\/png\" \/>\n<meta name=\"author\" content=\"Arnaldo Botto\" \/>\n<meta name=\"twitter:card\" content=\"summary_large_image\" \/>\n<script type=\"application\/ld+json\" class=\"yoast-schema-graph\">{\"@context\":\"https:\/\/schema.org\",\"@graph\":[{\"@type\":\"WebPage\",\"@id\":\"https:\/\/www.noticiasradioreflejos.com.ar\/2021\/el-gobierno-bonaerense-financiara-proyectos-que-preserven-bosques-nativos\/\",\"url\":\"https:\/\/www.noticiasradioreflejos.com.ar\/2021\/el-gobierno-bonaerense-financiara-proyectos-que-preserven-bosques-nativos\/\",\"name\":\"El Gobierno bonaerense financiar\u00e1 proyectos que preserven bosques nativos - Noticias Radio Reflejos\",\"isPartOf\":{\"@id\":\"https:\/\/www.noticiasradioreflejos.com.ar\/2021\/#website\"},\"datePublished\":\"2023-01-04T22:06:47+00:00\",\"author\":{\"@id\":\"https:\/\/www.noticiasradioreflejos.com.ar\/2021\/#\/schema\/person\/ad82545263dcc5ec0996818884fd5fb1\"},\"breadcrumb\":{\"@id\":\"https:\/\/www.noticiasradioreflejos.com.ar\/2021\/el-gobierno-bonaerense-financiara-proyectos-que-preserven-bosques-nativos\/#breadcrumb\"},\"inLanguage\":\"es\",\"potentialAction\":[{\"@type\":\"ReadAction\",\"target\":[\"https:\/\/www.noticiasradioreflejos.com.ar\/2021\/el-gobierno-bonaerense-financiara-proyectos-que-preserven-bosques-nativos\/\"]}]},{\"@type\":\"BreadcrumbList\",\"@id\":\"https:\/\/www.noticiasradioreflejos.com.ar\/2021\/el-gobierno-bonaerense-financiara-proyectos-que-preserven-bosques-nativos\/#breadcrumb\",\"itemListElement\":[{\"@type\":\"ListItem\",\"position\":1,\"name\":\"Portada\",\"item\":\"https:\/\/www.noticiasradioreflejos.com.ar\/2021\/\"},{\"@type\":\"ListItem\",\"position\":2,\"name\":\"El Gobierno bonaerense financiar\u00e1 proyectos que preserven bosques nativos\"}]},{\"@type\":\"WebSite\",\"@id\":\"https:\/\/www.noticiasradioreflejos.com.ar\/2021\/#website\",\"url\":\"https:\/\/www.noticiasradioreflejos.com.ar\/2021\/\",\"name\":\"Noticias Radio Reflejos\",\"description\":\"Las noticias de mi comarca\",\"potentialAction\":[{\"@type\":\"SearchAction\",\"target\":{\"@type\":\"EntryPoint\",\"urlTemplate\":\"https:\/\/www.noticiasradioreflejos.com.ar\/2021\/?s={search_term_string}\"},\"query-input\":{\"@type\":\"PropertyValueSpecification\",\"valueRequired\":true,\"valueName\":\"search_term_string\"}}],\"inLanguage\":\"es\"},{\"@type\":\"Person\",\"@id\":\"https:\/\/www.noticiasradioreflejos.com.ar\/2021\/#\/schema\/person\/ad82545263dcc5ec0996818884fd5fb1\",\"name\":\"Arnaldo Botto\",\"image\":{\"@type\":\"ImageObject\",\"inLanguage\":\"es\",\"@id\":\"https:\/\/www.noticiasradioreflejos.com.ar\/2021\/#\/schema\/person\/image\/\",\"url\":\"https:\/\/secure.gravatar.com\/avatar\/55cb5e37c1efa326397366e6974cb338056df65cb50e7d64d1cf314e87504837?s=96&d=mm&r=g\",\"contentUrl\":\"https:\/\/secure.gravatar.com\/avatar\/55cb5e37c1efa326397366e6974cb338056df65cb50e7d64d1cf314e87504837?s=96&d=mm&r=g\",\"caption\":\"Arnaldo Botto\"},\"url\":\"https:\/\/www.noticiasradioreflejos.com.ar\/2021\/author\/arnaldo\/\"}]}<\/script>\n<!-- \/ Yoast SEO plugin. -->","yoast_head_json":{"title":"El Gobierno bonaerense financiar\u00e1 proyectos que preserven bosques nativos - Noticias Radio Reflejos","robots":{"index":"index","follow":"follow","max-snippet":"max-snippet:-1","max-image-preview":"max-image-preview:large","max-video-preview":"max-video-preview:-1"},"canonical":"https:\/\/www.noticiasradioreflejos.com.ar\/2021\/el-gobierno-bonaerense-financiara-proyectos-que-preserven-bosques-nativos\/","og_locale":"es_ES","og_type":"article","og_title":"El Gobierno bonaerense financiar\u00e1 proyectos que preserven bosques nativos - Noticias Radio Reflejos","og_description":"La provincia de Buenos Aires financiar\u00e1 por primera vez, con fondos de la ley nacional de bosques, planes que ayuden a preservar o a hacer un uso correcto de los bosques bonaerenses","og_url":"https:\/\/www.noticiasradioreflejos.com.ar\/2021\/el-gobierno-bonaerense-financiara-proyectos-que-preserven-bosques-nativos\/","og_site_name":"Noticias Radio Reflejos","article_published_time":"2023-01-04T22:06:47+00:00","og_image":[{"width":300,"height":200,"url":"https:\/\/www.noticiasradioreflejos.com.ar\/2021\/wp-content\/uploads\/2021\/07\/logosol300x200.png","type":"image\/png"}],"author":"Arnaldo Botto","twitter_card":"summary_large_image","schema":{"@context":"https:\/\/schema.org","@graph":[{"@type":"WebPage","@id":"https:\/\/www.noticiasradioreflejos.com.ar\/2021\/el-gobierno-bonaerense-financiara-proyectos-que-preserven-bosques-nativos\/","url":"https:\/\/www.noticiasradioreflejos.com.ar\/2021\/el-gobierno-bonaerense-financiara-proyectos-que-preserven-bosques-nativos\/","name":"El Gobierno bonaerense financiar\u00e1 proyectos que preserven bosques nativos - Noticias Radio Reflejos","isPartOf":{"@id":"https:\/\/www.noticiasradioreflejos.com.ar\/2021\/#website"},"datePublished":"2023-01-04T22:06:47+00:00","author":{"@id":"https:\/\/www.noticiasradioreflejos.com.ar\/2021\/#\/schema\/person\/ad82545263dcc5ec0996818884fd5fb1"},"breadcrumb":{"@id":"https:\/\/www.noticiasradioreflejos.com.ar\/2021\/el-gobierno-bonaerense-financiara-proyectos-que-preserven-bosques-nativos\/#breadcrumb"},"inLanguage":"es","potentialAction":[{"@type":"ReadAction","target":["https:\/\/www.noticiasradioreflejos.com.ar\/2021\/el-gobierno-bonaerense-financiara-proyectos-que-preserven-bosques-nativos\/"]}]},{"@type":"BreadcrumbList","@id":"https:\/\/www.noticiasradioreflejos.com.ar\/2021\/el-gobierno-bonaerense-financiara-proyectos-que-preserven-bosques-nativos\/#breadcrumb","itemListElement":[{"@type":"ListItem","position":1,"name":"Portada","item":"https:\/\/www.noticiasradioreflejos.com.ar\/2021\/"},{"@type":"ListItem","position":2,"name":"El Gobierno bonaerense financiar\u00e1 proyectos que preserven bosques nativos"}]},{"@type":"WebSite","@id":"https:\/\/www.noticiasradioreflejos.com.ar\/2021\/#website","url":"https:\/\/www.noticiasradioreflejos.com.ar\/2021\/","name":"Noticias Radio Reflejos","description":"Las noticias de mi comarca","potentialAction":[{"@type":"SearchAction","target":{"@type":"EntryPoint","urlTemplate":"https:\/\/www.noticiasradioreflejos.com.ar\/2021\/?s={search_term_string}"},"query-input":{"@type":"PropertyValueSpecification","valueRequired":true,"valueName":"search_term_string"}}],"inLanguage":"es"},{"@type":"Person","@id":"https:\/\/www.noticiasradioreflejos.com.ar\/2021\/#\/schema\/person\/ad82545263dcc5ec0996818884fd5fb1","name":"Arnaldo Botto","image":{"@type":"ImageObject","inLanguage":"es","@id":"https:\/\/www.noticiasradioreflejos.com.ar\/2021\/#\/schema\/person\/image\/","url":"https:\/\/secure.gravatar.com\/avatar\/55cb5e37c1efa326397366e6974cb338056df65cb50e7d64d1cf314e87504837?s=96&d=mm&r=g","contentUrl":"https:\/\/secure.gravatar.com\/avatar\/55cb5e37c1efa326397366e6974cb338056df65cb50e7d64d1cf314e87504837?s=96&d=mm&r=g","caption":"Arnaldo Botto"},"url":"https:\/\/www.noticiasradioreflejos.com.ar\/2021\/author\/arnaldo\/"}]}},"_links":{"self":[{"href":"https:\/\/www.noticiasradioreflejos.com.ar\/2021\/wp-json\/wp\/v2\/posts\/82231","targetHints":{"allow":["GET"]}}],"collection":[{"href":"https:\/\/www.noticiasradioreflejos.com.ar\/2021\/wp-json\/wp\/v2\/posts"}],"about":[{"href":"https:\/\/www.noticiasradioreflejos.com.ar\/2021\/wp-json\/wp\/v2\/types\/post"}],"author":[{"embeddable":true,"href":"https:\/\/www.noticiasradioreflejos.com.ar\/2021\/wp-json\/wp\/v2\/users\/3"}],"replies":[{"embeddable":true,"href":"https:\/\/www.noticiasradioreflejos.com.ar\/2021\/wp-json\/wp\/v2\/comments?post=82231"}],"version-history":[{"count":1,"href":"https:\/\/www.noticiasradioreflejos.com.ar\/2021\/wp-json\/wp\/v2\/posts\/82231\/revisions"}],"predecessor-version":[{"id":82233,"href":"https:\/\/www.noticiasradioreflejos.com.ar\/2021\/wp-json\/wp\/v2\/posts\/82231\/revisions\/82233"}],"wp:attachment":[{"href":"https:\/\/www.noticiasradioreflejos.com.ar\/2021\/wp-json\/wp\/v2\/media?parent=82231"}],"wp:term":[{"taxonomy":"category","embeddable":true,"href":"https:\/\/www.noticiasradioreflejos.com.ar\/2021\/wp-json\/wp\/v2\/categories?post=82231"},{"taxonomy":"post_tag","embeddable":true,"href":"https:\/\/www.noticiasradioreflejos.com.ar\/2021\/wp-json\/wp\/v2\/tags?post=82231"}],"curies":[{"name":"wp","href":"https:\/\/api.w.org\/{rel}","templated":true}]}}