{"id":82214,"date":"2023-01-04T16:34:08","date_gmt":"2023-01-04T16:34:08","guid":{"rendered":"https:\/\/www.noticiasradioreflejos.com.ar\/2021\/?p=82214"},"modified":"2023-01-04T16:34:08","modified_gmt":"2023-01-04T16:34:08","slug":"el-diputado-emiliano-balbin-fue-uno-de-los-legisladores-mas-laboriosos-del-ano","status":"publish","type":"post","link":"https:\/\/www.noticiasradioreflejos.com.ar\/2021\/el-diputado-emiliano-balbin-fue-uno-de-los-legisladores-mas-laboriosos-del-ano\/","title":{"rendered":"El diputado Emiliano Balb\u00edn fue uno de los legisladores m\u00e1s laboriosos del a\u00f1o"},"content":{"rendered":"<p>Tambi\u00e9n cerr\u00f3 el 2022 con el reconocimiento de sus pares en la  28\u00ba edici\u00f3n de los Premios Parlamentario. Estuvo entre los cinco m\u00e1s votados, y tambi\u00e9n entre los cinco que m\u00e1s proyectos presentaron este a\u00f1o en la Legislatura bonaerense.<!--more--><\/p>\n<p>El diputado provincial de Juntos, Emiliano Balb\u00edn, fue uno de los legisladores m\u00e1s laboriosos del 2022, seg\u00fan un informe elaborado por la revista pol\u00edtica especializada en la provincia de Buenos Aires, La Tecla (https:\/\/www.latecla.info\/136928-cuanto-trabajaron-los-legisladores), donde qued\u00f3 entre los cinco diputados que m\u00e1s proyectos presentaron, con un total de 193, de los cuales 53 fueron proyectos de Ley.<\/p>\n<p>Este trabajo le vali\u00f3 tambi\u00e9n el reconocimiento de sus pares de la Legislatura, y de los periodistas parlamentarios, quedando entre los cinco diputados m\u00e1s votados de la 28\u00ba edici\u00f3n de la encuesta anual que lleva adelante el semanario especializado en temas legislativos, Parlamentario.com (https:\/\/www.parlamentario.com\/2022\/12\/08\/los-legisladores-bonaerenses-mas-laboriosos-de-2022\/).<\/p>\n<p> \u201cEn la C\u00e1mara baja, por tercer a\u00f1o consecutivo, el diputado de Juntos Emiliano Balb\u00edn logra ser parte de los m\u00e1s laboriosos seg\u00fan los votos de los hacedores de la instituci\u00f3n. Este diputado que representa a la UCR tiene su base territorial en el sur de la provincia, est\u00e1 empezando su segundo mandato como tal y empieza a ser voz autorizada en la bancada opositora\u201d, reconocieron desde el propio semanario.<\/p>\n<p> De esta manera el legislador radical cierra un a\u00f1o de mucho trabajo, de cara a un 2023 que, seg\u00fan sus propias palabras, \u201cse prev\u00e9 dif\u00edcil, con una situaci\u00f3n pol\u00edtica y econ\u00f3mica complicada, un Gobierno Nacional que est\u00e1 m\u00e1s ocupado en sus internas que en resolver la inflaci\u00f3n, y un Gobierno provincial ausente, m\u00e1s preocupado por repartir gel \u00edntimo entre los j\u00f3venes que en ver c\u00f3mo se reactiva la econom\u00eda bonaerense, c\u00f3mo se procura alguna ayuda al interior que tan castigado estuvo por la sequ\u00eda, o en pensar c\u00f3mo se encarar\u00e1 la lucha contra la inseguridad\u201d.<\/p>\n","protected":false},"excerpt":{"rendered":"<p>Tambi\u00e9n cerr\u00f3 el 2022 con el reconocimiento de sus pares en la 28\u00ba edici\u00f3n de los Premios Parlamentario. Estuvo entre los cinco m\u00e1s votados, y tambi\u00e9n entre los cinco que m\u00e1s proyectos presentaron este a\u00f1o en la Legislatura bonaerense.<\/p>\n","protected":false},"author":3,"featured_media":0,"comment_status":"closed","ping_status":"closed","sticky":false,"template":"","format":"standard","meta":{"footnotes":""},"categories":[24],"tags":[],"class_list":["post-82214","post","type-post","status-publish","format-standard","hentry","category-politica"],"yoast_head":"<!-- This site is optimized with the Yoast SEO plugin v25.9 - https:\/\/yoast.com\/wordpress\/plugins\/seo\/ -->\n<title>El diputado Emiliano Balb\u00edn fue uno de los legisladores m\u00e1s laboriosos del a\u00f1o - Noticias Radio Reflejos<\/title>\n<meta name=\"robots\" content=\"index, follow, max-snippet:-1, max-image-preview:large, max-video-preview:-1\" \/>\n<link rel=\"canonical\" href=\"https:\/\/www.noticiasradioreflejos.com.ar\/2021\/el-diputado-emiliano-balbin-fue-uno-de-los-legisladores-mas-laboriosos-del-ano\/\" \/>\n<meta property=\"og:locale\" content=\"es_ES\" \/>\n<meta property=\"og:type\" content=\"article\" \/>\n<meta property=\"og:title\" content=\"El diputado Emiliano Balb\u00edn fue uno de los legisladores m\u00e1s laboriosos del a\u00f1o - Noticias Radio Reflejos\" \/>\n<meta property=\"og:description\" content=\"Tambi\u00e9n cerr\u00f3 el 2022 con el reconocimiento de sus pares en la 28\u00ba edici\u00f3n de los Premios Parlamentario. Estuvo entre los cinco m\u00e1s votados, y tambi\u00e9n entre los cinco que m\u00e1s proyectos presentaron este a\u00f1o en la Legislatura bonaerense.\" \/>\n<meta property=\"og:url\" content=\"https:\/\/www.noticiasradioreflejos.com.ar\/2021\/el-diputado-emiliano-balbin-fue-uno-de-los-legisladores-mas-laboriosos-del-ano\/\" \/>\n<meta property=\"og:site_name\" content=\"Noticias Radio Reflejos\" \/>\n<meta property=\"article:published_time\" content=\"2023-01-04T16:34:08+00:00\" \/>\n<meta property=\"og:image\" content=\"https:\/\/www.noticiasradioreflejos.com.ar\/2021\/wp-content\/uploads\/2021\/07\/logosol300x200.png\" \/>\n\t<meta property=\"og:image:width\" content=\"300\" \/>\n\t<meta property=\"og:image:height\" content=\"200\" \/>\n\t<meta property=\"og:image:type\" content=\"image\/png\" \/>\n<meta name=\"author\" content=\"Arnaldo Botto\" \/>\n<meta name=\"twitter:card\" content=\"summary_large_image\" \/>\n<script type=\"application\/ld+json\" class=\"yoast-schema-graph\">{\"@context\":\"https:\/\/schema.org\",\"@graph\":[{\"@type\":\"WebPage\",\"@id\":\"https:\/\/www.noticiasradioreflejos.com.ar\/2021\/el-diputado-emiliano-balbin-fue-uno-de-los-legisladores-mas-laboriosos-del-ano\/\",\"url\":\"https:\/\/www.noticiasradioreflejos.com.ar\/2021\/el-diputado-emiliano-balbin-fue-uno-de-los-legisladores-mas-laboriosos-del-ano\/\",\"name\":\"El diputado Emiliano Balb\u00edn fue uno de los legisladores m\u00e1s laboriosos del a\u00f1o - Noticias Radio Reflejos\",\"isPartOf\":{\"@id\":\"https:\/\/www.noticiasradioreflejos.com.ar\/2021\/#website\"},\"datePublished\":\"2023-01-04T16:34:08+00:00\",\"author\":{\"@id\":\"https:\/\/www.noticiasradioreflejos.com.ar\/2021\/#\/schema\/person\/ad82545263dcc5ec0996818884fd5fb1\"},\"breadcrumb\":{\"@id\":\"https:\/\/www.noticiasradioreflejos.com.ar\/2021\/el-diputado-emiliano-balbin-fue-uno-de-los-legisladores-mas-laboriosos-del-ano\/#breadcrumb\"},\"inLanguage\":\"es\",\"potentialAction\":[{\"@type\":\"ReadAction\",\"target\":[\"https:\/\/www.noticiasradioreflejos.com.ar\/2021\/el-diputado-emiliano-balbin-fue-uno-de-los-legisladores-mas-laboriosos-del-ano\/\"]}]},{\"@type\":\"BreadcrumbList\",\"@id\":\"https:\/\/www.noticiasradioreflejos.com.ar\/2021\/el-diputado-emiliano-balbin-fue-uno-de-los-legisladores-mas-laboriosos-del-ano\/#breadcrumb\",\"itemListElement\":[{\"@type\":\"ListItem\",\"position\":1,\"name\":\"Portada\",\"item\":\"https:\/\/www.noticiasradioreflejos.com.ar\/2021\/\"},{\"@type\":\"ListItem\",\"position\":2,\"name\":\"El diputado Emiliano Balb\u00edn fue uno de los legisladores m\u00e1s laboriosos del a\u00f1o\"}]},{\"@type\":\"WebSite\",\"@id\":\"https:\/\/www.noticiasradioreflejos.com.ar\/2021\/#website\",\"url\":\"https:\/\/www.noticiasradioreflejos.com.ar\/2021\/\",\"name\":\"Noticias Radio Reflejos\",\"description\":\"Las noticias de mi comarca\",\"potentialAction\":[{\"@type\":\"SearchAction\",\"target\":{\"@type\":\"EntryPoint\",\"urlTemplate\":\"https:\/\/www.noticiasradioreflejos.com.ar\/2021\/?s={search_term_string}\"},\"query-input\":{\"@type\":\"PropertyValueSpecification\",\"valueRequired\":true,\"valueName\":\"search_term_string\"}}],\"inLanguage\":\"es\"},{\"@type\":\"Person\",\"@id\":\"https:\/\/www.noticiasradioreflejos.com.ar\/2021\/#\/schema\/person\/ad82545263dcc5ec0996818884fd5fb1\",\"name\":\"Arnaldo Botto\",\"image\":{\"@type\":\"ImageObject\",\"inLanguage\":\"es\",\"@id\":\"https:\/\/www.noticiasradioreflejos.com.ar\/2021\/#\/schema\/person\/image\/\",\"url\":\"https:\/\/secure.gravatar.com\/avatar\/55cb5e37c1efa326397366e6974cb338056df65cb50e7d64d1cf314e87504837?s=96&d=mm&r=g\",\"contentUrl\":\"https:\/\/secure.gravatar.com\/avatar\/55cb5e37c1efa326397366e6974cb338056df65cb50e7d64d1cf314e87504837?s=96&d=mm&r=g\",\"caption\":\"Arnaldo Botto\"},\"url\":\"https:\/\/www.noticiasradioreflejos.com.ar\/2021\/author\/arnaldo\/\"}]}<\/script>\n<!-- \/ Yoast SEO plugin. -->","yoast_head_json":{"title":"El diputado Emiliano Balb\u00edn fue uno de los legisladores m\u00e1s laboriosos del a\u00f1o - Noticias Radio Reflejos","robots":{"index":"index","follow":"follow","max-snippet":"max-snippet:-1","max-image-preview":"max-image-preview:large","max-video-preview":"max-video-preview:-1"},"canonical":"https:\/\/www.noticiasradioreflejos.com.ar\/2021\/el-diputado-emiliano-balbin-fue-uno-de-los-legisladores-mas-laboriosos-del-ano\/","og_locale":"es_ES","og_type":"article","og_title":"El diputado Emiliano Balb\u00edn fue uno de los legisladores m\u00e1s laboriosos del a\u00f1o - Noticias Radio Reflejos","og_description":"Tambi\u00e9n cerr\u00f3 el 2022 con el reconocimiento de sus pares en la 28\u00ba edici\u00f3n de los Premios Parlamentario. Estuvo entre los cinco m\u00e1s votados, y tambi\u00e9n entre los cinco que m\u00e1s proyectos presentaron este a\u00f1o en la Legislatura bonaerense.","og_url":"https:\/\/www.noticiasradioreflejos.com.ar\/2021\/el-diputado-emiliano-balbin-fue-uno-de-los-legisladores-mas-laboriosos-del-ano\/","og_site_name":"Noticias Radio Reflejos","article_published_time":"2023-01-04T16:34:08+00:00","og_image":[{"width":300,"height":200,"url":"https:\/\/www.noticiasradioreflejos.com.ar\/2021\/wp-content\/uploads\/2021\/07\/logosol300x200.png","type":"image\/png"}],"author":"Arnaldo Botto","twitter_card":"summary_large_image","schema":{"@context":"https:\/\/schema.org","@graph":[{"@type":"WebPage","@id":"https:\/\/www.noticiasradioreflejos.com.ar\/2021\/el-diputado-emiliano-balbin-fue-uno-de-los-legisladores-mas-laboriosos-del-ano\/","url":"https:\/\/www.noticiasradioreflejos.com.ar\/2021\/el-diputado-emiliano-balbin-fue-uno-de-los-legisladores-mas-laboriosos-del-ano\/","name":"El diputado Emiliano Balb\u00edn fue uno de los legisladores m\u00e1s laboriosos del a\u00f1o - Noticias Radio Reflejos","isPartOf":{"@id":"https:\/\/www.noticiasradioreflejos.com.ar\/2021\/#website"},"datePublished":"2023-01-04T16:34:08+00:00","author":{"@id":"https:\/\/www.noticiasradioreflejos.com.ar\/2021\/#\/schema\/person\/ad82545263dcc5ec0996818884fd5fb1"},"breadcrumb":{"@id":"https:\/\/www.noticiasradioreflejos.com.ar\/2021\/el-diputado-emiliano-balbin-fue-uno-de-los-legisladores-mas-laboriosos-del-ano\/#breadcrumb"},"inLanguage":"es","potentialAction":[{"@type":"ReadAction","target":["https:\/\/www.noticiasradioreflejos.com.ar\/2021\/el-diputado-emiliano-balbin-fue-uno-de-los-legisladores-mas-laboriosos-del-ano\/"]}]},{"@type":"BreadcrumbList","@id":"https:\/\/www.noticiasradioreflejos.com.ar\/2021\/el-diputado-emiliano-balbin-fue-uno-de-los-legisladores-mas-laboriosos-del-ano\/#breadcrumb","itemListElement":[{"@type":"ListItem","position":1,"name":"Portada","item":"https:\/\/www.noticiasradioreflejos.com.ar\/2021\/"},{"@type":"ListItem","position":2,"name":"El diputado Emiliano Balb\u00edn fue uno de los legisladores m\u00e1s laboriosos del a\u00f1o"}]},{"@type":"WebSite","@id":"https:\/\/www.noticiasradioreflejos.com.ar\/2021\/#website","url":"https:\/\/www.noticiasradioreflejos.com.ar\/2021\/","name":"Noticias Radio Reflejos","description":"Las noticias de mi comarca","potentialAction":[{"@type":"SearchAction","target":{"@type":"EntryPoint","urlTemplate":"https:\/\/www.noticiasradioreflejos.com.ar\/2021\/?s={search_term_string}"},"query-input":{"@type":"PropertyValueSpecification","valueRequired":true,"valueName":"search_term_string"}}],"inLanguage":"es"},{"@type":"Person","@id":"https:\/\/www.noticiasradioreflejos.com.ar\/2021\/#\/schema\/person\/ad82545263dcc5ec0996818884fd5fb1","name":"Arnaldo Botto","image":{"@type":"ImageObject","inLanguage":"es","@id":"https:\/\/www.noticiasradioreflejos.com.ar\/2021\/#\/schema\/person\/image\/","url":"https:\/\/secure.gravatar.com\/avatar\/55cb5e37c1efa326397366e6974cb338056df65cb50e7d64d1cf314e87504837?s=96&d=mm&r=g","contentUrl":"https:\/\/secure.gravatar.com\/avatar\/55cb5e37c1efa326397366e6974cb338056df65cb50e7d64d1cf314e87504837?s=96&d=mm&r=g","caption":"Arnaldo Botto"},"url":"https:\/\/www.noticiasradioreflejos.com.ar\/2021\/author\/arnaldo\/"}]}},"_links":{"self":[{"href":"https:\/\/www.noticiasradioreflejos.com.ar\/2021\/wp-json\/wp\/v2\/posts\/82214","targetHints":{"allow":["GET"]}}],"collection":[{"href":"https:\/\/www.noticiasradioreflejos.com.ar\/2021\/wp-json\/wp\/v2\/posts"}],"about":[{"href":"https:\/\/www.noticiasradioreflejos.com.ar\/2021\/wp-json\/wp\/v2\/types\/post"}],"author":[{"embeddable":true,"href":"https:\/\/www.noticiasradioreflejos.com.ar\/2021\/wp-json\/wp\/v2\/users\/3"}],"replies":[{"embeddable":true,"href":"https:\/\/www.noticiasradioreflejos.com.ar\/2021\/wp-json\/wp\/v2\/comments?post=82214"}],"version-history":[{"count":1,"href":"https:\/\/www.noticiasradioreflejos.com.ar\/2021\/wp-json\/wp\/v2\/posts\/82214\/revisions"}],"predecessor-version":[{"id":82217,"href":"https:\/\/www.noticiasradioreflejos.com.ar\/2021\/wp-json\/wp\/v2\/posts\/82214\/revisions\/82217"}],"wp:attachment":[{"href":"https:\/\/www.noticiasradioreflejos.com.ar\/2021\/wp-json\/wp\/v2\/media?parent=82214"}],"wp:term":[{"taxonomy":"category","embeddable":true,"href":"https:\/\/www.noticiasradioreflejos.com.ar\/2021\/wp-json\/wp\/v2\/categories?post=82214"},{"taxonomy":"post_tag","embeddable":true,"href":"https:\/\/www.noticiasradioreflejos.com.ar\/2021\/wp-json\/wp\/v2\/tags?post=82214"}],"curies":[{"name":"wp","href":"https:\/\/api.w.org\/{rel}","templated":true}]}}