{"id":82206,"date":"2023-01-04T16:54:54","date_gmt":"2023-01-04T16:54:54","guid":{"rendered":"https:\/\/www.noticiasradioreflejos.com.ar\/2021\/?p=82206"},"modified":"2023-01-04T16:54:54","modified_gmt":"2023-01-04T16:54:54","slug":"marcelo-stancanelli-el-transporte-es-obsoleto-y-el-estado-no-esta-presente","status":"publish","type":"post","link":"https:\/\/www.noticiasradioreflejos.com.ar\/2021\/marcelo-stancanelli-el-transporte-es-obsoleto-y-el-estado-no-esta-presente\/","title":{"rendered":"Marcelo Stancanelli: \u201cEl transporte es obsoleto y el estado no est\u00e1 presente\u201d"},"content":{"rendered":"<p><strong>El presidente de la C\u00e1mara de Comercio de Villa Ventana, Marcelo Stancanelli<\/strong>, se refiri\u00f3 a la situaci\u00f3n que hoy atraviesa toda la comarca y que qued\u00f3 expuesta en el petitorio que elevaron.<!--more--><\/p>\n<p>Una nueva voz se hizo escuchar respecto al deficitario servicio de transporte p\u00fablico de pasajeros que hoy complica multisectorialmente a la comarca entera.<\/p>\n<p>El presidente de la C\u00e1mara de Comercio de Villa Ventana, Marcelo Stancanelli, hizo una revisi\u00f3n de lo que viene ocurriendo, y de la urgente resoluci\u00f3n que necesita este problema que seg\u00fan su parecer atenta directamente con el crecimiento del distrito.<\/p>\n<p>Al respecto, afirm\u00f3 que \u201cla C\u00e1mara de Comercio es un instrumento, y de alguna manera tratamos de solucionar los problemas de la comunidad. No solo fomentamos el desarrollo comercial, sino tambi\u00e9n entendemos la situaci\u00f3n que vivimos y la falta de transporte, tanto para el que viene a trabajar, sino tambi\u00e9n para alumnos, educadores o turistas\u201d.<\/p>\n<p>En esa l\u00ednea afirm\u00f3 que \u201cconsideramos que hoy en d\u00eda el estado debe hacerse cargo de un transporte p\u00fablico definitivo, donde se integre desde Tornquist a Bah\u00eda Blanca, haciendo un buen corredor tur\u00edstico y lamentablemente hoy no ocurre\u201d.<\/p>\n<p>Yendo m\u00e1s profundo, enfatiz\u00f3 en que \u201ctenemos contratos que hoy son obsoletos. Todo ha cambiado. El nivel de gente y el movimiento es impresionante. Esto no puede demorarse m\u00e1s. El transporte es obsoleto y el estado no est\u00e1 presente en la necesidad puntual\u201d.<\/p>\n<p>Sin moverse\u00a0 de ese eje, resalt\u00f3 que \u201cnos tratan como si fu\u00e9semos ganado. Somos seres humanos de los cuales la responsabilidad neta es del estado. Estamos muy preocupados. En Villa Ventana se est\u00e1n cerrando negocios porque no pueden venir a trabajar\u201d.<\/p>\n<p>En ese punto asegur\u00f3 que \u201cnos hemos reunidos con la Secretar\u00eda de Trabajo de la bolsa de Tornquist. Fue una reuni\u00f3n muy buena. Tienen 30 personas disponibles para ma\u00f1ana ir a trabajar a donde sea y el problema es el transporte. La magnitud de todo esto. La gente no puede trabajar por no poder llegar a su lugar de trabajo. Es grav\u00edsimo\u201d.<\/p>\n<p>Al tiempo que apesadumbrado indic\u00f3 que \u201cla comarca, gracias a Dios, cada vez est\u00e1 explotando m\u00e1s tur\u00edsticamente y laboralmente, y no podemos cumplir con lo m\u00ednimo que es el transporte\u201d.<\/p>\n<p><iframe loading=\"lazy\" width=\"100%\" height=\"166\" scrolling=\"no\" frameborder=\"no\" allow=\"autoplay\" src=\"https:\/\/w.soundcloud.com\/player\/?url=https%3A\/\/api.soundcloud.com\/tracks\/1416362827&#038;color=%23ff5500&#038;auto_play=false&#038;hide_related=false&#038;show_comments=true&#038;show_user=true&#038;show_reposts=false&#038;show_teaser=true\"><\/iframe><\/p>\n<div style=\"font-size: 10px; color: #cccccc;line-break: anywhere;word-break: normal;overflow: hidden;white-space: nowrap;text-overflow: ellipsis; font-family: Interstate,Lucida Grande,Lucida Sans Unicode,Lucida Sans,Garuda,Verdana,Tahoma,sans-serif;font-weight: 100;\"><a href=\"https:\/\/soundcloud.com\/fmreflejos-103-7\" title=\"fmreflejos 103.7\" target=\"_blank\" style=\"color: #cccccc; text-decoration: none;\" rel=\"noopener\">fmreflejos 103.7<\/a> \u00b7 <a href=\"https:\/\/soundcloud.com\/fmreflejos-103-7\/marcelo-stancanelli-2\" title=\"Marcelo Stancanelli\" target=\"_blank\" style=\"color: #cccccc; text-decoration: none;\" rel=\"noopener\">Marcelo Stancanelli<\/a><\/div>\n","protected":false},"excerpt":{"rendered":"<p>El presidente de la C\u00e1mara de Comercio de Villa Ventana, Marcelo Stancanelli, se refiri\u00f3 a la situaci\u00f3n que hoy atraviesa toda la comarca y que qued\u00f3 expuesta en el petitorio que elevaron.<\/p>\n","protected":false},"author":3,"featured_media":75502,"comment_status":"closed","ping_status":"closed","sticky":false,"template":"","format":"standard","meta":{"footnotes":""},"categories":[24,26,33],"tags":[48],"class_list":["post-82206","post","type-post","status-publish","format-standard","has-post-thumbnail","hentry","category-politica","category-sociedad","category-turismo","tag-destacada"],"yoast_head":"<!-- This site is optimized with the Yoast SEO plugin v25.9 - https:\/\/yoast.com\/wordpress\/plugins\/seo\/ -->\n<title>Marcelo Stancanelli: \u201cEl transporte es obsoleto y el estado no est\u00e1 presente\u201d - Noticias Radio Reflejos<\/title>\n<meta name=\"robots\" content=\"index, follow, max-snippet:-1, max-image-preview:large, max-video-preview:-1\" \/>\n<link rel=\"canonical\" href=\"https:\/\/www.noticiasradioreflejos.com.ar\/2021\/marcelo-stancanelli-el-transporte-es-obsoleto-y-el-estado-no-esta-presente\/\" \/>\n<meta property=\"og:locale\" content=\"es_ES\" \/>\n<meta property=\"og:type\" content=\"article\" \/>\n<meta property=\"og:title\" content=\"Marcelo Stancanelli: \u201cEl transporte es obsoleto y el estado no est\u00e1 presente\u201d - Noticias Radio Reflejos\" \/>\n<meta property=\"og:description\" content=\"El presidente de la C\u00e1mara de Comercio de Villa Ventana, Marcelo Stancanelli, se refiri\u00f3 a la situaci\u00f3n que hoy atraviesa toda la comarca y que qued\u00f3 expuesta en el petitorio que elevaron.\" \/>\n<meta property=\"og:url\" content=\"https:\/\/www.noticiasradioreflejos.com.ar\/2021\/marcelo-stancanelli-el-transporte-es-obsoleto-y-el-estado-no-esta-presente\/\" \/>\n<meta property=\"og:site_name\" content=\"Noticias Radio Reflejos\" \/>\n<meta property=\"article:published_time\" content=\"2023-01-04T16:54:54+00:00\" \/>\n<meta property=\"og:image\" content=\"https:\/\/www.noticiasradioreflejos.com.ar\/2021\/wp-content\/uploads\/2022\/07\/villa-Ventana.jpg\" \/>\n\t<meta property=\"og:image:width\" content=\"626\" \/>\n\t<meta property=\"og:image:height\" content=\"536\" \/>\n\t<meta property=\"og:image:type\" content=\"image\/jpeg\" \/>\n<meta name=\"author\" content=\"Arnaldo Botto\" \/>\n<meta name=\"twitter:card\" content=\"summary_large_image\" \/>\n<script type=\"application\/ld+json\" class=\"yoast-schema-graph\">{\"@context\":\"https:\/\/schema.org\",\"@graph\":[{\"@type\":\"WebPage\",\"@id\":\"https:\/\/www.noticiasradioreflejos.com.ar\/2021\/marcelo-stancanelli-el-transporte-es-obsoleto-y-el-estado-no-esta-presente\/\",\"url\":\"https:\/\/www.noticiasradioreflejos.com.ar\/2021\/marcelo-stancanelli-el-transporte-es-obsoleto-y-el-estado-no-esta-presente\/\",\"name\":\"Marcelo Stancanelli: \u201cEl transporte es obsoleto y el estado no est\u00e1 presente\u201d - Noticias Radio Reflejos\",\"isPartOf\":{\"@id\":\"https:\/\/www.noticiasradioreflejos.com.ar\/2021\/#website\"},\"primaryImageOfPage\":{\"@id\":\"https:\/\/www.noticiasradioreflejos.com.ar\/2021\/marcelo-stancanelli-el-transporte-es-obsoleto-y-el-estado-no-esta-presente\/#primaryimage\"},\"image\":{\"@id\":\"https:\/\/www.noticiasradioreflejos.com.ar\/2021\/marcelo-stancanelli-el-transporte-es-obsoleto-y-el-estado-no-esta-presente\/#primaryimage\"},\"thumbnailUrl\":\"https:\/\/www.noticiasradioreflejos.com.ar\/2021\/wp-content\/uploads\/2022\/07\/villa-Ventana.jpg\",\"datePublished\":\"2023-01-04T16:54:54+00:00\",\"author\":{\"@id\":\"https:\/\/www.noticiasradioreflejos.com.ar\/2021\/#\/schema\/person\/ad82545263dcc5ec0996818884fd5fb1\"},\"breadcrumb\":{\"@id\":\"https:\/\/www.noticiasradioreflejos.com.ar\/2021\/marcelo-stancanelli-el-transporte-es-obsoleto-y-el-estado-no-esta-presente\/#breadcrumb\"},\"inLanguage\":\"es\",\"potentialAction\":[{\"@type\":\"ReadAction\",\"target\":[\"https:\/\/www.noticiasradioreflejos.com.ar\/2021\/marcelo-stancanelli-el-transporte-es-obsoleto-y-el-estado-no-esta-presente\/\"]}]},{\"@type\":\"ImageObject\",\"inLanguage\":\"es\",\"@id\":\"https:\/\/www.noticiasradioreflejos.com.ar\/2021\/marcelo-stancanelli-el-transporte-es-obsoleto-y-el-estado-no-esta-presente\/#primaryimage\",\"url\":\"https:\/\/www.noticiasradioreflejos.com.ar\/2021\/wp-content\/uploads\/2022\/07\/villa-Ventana.jpg\",\"contentUrl\":\"https:\/\/www.noticiasradioreflejos.com.ar\/2021\/wp-content\/uploads\/2022\/07\/villa-Ventana.jpg\",\"width\":626,\"height\":536},{\"@type\":\"BreadcrumbList\",\"@id\":\"https:\/\/www.noticiasradioreflejos.com.ar\/2021\/marcelo-stancanelli-el-transporte-es-obsoleto-y-el-estado-no-esta-presente\/#breadcrumb\",\"itemListElement\":[{\"@type\":\"ListItem\",\"position\":1,\"name\":\"Portada\",\"item\":\"https:\/\/www.noticiasradioreflejos.com.ar\/2021\/\"},{\"@type\":\"ListItem\",\"position\":2,\"name\":\"Marcelo Stancanelli: \u201cEl transporte es obsoleto y el estado no est\u00e1 presente\u201d\"}]},{\"@type\":\"WebSite\",\"@id\":\"https:\/\/www.noticiasradioreflejos.com.ar\/2021\/#website\",\"url\":\"https:\/\/www.noticiasradioreflejos.com.ar\/2021\/\",\"name\":\"Noticias Radio Reflejos\",\"description\":\"Las noticias de mi comarca\",\"potentialAction\":[{\"@type\":\"SearchAction\",\"target\":{\"@type\":\"EntryPoint\",\"urlTemplate\":\"https:\/\/www.noticiasradioreflejos.com.ar\/2021\/?s={search_term_string}\"},\"query-input\":{\"@type\":\"PropertyValueSpecification\",\"valueRequired\":true,\"valueName\":\"search_term_string\"}}],\"inLanguage\":\"es\"},{\"@type\":\"Person\",\"@id\":\"https:\/\/www.noticiasradioreflejos.com.ar\/2021\/#\/schema\/person\/ad82545263dcc5ec0996818884fd5fb1\",\"name\":\"Arnaldo Botto\",\"image\":{\"@type\":\"ImageObject\",\"inLanguage\":\"es\",\"@id\":\"https:\/\/www.noticiasradioreflejos.com.ar\/2021\/#\/schema\/person\/image\/\",\"url\":\"https:\/\/secure.gravatar.com\/avatar\/55cb5e37c1efa326397366e6974cb338056df65cb50e7d64d1cf314e87504837?s=96&d=mm&r=g\",\"contentUrl\":\"https:\/\/secure.gravatar.com\/avatar\/55cb5e37c1efa326397366e6974cb338056df65cb50e7d64d1cf314e87504837?s=96&d=mm&r=g\",\"caption\":\"Arnaldo Botto\"},\"url\":\"https:\/\/www.noticiasradioreflejos.com.ar\/2021\/author\/arnaldo\/\"}]}<\/script>\n<!-- \/ Yoast SEO plugin. -->","yoast_head_json":{"title":"Marcelo Stancanelli: \u201cEl transporte es obsoleto y el estado no est\u00e1 presente\u201d - Noticias Radio Reflejos","robots":{"index":"index","follow":"follow","max-snippet":"max-snippet:-1","max-image-preview":"max-image-preview:large","max-video-preview":"max-video-preview:-1"},"canonical":"https:\/\/www.noticiasradioreflejos.com.ar\/2021\/marcelo-stancanelli-el-transporte-es-obsoleto-y-el-estado-no-esta-presente\/","og_locale":"es_ES","og_type":"article","og_title":"Marcelo Stancanelli: \u201cEl transporte es obsoleto y el estado no est\u00e1 presente\u201d - Noticias Radio Reflejos","og_description":"El presidente de la C\u00e1mara de Comercio de Villa Ventana, Marcelo Stancanelli, se refiri\u00f3 a la situaci\u00f3n que hoy atraviesa toda la comarca y que qued\u00f3 expuesta en el petitorio que elevaron.","og_url":"https:\/\/www.noticiasradioreflejos.com.ar\/2021\/marcelo-stancanelli-el-transporte-es-obsoleto-y-el-estado-no-esta-presente\/","og_site_name":"Noticias Radio Reflejos","article_published_time":"2023-01-04T16:54:54+00:00","og_image":[{"width":626,"height":536,"url":"https:\/\/www.noticiasradioreflejos.com.ar\/2021\/wp-content\/uploads\/2022\/07\/villa-Ventana.jpg","type":"image\/jpeg"}],"author":"Arnaldo Botto","twitter_card":"summary_large_image","schema":{"@context":"https:\/\/schema.org","@graph":[{"@type":"WebPage","@id":"https:\/\/www.noticiasradioreflejos.com.ar\/2021\/marcelo-stancanelli-el-transporte-es-obsoleto-y-el-estado-no-esta-presente\/","url":"https:\/\/www.noticiasradioreflejos.com.ar\/2021\/marcelo-stancanelli-el-transporte-es-obsoleto-y-el-estado-no-esta-presente\/","name":"Marcelo Stancanelli: \u201cEl transporte es obsoleto y el estado no est\u00e1 presente\u201d - Noticias Radio Reflejos","isPartOf":{"@id":"https:\/\/www.noticiasradioreflejos.com.ar\/2021\/#website"},"primaryImageOfPage":{"@id":"https:\/\/www.noticiasradioreflejos.com.ar\/2021\/marcelo-stancanelli-el-transporte-es-obsoleto-y-el-estado-no-esta-presente\/#primaryimage"},"image":{"@id":"https:\/\/www.noticiasradioreflejos.com.ar\/2021\/marcelo-stancanelli-el-transporte-es-obsoleto-y-el-estado-no-esta-presente\/#primaryimage"},"thumbnailUrl":"https:\/\/www.noticiasradioreflejos.com.ar\/2021\/wp-content\/uploads\/2022\/07\/villa-Ventana.jpg","datePublished":"2023-01-04T16:54:54+00:00","author":{"@id":"https:\/\/www.noticiasradioreflejos.com.ar\/2021\/#\/schema\/person\/ad82545263dcc5ec0996818884fd5fb1"},"breadcrumb":{"@id":"https:\/\/www.noticiasradioreflejos.com.ar\/2021\/marcelo-stancanelli-el-transporte-es-obsoleto-y-el-estado-no-esta-presente\/#breadcrumb"},"inLanguage":"es","potentialAction":[{"@type":"ReadAction","target":["https:\/\/www.noticiasradioreflejos.com.ar\/2021\/marcelo-stancanelli-el-transporte-es-obsoleto-y-el-estado-no-esta-presente\/"]}]},{"@type":"ImageObject","inLanguage":"es","@id":"https:\/\/www.noticiasradioreflejos.com.ar\/2021\/marcelo-stancanelli-el-transporte-es-obsoleto-y-el-estado-no-esta-presente\/#primaryimage","url":"https:\/\/www.noticiasradioreflejos.com.ar\/2021\/wp-content\/uploads\/2022\/07\/villa-Ventana.jpg","contentUrl":"https:\/\/www.noticiasradioreflejos.com.ar\/2021\/wp-content\/uploads\/2022\/07\/villa-Ventana.jpg","width":626,"height":536},{"@type":"BreadcrumbList","@id":"https:\/\/www.noticiasradioreflejos.com.ar\/2021\/marcelo-stancanelli-el-transporte-es-obsoleto-y-el-estado-no-esta-presente\/#breadcrumb","itemListElement":[{"@type":"ListItem","position":1,"name":"Portada","item":"https:\/\/www.noticiasradioreflejos.com.ar\/2021\/"},{"@type":"ListItem","position":2,"name":"Marcelo Stancanelli: \u201cEl transporte es obsoleto y el estado no est\u00e1 presente\u201d"}]},{"@type":"WebSite","@id":"https:\/\/www.noticiasradioreflejos.com.ar\/2021\/#website","url":"https:\/\/www.noticiasradioreflejos.com.ar\/2021\/","name":"Noticias Radio Reflejos","description":"Las noticias de mi comarca","potentialAction":[{"@type":"SearchAction","target":{"@type":"EntryPoint","urlTemplate":"https:\/\/www.noticiasradioreflejos.com.ar\/2021\/?s={search_term_string}"},"query-input":{"@type":"PropertyValueSpecification","valueRequired":true,"valueName":"search_term_string"}}],"inLanguage":"es"},{"@type":"Person","@id":"https:\/\/www.noticiasradioreflejos.com.ar\/2021\/#\/schema\/person\/ad82545263dcc5ec0996818884fd5fb1","name":"Arnaldo Botto","image":{"@type":"ImageObject","inLanguage":"es","@id":"https:\/\/www.noticiasradioreflejos.com.ar\/2021\/#\/schema\/person\/image\/","url":"https:\/\/secure.gravatar.com\/avatar\/55cb5e37c1efa326397366e6974cb338056df65cb50e7d64d1cf314e87504837?s=96&d=mm&r=g","contentUrl":"https:\/\/secure.gravatar.com\/avatar\/55cb5e37c1efa326397366e6974cb338056df65cb50e7d64d1cf314e87504837?s=96&d=mm&r=g","caption":"Arnaldo Botto"},"url":"https:\/\/www.noticiasradioreflejos.com.ar\/2021\/author\/arnaldo\/"}]}},"_links":{"self":[{"href":"https:\/\/www.noticiasradioreflejos.com.ar\/2021\/wp-json\/wp\/v2\/posts\/82206","targetHints":{"allow":["GET"]}}],"collection":[{"href":"https:\/\/www.noticiasradioreflejos.com.ar\/2021\/wp-json\/wp\/v2\/posts"}],"about":[{"href":"https:\/\/www.noticiasradioreflejos.com.ar\/2021\/wp-json\/wp\/v2\/types\/post"}],"author":[{"embeddable":true,"href":"https:\/\/www.noticiasradioreflejos.com.ar\/2021\/wp-json\/wp\/v2\/users\/3"}],"replies":[{"embeddable":true,"href":"https:\/\/www.noticiasradioreflejos.com.ar\/2021\/wp-json\/wp\/v2\/comments?post=82206"}],"version-history":[{"count":2,"href":"https:\/\/www.noticiasradioreflejos.com.ar\/2021\/wp-json\/wp\/v2\/posts\/82206\/revisions"}],"predecessor-version":[{"id":82221,"href":"https:\/\/www.noticiasradioreflejos.com.ar\/2021\/wp-json\/wp\/v2\/posts\/82206\/revisions\/82221"}],"wp:featuredmedia":[{"embeddable":true,"href":"https:\/\/www.noticiasradioreflejos.com.ar\/2021\/wp-json\/wp\/v2\/media\/75502"}],"wp:attachment":[{"href":"https:\/\/www.noticiasradioreflejos.com.ar\/2021\/wp-json\/wp\/v2\/media?parent=82206"}],"wp:term":[{"taxonomy":"category","embeddable":true,"href":"https:\/\/www.noticiasradioreflejos.com.ar\/2021\/wp-json\/wp\/v2\/categories?post=82206"},{"taxonomy":"post_tag","embeddable":true,"href":"https:\/\/www.noticiasradioreflejos.com.ar\/2021\/wp-json\/wp\/v2\/tags?post=82206"}],"curies":[{"name":"wp","href":"https:\/\/api.w.org\/{rel}","templated":true}]}}