{"id":82204,"date":"2023-01-04T16:48:40","date_gmt":"2023-01-04T16:48:40","guid":{"rendered":"https:\/\/www.noticiasradioreflejos.com.ar\/2021\/?p=82204"},"modified":"2023-01-04T16:48:40","modified_gmt":"2023-01-04T16:48:40","slug":"seria-inminente-el-arribo-de-una-nueva-empresa-de-transporte","status":"publish","type":"post","link":"https:\/\/www.noticiasradioreflejos.com.ar\/2021\/seria-inminente-el-arribo-de-una-nueva-empresa-de-transporte\/","title":{"rendered":"Ser\u00eda inminente el arribo de una nueva empresa de transporte"},"content":{"rendered":"<p>Si bien desde el municipio guardan celosamente bajo siete llaves la negociaci\u00f3n, estar\u00eda al caer la oficializaci\u00f3n y tras tantas penurias los usuarios del transporte p\u00fablico tendr\u00edan una opci\u00f3n complementaria.<!--more--><\/p>\n<p>A\u00f1o nuevo, transporte nuevo. O al menos, uno complementario ante tantas penurias e incumplimientos por diversos motivos.<\/p>\n<p>Seg\u00fan pudo saber esta redacci\u00f3n, ejecutivo y empresa privada estar\u00edan ultimando los detalles para concretar el tan ansiado complemento del transporte p\u00fablico, el cual vendr\u00eda a apuntalar lo que viene realizando Silver.<\/p>\n<p>Si bien no trascendieron mayores detalles, todo se habr\u00eda encaminado luego de que desde el Ministerio de Transporte dieran luz verde al municipio para que negocie con esta segunda empresa. Ahora, el tira y afloje es mano a mano y en cuesti\u00f3n de horas quedar\u00eda sellado el n\u00famero final.<\/p>\n<p>De llegar el tan ansiado acuerdo, ya no habr\u00eda motivos para que los usuarios vivan m\u00e1s dolores de cabeza, debido a que con esta segunda l\u00ednea se complementar\u00eda el servicio que se viene prestando.<\/p>\n<p>De igual manera este medio tambi\u00e9n pudo enterarse que hay abierto un expediente en el cual se est\u00e1n recopilando los reclamos de los usuarios y se agreg\u00f3 el petitorio elevado recientemente por la C\u00e1mara de Comercio.<\/p>\n<p>Como corolario el intendente Sergio Bordoni habr\u00eda enviado esta ma\u00f1ana una intimaci\u00f3n a la actual prestataria del servicio por incumplimiento del contrato.<\/p>\n","protected":false},"excerpt":{"rendered":"<p>Si bien desde el municipio guardan celosamente bajo siete llaves la negociaci\u00f3n, estar\u00eda al caer la oficializaci\u00f3n y tras tantas penurias los usuarios del transporte p\u00fablico tendr\u00edan una opci\u00f3n complementaria.<\/p>\n","protected":false},"author":3,"featured_media":75404,"comment_status":"closed","ping_status":"closed","sticky":false,"template":"","format":"standard","meta":{"footnotes":""},"categories":[24,26,33],"tags":[48],"class_list":["post-82204","post","type-post","status-publish","format-standard","has-post-thumbnail","hentry","category-politica","category-sociedad","category-turismo","tag-destacada"],"yoast_head":"<!-- This site is optimized with the Yoast SEO plugin v25.9 - https:\/\/yoast.com\/wordpress\/plugins\/seo\/ -->\n<title>Ser\u00eda inminente el arribo de una nueva empresa de transporte - Noticias Radio Reflejos<\/title>\n<meta name=\"robots\" content=\"index, follow, max-snippet:-1, max-image-preview:large, max-video-preview:-1\" \/>\n<link rel=\"canonical\" href=\"https:\/\/www.noticiasradioreflejos.com.ar\/2021\/seria-inminente-el-arribo-de-una-nueva-empresa-de-transporte\/\" \/>\n<meta property=\"og:locale\" content=\"es_ES\" \/>\n<meta property=\"og:type\" content=\"article\" \/>\n<meta property=\"og:title\" content=\"Ser\u00eda inminente el arribo de una nueva empresa de transporte - Noticias Radio Reflejos\" \/>\n<meta property=\"og:description\" content=\"Si bien desde el municipio guardan celosamente bajo siete llaves la negociaci\u00f3n, estar\u00eda al caer la oficializaci\u00f3n y tras tantas penurias los usuarios del transporte p\u00fablico tendr\u00edan una opci\u00f3n complementaria.\" \/>\n<meta property=\"og:url\" content=\"https:\/\/www.noticiasradioreflejos.com.ar\/2021\/seria-inminente-el-arribo-de-una-nueva-empresa-de-transporte\/\" \/>\n<meta property=\"og:site_name\" content=\"Noticias Radio Reflejos\" \/>\n<meta property=\"article:published_time\" content=\"2023-01-04T16:48:40+00:00\" \/>\n<meta property=\"og:image\" content=\"https:\/\/www.noticiasradioreflejos.com.ar\/2021\/wp-content\/uploads\/2022\/07\/Turismo-Sierra.jpeg\" \/>\n\t<meta property=\"og:image:width\" content=\"522\" \/>\n\t<meta property=\"og:image:height\" content=\"422\" \/>\n\t<meta property=\"og:image:type\" content=\"image\/jpeg\" \/>\n<meta name=\"author\" content=\"Arnaldo Botto\" \/>\n<meta name=\"twitter:card\" content=\"summary_large_image\" \/>\n<script type=\"application\/ld+json\" class=\"yoast-schema-graph\">{\"@context\":\"https:\/\/schema.org\",\"@graph\":[{\"@type\":\"WebPage\",\"@id\":\"https:\/\/www.noticiasradioreflejos.com.ar\/2021\/seria-inminente-el-arribo-de-una-nueva-empresa-de-transporte\/\",\"url\":\"https:\/\/www.noticiasradioreflejos.com.ar\/2021\/seria-inminente-el-arribo-de-una-nueva-empresa-de-transporte\/\",\"name\":\"Ser\u00eda inminente el arribo de una nueva empresa de transporte - Noticias Radio Reflejos\",\"isPartOf\":{\"@id\":\"https:\/\/www.noticiasradioreflejos.com.ar\/2021\/#website\"},\"primaryImageOfPage\":{\"@id\":\"https:\/\/www.noticiasradioreflejos.com.ar\/2021\/seria-inminente-el-arribo-de-una-nueva-empresa-de-transporte\/#primaryimage\"},\"image\":{\"@id\":\"https:\/\/www.noticiasradioreflejos.com.ar\/2021\/seria-inminente-el-arribo-de-una-nueva-empresa-de-transporte\/#primaryimage\"},\"thumbnailUrl\":\"https:\/\/www.noticiasradioreflejos.com.ar\/2021\/wp-content\/uploads\/2022\/07\/Turismo-Sierra.jpeg\",\"datePublished\":\"2023-01-04T16:48:40+00:00\",\"author\":{\"@id\":\"https:\/\/www.noticiasradioreflejos.com.ar\/2021\/#\/schema\/person\/ad82545263dcc5ec0996818884fd5fb1\"},\"breadcrumb\":{\"@id\":\"https:\/\/www.noticiasradioreflejos.com.ar\/2021\/seria-inminente-el-arribo-de-una-nueva-empresa-de-transporte\/#breadcrumb\"},\"inLanguage\":\"es\",\"potentialAction\":[{\"@type\":\"ReadAction\",\"target\":[\"https:\/\/www.noticiasradioreflejos.com.ar\/2021\/seria-inminente-el-arribo-de-una-nueva-empresa-de-transporte\/\"]}]},{\"@type\":\"ImageObject\",\"inLanguage\":\"es\",\"@id\":\"https:\/\/www.noticiasradioreflejos.com.ar\/2021\/seria-inminente-el-arribo-de-una-nueva-empresa-de-transporte\/#primaryimage\",\"url\":\"https:\/\/www.noticiasradioreflejos.com.ar\/2021\/wp-content\/uploads\/2022\/07\/Turismo-Sierra.jpeg\",\"contentUrl\":\"https:\/\/www.noticiasradioreflejos.com.ar\/2021\/wp-content\/uploads\/2022\/07\/Turismo-Sierra.jpeg\",\"width\":522,\"height\":422},{\"@type\":\"BreadcrumbList\",\"@id\":\"https:\/\/www.noticiasradioreflejos.com.ar\/2021\/seria-inminente-el-arribo-de-una-nueva-empresa-de-transporte\/#breadcrumb\",\"itemListElement\":[{\"@type\":\"ListItem\",\"position\":1,\"name\":\"Portada\",\"item\":\"https:\/\/www.noticiasradioreflejos.com.ar\/2021\/\"},{\"@type\":\"ListItem\",\"position\":2,\"name\":\"Ser\u00eda inminente el arribo de una nueva empresa de transporte\"}]},{\"@type\":\"WebSite\",\"@id\":\"https:\/\/www.noticiasradioreflejos.com.ar\/2021\/#website\",\"url\":\"https:\/\/www.noticiasradioreflejos.com.ar\/2021\/\",\"name\":\"Noticias Radio Reflejos\",\"description\":\"Las noticias de mi comarca\",\"potentialAction\":[{\"@type\":\"SearchAction\",\"target\":{\"@type\":\"EntryPoint\",\"urlTemplate\":\"https:\/\/www.noticiasradioreflejos.com.ar\/2021\/?s={search_term_string}\"},\"query-input\":{\"@type\":\"PropertyValueSpecification\",\"valueRequired\":true,\"valueName\":\"search_term_string\"}}],\"inLanguage\":\"es\"},{\"@type\":\"Person\",\"@id\":\"https:\/\/www.noticiasradioreflejos.com.ar\/2021\/#\/schema\/person\/ad82545263dcc5ec0996818884fd5fb1\",\"name\":\"Arnaldo Botto\",\"image\":{\"@type\":\"ImageObject\",\"inLanguage\":\"es\",\"@id\":\"https:\/\/www.noticiasradioreflejos.com.ar\/2021\/#\/schema\/person\/image\/\",\"url\":\"https:\/\/secure.gravatar.com\/avatar\/55cb5e37c1efa326397366e6974cb338056df65cb50e7d64d1cf314e87504837?s=96&d=mm&r=g\",\"contentUrl\":\"https:\/\/secure.gravatar.com\/avatar\/55cb5e37c1efa326397366e6974cb338056df65cb50e7d64d1cf314e87504837?s=96&d=mm&r=g\",\"caption\":\"Arnaldo Botto\"},\"url\":\"https:\/\/www.noticiasradioreflejos.com.ar\/2021\/author\/arnaldo\/\"}]}<\/script>\n<!-- \/ Yoast SEO plugin. -->","yoast_head_json":{"title":"Ser\u00eda inminente el arribo de una nueva empresa de transporte - Noticias Radio Reflejos","robots":{"index":"index","follow":"follow","max-snippet":"max-snippet:-1","max-image-preview":"max-image-preview:large","max-video-preview":"max-video-preview:-1"},"canonical":"https:\/\/www.noticiasradioreflejos.com.ar\/2021\/seria-inminente-el-arribo-de-una-nueva-empresa-de-transporte\/","og_locale":"es_ES","og_type":"article","og_title":"Ser\u00eda inminente el arribo de una nueva empresa de transporte - Noticias Radio Reflejos","og_description":"Si bien desde el municipio guardan celosamente bajo siete llaves la negociaci\u00f3n, estar\u00eda al caer la oficializaci\u00f3n y tras tantas penurias los usuarios del transporte p\u00fablico tendr\u00edan una opci\u00f3n complementaria.","og_url":"https:\/\/www.noticiasradioreflejos.com.ar\/2021\/seria-inminente-el-arribo-de-una-nueva-empresa-de-transporte\/","og_site_name":"Noticias Radio Reflejos","article_published_time":"2023-01-04T16:48:40+00:00","og_image":[{"width":522,"height":422,"url":"https:\/\/www.noticiasradioreflejos.com.ar\/2021\/wp-content\/uploads\/2022\/07\/Turismo-Sierra.jpeg","type":"image\/jpeg"}],"author":"Arnaldo Botto","twitter_card":"summary_large_image","schema":{"@context":"https:\/\/schema.org","@graph":[{"@type":"WebPage","@id":"https:\/\/www.noticiasradioreflejos.com.ar\/2021\/seria-inminente-el-arribo-de-una-nueva-empresa-de-transporte\/","url":"https:\/\/www.noticiasradioreflejos.com.ar\/2021\/seria-inminente-el-arribo-de-una-nueva-empresa-de-transporte\/","name":"Ser\u00eda inminente el arribo de una nueva empresa de transporte - Noticias Radio Reflejos","isPartOf":{"@id":"https:\/\/www.noticiasradioreflejos.com.ar\/2021\/#website"},"primaryImageOfPage":{"@id":"https:\/\/www.noticiasradioreflejos.com.ar\/2021\/seria-inminente-el-arribo-de-una-nueva-empresa-de-transporte\/#primaryimage"},"image":{"@id":"https:\/\/www.noticiasradioreflejos.com.ar\/2021\/seria-inminente-el-arribo-de-una-nueva-empresa-de-transporte\/#primaryimage"},"thumbnailUrl":"https:\/\/www.noticiasradioreflejos.com.ar\/2021\/wp-content\/uploads\/2022\/07\/Turismo-Sierra.jpeg","datePublished":"2023-01-04T16:48:40+00:00","author":{"@id":"https:\/\/www.noticiasradioreflejos.com.ar\/2021\/#\/schema\/person\/ad82545263dcc5ec0996818884fd5fb1"},"breadcrumb":{"@id":"https:\/\/www.noticiasradioreflejos.com.ar\/2021\/seria-inminente-el-arribo-de-una-nueva-empresa-de-transporte\/#breadcrumb"},"inLanguage":"es","potentialAction":[{"@type":"ReadAction","target":["https:\/\/www.noticiasradioreflejos.com.ar\/2021\/seria-inminente-el-arribo-de-una-nueva-empresa-de-transporte\/"]}]},{"@type":"ImageObject","inLanguage":"es","@id":"https:\/\/www.noticiasradioreflejos.com.ar\/2021\/seria-inminente-el-arribo-de-una-nueva-empresa-de-transporte\/#primaryimage","url":"https:\/\/www.noticiasradioreflejos.com.ar\/2021\/wp-content\/uploads\/2022\/07\/Turismo-Sierra.jpeg","contentUrl":"https:\/\/www.noticiasradioreflejos.com.ar\/2021\/wp-content\/uploads\/2022\/07\/Turismo-Sierra.jpeg","width":522,"height":422},{"@type":"BreadcrumbList","@id":"https:\/\/www.noticiasradioreflejos.com.ar\/2021\/seria-inminente-el-arribo-de-una-nueva-empresa-de-transporte\/#breadcrumb","itemListElement":[{"@type":"ListItem","position":1,"name":"Portada","item":"https:\/\/www.noticiasradioreflejos.com.ar\/2021\/"},{"@type":"ListItem","position":2,"name":"Ser\u00eda inminente el arribo de una nueva empresa de transporte"}]},{"@type":"WebSite","@id":"https:\/\/www.noticiasradioreflejos.com.ar\/2021\/#website","url":"https:\/\/www.noticiasradioreflejos.com.ar\/2021\/","name":"Noticias Radio Reflejos","description":"Las noticias de mi comarca","potentialAction":[{"@type":"SearchAction","target":{"@type":"EntryPoint","urlTemplate":"https:\/\/www.noticiasradioreflejos.com.ar\/2021\/?s={search_term_string}"},"query-input":{"@type":"PropertyValueSpecification","valueRequired":true,"valueName":"search_term_string"}}],"inLanguage":"es"},{"@type":"Person","@id":"https:\/\/www.noticiasradioreflejos.com.ar\/2021\/#\/schema\/person\/ad82545263dcc5ec0996818884fd5fb1","name":"Arnaldo Botto","image":{"@type":"ImageObject","inLanguage":"es","@id":"https:\/\/www.noticiasradioreflejos.com.ar\/2021\/#\/schema\/person\/image\/","url":"https:\/\/secure.gravatar.com\/avatar\/55cb5e37c1efa326397366e6974cb338056df65cb50e7d64d1cf314e87504837?s=96&d=mm&r=g","contentUrl":"https:\/\/secure.gravatar.com\/avatar\/55cb5e37c1efa326397366e6974cb338056df65cb50e7d64d1cf314e87504837?s=96&d=mm&r=g","caption":"Arnaldo Botto"},"url":"https:\/\/www.noticiasradioreflejos.com.ar\/2021\/author\/arnaldo\/"}]}},"_links":{"self":[{"href":"https:\/\/www.noticiasradioreflejos.com.ar\/2021\/wp-json\/wp\/v2\/posts\/82204","targetHints":{"allow":["GET"]}}],"collection":[{"href":"https:\/\/www.noticiasradioreflejos.com.ar\/2021\/wp-json\/wp\/v2\/posts"}],"about":[{"href":"https:\/\/www.noticiasradioreflejos.com.ar\/2021\/wp-json\/wp\/v2\/types\/post"}],"author":[{"embeddable":true,"href":"https:\/\/www.noticiasradioreflejos.com.ar\/2021\/wp-json\/wp\/v2\/users\/3"}],"replies":[{"embeddable":true,"href":"https:\/\/www.noticiasradioreflejos.com.ar\/2021\/wp-json\/wp\/v2\/comments?post=82204"}],"version-history":[{"count":2,"href":"https:\/\/www.noticiasradioreflejos.com.ar\/2021\/wp-json\/wp\/v2\/posts\/82204\/revisions"}],"predecessor-version":[{"id":82220,"href":"https:\/\/www.noticiasradioreflejos.com.ar\/2021\/wp-json\/wp\/v2\/posts\/82204\/revisions\/82220"}],"wp:featuredmedia":[{"embeddable":true,"href":"https:\/\/www.noticiasradioreflejos.com.ar\/2021\/wp-json\/wp\/v2\/media\/75404"}],"wp:attachment":[{"href":"https:\/\/www.noticiasradioreflejos.com.ar\/2021\/wp-json\/wp\/v2\/media?parent=82204"}],"wp:term":[{"taxonomy":"category","embeddable":true,"href":"https:\/\/www.noticiasradioreflejos.com.ar\/2021\/wp-json\/wp\/v2\/categories?post=82204"},{"taxonomy":"post_tag","embeddable":true,"href":"https:\/\/www.noticiasradioreflejos.com.ar\/2021\/wp-json\/wp\/v2\/tags?post=82204"}],"curies":[{"name":"wp","href":"https:\/\/api.w.org\/{rel}","templated":true}]}}