{"id":82202,"date":"2023-01-04T16:31:43","date_gmt":"2023-01-04T16:31:43","guid":{"rendered":"https:\/\/www.noticiasradioreflejos.com.ar\/2021\/?p=82202"},"modified":"2023-01-04T16:31:43","modified_gmt":"2023-01-04T16:31:43","slug":"operativo-de-documentacion-concurrio-mucha-gente-en-el-primer-dia","status":"publish","type":"post","link":"https:\/\/www.noticiasradioreflejos.com.ar\/2021\/operativo-de-documentacion-concurrio-mucha-gente-en-el-primer-dia\/","title":{"rendered":"Operativo de documentaci\u00f3n: \u201cConcurri\u00f3 mucha gente en el primer d\u00eda\u201d"},"content":{"rendered":"<p>La edil Mar\u00eda Romero brind\u00f3 detalles respecto a la acci\u00f3n montada en conjunto con \u00f3rganos federales, por la cual se ubic\u00f3 un m\u00f3vil de documentaci\u00f3n al costado de la Delegaci\u00f3n de Sierra. \u201cDe ac\u00e1 se va a Villa\u201d adelant\u00f3.<!--more--><\/p>\n<p>Desde ayer y hasta ma\u00f1ana un m\u00f3vil de documentaci\u00f3n se encuentra en Sierra de la Ventana. Viernes y s\u00e1bado en tanto se reubicar\u00e1 en Villa Ventana.<\/p>\n<p>Al respecto la concejal del Frente de Todos, Mar\u00eda Romero, explic\u00f3 que \u201cnuevamente pudo estar presente en temporada de verano el m\u00f3vil de registro de documentaci\u00f3n. Inici\u00f3 ayer, y si bien era el primer d\u00eda, concurri\u00f3 mucha gente. Ma\u00f1ana 5 es el \u00faltimo d\u00eda en Sierra. Est\u00e1n de 18 a 22. Los siguientes dos d\u00edas en la Sociedad de Fomento de Villa Ventana en los mismos horarios\u201d.<\/p>\n<p>Dando m\u00e1s detalles, confirm\u00f3 que \u201clos mismos valores de la \u00faltima vez que estuvieron. Tr\u00e1mites de DNI, cambio de domicilio\u2026 $300 pesos. Sigue igual. El pasaporte $4000 pesos. Se mantuvieron los costos que trajeron en vacaciones de invierno\u201d.<\/p>\n<p>Seg\u00fan afirm\u00f3, la din\u00e1mica viene siendo buena: \u201cayer estaban espaciados, tranquilos. Veremos hoy, y sobre todo ma\u00f1ana, con el tema de Reyes. Est\u00e1n ubicados en la vereda, al costado de la delegaci\u00f3n. El tr\u00e1mite es muy r\u00e1pido. Entre que te toman los datos, te sacan la foto\u2026 estar\u00e1s 10 minutos. Esos tr\u00e1mites luego te llegan a tu domicilio, por correo\u201d.<\/p>\n<p>Sobre los beneficios de tener esta unidad port\u00e1til en la comarca, la edil argument\u00f3 que \u201ccon esta modalidad es m\u00e1s c\u00f3modo, porque no tenes que ir a Saldungaray o Tornquist. M\u00e1s si trabajas por la ma\u00f1ana. O a los mismos turistas les queda c\u00f3modo. De all\u00ed que muchos aprovechan y hacen el tr\u00e1mite\u201d.<\/p>\n<h3>Tema transporte<\/h3>\n<p>En otro pasaje de la charla, Romero se refiri\u00f3 al transporte urbano. Sobre esa tem\u00e1tica asever\u00f3 que \u201ctenemos los reclamos y quejas de turistas y vecinos que tienen esa problem\u00e1tica. Ya sea por falta de lugar o por roturas y quedar tirados en la ruta. Veremos como finaliza esto y qu\u00e9 decisi\u00f3n toma el intendente\u201d.<\/p>\n<p>Siguiendo en esa l\u00ednea expres\u00f3 que \u201cnosotros queremos darles una soluci\u00f3n a los vecinos. Es preocupante este tipo de situaciones. Por eso queremos tener una reuni\u00f3n con el intendente y que nos cuente qu\u00e9 medidas van a tomar\u201d.<\/p>\n<p>Por \u00faltimo reflexion\u00f3 sobre que \u201csomos un destino tur\u00edstico, y es una pena que no tengamos m\u00e1s afluencia de l\u00edneas de colectivos; el tren que tambi\u00e9n ser\u00eda una gran soluci\u00f3n. Y lamentablemente no tenemos esto. Hay que trabajar para recuperar ese servicio\u201d.<\/p>\n<p>&nbsp;<\/p>\n<p><iframe loading=\"lazy\" src=\"https:\/\/w.soundcloud.com\/player\/?url=https%3A\/\/api.soundcloud.com\/tracks\/1416334357&amp;color=%23ff5500&amp;auto_play=false&amp;hide_related=false&amp;show_comments=true&amp;show_user=true&amp;show_reposts=false&amp;show_teaser=true\" width=\"100%\" height=\"166\" frameborder=\"no\" scrolling=\"no\"><\/iframe><\/p>\n<div style=\"font-size: 10px; color: #cccccc; line-break: anywhere; word-break: normal; overflow: hidden; white-space: nowrap; text-overflow: ellipsis; font-family: Interstate,Lucida Grande,Lucida Sans Unicode,Lucida Sans,Garuda,Verdana,Tahoma,sans-serif; font-weight: 100;\"><a style=\"color: #cccccc; text-decoration: none;\" title=\"fmreflejos 103.7\" href=\"https:\/\/soundcloud.com\/fmreflejos-103-7\" target=\"_blank\" rel=\"noopener\">fmreflejos 103.7<\/a> \u00b7 <a style=\"color: #cccccc; text-decoration: none;\" title=\"Maria Romero\" href=\"https:\/\/soundcloud.com\/fmreflejos-103-7\/maria-romero-6\" target=\"_blank\" rel=\"noopener\">Maria Romero<\/a><\/div>\n","protected":false},"excerpt":{"rendered":"<p>La edil Mar\u00eda Romero brind\u00f3 detalles respecto a la acci\u00f3n montada en conjunto con \u00f3rganos federales, por la cual se ubic\u00f3 un m\u00f3vil de documentaci\u00f3n al costado de la Delegaci\u00f3n de Sierra. \u201cDe ac\u00e1 se va a Villa\u201d adelant\u00f3.<\/p>\n","protected":false},"author":3,"featured_media":82212,"comment_status":"closed","ping_status":"closed","sticky":false,"template":"","format":"standard","meta":{"footnotes":""},"categories":[24,26],"tags":[48],"class_list":["post-82202","post","type-post","status-publish","format-standard","has-post-thumbnail","hentry","category-politica","category-sociedad","tag-destacada"],"yoast_head":"<!-- This site is optimized with the Yoast SEO plugin v25.9 - https:\/\/yoast.com\/wordpress\/plugins\/seo\/ -->\n<title>Operativo de documentaci\u00f3n: \u201cConcurri\u00f3 mucha gente en el primer d\u00eda\u201d - Noticias Radio Reflejos<\/title>\n<meta name=\"robots\" content=\"index, follow, max-snippet:-1, max-image-preview:large, max-video-preview:-1\" \/>\n<link rel=\"canonical\" href=\"https:\/\/www.noticiasradioreflejos.com.ar\/2021\/operativo-de-documentacion-concurrio-mucha-gente-en-el-primer-dia\/\" \/>\n<meta property=\"og:locale\" content=\"es_ES\" \/>\n<meta property=\"og:type\" content=\"article\" \/>\n<meta property=\"og:title\" content=\"Operativo de documentaci\u00f3n: \u201cConcurri\u00f3 mucha gente en el primer d\u00eda\u201d - Noticias Radio Reflejos\" \/>\n<meta property=\"og:description\" content=\"La edil Mar\u00eda Romero brind\u00f3 detalles respecto a la acci\u00f3n montada en conjunto con \u00f3rganos federales, por la cual se ubic\u00f3 un m\u00f3vil de documentaci\u00f3n al costado de la Delegaci\u00f3n de Sierra. \u201cDe ac\u00e1 se va a Villa\u201d adelant\u00f3.\" \/>\n<meta property=\"og:url\" content=\"https:\/\/www.noticiasradioreflejos.com.ar\/2021\/operativo-de-documentacion-concurrio-mucha-gente-en-el-primer-dia\/\" \/>\n<meta property=\"og:site_name\" content=\"Noticias Radio Reflejos\" \/>\n<meta property=\"article:published_time\" content=\"2023-01-04T16:31:43+00:00\" \/>\n<meta property=\"og:image\" content=\"https:\/\/www.noticiasradioreflejos.com.ar\/2021\/wp-content\/uploads\/2023\/01\/Documentacion.jpeg\" \/>\n\t<meta property=\"og:image:width\" content=\"1280\" \/>\n\t<meta property=\"og:image:height\" content=\"960\" \/>\n\t<meta property=\"og:image:type\" content=\"image\/jpeg\" \/>\n<meta name=\"author\" content=\"Arnaldo Botto\" \/>\n<meta name=\"twitter:card\" content=\"summary_large_image\" \/>\n<script type=\"application\/ld+json\" class=\"yoast-schema-graph\">{\"@context\":\"https:\/\/schema.org\",\"@graph\":[{\"@type\":\"WebPage\",\"@id\":\"https:\/\/www.noticiasradioreflejos.com.ar\/2021\/operativo-de-documentacion-concurrio-mucha-gente-en-el-primer-dia\/\",\"url\":\"https:\/\/www.noticiasradioreflejos.com.ar\/2021\/operativo-de-documentacion-concurrio-mucha-gente-en-el-primer-dia\/\",\"name\":\"Operativo de documentaci\u00f3n: \u201cConcurri\u00f3 mucha gente en el primer d\u00eda\u201d - Noticias Radio Reflejos\",\"isPartOf\":{\"@id\":\"https:\/\/www.noticiasradioreflejos.com.ar\/2021\/#website\"},\"primaryImageOfPage\":{\"@id\":\"https:\/\/www.noticiasradioreflejos.com.ar\/2021\/operativo-de-documentacion-concurrio-mucha-gente-en-el-primer-dia\/#primaryimage\"},\"image\":{\"@id\":\"https:\/\/www.noticiasradioreflejos.com.ar\/2021\/operativo-de-documentacion-concurrio-mucha-gente-en-el-primer-dia\/#primaryimage\"},\"thumbnailUrl\":\"https:\/\/www.noticiasradioreflejos.com.ar\/2021\/wp-content\/uploads\/2023\/01\/Documentacion.jpeg\",\"datePublished\":\"2023-01-04T16:31:43+00:00\",\"author\":{\"@id\":\"https:\/\/www.noticiasradioreflejos.com.ar\/2021\/#\/schema\/person\/ad82545263dcc5ec0996818884fd5fb1\"},\"breadcrumb\":{\"@id\":\"https:\/\/www.noticiasradioreflejos.com.ar\/2021\/operativo-de-documentacion-concurrio-mucha-gente-en-el-primer-dia\/#breadcrumb\"},\"inLanguage\":\"es\",\"potentialAction\":[{\"@type\":\"ReadAction\",\"target\":[\"https:\/\/www.noticiasradioreflejos.com.ar\/2021\/operativo-de-documentacion-concurrio-mucha-gente-en-el-primer-dia\/\"]}]},{\"@type\":\"ImageObject\",\"inLanguage\":\"es\",\"@id\":\"https:\/\/www.noticiasradioreflejos.com.ar\/2021\/operativo-de-documentacion-concurrio-mucha-gente-en-el-primer-dia\/#primaryimage\",\"url\":\"https:\/\/www.noticiasradioreflejos.com.ar\/2021\/wp-content\/uploads\/2023\/01\/Documentacion.jpeg\",\"contentUrl\":\"https:\/\/www.noticiasradioreflejos.com.ar\/2021\/wp-content\/uploads\/2023\/01\/Documentacion.jpeg\",\"width\":1280,\"height\":960},{\"@type\":\"BreadcrumbList\",\"@id\":\"https:\/\/www.noticiasradioreflejos.com.ar\/2021\/operativo-de-documentacion-concurrio-mucha-gente-en-el-primer-dia\/#breadcrumb\",\"itemListElement\":[{\"@type\":\"ListItem\",\"position\":1,\"name\":\"Portada\",\"item\":\"https:\/\/www.noticiasradioreflejos.com.ar\/2021\/\"},{\"@type\":\"ListItem\",\"position\":2,\"name\":\"Operativo de documentaci\u00f3n: \u201cConcurri\u00f3 mucha gente en el primer d\u00eda\u201d\"}]},{\"@type\":\"WebSite\",\"@id\":\"https:\/\/www.noticiasradioreflejos.com.ar\/2021\/#website\",\"url\":\"https:\/\/www.noticiasradioreflejos.com.ar\/2021\/\",\"name\":\"Noticias Radio Reflejos\",\"description\":\"Las noticias de mi comarca\",\"potentialAction\":[{\"@type\":\"SearchAction\",\"target\":{\"@type\":\"EntryPoint\",\"urlTemplate\":\"https:\/\/www.noticiasradioreflejos.com.ar\/2021\/?s={search_term_string}\"},\"query-input\":{\"@type\":\"PropertyValueSpecification\",\"valueRequired\":true,\"valueName\":\"search_term_string\"}}],\"inLanguage\":\"es\"},{\"@type\":\"Person\",\"@id\":\"https:\/\/www.noticiasradioreflejos.com.ar\/2021\/#\/schema\/person\/ad82545263dcc5ec0996818884fd5fb1\",\"name\":\"Arnaldo Botto\",\"image\":{\"@type\":\"ImageObject\",\"inLanguage\":\"es\",\"@id\":\"https:\/\/www.noticiasradioreflejos.com.ar\/2021\/#\/schema\/person\/image\/\",\"url\":\"https:\/\/secure.gravatar.com\/avatar\/55cb5e37c1efa326397366e6974cb338056df65cb50e7d64d1cf314e87504837?s=96&d=mm&r=g\",\"contentUrl\":\"https:\/\/secure.gravatar.com\/avatar\/55cb5e37c1efa326397366e6974cb338056df65cb50e7d64d1cf314e87504837?s=96&d=mm&r=g\",\"caption\":\"Arnaldo Botto\"},\"url\":\"https:\/\/www.noticiasradioreflejos.com.ar\/2021\/author\/arnaldo\/\"}]}<\/script>\n<!-- \/ Yoast SEO plugin. -->","yoast_head_json":{"title":"Operativo de documentaci\u00f3n: \u201cConcurri\u00f3 mucha gente en el primer d\u00eda\u201d - Noticias Radio Reflejos","robots":{"index":"index","follow":"follow","max-snippet":"max-snippet:-1","max-image-preview":"max-image-preview:large","max-video-preview":"max-video-preview:-1"},"canonical":"https:\/\/www.noticiasradioreflejos.com.ar\/2021\/operativo-de-documentacion-concurrio-mucha-gente-en-el-primer-dia\/","og_locale":"es_ES","og_type":"article","og_title":"Operativo de documentaci\u00f3n: \u201cConcurri\u00f3 mucha gente en el primer d\u00eda\u201d - Noticias Radio Reflejos","og_description":"La edil Mar\u00eda Romero brind\u00f3 detalles respecto a la acci\u00f3n montada en conjunto con \u00f3rganos federales, por la cual se ubic\u00f3 un m\u00f3vil de documentaci\u00f3n al costado de la Delegaci\u00f3n de Sierra. \u201cDe ac\u00e1 se va a Villa\u201d adelant\u00f3.","og_url":"https:\/\/www.noticiasradioreflejos.com.ar\/2021\/operativo-de-documentacion-concurrio-mucha-gente-en-el-primer-dia\/","og_site_name":"Noticias Radio Reflejos","article_published_time":"2023-01-04T16:31:43+00:00","og_image":[{"width":1280,"height":960,"url":"https:\/\/www.noticiasradioreflejos.com.ar\/2021\/wp-content\/uploads\/2023\/01\/Documentacion.jpeg","type":"image\/jpeg"}],"author":"Arnaldo Botto","twitter_card":"summary_large_image","schema":{"@context":"https:\/\/schema.org","@graph":[{"@type":"WebPage","@id":"https:\/\/www.noticiasradioreflejos.com.ar\/2021\/operativo-de-documentacion-concurrio-mucha-gente-en-el-primer-dia\/","url":"https:\/\/www.noticiasradioreflejos.com.ar\/2021\/operativo-de-documentacion-concurrio-mucha-gente-en-el-primer-dia\/","name":"Operativo de documentaci\u00f3n: \u201cConcurri\u00f3 mucha gente en el primer d\u00eda\u201d - Noticias Radio Reflejos","isPartOf":{"@id":"https:\/\/www.noticiasradioreflejos.com.ar\/2021\/#website"},"primaryImageOfPage":{"@id":"https:\/\/www.noticiasradioreflejos.com.ar\/2021\/operativo-de-documentacion-concurrio-mucha-gente-en-el-primer-dia\/#primaryimage"},"image":{"@id":"https:\/\/www.noticiasradioreflejos.com.ar\/2021\/operativo-de-documentacion-concurrio-mucha-gente-en-el-primer-dia\/#primaryimage"},"thumbnailUrl":"https:\/\/www.noticiasradioreflejos.com.ar\/2021\/wp-content\/uploads\/2023\/01\/Documentacion.jpeg","datePublished":"2023-01-04T16:31:43+00:00","author":{"@id":"https:\/\/www.noticiasradioreflejos.com.ar\/2021\/#\/schema\/person\/ad82545263dcc5ec0996818884fd5fb1"},"breadcrumb":{"@id":"https:\/\/www.noticiasradioreflejos.com.ar\/2021\/operativo-de-documentacion-concurrio-mucha-gente-en-el-primer-dia\/#breadcrumb"},"inLanguage":"es","potentialAction":[{"@type":"ReadAction","target":["https:\/\/www.noticiasradioreflejos.com.ar\/2021\/operativo-de-documentacion-concurrio-mucha-gente-en-el-primer-dia\/"]}]},{"@type":"ImageObject","inLanguage":"es","@id":"https:\/\/www.noticiasradioreflejos.com.ar\/2021\/operativo-de-documentacion-concurrio-mucha-gente-en-el-primer-dia\/#primaryimage","url":"https:\/\/www.noticiasradioreflejos.com.ar\/2021\/wp-content\/uploads\/2023\/01\/Documentacion.jpeg","contentUrl":"https:\/\/www.noticiasradioreflejos.com.ar\/2021\/wp-content\/uploads\/2023\/01\/Documentacion.jpeg","width":1280,"height":960},{"@type":"BreadcrumbList","@id":"https:\/\/www.noticiasradioreflejos.com.ar\/2021\/operativo-de-documentacion-concurrio-mucha-gente-en-el-primer-dia\/#breadcrumb","itemListElement":[{"@type":"ListItem","position":1,"name":"Portada","item":"https:\/\/www.noticiasradioreflejos.com.ar\/2021\/"},{"@type":"ListItem","position":2,"name":"Operativo de documentaci\u00f3n: \u201cConcurri\u00f3 mucha gente en el primer d\u00eda\u201d"}]},{"@type":"WebSite","@id":"https:\/\/www.noticiasradioreflejos.com.ar\/2021\/#website","url":"https:\/\/www.noticiasradioreflejos.com.ar\/2021\/","name":"Noticias Radio Reflejos","description":"Las noticias de mi comarca","potentialAction":[{"@type":"SearchAction","target":{"@type":"EntryPoint","urlTemplate":"https:\/\/www.noticiasradioreflejos.com.ar\/2021\/?s={search_term_string}"},"query-input":{"@type":"PropertyValueSpecification","valueRequired":true,"valueName":"search_term_string"}}],"inLanguage":"es"},{"@type":"Person","@id":"https:\/\/www.noticiasradioreflejos.com.ar\/2021\/#\/schema\/person\/ad82545263dcc5ec0996818884fd5fb1","name":"Arnaldo Botto","image":{"@type":"ImageObject","inLanguage":"es","@id":"https:\/\/www.noticiasradioreflejos.com.ar\/2021\/#\/schema\/person\/image\/","url":"https:\/\/secure.gravatar.com\/avatar\/55cb5e37c1efa326397366e6974cb338056df65cb50e7d64d1cf314e87504837?s=96&d=mm&r=g","contentUrl":"https:\/\/secure.gravatar.com\/avatar\/55cb5e37c1efa326397366e6974cb338056df65cb50e7d64d1cf314e87504837?s=96&d=mm&r=g","caption":"Arnaldo Botto"},"url":"https:\/\/www.noticiasradioreflejos.com.ar\/2021\/author\/arnaldo\/"}]}},"_links":{"self":[{"href":"https:\/\/www.noticiasradioreflejos.com.ar\/2021\/wp-json\/wp\/v2\/posts\/82202","targetHints":{"allow":["GET"]}}],"collection":[{"href":"https:\/\/www.noticiasradioreflejos.com.ar\/2021\/wp-json\/wp\/v2\/posts"}],"about":[{"href":"https:\/\/www.noticiasradioreflejos.com.ar\/2021\/wp-json\/wp\/v2\/types\/post"}],"author":[{"embeddable":true,"href":"https:\/\/www.noticiasradioreflejos.com.ar\/2021\/wp-json\/wp\/v2\/users\/3"}],"replies":[{"embeddable":true,"href":"https:\/\/www.noticiasradioreflejos.com.ar\/2021\/wp-json\/wp\/v2\/comments?post=82202"}],"version-history":[{"count":2,"href":"https:\/\/www.noticiasradioreflejos.com.ar\/2021\/wp-json\/wp\/v2\/posts\/82202\/revisions"}],"predecessor-version":[{"id":82215,"href":"https:\/\/www.noticiasradioreflejos.com.ar\/2021\/wp-json\/wp\/v2\/posts\/82202\/revisions\/82215"}],"wp:featuredmedia":[{"embeddable":true,"href":"https:\/\/www.noticiasradioreflejos.com.ar\/2021\/wp-json\/wp\/v2\/media\/82212"}],"wp:attachment":[{"href":"https:\/\/www.noticiasradioreflejos.com.ar\/2021\/wp-json\/wp\/v2\/media?parent=82202"}],"wp:term":[{"taxonomy":"category","embeddable":true,"href":"https:\/\/www.noticiasradioreflejos.com.ar\/2021\/wp-json\/wp\/v2\/categories?post=82202"},{"taxonomy":"post_tag","embeddable":true,"href":"https:\/\/www.noticiasradioreflejos.com.ar\/2021\/wp-json\/wp\/v2\/tags?post=82202"}],"curies":[{"name":"wp","href":"https:\/\/api.w.org\/{rel}","templated":true}]}}