{"id":82200,"date":"2023-01-04T15:47:54","date_gmt":"2023-01-04T15:47:54","guid":{"rendered":"https:\/\/www.noticiasradioreflejos.com.ar\/2021\/?p=82200"},"modified":"2023-01-04T15:47:54","modified_gmt":"2023-01-04T15:47:54","slug":"volvio-el-calor-intenso-y-habra-temperaturas-maximas-de-entre-35-y-40-hasta-el-proximo-martes","status":"publish","type":"post","link":"https:\/\/www.noticiasradioreflejos.com.ar\/2021\/volvio-el-calor-intenso-y-habra-temperaturas-maximas-de-entre-35-y-40-hasta-el-proximo-martes\/","title":{"rendered":"Volvi\u00f3 el calor intenso y habr\u00e1 temperaturas m\u00e1ximas de entre 35 y 40 hasta el pr\u00f3ximo martes"},"content":{"rendered":"<p>El calor intenso volvi\u00f3 a gran parte del pa\u00eds y las temperaturas superar\u00e1n estos d\u00edas los 35 grados, llegando incluso a 40 grados, en las provincias del norte de la Patagonia y sectores del centro y norte de Argentina, una situaci\u00f3n que se extender\u00e1 hasta el martes de la semana pr\u00f3xima, seg\u00fan inform\u00f3 hoy el Servicio Meteorol\u00f3gico Nacional (SMN).<!--more--><\/p>\n<p>\u00abSe esperan temperaturas altas o extremas, algunas ciudades incluso puede que tengan una ola de calor si se dan los requisitos. En todo el norte, centro y gran parte de la Patagonia va a haber temperaturas m\u00e1ximas muy elevadas\u00bb, dijo a T\u00e9lam Cindy Fern\u00e1ndez, meteor\u00f3loga del SMN.<\/p>\n<p>La especialista detall\u00f3 que \u00abestas situaciones son cl\u00e1sicas de los per\u00edodos c\u00e1lidos del verano\u00bb, y dijo que \u00abocurren porque lo que predomina son las altas presiones que favorecen el ingreso de una masa de aire muy c\u00e1lida del norte de la Argentina\u00bb.<\/p>\n<p>\u00abSon vientos del norte, que predominar\u00e1n durante varios d\u00edas, y ya est\u00e1n avanzando\u00bb, precis\u00f3.<\/p>\n<p>Las temperaturas elevadas en gran parte del pa\u00eds se dan porque el viento del norte \u00abestar\u00e1 acompa\u00f1ado de cielo despejado, sin precipitaciones, lo cual genera condiciones para que las temperaturas se disparen\u00bb, a\u00f1adi\u00f3.<\/p>\n<p>\u00abComo vamos a tener temperaturas muy altas durante varios d\u00edas, no es descabellado pensar que se rompan r\u00e9cords; en enero se dan las temperaturas m\u00e1s altas en todas las ciudades\u00bb, alert\u00f3.<\/p>\n<p>El SMN inform\u00f3 en su pron\u00f3stico extendido que la ciudad patag\u00f3nica de Choele Choel alcanzar\u00e1 el s\u00e1bado los 40 grados y Viedma llegar\u00e1 a 38.<\/p>\n<p>En la zona centro, la ciudad de Cruz del Eje, en el norte de C\u00f3rdoba, tambi\u00e9n tocar\u00e1 los 40 grados el s\u00e1bado.<\/p>\n<p>En tanto, en el norte del pa\u00eds, se prev\u00e9n una temperatura de 40 grados para la localidad salte\u00f1a de Rivadavia y la santiague\u00f1a de Monte Quemado.<\/p>\n<p>\u00abHoy es el primer d\u00eda de calor extremo. Por ahora el pa\u00eds se mantiene en alerta verde y algunas zonas en amarillo pero podr\u00edan aparecer alertas naranja y rojo en algunos lugares\u00bb, advirti\u00f3 Fern\u00e1ndez.<\/p>\n<p>En la alerta naranja el efecto es moderado a alto en la salud y las temperaturas pueden ser muy peligrosas para los grupos de riesgo, mientras que en el caso del alerta roja el efecto es alto a extremo en la salud y pueden afectar a todas las personas, incluso a las saludables.<\/p>\n<p>Fern\u00e1ndez asegur\u00f3 que no s\u00f3lo las temperaturas m\u00e1ximas ser\u00e1n elevadas, sino tambi\u00e9n las temperaturas m\u00ednimas para los pr\u00f3ximos d\u00edas, por lo que se prev\u00e9n noches calurosas.<\/p>\n<p>\u00abLas temperaturas m\u00ednimas, las nocturnas, van a ser muy altas, superando los 20 grados, esto hace que sean noches muy c\u00e1lidas\u00bb, explic\u00f3.<\/p>\n<p>Este registro de temperaturas extremas podr\u00eda ir finalizando para el martes de la semana pr\u00f3xima, seg\u00fan los pron\u00f3sticos del SMN.<\/p>\n<p>\u00abVa a durar hasta el martes de la semana ya que se espera que una masa de aire m\u00e1s templada, va a haber m\u00e1s nubosidad y un descenso de temperaturas. Vamos a dejar de tener de tener temperaturas de 40 grados\u00bb, concluy\u00f3 la meteor\u00f3loga.<\/p>\n","protected":false},"excerpt":{"rendered":"<p>El calor intenso volvi\u00f3 a gran parte del pa\u00eds y las temperaturas superar\u00e1n estos d\u00edas los 35 grados, llegando incluso a 40 grados, en las provincias del norte de la Patagonia y sectores del centro y norte de Argentina, una situaci\u00f3n que se extender\u00e1 hasta el martes de la semana pr\u00f3xima, seg\u00fan inform\u00f3 hoy el [&hellip;]<\/p>\n","protected":false},"author":3,"featured_media":80536,"comment_status":"closed","ping_status":"closed","sticky":false,"template":"","format":"standard","meta":{"footnotes":""},"categories":[46],"tags":[],"class_list":["post-82200","post","type-post","status-publish","format-standard","has-post-thumbnail","hentry","category-ciencia-y-tecnologia"],"yoast_head":"<!-- This site is optimized with the Yoast SEO plugin v25.9 - https:\/\/yoast.com\/wordpress\/plugins\/seo\/ -->\n<title>Volvi\u00f3 el calor intenso y habr\u00e1 temperaturas m\u00e1ximas de entre 35 y 40 hasta el pr\u00f3ximo martes - Noticias Radio Reflejos<\/title>\n<meta name=\"robots\" content=\"index, follow, max-snippet:-1, max-image-preview:large, max-video-preview:-1\" \/>\n<link rel=\"canonical\" href=\"https:\/\/www.noticiasradioreflejos.com.ar\/2021\/volvio-el-calor-intenso-y-habra-temperaturas-maximas-de-entre-35-y-40-hasta-el-proximo-martes\/\" \/>\n<meta property=\"og:locale\" content=\"es_ES\" \/>\n<meta property=\"og:type\" content=\"article\" \/>\n<meta property=\"og:title\" content=\"Volvi\u00f3 el calor intenso y habr\u00e1 temperaturas m\u00e1ximas de entre 35 y 40 hasta el pr\u00f3ximo martes - Noticias Radio Reflejos\" \/>\n<meta property=\"og:description\" content=\"El calor intenso volvi\u00f3 a gran parte del pa\u00eds y las temperaturas superar\u00e1n estos d\u00edas los 35 grados, llegando incluso a 40 grados, en las provincias del norte de la Patagonia y sectores del centro y norte de Argentina, una situaci\u00f3n que se extender\u00e1 hasta el martes de la semana pr\u00f3xima, seg\u00fan inform\u00f3 hoy el [&hellip;]\" \/>\n<meta property=\"og:url\" content=\"https:\/\/www.noticiasradioreflejos.com.ar\/2021\/volvio-el-calor-intenso-y-habra-temperaturas-maximas-de-entre-35-y-40-hasta-el-proximo-martes\/\" \/>\n<meta property=\"og:site_name\" content=\"Noticias Radio Reflejos\" \/>\n<meta property=\"article:published_time\" content=\"2023-01-04T15:47:54+00:00\" \/>\n<meta property=\"og:image\" content=\"https:\/\/www.noticiasradioreflejos.com.ar\/2021\/wp-content\/uploads\/2022\/11\/calor-700x465-1.jpg\" \/>\n\t<meta property=\"og:image:width\" content=\"700\" \/>\n\t<meta property=\"og:image:height\" content=\"465\" \/>\n\t<meta property=\"og:image:type\" content=\"image\/jpeg\" \/>\n<meta name=\"author\" content=\"Arnaldo Botto\" \/>\n<meta name=\"twitter:card\" content=\"summary_large_image\" \/>\n<script type=\"application\/ld+json\" class=\"yoast-schema-graph\">{\"@context\":\"https:\/\/schema.org\",\"@graph\":[{\"@type\":\"WebPage\",\"@id\":\"https:\/\/www.noticiasradioreflejos.com.ar\/2021\/volvio-el-calor-intenso-y-habra-temperaturas-maximas-de-entre-35-y-40-hasta-el-proximo-martes\/\",\"url\":\"https:\/\/www.noticiasradioreflejos.com.ar\/2021\/volvio-el-calor-intenso-y-habra-temperaturas-maximas-de-entre-35-y-40-hasta-el-proximo-martes\/\",\"name\":\"Volvi\u00f3 el calor intenso y habr\u00e1 temperaturas m\u00e1ximas de entre 35 y 40 hasta el pr\u00f3ximo martes - Noticias Radio Reflejos\",\"isPartOf\":{\"@id\":\"https:\/\/www.noticiasradioreflejos.com.ar\/2021\/#website\"},\"primaryImageOfPage\":{\"@id\":\"https:\/\/www.noticiasradioreflejos.com.ar\/2021\/volvio-el-calor-intenso-y-habra-temperaturas-maximas-de-entre-35-y-40-hasta-el-proximo-martes\/#primaryimage\"},\"image\":{\"@id\":\"https:\/\/www.noticiasradioreflejos.com.ar\/2021\/volvio-el-calor-intenso-y-habra-temperaturas-maximas-de-entre-35-y-40-hasta-el-proximo-martes\/#primaryimage\"},\"thumbnailUrl\":\"https:\/\/www.noticiasradioreflejos.com.ar\/2021\/wp-content\/uploads\/2022\/11\/calor-700x465-1.jpg\",\"datePublished\":\"2023-01-04T15:47:54+00:00\",\"author\":{\"@id\":\"https:\/\/www.noticiasradioreflejos.com.ar\/2021\/#\/schema\/person\/ad82545263dcc5ec0996818884fd5fb1\"},\"breadcrumb\":{\"@id\":\"https:\/\/www.noticiasradioreflejos.com.ar\/2021\/volvio-el-calor-intenso-y-habra-temperaturas-maximas-de-entre-35-y-40-hasta-el-proximo-martes\/#breadcrumb\"},\"inLanguage\":\"es\",\"potentialAction\":[{\"@type\":\"ReadAction\",\"target\":[\"https:\/\/www.noticiasradioreflejos.com.ar\/2021\/volvio-el-calor-intenso-y-habra-temperaturas-maximas-de-entre-35-y-40-hasta-el-proximo-martes\/\"]}]},{\"@type\":\"ImageObject\",\"inLanguage\":\"es\",\"@id\":\"https:\/\/www.noticiasradioreflejos.com.ar\/2021\/volvio-el-calor-intenso-y-habra-temperaturas-maximas-de-entre-35-y-40-hasta-el-proximo-martes\/#primaryimage\",\"url\":\"https:\/\/www.noticiasradioreflejos.com.ar\/2021\/wp-content\/uploads\/2022\/11\/calor-700x465-1.jpg\",\"contentUrl\":\"https:\/\/www.noticiasradioreflejos.com.ar\/2021\/wp-content\/uploads\/2022\/11\/calor-700x465-1.jpg\",\"width\":700,\"height\":465},{\"@type\":\"BreadcrumbList\",\"@id\":\"https:\/\/www.noticiasradioreflejos.com.ar\/2021\/volvio-el-calor-intenso-y-habra-temperaturas-maximas-de-entre-35-y-40-hasta-el-proximo-martes\/#breadcrumb\",\"itemListElement\":[{\"@type\":\"ListItem\",\"position\":1,\"name\":\"Portada\",\"item\":\"https:\/\/www.noticiasradioreflejos.com.ar\/2021\/\"},{\"@type\":\"ListItem\",\"position\":2,\"name\":\"Volvi\u00f3 el calor intenso y habr\u00e1 temperaturas m\u00e1ximas de entre 35 y 40 hasta el pr\u00f3ximo martes\"}]},{\"@type\":\"WebSite\",\"@id\":\"https:\/\/www.noticiasradioreflejos.com.ar\/2021\/#website\",\"url\":\"https:\/\/www.noticiasradioreflejos.com.ar\/2021\/\",\"name\":\"Noticias Radio Reflejos\",\"description\":\"Las noticias de mi comarca\",\"potentialAction\":[{\"@type\":\"SearchAction\",\"target\":{\"@type\":\"EntryPoint\",\"urlTemplate\":\"https:\/\/www.noticiasradioreflejos.com.ar\/2021\/?s={search_term_string}\"},\"query-input\":{\"@type\":\"PropertyValueSpecification\",\"valueRequired\":true,\"valueName\":\"search_term_string\"}}],\"inLanguage\":\"es\"},{\"@type\":\"Person\",\"@id\":\"https:\/\/www.noticiasradioreflejos.com.ar\/2021\/#\/schema\/person\/ad82545263dcc5ec0996818884fd5fb1\",\"name\":\"Arnaldo Botto\",\"image\":{\"@type\":\"ImageObject\",\"inLanguage\":\"es\",\"@id\":\"https:\/\/www.noticiasradioreflejos.com.ar\/2021\/#\/schema\/person\/image\/\",\"url\":\"https:\/\/secure.gravatar.com\/avatar\/55cb5e37c1efa326397366e6974cb338056df65cb50e7d64d1cf314e87504837?s=96&d=mm&r=g\",\"contentUrl\":\"https:\/\/secure.gravatar.com\/avatar\/55cb5e37c1efa326397366e6974cb338056df65cb50e7d64d1cf314e87504837?s=96&d=mm&r=g\",\"caption\":\"Arnaldo Botto\"},\"url\":\"https:\/\/www.noticiasradioreflejos.com.ar\/2021\/author\/arnaldo\/\"}]}<\/script>\n<!-- \/ Yoast SEO plugin. -->","yoast_head_json":{"title":"Volvi\u00f3 el calor intenso y habr\u00e1 temperaturas m\u00e1ximas de entre 35 y 40 hasta el pr\u00f3ximo martes - Noticias Radio Reflejos","robots":{"index":"index","follow":"follow","max-snippet":"max-snippet:-1","max-image-preview":"max-image-preview:large","max-video-preview":"max-video-preview:-1"},"canonical":"https:\/\/www.noticiasradioreflejos.com.ar\/2021\/volvio-el-calor-intenso-y-habra-temperaturas-maximas-de-entre-35-y-40-hasta-el-proximo-martes\/","og_locale":"es_ES","og_type":"article","og_title":"Volvi\u00f3 el calor intenso y habr\u00e1 temperaturas m\u00e1ximas de entre 35 y 40 hasta el pr\u00f3ximo martes - Noticias Radio Reflejos","og_description":"El calor intenso volvi\u00f3 a gran parte del pa\u00eds y las temperaturas superar\u00e1n estos d\u00edas los 35 grados, llegando incluso a 40 grados, en las provincias del norte de la Patagonia y sectores del centro y norte de Argentina, una situaci\u00f3n que se extender\u00e1 hasta el martes de la semana pr\u00f3xima, seg\u00fan inform\u00f3 hoy el [&hellip;]","og_url":"https:\/\/www.noticiasradioreflejos.com.ar\/2021\/volvio-el-calor-intenso-y-habra-temperaturas-maximas-de-entre-35-y-40-hasta-el-proximo-martes\/","og_site_name":"Noticias Radio Reflejos","article_published_time":"2023-01-04T15:47:54+00:00","og_image":[{"width":700,"height":465,"url":"https:\/\/www.noticiasradioreflejos.com.ar\/2021\/wp-content\/uploads\/2022\/11\/calor-700x465-1.jpg","type":"image\/jpeg"}],"author":"Arnaldo Botto","twitter_card":"summary_large_image","schema":{"@context":"https:\/\/schema.org","@graph":[{"@type":"WebPage","@id":"https:\/\/www.noticiasradioreflejos.com.ar\/2021\/volvio-el-calor-intenso-y-habra-temperaturas-maximas-de-entre-35-y-40-hasta-el-proximo-martes\/","url":"https:\/\/www.noticiasradioreflejos.com.ar\/2021\/volvio-el-calor-intenso-y-habra-temperaturas-maximas-de-entre-35-y-40-hasta-el-proximo-martes\/","name":"Volvi\u00f3 el calor intenso y habr\u00e1 temperaturas m\u00e1ximas de entre 35 y 40 hasta el pr\u00f3ximo martes - Noticias Radio Reflejos","isPartOf":{"@id":"https:\/\/www.noticiasradioreflejos.com.ar\/2021\/#website"},"primaryImageOfPage":{"@id":"https:\/\/www.noticiasradioreflejos.com.ar\/2021\/volvio-el-calor-intenso-y-habra-temperaturas-maximas-de-entre-35-y-40-hasta-el-proximo-martes\/#primaryimage"},"image":{"@id":"https:\/\/www.noticiasradioreflejos.com.ar\/2021\/volvio-el-calor-intenso-y-habra-temperaturas-maximas-de-entre-35-y-40-hasta-el-proximo-martes\/#primaryimage"},"thumbnailUrl":"https:\/\/www.noticiasradioreflejos.com.ar\/2021\/wp-content\/uploads\/2022\/11\/calor-700x465-1.jpg","datePublished":"2023-01-04T15:47:54+00:00","author":{"@id":"https:\/\/www.noticiasradioreflejos.com.ar\/2021\/#\/schema\/person\/ad82545263dcc5ec0996818884fd5fb1"},"breadcrumb":{"@id":"https:\/\/www.noticiasradioreflejos.com.ar\/2021\/volvio-el-calor-intenso-y-habra-temperaturas-maximas-de-entre-35-y-40-hasta-el-proximo-martes\/#breadcrumb"},"inLanguage":"es","potentialAction":[{"@type":"ReadAction","target":["https:\/\/www.noticiasradioreflejos.com.ar\/2021\/volvio-el-calor-intenso-y-habra-temperaturas-maximas-de-entre-35-y-40-hasta-el-proximo-martes\/"]}]},{"@type":"ImageObject","inLanguage":"es","@id":"https:\/\/www.noticiasradioreflejos.com.ar\/2021\/volvio-el-calor-intenso-y-habra-temperaturas-maximas-de-entre-35-y-40-hasta-el-proximo-martes\/#primaryimage","url":"https:\/\/www.noticiasradioreflejos.com.ar\/2021\/wp-content\/uploads\/2022\/11\/calor-700x465-1.jpg","contentUrl":"https:\/\/www.noticiasradioreflejos.com.ar\/2021\/wp-content\/uploads\/2022\/11\/calor-700x465-1.jpg","width":700,"height":465},{"@type":"BreadcrumbList","@id":"https:\/\/www.noticiasradioreflejos.com.ar\/2021\/volvio-el-calor-intenso-y-habra-temperaturas-maximas-de-entre-35-y-40-hasta-el-proximo-martes\/#breadcrumb","itemListElement":[{"@type":"ListItem","position":1,"name":"Portada","item":"https:\/\/www.noticiasradioreflejos.com.ar\/2021\/"},{"@type":"ListItem","position":2,"name":"Volvi\u00f3 el calor intenso y habr\u00e1 temperaturas m\u00e1ximas de entre 35 y 40 hasta el pr\u00f3ximo martes"}]},{"@type":"WebSite","@id":"https:\/\/www.noticiasradioreflejos.com.ar\/2021\/#website","url":"https:\/\/www.noticiasradioreflejos.com.ar\/2021\/","name":"Noticias Radio Reflejos","description":"Las noticias de mi comarca","potentialAction":[{"@type":"SearchAction","target":{"@type":"EntryPoint","urlTemplate":"https:\/\/www.noticiasradioreflejos.com.ar\/2021\/?s={search_term_string}"},"query-input":{"@type":"PropertyValueSpecification","valueRequired":true,"valueName":"search_term_string"}}],"inLanguage":"es"},{"@type":"Person","@id":"https:\/\/www.noticiasradioreflejos.com.ar\/2021\/#\/schema\/person\/ad82545263dcc5ec0996818884fd5fb1","name":"Arnaldo Botto","image":{"@type":"ImageObject","inLanguage":"es","@id":"https:\/\/www.noticiasradioreflejos.com.ar\/2021\/#\/schema\/person\/image\/","url":"https:\/\/secure.gravatar.com\/avatar\/55cb5e37c1efa326397366e6974cb338056df65cb50e7d64d1cf314e87504837?s=96&d=mm&r=g","contentUrl":"https:\/\/secure.gravatar.com\/avatar\/55cb5e37c1efa326397366e6974cb338056df65cb50e7d64d1cf314e87504837?s=96&d=mm&r=g","caption":"Arnaldo Botto"},"url":"https:\/\/www.noticiasradioreflejos.com.ar\/2021\/author\/arnaldo\/"}]}},"_links":{"self":[{"href":"https:\/\/www.noticiasradioreflejos.com.ar\/2021\/wp-json\/wp\/v2\/posts\/82200","targetHints":{"allow":["GET"]}}],"collection":[{"href":"https:\/\/www.noticiasradioreflejos.com.ar\/2021\/wp-json\/wp\/v2\/posts"}],"about":[{"href":"https:\/\/www.noticiasradioreflejos.com.ar\/2021\/wp-json\/wp\/v2\/types\/post"}],"author":[{"embeddable":true,"href":"https:\/\/www.noticiasradioreflejos.com.ar\/2021\/wp-json\/wp\/v2\/users\/3"}],"replies":[{"embeddable":true,"href":"https:\/\/www.noticiasradioreflejos.com.ar\/2021\/wp-json\/wp\/v2\/comments?post=82200"}],"version-history":[{"count":1,"href":"https:\/\/www.noticiasradioreflejos.com.ar\/2021\/wp-json\/wp\/v2\/posts\/82200\/revisions"}],"predecessor-version":[{"id":82201,"href":"https:\/\/www.noticiasradioreflejos.com.ar\/2021\/wp-json\/wp\/v2\/posts\/82200\/revisions\/82201"}],"wp:featuredmedia":[{"embeddable":true,"href":"https:\/\/www.noticiasradioreflejos.com.ar\/2021\/wp-json\/wp\/v2\/media\/80536"}],"wp:attachment":[{"href":"https:\/\/www.noticiasradioreflejos.com.ar\/2021\/wp-json\/wp\/v2\/media?parent=82200"}],"wp:term":[{"taxonomy":"category","embeddable":true,"href":"https:\/\/www.noticiasradioreflejos.com.ar\/2021\/wp-json\/wp\/v2\/categories?post=82200"},{"taxonomy":"post_tag","embeddable":true,"href":"https:\/\/www.noticiasradioreflejos.com.ar\/2021\/wp-json\/wp\/v2\/tags?post=82200"}],"curies":[{"name":"wp","href":"https:\/\/api.w.org\/{rel}","templated":true}]}}