{"id":82037,"date":"2022-12-30T12:11:40","date_gmt":"2022-12-30T12:11:40","guid":{"rendered":"https:\/\/www.noticiasradioreflejos.com.ar\/2021\/?p=82037"},"modified":"2022-12-30T12:11:40","modified_gmt":"2022-12-30T12:11:40","slug":"rigen-alertas-por-vientos-en-tierra-del-fuego-santa-cruz-y-buenos-aires-y-otra-por-calor-en-salta","status":"publish","type":"post","link":"https:\/\/www.noticiasradioreflejos.com.ar\/2021\/rigen-alertas-por-vientos-en-tierra-del-fuego-santa-cruz-y-buenos-aires-y-otra-por-calor-en-salta\/","title":{"rendered":"Rigen alertas por vientos en Tierra del Fuego, Santa Cruz y Buenos Aires, y otra por calor en Salta"},"content":{"rendered":"<p>El Servicio Meteorol\u00f3gico Nacional (SMN) manten\u00eda esta ma\u00f1ana una alerta amarilla para Tierra del Fuego y la zona de mesetas del sudeste de Santa Cruz por vientos y r\u00e1fagas que pueden superar los 100 kil\u00f3metros por hora, mientras que agreg\u00f3 otra para el centro y sur de la Provincia de Buenos Aires y emiti\u00f3 una advertencia por temperaturas extremas para las yungas salte\u00f1as.<!--more--><\/p>\n<p><a title=\"vientos\" href=\"https:\/\/www.flickr.com\/photos\/182279889@N02\/52595810849\/in\/dateposted-public\/\" data-flickr-embed=\"true\"><img loading=\"lazy\" decoding=\"async\" class=\"alignleft\" src=\"https:\/\/live.staticflickr.com\/65535\/52595810849_fc84effdc4_c.jpg\" alt=\"vientos\" width=\"471\" height=\"798\" \/><\/a>Las \u00e1reas bajo alerta por viento incluyen todo el territorio fueguino y las mesetas de G\u00fcer Aike, de Lago Argentino y de Corpen Aike, en Santa Cruz.<\/p>\n<p>Para estas zonas, el organismo nacional prev\u00e9 vientos del sector oeste, con velocidades entre 50 y 70 kil\u00f3metros por hora y r\u00e1fagas que pueden superar los 100 kil\u00f3metros por hora.<\/p>\n<p>A su vez, rige otra alerta amarilla para el centro de la provincia de Buenos Aires y la zona costera, donde se esperan vientos del sector oeste con velocidades entre 40 y 50 kil\u00f3metros por hora.<\/p>\n<p>Tambi\u00e9n se prev\u00e9n r\u00e1fagas que pueden alcanzar los 75 kil\u00f3metros por hora, mientras que hacia la noche el viento rotar\u00e1 al sector sur, manteniendo la intensidad de alerta, inform\u00f3 hoy el SMN.<\/p>\n<p>Las localidades bonaerenses afectadas son Brandsen, Ca\u00f1uelas, Magdalena, San Vicente, Ayacucho, Balcarce, General Guido, Maip\u00fa, el noroeste de General Juan Madariaga y de Mar Chiquita, el oeste de General Pueyrred\u00f3n, Castelli, Chascom\u00fas, Dolores, Lezama, Punta Indio, Tordillo, Necochea, Tres Arroyo, Adolfo Gonzales Chaves, Coronel Dorrego, San Cayetano, Azul, Rauch, Tapalqu\u00e9, la zona baja de Benito Ju\u00e1rez y de Tandil.<\/p>\n<p>El organismo meteorol\u00f3gico recomend\u00f3 a los habitantes de esas zonas que eviten las actividades al aire libre y aseguren los elementos que puedan volarse.<\/p>\n<p>Por otro lado, el servicio meteorol\u00f3gico emiti\u00f3 una alerta amarilla por temperaturas extremas por calor para la provincia de Salta en la localidad de General San Mart\u00edn y las yungas de Iruya, Or\u00e1n y Santa Victoria.<\/p>\n<p>El nivel amarillo implica un \u00abefecto leve a moderado en la salud\u00bb y las temperaturas pueden ser peligrosas, sobre todo para los grupos de riesgo, como ni\u00f1os y ni\u00f1as, personas con enfermedades cr\u00f3nicas y mayores de 65 a\u00f1os.<\/p>\n<p>Entre las recomendaciones para este tipo de eventos, el Ministerio de Salud indica aumentar el consumo de agua sin esperar a tener sed para mantener una hidrataci\u00f3n adecuada; no exponerse al sol en exceso, ni en horas centrales del d\u00eda (entre las 10 y las 16 horas); prestar atenci\u00f3n a los beb\u00e9s, ni\u00f1os y ni\u00f1as y a las personas mayores; y evitar las bebidas con cafe\u00edna, con alcohol o muy azucaradas.<\/p>\n<p>Tambi\u00e9n se sugiere evitar comidas muy abundantes; ingerir verduras y frutas; reducir la actividad f\u00edsica; usar ropa ligera, holgada y de colores claros; y permanecer en espacios ventilados o acondicionados.<\/p>\n","protected":false},"excerpt":{"rendered":"<p>El Servicio Meteorol\u00f3gico Nacional (SMN) manten\u00eda esta ma\u00f1ana una alerta amarilla para Tierra del Fuego y la zona de mesetas del sudeste de Santa Cruz por vientos y r\u00e1fagas que pueden superar los 100 kil\u00f3metros por hora, mientras que agreg\u00f3 otra para el centro y sur de la Provincia de Buenos Aires y emiti\u00f3 una [&hellip;]<\/p>\n","protected":false},"author":3,"featured_media":80536,"comment_status":"closed","ping_status":"closed","sticky":false,"template":"","format":"standard","meta":{"footnotes":""},"categories":[46],"tags":[],"class_list":["post-82037","post","type-post","status-publish","format-standard","has-post-thumbnail","hentry","category-ciencia-y-tecnologia"],"yoast_head":"<!-- This site is optimized with the Yoast SEO plugin v25.9 - https:\/\/yoast.com\/wordpress\/plugins\/seo\/ -->\n<title>Rigen alertas por vientos en Tierra del Fuego, Santa Cruz y Buenos Aires, y otra por calor en Salta - Noticias Radio Reflejos<\/title>\n<meta name=\"robots\" content=\"index, follow, max-snippet:-1, max-image-preview:large, max-video-preview:-1\" \/>\n<link rel=\"canonical\" href=\"https:\/\/www.noticiasradioreflejos.com.ar\/2021\/rigen-alertas-por-vientos-en-tierra-del-fuego-santa-cruz-y-buenos-aires-y-otra-por-calor-en-salta\/\" \/>\n<meta property=\"og:locale\" content=\"es_ES\" \/>\n<meta property=\"og:type\" content=\"article\" \/>\n<meta property=\"og:title\" content=\"Rigen alertas por vientos en Tierra del Fuego, Santa Cruz y Buenos Aires, y otra por calor en Salta - Noticias Radio Reflejos\" \/>\n<meta property=\"og:description\" content=\"El Servicio Meteorol\u00f3gico Nacional (SMN) manten\u00eda esta ma\u00f1ana una alerta amarilla para Tierra del Fuego y la zona de mesetas del sudeste de Santa Cruz por vientos y r\u00e1fagas que pueden superar los 100 kil\u00f3metros por hora, mientras que agreg\u00f3 otra para el centro y sur de la Provincia de Buenos Aires y emiti\u00f3 una [&hellip;]\" \/>\n<meta property=\"og:url\" content=\"https:\/\/www.noticiasradioreflejos.com.ar\/2021\/rigen-alertas-por-vientos-en-tierra-del-fuego-santa-cruz-y-buenos-aires-y-otra-por-calor-en-salta\/\" \/>\n<meta property=\"og:site_name\" content=\"Noticias Radio Reflejos\" \/>\n<meta property=\"article:published_time\" content=\"2022-12-30T12:11:40+00:00\" \/>\n<meta property=\"og:image\" content=\"https:\/\/www.noticiasradioreflejos.com.ar\/2021\/wp-content\/uploads\/2022\/11\/calor-700x465-1.jpg\" \/>\n\t<meta property=\"og:image:width\" content=\"700\" \/>\n\t<meta property=\"og:image:height\" content=\"465\" \/>\n\t<meta property=\"og:image:type\" content=\"image\/jpeg\" \/>\n<meta name=\"author\" content=\"Arnaldo Botto\" \/>\n<meta name=\"twitter:card\" content=\"summary_large_image\" \/>\n<script type=\"application\/ld+json\" class=\"yoast-schema-graph\">{\"@context\":\"https:\/\/schema.org\",\"@graph\":[{\"@type\":\"WebPage\",\"@id\":\"https:\/\/www.noticiasradioreflejos.com.ar\/2021\/rigen-alertas-por-vientos-en-tierra-del-fuego-santa-cruz-y-buenos-aires-y-otra-por-calor-en-salta\/\",\"url\":\"https:\/\/www.noticiasradioreflejos.com.ar\/2021\/rigen-alertas-por-vientos-en-tierra-del-fuego-santa-cruz-y-buenos-aires-y-otra-por-calor-en-salta\/\",\"name\":\"Rigen alertas por vientos en Tierra del Fuego, Santa Cruz y Buenos Aires, y otra por calor en Salta - Noticias Radio Reflejos\",\"isPartOf\":{\"@id\":\"https:\/\/www.noticiasradioreflejos.com.ar\/2021\/#website\"},\"primaryImageOfPage\":{\"@id\":\"https:\/\/www.noticiasradioreflejos.com.ar\/2021\/rigen-alertas-por-vientos-en-tierra-del-fuego-santa-cruz-y-buenos-aires-y-otra-por-calor-en-salta\/#primaryimage\"},\"image\":{\"@id\":\"https:\/\/www.noticiasradioreflejos.com.ar\/2021\/rigen-alertas-por-vientos-en-tierra-del-fuego-santa-cruz-y-buenos-aires-y-otra-por-calor-en-salta\/#primaryimage\"},\"thumbnailUrl\":\"https:\/\/www.noticiasradioreflejos.com.ar\/2021\/wp-content\/uploads\/2022\/11\/calor-700x465-1.jpg\",\"datePublished\":\"2022-12-30T12:11:40+00:00\",\"author\":{\"@id\":\"https:\/\/www.noticiasradioreflejos.com.ar\/2021\/#\/schema\/person\/ad82545263dcc5ec0996818884fd5fb1\"},\"breadcrumb\":{\"@id\":\"https:\/\/www.noticiasradioreflejos.com.ar\/2021\/rigen-alertas-por-vientos-en-tierra-del-fuego-santa-cruz-y-buenos-aires-y-otra-por-calor-en-salta\/#breadcrumb\"},\"inLanguage\":\"es\",\"potentialAction\":[{\"@type\":\"ReadAction\",\"target\":[\"https:\/\/www.noticiasradioreflejos.com.ar\/2021\/rigen-alertas-por-vientos-en-tierra-del-fuego-santa-cruz-y-buenos-aires-y-otra-por-calor-en-salta\/\"]}]},{\"@type\":\"ImageObject\",\"inLanguage\":\"es\",\"@id\":\"https:\/\/www.noticiasradioreflejos.com.ar\/2021\/rigen-alertas-por-vientos-en-tierra-del-fuego-santa-cruz-y-buenos-aires-y-otra-por-calor-en-salta\/#primaryimage\",\"url\":\"https:\/\/www.noticiasradioreflejos.com.ar\/2021\/wp-content\/uploads\/2022\/11\/calor-700x465-1.jpg\",\"contentUrl\":\"https:\/\/www.noticiasradioreflejos.com.ar\/2021\/wp-content\/uploads\/2022\/11\/calor-700x465-1.jpg\",\"width\":700,\"height\":465},{\"@type\":\"BreadcrumbList\",\"@id\":\"https:\/\/www.noticiasradioreflejos.com.ar\/2021\/rigen-alertas-por-vientos-en-tierra-del-fuego-santa-cruz-y-buenos-aires-y-otra-por-calor-en-salta\/#breadcrumb\",\"itemListElement\":[{\"@type\":\"ListItem\",\"position\":1,\"name\":\"Portada\",\"item\":\"https:\/\/www.noticiasradioreflejos.com.ar\/2021\/\"},{\"@type\":\"ListItem\",\"position\":2,\"name\":\"Rigen alertas por vientos en Tierra del Fuego, Santa Cruz y Buenos Aires, y otra por calor en Salta\"}]},{\"@type\":\"WebSite\",\"@id\":\"https:\/\/www.noticiasradioreflejos.com.ar\/2021\/#website\",\"url\":\"https:\/\/www.noticiasradioreflejos.com.ar\/2021\/\",\"name\":\"Noticias Radio Reflejos\",\"description\":\"Las noticias de mi comarca\",\"potentialAction\":[{\"@type\":\"SearchAction\",\"target\":{\"@type\":\"EntryPoint\",\"urlTemplate\":\"https:\/\/www.noticiasradioreflejos.com.ar\/2021\/?s={search_term_string}\"},\"query-input\":{\"@type\":\"PropertyValueSpecification\",\"valueRequired\":true,\"valueName\":\"search_term_string\"}}],\"inLanguage\":\"es\"},{\"@type\":\"Person\",\"@id\":\"https:\/\/www.noticiasradioreflejos.com.ar\/2021\/#\/schema\/person\/ad82545263dcc5ec0996818884fd5fb1\",\"name\":\"Arnaldo Botto\",\"image\":{\"@type\":\"ImageObject\",\"inLanguage\":\"es\",\"@id\":\"https:\/\/www.noticiasradioreflejos.com.ar\/2021\/#\/schema\/person\/image\/\",\"url\":\"https:\/\/secure.gravatar.com\/avatar\/55cb5e37c1efa326397366e6974cb338056df65cb50e7d64d1cf314e87504837?s=96&d=mm&r=g\",\"contentUrl\":\"https:\/\/secure.gravatar.com\/avatar\/55cb5e37c1efa326397366e6974cb338056df65cb50e7d64d1cf314e87504837?s=96&d=mm&r=g\",\"caption\":\"Arnaldo Botto\"},\"url\":\"https:\/\/www.noticiasradioreflejos.com.ar\/2021\/author\/arnaldo\/\"}]}<\/script>\n<!-- \/ Yoast SEO plugin. -->","yoast_head_json":{"title":"Rigen alertas por vientos en Tierra del Fuego, Santa Cruz y Buenos Aires, y otra por calor en Salta - Noticias Radio Reflejos","robots":{"index":"index","follow":"follow","max-snippet":"max-snippet:-1","max-image-preview":"max-image-preview:large","max-video-preview":"max-video-preview:-1"},"canonical":"https:\/\/www.noticiasradioreflejos.com.ar\/2021\/rigen-alertas-por-vientos-en-tierra-del-fuego-santa-cruz-y-buenos-aires-y-otra-por-calor-en-salta\/","og_locale":"es_ES","og_type":"article","og_title":"Rigen alertas por vientos en Tierra del Fuego, Santa Cruz y Buenos Aires, y otra por calor en Salta - Noticias Radio Reflejos","og_description":"El Servicio Meteorol\u00f3gico Nacional (SMN) manten\u00eda esta ma\u00f1ana una alerta amarilla para Tierra del Fuego y la zona de mesetas del sudeste de Santa Cruz por vientos y r\u00e1fagas que pueden superar los 100 kil\u00f3metros por hora, mientras que agreg\u00f3 otra para el centro y sur de la Provincia de Buenos Aires y emiti\u00f3 una [&hellip;]","og_url":"https:\/\/www.noticiasradioreflejos.com.ar\/2021\/rigen-alertas-por-vientos-en-tierra-del-fuego-santa-cruz-y-buenos-aires-y-otra-por-calor-en-salta\/","og_site_name":"Noticias Radio Reflejos","article_published_time":"2022-12-30T12:11:40+00:00","og_image":[{"width":700,"height":465,"url":"https:\/\/www.noticiasradioreflejos.com.ar\/2021\/wp-content\/uploads\/2022\/11\/calor-700x465-1.jpg","type":"image\/jpeg"}],"author":"Arnaldo Botto","twitter_card":"summary_large_image","schema":{"@context":"https:\/\/schema.org","@graph":[{"@type":"WebPage","@id":"https:\/\/www.noticiasradioreflejos.com.ar\/2021\/rigen-alertas-por-vientos-en-tierra-del-fuego-santa-cruz-y-buenos-aires-y-otra-por-calor-en-salta\/","url":"https:\/\/www.noticiasradioreflejos.com.ar\/2021\/rigen-alertas-por-vientos-en-tierra-del-fuego-santa-cruz-y-buenos-aires-y-otra-por-calor-en-salta\/","name":"Rigen alertas por vientos en Tierra del Fuego, Santa Cruz y Buenos Aires, y otra por calor en Salta - Noticias Radio Reflejos","isPartOf":{"@id":"https:\/\/www.noticiasradioreflejos.com.ar\/2021\/#website"},"primaryImageOfPage":{"@id":"https:\/\/www.noticiasradioreflejos.com.ar\/2021\/rigen-alertas-por-vientos-en-tierra-del-fuego-santa-cruz-y-buenos-aires-y-otra-por-calor-en-salta\/#primaryimage"},"image":{"@id":"https:\/\/www.noticiasradioreflejos.com.ar\/2021\/rigen-alertas-por-vientos-en-tierra-del-fuego-santa-cruz-y-buenos-aires-y-otra-por-calor-en-salta\/#primaryimage"},"thumbnailUrl":"https:\/\/www.noticiasradioreflejos.com.ar\/2021\/wp-content\/uploads\/2022\/11\/calor-700x465-1.jpg","datePublished":"2022-12-30T12:11:40+00:00","author":{"@id":"https:\/\/www.noticiasradioreflejos.com.ar\/2021\/#\/schema\/person\/ad82545263dcc5ec0996818884fd5fb1"},"breadcrumb":{"@id":"https:\/\/www.noticiasradioreflejos.com.ar\/2021\/rigen-alertas-por-vientos-en-tierra-del-fuego-santa-cruz-y-buenos-aires-y-otra-por-calor-en-salta\/#breadcrumb"},"inLanguage":"es","potentialAction":[{"@type":"ReadAction","target":["https:\/\/www.noticiasradioreflejos.com.ar\/2021\/rigen-alertas-por-vientos-en-tierra-del-fuego-santa-cruz-y-buenos-aires-y-otra-por-calor-en-salta\/"]}]},{"@type":"ImageObject","inLanguage":"es","@id":"https:\/\/www.noticiasradioreflejos.com.ar\/2021\/rigen-alertas-por-vientos-en-tierra-del-fuego-santa-cruz-y-buenos-aires-y-otra-por-calor-en-salta\/#primaryimage","url":"https:\/\/www.noticiasradioreflejos.com.ar\/2021\/wp-content\/uploads\/2022\/11\/calor-700x465-1.jpg","contentUrl":"https:\/\/www.noticiasradioreflejos.com.ar\/2021\/wp-content\/uploads\/2022\/11\/calor-700x465-1.jpg","width":700,"height":465},{"@type":"BreadcrumbList","@id":"https:\/\/www.noticiasradioreflejos.com.ar\/2021\/rigen-alertas-por-vientos-en-tierra-del-fuego-santa-cruz-y-buenos-aires-y-otra-por-calor-en-salta\/#breadcrumb","itemListElement":[{"@type":"ListItem","position":1,"name":"Portada","item":"https:\/\/www.noticiasradioreflejos.com.ar\/2021\/"},{"@type":"ListItem","position":2,"name":"Rigen alertas por vientos en Tierra del Fuego, Santa Cruz y Buenos Aires, y otra por calor en Salta"}]},{"@type":"WebSite","@id":"https:\/\/www.noticiasradioreflejos.com.ar\/2021\/#website","url":"https:\/\/www.noticiasradioreflejos.com.ar\/2021\/","name":"Noticias Radio Reflejos","description":"Las noticias de mi comarca","potentialAction":[{"@type":"SearchAction","target":{"@type":"EntryPoint","urlTemplate":"https:\/\/www.noticiasradioreflejos.com.ar\/2021\/?s={search_term_string}"},"query-input":{"@type":"PropertyValueSpecification","valueRequired":true,"valueName":"search_term_string"}}],"inLanguage":"es"},{"@type":"Person","@id":"https:\/\/www.noticiasradioreflejos.com.ar\/2021\/#\/schema\/person\/ad82545263dcc5ec0996818884fd5fb1","name":"Arnaldo Botto","image":{"@type":"ImageObject","inLanguage":"es","@id":"https:\/\/www.noticiasradioreflejos.com.ar\/2021\/#\/schema\/person\/image\/","url":"https:\/\/secure.gravatar.com\/avatar\/55cb5e37c1efa326397366e6974cb338056df65cb50e7d64d1cf314e87504837?s=96&d=mm&r=g","contentUrl":"https:\/\/secure.gravatar.com\/avatar\/55cb5e37c1efa326397366e6974cb338056df65cb50e7d64d1cf314e87504837?s=96&d=mm&r=g","caption":"Arnaldo Botto"},"url":"https:\/\/www.noticiasradioreflejos.com.ar\/2021\/author\/arnaldo\/"}]}},"_links":{"self":[{"href":"https:\/\/www.noticiasradioreflejos.com.ar\/2021\/wp-json\/wp\/v2\/posts\/82037","targetHints":{"allow":["GET"]}}],"collection":[{"href":"https:\/\/www.noticiasradioreflejos.com.ar\/2021\/wp-json\/wp\/v2\/posts"}],"about":[{"href":"https:\/\/www.noticiasradioreflejos.com.ar\/2021\/wp-json\/wp\/v2\/types\/post"}],"author":[{"embeddable":true,"href":"https:\/\/www.noticiasradioreflejos.com.ar\/2021\/wp-json\/wp\/v2\/users\/3"}],"replies":[{"embeddable":true,"href":"https:\/\/www.noticiasradioreflejos.com.ar\/2021\/wp-json\/wp\/v2\/comments?post=82037"}],"version-history":[{"count":1,"href":"https:\/\/www.noticiasradioreflejos.com.ar\/2021\/wp-json\/wp\/v2\/posts\/82037\/revisions"}],"predecessor-version":[{"id":82038,"href":"https:\/\/www.noticiasradioreflejos.com.ar\/2021\/wp-json\/wp\/v2\/posts\/82037\/revisions\/82038"}],"wp:featuredmedia":[{"embeddable":true,"href":"https:\/\/www.noticiasradioreflejos.com.ar\/2021\/wp-json\/wp\/v2\/media\/80536"}],"wp:attachment":[{"href":"https:\/\/www.noticiasradioreflejos.com.ar\/2021\/wp-json\/wp\/v2\/media?parent=82037"}],"wp:term":[{"taxonomy":"category","embeddable":true,"href":"https:\/\/www.noticiasradioreflejos.com.ar\/2021\/wp-json\/wp\/v2\/categories?post=82037"},{"taxonomy":"post_tag","embeddable":true,"href":"https:\/\/www.noticiasradioreflejos.com.ar\/2021\/wp-json\/wp\/v2\/tags?post=82037"}],"curies":[{"name":"wp","href":"https:\/\/api.w.org\/{rel}","templated":true}]}}