{"id":81983,"date":"2022-12-29T15:17:54","date_gmt":"2022-12-29T15:17:54","guid":{"rendered":"https:\/\/www.noticiasradioreflejos.com.ar\/2021\/?p=81983"},"modified":"2022-12-29T15:17:54","modified_gmt":"2022-12-29T15:17:54","slug":"extienden-hasta-junio-de-2023-el-reintegro-a-sectores-vulnerables-por-compras-con-tarjeta-de-debito","status":"publish","type":"post","link":"https:\/\/www.noticiasradioreflejos.com.ar\/2021\/extienden-hasta-junio-de-2023-el-reintegro-a-sectores-vulnerables-por-compras-con-tarjeta-de-debito\/","title":{"rendered":"Extienden hasta junio de 2023 el reintegro a sectores vulnerables por compras con tarjeta de d\u00e9bito"},"content":{"rendered":"<p>El reintegro a sectores vulnerables por consumos realizados con tarjeta de d\u00e9bito se extendi\u00f3 por seis meses, a partir de su vencimiento a fin de este mes, y estar\u00e1 vigente hasta fines de junio del a\u00f1o pr\u00f3ximo.<!--more--><\/p>\n<p>As\u00ed lo defini\u00f3 la Administraci\u00f3n Federal de Ingresos P\u00fablicos (AFIP), a trav\u00e9s de la resoluci\u00f3n general 5309\/2022 publicada hoy en el Bolet\u00edn Oficial.<\/p>\n<p>La medida, implementada a trav\u00e9s de la Ley de Solidaridad Social y Reactivaci\u00f3n Productiva en diciembre de 2019 como una herramienta para apuntalar la demanda, beneficia a los jubilados que cobran el haber m\u00ednimo, qui\u00e9nes cobran el m\u00ednimo de pensi\u00f3n por fallecimiento o pensi\u00f3n no contributiva nacional (invalidez, vejez, madre de siete o m\u00e1s hijos, entre otras); como tambi\u00e9n a los titulares de asignaciones universales por hijo (AUH), por hijo con discapacidad o embarazo (AUE).<\/p>\n<p>El reintegro comprende a un 15% del valor de compra, y es v\u00e1lido para los consumos en farmacias, comercios (incluyendo supermercados, minimercados, hipermercados almacenes y kioscos) y mayoristas.<\/p>\n<p>Para acceder al mismo, los consumos deben ser realizados con la tarjeta de d\u00e9bito asociada donde se cobra la prestaci\u00f3n.<\/p>\n<p>Los productos alcanzados son los alimenticios, en el caso de los supermercados y kioscos; y en farmacias, productos farmac\u00e9uticos y de herborister\u00eda, cosm\u00e9ticos, de tocador y perfumer\u00eda.<\/p>\n<p>El monto m\u00e1ximo del reintegro es de $ 2.028 por mes por titular, l\u00edmite que asciende a $ 4.057 en el caso de percibir dos o m\u00e1s asignaciones, como es el caso, por ejemplo, de los beneficiarios de AUH de m\u00e1s de un hijo.<\/p>\n<p>Los fondos reintegrados se acreditan en forma autom\u00e1tica dentro de las 24 a 48 horas de realizada la compra, dependiendo si se realiza antes o despu\u00e9s de las 17 horas de cada jornada en la cuenta bancaria de donde se cobra la prestaci\u00f3n o asignaci\u00f3n.<\/p>\n<p>Tambi\u00e9n est\u00e1n alcanzadas las operaciones abonadas con esas tarjetas bajo la modalidad de Pago Electr\u00f3nico Inmediato (PEI) o c\u00f3digos de respuesta r\u00e1pida (QR).<\/p>\n<p>La AFIP fundament\u00f3 la extensi\u00f3n del beneficio en los considerandos de la Resoluci\u00f3n en que el r\u00e9gimen \u201cha demostrado ser una herramienta eficaz para brindar ayuda a los sectores aludidos y fomentar el uso de medios electr\u00f3nicos de pago\u201d.<\/p>\n<p>El beneficio no es v\u00e1lido para los jubilados que cobran por encima del haber m\u00ednimo, as\u00ed como a los trabajadores aut\u00f3nomos o en relaci\u00f3n de dependencia, monotributistas (excepto adheridos a R\u00e9gimen de Trabajador Promovido, monotributo social o especial para peque\u00f1os productores agrarios) y para quienes tributen Ganancias o Bienes Personales.<\/p>\n","protected":false},"excerpt":{"rendered":"<p>El reintegro a sectores vulnerables por consumos realizados con tarjeta de d\u00e9bito se extendi\u00f3 por seis meses, a partir de su vencimiento a fin de este mes, y estar\u00e1 vigente hasta fines de junio del a\u00f1o pr\u00f3ximo.<\/p>\n","protected":false},"author":3,"featured_media":0,"comment_status":"closed","ping_status":"closed","sticky":false,"template":"","format":"standard","meta":{"footnotes":""},"categories":[36,58,24],"tags":[],"class_list":["post-81983","post","type-post","status-publish","format-standard","hentry","category-economia","category-gobierno","category-politica"],"yoast_head":"<!-- This site is optimized with the Yoast SEO plugin v25.9 - https:\/\/yoast.com\/wordpress\/plugins\/seo\/ -->\n<title>Extienden hasta junio de 2023 el reintegro a sectores vulnerables por compras con tarjeta de d\u00e9bito - Noticias Radio Reflejos<\/title>\n<meta name=\"robots\" content=\"index, follow, max-snippet:-1, max-image-preview:large, max-video-preview:-1\" \/>\n<link rel=\"canonical\" href=\"https:\/\/www.noticiasradioreflejos.com.ar\/2021\/extienden-hasta-junio-de-2023-el-reintegro-a-sectores-vulnerables-por-compras-con-tarjeta-de-debito\/\" \/>\n<meta property=\"og:locale\" content=\"es_ES\" \/>\n<meta property=\"og:type\" content=\"article\" \/>\n<meta property=\"og:title\" content=\"Extienden hasta junio de 2023 el reintegro a sectores vulnerables por compras con tarjeta de d\u00e9bito - Noticias Radio Reflejos\" \/>\n<meta property=\"og:description\" content=\"El reintegro a sectores vulnerables por consumos realizados con tarjeta de d\u00e9bito se extendi\u00f3 por seis meses, a partir de su vencimiento a fin de este mes, y estar\u00e1 vigente hasta fines de junio del a\u00f1o pr\u00f3ximo.\" \/>\n<meta property=\"og:url\" content=\"https:\/\/www.noticiasradioreflejos.com.ar\/2021\/extienden-hasta-junio-de-2023-el-reintegro-a-sectores-vulnerables-por-compras-con-tarjeta-de-debito\/\" \/>\n<meta property=\"og:site_name\" content=\"Noticias Radio Reflejos\" \/>\n<meta property=\"article:published_time\" content=\"2022-12-29T15:17:54+00:00\" \/>\n<meta property=\"og:image\" content=\"https:\/\/www.noticiasradioreflejos.com.ar\/2021\/wp-content\/uploads\/2021\/07\/logosol300x200.png\" \/>\n\t<meta property=\"og:image:width\" content=\"300\" \/>\n\t<meta property=\"og:image:height\" content=\"200\" \/>\n\t<meta property=\"og:image:type\" content=\"image\/png\" \/>\n<meta name=\"author\" content=\"Arnaldo Botto\" \/>\n<meta name=\"twitter:card\" content=\"summary_large_image\" \/>\n<script type=\"application\/ld+json\" class=\"yoast-schema-graph\">{\"@context\":\"https:\/\/schema.org\",\"@graph\":[{\"@type\":\"WebPage\",\"@id\":\"https:\/\/www.noticiasradioreflejos.com.ar\/2021\/extienden-hasta-junio-de-2023-el-reintegro-a-sectores-vulnerables-por-compras-con-tarjeta-de-debito\/\",\"url\":\"https:\/\/www.noticiasradioreflejos.com.ar\/2021\/extienden-hasta-junio-de-2023-el-reintegro-a-sectores-vulnerables-por-compras-con-tarjeta-de-debito\/\",\"name\":\"Extienden hasta junio de 2023 el reintegro a sectores vulnerables por compras con tarjeta de d\u00e9bito - Noticias Radio Reflejos\",\"isPartOf\":{\"@id\":\"https:\/\/www.noticiasradioreflejos.com.ar\/2021\/#website\"},\"datePublished\":\"2022-12-29T15:17:54+00:00\",\"author\":{\"@id\":\"https:\/\/www.noticiasradioreflejos.com.ar\/2021\/#\/schema\/person\/ad82545263dcc5ec0996818884fd5fb1\"},\"breadcrumb\":{\"@id\":\"https:\/\/www.noticiasradioreflejos.com.ar\/2021\/extienden-hasta-junio-de-2023-el-reintegro-a-sectores-vulnerables-por-compras-con-tarjeta-de-debito\/#breadcrumb\"},\"inLanguage\":\"es\",\"potentialAction\":[{\"@type\":\"ReadAction\",\"target\":[\"https:\/\/www.noticiasradioreflejos.com.ar\/2021\/extienden-hasta-junio-de-2023-el-reintegro-a-sectores-vulnerables-por-compras-con-tarjeta-de-debito\/\"]}]},{\"@type\":\"BreadcrumbList\",\"@id\":\"https:\/\/www.noticiasradioreflejos.com.ar\/2021\/extienden-hasta-junio-de-2023-el-reintegro-a-sectores-vulnerables-por-compras-con-tarjeta-de-debito\/#breadcrumb\",\"itemListElement\":[{\"@type\":\"ListItem\",\"position\":1,\"name\":\"Portada\",\"item\":\"https:\/\/www.noticiasradioreflejos.com.ar\/2021\/\"},{\"@type\":\"ListItem\",\"position\":2,\"name\":\"Extienden hasta junio de 2023 el reintegro a sectores vulnerables por compras con tarjeta de d\u00e9bito\"}]},{\"@type\":\"WebSite\",\"@id\":\"https:\/\/www.noticiasradioreflejos.com.ar\/2021\/#website\",\"url\":\"https:\/\/www.noticiasradioreflejos.com.ar\/2021\/\",\"name\":\"Noticias Radio Reflejos\",\"description\":\"Las noticias de mi comarca\",\"potentialAction\":[{\"@type\":\"SearchAction\",\"target\":{\"@type\":\"EntryPoint\",\"urlTemplate\":\"https:\/\/www.noticiasradioreflejos.com.ar\/2021\/?s={search_term_string}\"},\"query-input\":{\"@type\":\"PropertyValueSpecification\",\"valueRequired\":true,\"valueName\":\"search_term_string\"}}],\"inLanguage\":\"es\"},{\"@type\":\"Person\",\"@id\":\"https:\/\/www.noticiasradioreflejos.com.ar\/2021\/#\/schema\/person\/ad82545263dcc5ec0996818884fd5fb1\",\"name\":\"Arnaldo Botto\",\"image\":{\"@type\":\"ImageObject\",\"inLanguage\":\"es\",\"@id\":\"https:\/\/www.noticiasradioreflejos.com.ar\/2021\/#\/schema\/person\/image\/\",\"url\":\"https:\/\/secure.gravatar.com\/avatar\/55cb5e37c1efa326397366e6974cb338056df65cb50e7d64d1cf314e87504837?s=96&d=mm&r=g\",\"contentUrl\":\"https:\/\/secure.gravatar.com\/avatar\/55cb5e37c1efa326397366e6974cb338056df65cb50e7d64d1cf314e87504837?s=96&d=mm&r=g\",\"caption\":\"Arnaldo Botto\"},\"url\":\"https:\/\/www.noticiasradioreflejos.com.ar\/2021\/author\/arnaldo\/\"}]}<\/script>\n<!-- \/ Yoast SEO plugin. -->","yoast_head_json":{"title":"Extienden hasta junio de 2023 el reintegro a sectores vulnerables por compras con tarjeta de d\u00e9bito - Noticias Radio Reflejos","robots":{"index":"index","follow":"follow","max-snippet":"max-snippet:-1","max-image-preview":"max-image-preview:large","max-video-preview":"max-video-preview:-1"},"canonical":"https:\/\/www.noticiasradioreflejos.com.ar\/2021\/extienden-hasta-junio-de-2023-el-reintegro-a-sectores-vulnerables-por-compras-con-tarjeta-de-debito\/","og_locale":"es_ES","og_type":"article","og_title":"Extienden hasta junio de 2023 el reintegro a sectores vulnerables por compras con tarjeta de d\u00e9bito - Noticias Radio Reflejos","og_description":"El reintegro a sectores vulnerables por consumos realizados con tarjeta de d\u00e9bito se extendi\u00f3 por seis meses, a partir de su vencimiento a fin de este mes, y estar\u00e1 vigente hasta fines de junio del a\u00f1o pr\u00f3ximo.","og_url":"https:\/\/www.noticiasradioreflejos.com.ar\/2021\/extienden-hasta-junio-de-2023-el-reintegro-a-sectores-vulnerables-por-compras-con-tarjeta-de-debito\/","og_site_name":"Noticias Radio Reflejos","article_published_time":"2022-12-29T15:17:54+00:00","og_image":[{"width":300,"height":200,"url":"https:\/\/www.noticiasradioreflejos.com.ar\/2021\/wp-content\/uploads\/2021\/07\/logosol300x200.png","type":"image\/png"}],"author":"Arnaldo Botto","twitter_card":"summary_large_image","schema":{"@context":"https:\/\/schema.org","@graph":[{"@type":"WebPage","@id":"https:\/\/www.noticiasradioreflejos.com.ar\/2021\/extienden-hasta-junio-de-2023-el-reintegro-a-sectores-vulnerables-por-compras-con-tarjeta-de-debito\/","url":"https:\/\/www.noticiasradioreflejos.com.ar\/2021\/extienden-hasta-junio-de-2023-el-reintegro-a-sectores-vulnerables-por-compras-con-tarjeta-de-debito\/","name":"Extienden hasta junio de 2023 el reintegro a sectores vulnerables por compras con tarjeta de d\u00e9bito - Noticias Radio Reflejos","isPartOf":{"@id":"https:\/\/www.noticiasradioreflejos.com.ar\/2021\/#website"},"datePublished":"2022-12-29T15:17:54+00:00","author":{"@id":"https:\/\/www.noticiasradioreflejos.com.ar\/2021\/#\/schema\/person\/ad82545263dcc5ec0996818884fd5fb1"},"breadcrumb":{"@id":"https:\/\/www.noticiasradioreflejos.com.ar\/2021\/extienden-hasta-junio-de-2023-el-reintegro-a-sectores-vulnerables-por-compras-con-tarjeta-de-debito\/#breadcrumb"},"inLanguage":"es","potentialAction":[{"@type":"ReadAction","target":["https:\/\/www.noticiasradioreflejos.com.ar\/2021\/extienden-hasta-junio-de-2023-el-reintegro-a-sectores-vulnerables-por-compras-con-tarjeta-de-debito\/"]}]},{"@type":"BreadcrumbList","@id":"https:\/\/www.noticiasradioreflejos.com.ar\/2021\/extienden-hasta-junio-de-2023-el-reintegro-a-sectores-vulnerables-por-compras-con-tarjeta-de-debito\/#breadcrumb","itemListElement":[{"@type":"ListItem","position":1,"name":"Portada","item":"https:\/\/www.noticiasradioreflejos.com.ar\/2021\/"},{"@type":"ListItem","position":2,"name":"Extienden hasta junio de 2023 el reintegro a sectores vulnerables por compras con tarjeta de d\u00e9bito"}]},{"@type":"WebSite","@id":"https:\/\/www.noticiasradioreflejos.com.ar\/2021\/#website","url":"https:\/\/www.noticiasradioreflejos.com.ar\/2021\/","name":"Noticias Radio Reflejos","description":"Las noticias de mi comarca","potentialAction":[{"@type":"SearchAction","target":{"@type":"EntryPoint","urlTemplate":"https:\/\/www.noticiasradioreflejos.com.ar\/2021\/?s={search_term_string}"},"query-input":{"@type":"PropertyValueSpecification","valueRequired":true,"valueName":"search_term_string"}}],"inLanguage":"es"},{"@type":"Person","@id":"https:\/\/www.noticiasradioreflejos.com.ar\/2021\/#\/schema\/person\/ad82545263dcc5ec0996818884fd5fb1","name":"Arnaldo Botto","image":{"@type":"ImageObject","inLanguage":"es","@id":"https:\/\/www.noticiasradioreflejos.com.ar\/2021\/#\/schema\/person\/image\/","url":"https:\/\/secure.gravatar.com\/avatar\/55cb5e37c1efa326397366e6974cb338056df65cb50e7d64d1cf314e87504837?s=96&d=mm&r=g","contentUrl":"https:\/\/secure.gravatar.com\/avatar\/55cb5e37c1efa326397366e6974cb338056df65cb50e7d64d1cf314e87504837?s=96&d=mm&r=g","caption":"Arnaldo Botto"},"url":"https:\/\/www.noticiasradioreflejos.com.ar\/2021\/author\/arnaldo\/"}]}},"_links":{"self":[{"href":"https:\/\/www.noticiasradioreflejos.com.ar\/2021\/wp-json\/wp\/v2\/posts\/81983","targetHints":{"allow":["GET"]}}],"collection":[{"href":"https:\/\/www.noticiasradioreflejos.com.ar\/2021\/wp-json\/wp\/v2\/posts"}],"about":[{"href":"https:\/\/www.noticiasradioreflejos.com.ar\/2021\/wp-json\/wp\/v2\/types\/post"}],"author":[{"embeddable":true,"href":"https:\/\/www.noticiasradioreflejos.com.ar\/2021\/wp-json\/wp\/v2\/users\/3"}],"replies":[{"embeddable":true,"href":"https:\/\/www.noticiasradioreflejos.com.ar\/2021\/wp-json\/wp\/v2\/comments?post=81983"}],"version-history":[{"count":1,"href":"https:\/\/www.noticiasradioreflejos.com.ar\/2021\/wp-json\/wp\/v2\/posts\/81983\/revisions"}],"predecessor-version":[{"id":81984,"href":"https:\/\/www.noticiasradioreflejos.com.ar\/2021\/wp-json\/wp\/v2\/posts\/81983\/revisions\/81984"}],"wp:attachment":[{"href":"https:\/\/www.noticiasradioreflejos.com.ar\/2021\/wp-json\/wp\/v2\/media?parent=81983"}],"wp:term":[{"taxonomy":"category","embeddable":true,"href":"https:\/\/www.noticiasradioreflejos.com.ar\/2021\/wp-json\/wp\/v2\/categories?post=81983"},{"taxonomy":"post_tag","embeddable":true,"href":"https:\/\/www.noticiasradioreflejos.com.ar\/2021\/wp-json\/wp\/v2\/tags?post=81983"}],"curies":[{"name":"wp","href":"https:\/\/api.w.org\/{rel}","templated":true}]}}