{"id":81981,"date":"2022-12-29T14:10:43","date_gmt":"2022-12-29T14:10:43","guid":{"rendered":"https:\/\/www.noticiasradioreflejos.com.ar\/2021\/?p=81981"},"modified":"2022-12-29T14:10:43","modified_gmt":"2022-12-29T14:10:43","slug":"enacom-autoriza-subas-de-980-en-febrero-y-de-780-en-abril-para-telefonia-internet-y-tv","status":"publish","type":"post","link":"https:\/\/www.noticiasradioreflejos.com.ar\/2021\/enacom-autoriza-subas-de-980-en-febrero-y-de-780-en-abril-para-telefonia-internet-y-tv\/","title":{"rendered":"Enacom autoriza subas de 9,80% en febrero y de 7,80% en abril para telefon\u00eda, internet y TV"},"content":{"rendered":"<p>El Ente Nacional de Comunicaciones (Enacom) autoriz\u00f3 a las empresas prestadoras de servicios a aplicar aumentos de hasta 9,80% en febrero y de hasta 7,80% para el mes de abril en los servicios de telefon\u00eda, internet y televisi\u00f3n.<!--more--><\/p>\n<p>Mediante la resoluci\u00f3n 2393\/2022 publicada hoy en el Bolet\u00edn Oficial, el Enacom estableci\u00f3 que las licenciatarias podr\u00e1n aplicar a partir del 1\u00b0 de febrero del a\u00f1o pr\u00f3ximo un incremento en el valor de los precios minoristas de cualquiera de sus planes en las modalidades pospagas y mixtas de hasta 9,80%, y una nueva suba a partir del 1\u00b0 de abril de hasta 7,80%.<\/p>\n<p>Para los aumentos se tuvieron en cuenta \u201cel contexto econ\u00f3mico\u201d y las \u201cdificultades que se atraviesan para todos los actores involucrados, prestadoras y p\u00fablico usuario\u201d, seg\u00fan se se\u00f1ala en los considerandos de la resoluci\u00f3n.<\/p>\n<p>La actualizaci\u00f3n se fundamenta en funci\u00f3n de \u201clos mayores costos y el impacto de las oscilaciones de las principales variables econ\u00f3micas en la operatoria de las licenciatarias\u201d, como, por ejemplo, los costos de personal, de conectividad y de programaci\u00f3n; y las inversiones de infraestructura en moneda extranjera.<\/p>\n<p>Del mismo modo, se tuvo en cuenta \u201cla evoluci\u00f3n de distintos \u00edndices que permiten demostrar la capacidad adquisitiva de un universo amplio de usuarios y usuarias que posee menores recursos con relaci\u00f3n a otros\u201d.<\/p>\n<p>Previamente para octubre pasado y para este mes de diciembre, el ente regulador autoriz\u00f3 aumentos de hasta 19,8% y de hasta 9,8%, respectivamente, que se sumaron a otros dos incrementos de 9,5% que fueron aplicados en las facturas desde el 1\u00b0 de mayo y el 1\u00b0 de julio, respectivamente.<\/p>\n<p>La normativa indic\u00f3 que cualquier incremento aplicado por las Licenciatarias de Servicios de TIC o DTH (TV Satelital) que supere dichos topes deber\u00e1 ser reintegrado a sus usuarios en la pr\u00f3xima factura a emitir, con actualizaci\u00f3n e intereses sujetos a la misma tasa de inter\u00e9s que aplican a sus clientes por mora en el pago.<\/p>\n<p>En el caso de que el usuario elija no abonar su factura con incrementos superiores a los autorizados, las prestadoras no podr\u00e1n suspender el servicio ni computar mora sobre esas facturas.<\/p>\n<p>Por otra parte, las modificaciones que las empresas realicen sobre sus planes, precios y condiciones comerciales a partir de esta autorizaci\u00f3n para incrementar los precios, deber\u00e1n ser comunicadas a Enacom al momento de su aplicaci\u00f3n.<\/p>\n<p>La aplicaci\u00f3n de aumentos s\u00f3lo se permitir\u00e1 a los prestadores que hayan cumplido, hasta el momento, con la reglamentaci\u00f3n sobre precios minoristas dispuesta anteriormente.<\/p>\n<p>Para la modalidad prepaga, se establecieron a partir del 1\u00b0 de febrero valores m\u00e1ximos para la recarga de 50 megabits (MB) de datos m\u00f3viles por d\u00eda de $ 43,40 (anteriormente $ 39,50); segundo de voz $ 0,66 ($ 0,60) y mensajes de texto (SMS) $ 8,70 ($ 7,90); en todos los casos con impuestos incluidos.<\/p>\n<p>A partir del 1\u00b0 de abril la recarga de 50 MB podr\u00e1 cobrarse $ 46,80; el segundo de voz $ 0,72 y SMS $ 9,40.<\/p>\n<p>Los topes de aumentos aplican mayormente para pymes, cooperativas y empresas menores, ya que algunas de las grandes firmas, como es el caso de Telecom, recurrieron a amparos y medidas cautelares para no cumplir con los mismos pudiendo as\u00ed incrementar sus facturas por encima de estos l\u00edmites.<\/p>\n","protected":false},"excerpt":{"rendered":"<p>El Ente Nacional de Comunicaciones (Enacom) autoriz\u00f3 a las empresas prestadoras de servicios a aplicar aumentos de hasta 9,80% en febrero y de hasta 7,80% para el mes de abril en los servicios de telefon\u00eda, internet y televisi\u00f3n.<\/p>\n","protected":false},"author":3,"featured_media":0,"comment_status":"closed","ping_status":"closed","sticky":false,"template":"","format":"standard","meta":{"footnotes":""},"categories":[36,58,26],"tags":[],"class_list":["post-81981","post","type-post","status-publish","format-standard","hentry","category-economia","category-gobierno","category-sociedad"],"yoast_head":"<!-- This site is optimized with the Yoast SEO plugin v25.9 - https:\/\/yoast.com\/wordpress\/plugins\/seo\/ -->\n<title>Enacom autoriza subas de 9,80% en febrero y de 7,80% en abril para telefon\u00eda, internet y TV - Noticias Radio Reflejos<\/title>\n<meta name=\"robots\" content=\"index, follow, max-snippet:-1, max-image-preview:large, max-video-preview:-1\" \/>\n<link rel=\"canonical\" href=\"https:\/\/www.noticiasradioreflejos.com.ar\/2021\/enacom-autoriza-subas-de-980-en-febrero-y-de-780-en-abril-para-telefonia-internet-y-tv\/\" \/>\n<meta property=\"og:locale\" content=\"es_ES\" \/>\n<meta property=\"og:type\" content=\"article\" \/>\n<meta property=\"og:title\" content=\"Enacom autoriza subas de 9,80% en febrero y de 7,80% en abril para telefon\u00eda, internet y TV - Noticias Radio Reflejos\" \/>\n<meta property=\"og:description\" content=\"El Ente Nacional de Comunicaciones (Enacom) autoriz\u00f3 a las empresas prestadoras de servicios a aplicar aumentos de hasta 9,80% en febrero y de hasta 7,80% para el mes de abril en los servicios de telefon\u00eda, internet y televisi\u00f3n.\" \/>\n<meta property=\"og:url\" content=\"https:\/\/www.noticiasradioreflejos.com.ar\/2021\/enacom-autoriza-subas-de-980-en-febrero-y-de-780-en-abril-para-telefonia-internet-y-tv\/\" \/>\n<meta property=\"og:site_name\" content=\"Noticias Radio Reflejos\" \/>\n<meta property=\"article:published_time\" content=\"2022-12-29T14:10:43+00:00\" \/>\n<meta property=\"og:image\" content=\"https:\/\/www.noticiasradioreflejos.com.ar\/2021\/wp-content\/uploads\/2021\/07\/logosol300x200.png\" \/>\n\t<meta property=\"og:image:width\" content=\"300\" \/>\n\t<meta property=\"og:image:height\" content=\"200\" \/>\n\t<meta property=\"og:image:type\" content=\"image\/png\" \/>\n<meta name=\"author\" content=\"Arnaldo Botto\" \/>\n<meta name=\"twitter:card\" content=\"summary_large_image\" \/>\n<script type=\"application\/ld+json\" class=\"yoast-schema-graph\">{\"@context\":\"https:\/\/schema.org\",\"@graph\":[{\"@type\":\"WebPage\",\"@id\":\"https:\/\/www.noticiasradioreflejos.com.ar\/2021\/enacom-autoriza-subas-de-980-en-febrero-y-de-780-en-abril-para-telefonia-internet-y-tv\/\",\"url\":\"https:\/\/www.noticiasradioreflejos.com.ar\/2021\/enacom-autoriza-subas-de-980-en-febrero-y-de-780-en-abril-para-telefonia-internet-y-tv\/\",\"name\":\"Enacom autoriza subas de 9,80% en febrero y de 7,80% en abril para telefon\u00eda, internet y TV - Noticias Radio Reflejos\",\"isPartOf\":{\"@id\":\"https:\/\/www.noticiasradioreflejos.com.ar\/2021\/#website\"},\"datePublished\":\"2022-12-29T14:10:43+00:00\",\"author\":{\"@id\":\"https:\/\/www.noticiasradioreflejos.com.ar\/2021\/#\/schema\/person\/ad82545263dcc5ec0996818884fd5fb1\"},\"breadcrumb\":{\"@id\":\"https:\/\/www.noticiasradioreflejos.com.ar\/2021\/enacom-autoriza-subas-de-980-en-febrero-y-de-780-en-abril-para-telefonia-internet-y-tv\/#breadcrumb\"},\"inLanguage\":\"es\",\"potentialAction\":[{\"@type\":\"ReadAction\",\"target\":[\"https:\/\/www.noticiasradioreflejos.com.ar\/2021\/enacom-autoriza-subas-de-980-en-febrero-y-de-780-en-abril-para-telefonia-internet-y-tv\/\"]}]},{\"@type\":\"BreadcrumbList\",\"@id\":\"https:\/\/www.noticiasradioreflejos.com.ar\/2021\/enacom-autoriza-subas-de-980-en-febrero-y-de-780-en-abril-para-telefonia-internet-y-tv\/#breadcrumb\",\"itemListElement\":[{\"@type\":\"ListItem\",\"position\":1,\"name\":\"Portada\",\"item\":\"https:\/\/www.noticiasradioreflejos.com.ar\/2021\/\"},{\"@type\":\"ListItem\",\"position\":2,\"name\":\"Enacom autoriza subas de 9,80% en febrero y de 7,80% en abril para telefon\u00eda, internet y TV\"}]},{\"@type\":\"WebSite\",\"@id\":\"https:\/\/www.noticiasradioreflejos.com.ar\/2021\/#website\",\"url\":\"https:\/\/www.noticiasradioreflejos.com.ar\/2021\/\",\"name\":\"Noticias Radio Reflejos\",\"description\":\"Las noticias de mi comarca\",\"potentialAction\":[{\"@type\":\"SearchAction\",\"target\":{\"@type\":\"EntryPoint\",\"urlTemplate\":\"https:\/\/www.noticiasradioreflejos.com.ar\/2021\/?s={search_term_string}\"},\"query-input\":{\"@type\":\"PropertyValueSpecification\",\"valueRequired\":true,\"valueName\":\"search_term_string\"}}],\"inLanguage\":\"es\"},{\"@type\":\"Person\",\"@id\":\"https:\/\/www.noticiasradioreflejos.com.ar\/2021\/#\/schema\/person\/ad82545263dcc5ec0996818884fd5fb1\",\"name\":\"Arnaldo Botto\",\"image\":{\"@type\":\"ImageObject\",\"inLanguage\":\"es\",\"@id\":\"https:\/\/www.noticiasradioreflejos.com.ar\/2021\/#\/schema\/person\/image\/\",\"url\":\"https:\/\/secure.gravatar.com\/avatar\/55cb5e37c1efa326397366e6974cb338056df65cb50e7d64d1cf314e87504837?s=96&d=mm&r=g\",\"contentUrl\":\"https:\/\/secure.gravatar.com\/avatar\/55cb5e37c1efa326397366e6974cb338056df65cb50e7d64d1cf314e87504837?s=96&d=mm&r=g\",\"caption\":\"Arnaldo Botto\"},\"url\":\"https:\/\/www.noticiasradioreflejos.com.ar\/2021\/author\/arnaldo\/\"}]}<\/script>\n<!-- \/ Yoast SEO plugin. -->","yoast_head_json":{"title":"Enacom autoriza subas de 9,80% en febrero y de 7,80% en abril para telefon\u00eda, internet y TV - Noticias Radio Reflejos","robots":{"index":"index","follow":"follow","max-snippet":"max-snippet:-1","max-image-preview":"max-image-preview:large","max-video-preview":"max-video-preview:-1"},"canonical":"https:\/\/www.noticiasradioreflejos.com.ar\/2021\/enacom-autoriza-subas-de-980-en-febrero-y-de-780-en-abril-para-telefonia-internet-y-tv\/","og_locale":"es_ES","og_type":"article","og_title":"Enacom autoriza subas de 9,80% en febrero y de 7,80% en abril para telefon\u00eda, internet y TV - Noticias Radio Reflejos","og_description":"El Ente Nacional de Comunicaciones (Enacom) autoriz\u00f3 a las empresas prestadoras de servicios a aplicar aumentos de hasta 9,80% en febrero y de hasta 7,80% para el mes de abril en los servicios de telefon\u00eda, internet y televisi\u00f3n.","og_url":"https:\/\/www.noticiasradioreflejos.com.ar\/2021\/enacom-autoriza-subas-de-980-en-febrero-y-de-780-en-abril-para-telefonia-internet-y-tv\/","og_site_name":"Noticias Radio Reflejos","article_published_time":"2022-12-29T14:10:43+00:00","og_image":[{"width":300,"height":200,"url":"https:\/\/www.noticiasradioreflejos.com.ar\/2021\/wp-content\/uploads\/2021\/07\/logosol300x200.png","type":"image\/png"}],"author":"Arnaldo Botto","twitter_card":"summary_large_image","schema":{"@context":"https:\/\/schema.org","@graph":[{"@type":"WebPage","@id":"https:\/\/www.noticiasradioreflejos.com.ar\/2021\/enacom-autoriza-subas-de-980-en-febrero-y-de-780-en-abril-para-telefonia-internet-y-tv\/","url":"https:\/\/www.noticiasradioreflejos.com.ar\/2021\/enacom-autoriza-subas-de-980-en-febrero-y-de-780-en-abril-para-telefonia-internet-y-tv\/","name":"Enacom autoriza subas de 9,80% en febrero y de 7,80% en abril para telefon\u00eda, internet y TV - Noticias Radio Reflejos","isPartOf":{"@id":"https:\/\/www.noticiasradioreflejos.com.ar\/2021\/#website"},"datePublished":"2022-12-29T14:10:43+00:00","author":{"@id":"https:\/\/www.noticiasradioreflejos.com.ar\/2021\/#\/schema\/person\/ad82545263dcc5ec0996818884fd5fb1"},"breadcrumb":{"@id":"https:\/\/www.noticiasradioreflejos.com.ar\/2021\/enacom-autoriza-subas-de-980-en-febrero-y-de-780-en-abril-para-telefonia-internet-y-tv\/#breadcrumb"},"inLanguage":"es","potentialAction":[{"@type":"ReadAction","target":["https:\/\/www.noticiasradioreflejos.com.ar\/2021\/enacom-autoriza-subas-de-980-en-febrero-y-de-780-en-abril-para-telefonia-internet-y-tv\/"]}]},{"@type":"BreadcrumbList","@id":"https:\/\/www.noticiasradioreflejos.com.ar\/2021\/enacom-autoriza-subas-de-980-en-febrero-y-de-780-en-abril-para-telefonia-internet-y-tv\/#breadcrumb","itemListElement":[{"@type":"ListItem","position":1,"name":"Portada","item":"https:\/\/www.noticiasradioreflejos.com.ar\/2021\/"},{"@type":"ListItem","position":2,"name":"Enacom autoriza subas de 9,80% en febrero y de 7,80% en abril para telefon\u00eda, internet y TV"}]},{"@type":"WebSite","@id":"https:\/\/www.noticiasradioreflejos.com.ar\/2021\/#website","url":"https:\/\/www.noticiasradioreflejos.com.ar\/2021\/","name":"Noticias Radio Reflejos","description":"Las noticias de mi comarca","potentialAction":[{"@type":"SearchAction","target":{"@type":"EntryPoint","urlTemplate":"https:\/\/www.noticiasradioreflejos.com.ar\/2021\/?s={search_term_string}"},"query-input":{"@type":"PropertyValueSpecification","valueRequired":true,"valueName":"search_term_string"}}],"inLanguage":"es"},{"@type":"Person","@id":"https:\/\/www.noticiasradioreflejos.com.ar\/2021\/#\/schema\/person\/ad82545263dcc5ec0996818884fd5fb1","name":"Arnaldo Botto","image":{"@type":"ImageObject","inLanguage":"es","@id":"https:\/\/www.noticiasradioreflejos.com.ar\/2021\/#\/schema\/person\/image\/","url":"https:\/\/secure.gravatar.com\/avatar\/55cb5e37c1efa326397366e6974cb338056df65cb50e7d64d1cf314e87504837?s=96&d=mm&r=g","contentUrl":"https:\/\/secure.gravatar.com\/avatar\/55cb5e37c1efa326397366e6974cb338056df65cb50e7d64d1cf314e87504837?s=96&d=mm&r=g","caption":"Arnaldo Botto"},"url":"https:\/\/www.noticiasradioreflejos.com.ar\/2021\/author\/arnaldo\/"}]}},"_links":{"self":[{"href":"https:\/\/www.noticiasradioreflejos.com.ar\/2021\/wp-json\/wp\/v2\/posts\/81981","targetHints":{"allow":["GET"]}}],"collection":[{"href":"https:\/\/www.noticiasradioreflejos.com.ar\/2021\/wp-json\/wp\/v2\/posts"}],"about":[{"href":"https:\/\/www.noticiasradioreflejos.com.ar\/2021\/wp-json\/wp\/v2\/types\/post"}],"author":[{"embeddable":true,"href":"https:\/\/www.noticiasradioreflejos.com.ar\/2021\/wp-json\/wp\/v2\/users\/3"}],"replies":[{"embeddable":true,"href":"https:\/\/www.noticiasradioreflejos.com.ar\/2021\/wp-json\/wp\/v2\/comments?post=81981"}],"version-history":[{"count":1,"href":"https:\/\/www.noticiasradioreflejos.com.ar\/2021\/wp-json\/wp\/v2\/posts\/81981\/revisions"}],"predecessor-version":[{"id":81982,"href":"https:\/\/www.noticiasradioreflejos.com.ar\/2021\/wp-json\/wp\/v2\/posts\/81981\/revisions\/81982"}],"wp:attachment":[{"href":"https:\/\/www.noticiasradioreflejos.com.ar\/2021\/wp-json\/wp\/v2\/media?parent=81981"}],"wp:term":[{"taxonomy":"category","embeddable":true,"href":"https:\/\/www.noticiasradioreflejos.com.ar\/2021\/wp-json\/wp\/v2\/categories?post=81981"},{"taxonomy":"post_tag","embeddable":true,"href":"https:\/\/www.noticiasradioreflejos.com.ar\/2021\/wp-json\/wp\/v2\/tags?post=81981"}],"curies":[{"name":"wp","href":"https:\/\/api.w.org\/{rel}","templated":true}]}}