{"id":81976,"date":"2022-12-28T21:24:31","date_gmt":"2022-12-28T21:24:31","guid":{"rendered":"https:\/\/www.noticiasradioreflejos.com.ar\/2021\/?p=81976"},"modified":"2022-12-28T21:24:31","modified_gmt":"2022-12-28T21:24:31","slug":"este-jueves-sera-restringida-la-atencion-en-el-municipio-y-no-habra-cobros-en-las-delegaciones","status":"publish","type":"post","link":"https:\/\/www.noticiasradioreflejos.com.ar\/2021\/este-jueves-sera-restringida-la-atencion-en-el-municipio-y-no-habra-cobros-en-las-delegaciones\/","title":{"rendered":"Este jueves ser\u00e1 restringida la atenci\u00f3n en el municipio y no habr\u00e1 cobros en las delegaciones"},"content":{"rendered":"<p>Tornquist Municipio informa que este jueves 29, por tareas contables de cierre del Ejercicio 2022, la atenci\u00f3n en el palacio municipal y en las delegaciones comunales ser\u00e1 restringida.<!--more--><\/p>\n<p>-En la localidad cabecera, la caja de Tesorer\u00eda funcionar\u00e1 hasta las 10 hs y s\u00f3lo se recibir\u00e1n pagos en efectivo; en tanto que Recaudaci\u00f3n atender\u00e1 hasta las 11;<\/p>\n<p>-En Villa Ventana, Sierra de la Ventana y Saldungaray, no habr\u00e1 cobros de ning\u00fan tipo.<\/p>\n","protected":false},"excerpt":{"rendered":"<p>Tornquist Municipio informa que este jueves 29, por tareas contables de cierre del Ejercicio 2022, la atenci\u00f3n en el palacio municipal y en las delegaciones comunales ser\u00e1 restringida.<\/p>\n","protected":false},"author":3,"featured_media":60066,"comment_status":"closed","ping_status":"closed","sticky":false,"template":"","format":"standard","meta":{"footnotes":""},"categories":[28],"tags":[],"class_list":["post-81976","post","type-post","status-publish","format-standard","has-post-thumbnail","hentry","category-municipales"],"yoast_head":"<!-- This site is optimized with the Yoast SEO plugin v25.9 - https:\/\/yoast.com\/wordpress\/plugins\/seo\/ -->\n<title>Este jueves ser\u00e1 restringida la atenci\u00f3n en el municipio y no habr\u00e1 cobros en las delegaciones - Noticias Radio Reflejos<\/title>\n<meta name=\"robots\" content=\"index, follow, max-snippet:-1, max-image-preview:large, max-video-preview:-1\" \/>\n<link rel=\"canonical\" href=\"https:\/\/www.noticiasradioreflejos.com.ar\/2021\/este-jueves-sera-restringida-la-atencion-en-el-municipio-y-no-habra-cobros-en-las-delegaciones\/\" \/>\n<meta property=\"og:locale\" content=\"es_ES\" \/>\n<meta property=\"og:type\" content=\"article\" \/>\n<meta property=\"og:title\" content=\"Este jueves ser\u00e1 restringida la atenci\u00f3n en el municipio y no habr\u00e1 cobros en las delegaciones - Noticias Radio Reflejos\" \/>\n<meta property=\"og:description\" content=\"Tornquist Municipio informa que este jueves 29, por tareas contables de cierre del Ejercicio 2022, la atenci\u00f3n en el palacio municipal y en las delegaciones comunales ser\u00e1 restringida.\" \/>\n<meta property=\"og:url\" content=\"https:\/\/www.noticiasradioreflejos.com.ar\/2021\/este-jueves-sera-restringida-la-atencion-en-el-municipio-y-no-habra-cobros-en-las-delegaciones\/\" \/>\n<meta property=\"og:site_name\" content=\"Noticias Radio Reflejos\" \/>\n<meta property=\"article:published_time\" content=\"2022-12-28T21:24:31+00:00\" \/>\n<meta property=\"og:image\" content=\"https:\/\/www.noticiasradioreflejos.com.ar\/2021\/wp-content\/uploads\/2021\/07\/Delegacion-Sierra-de-la-Ventana.jpeg\" \/>\n\t<meta property=\"og:image:width\" content=\"1160\" \/>\n\t<meta property=\"og:image:height\" content=\"653\" \/>\n\t<meta property=\"og:image:type\" content=\"image\/jpeg\" \/>\n<meta name=\"author\" content=\"Arnaldo Botto\" \/>\n<meta name=\"twitter:card\" content=\"summary_large_image\" \/>\n<script type=\"application\/ld+json\" class=\"yoast-schema-graph\">{\"@context\":\"https:\/\/schema.org\",\"@graph\":[{\"@type\":\"WebPage\",\"@id\":\"https:\/\/www.noticiasradioreflejos.com.ar\/2021\/este-jueves-sera-restringida-la-atencion-en-el-municipio-y-no-habra-cobros-en-las-delegaciones\/\",\"url\":\"https:\/\/www.noticiasradioreflejos.com.ar\/2021\/este-jueves-sera-restringida-la-atencion-en-el-municipio-y-no-habra-cobros-en-las-delegaciones\/\",\"name\":\"Este jueves ser\u00e1 restringida la atenci\u00f3n en el municipio y no habr\u00e1 cobros en las delegaciones - Noticias Radio Reflejos\",\"isPartOf\":{\"@id\":\"https:\/\/www.noticiasradioreflejos.com.ar\/2021\/#website\"},\"primaryImageOfPage\":{\"@id\":\"https:\/\/www.noticiasradioreflejos.com.ar\/2021\/este-jueves-sera-restringida-la-atencion-en-el-municipio-y-no-habra-cobros-en-las-delegaciones\/#primaryimage\"},\"image\":{\"@id\":\"https:\/\/www.noticiasradioreflejos.com.ar\/2021\/este-jueves-sera-restringida-la-atencion-en-el-municipio-y-no-habra-cobros-en-las-delegaciones\/#primaryimage\"},\"thumbnailUrl\":\"https:\/\/www.noticiasradioreflejos.com.ar\/2021\/wp-content\/uploads\/2021\/07\/Delegacion-Sierra-de-la-Ventana.jpeg\",\"datePublished\":\"2022-12-28T21:24:31+00:00\",\"author\":{\"@id\":\"https:\/\/www.noticiasradioreflejos.com.ar\/2021\/#\/schema\/person\/ad82545263dcc5ec0996818884fd5fb1\"},\"breadcrumb\":{\"@id\":\"https:\/\/www.noticiasradioreflejos.com.ar\/2021\/este-jueves-sera-restringida-la-atencion-en-el-municipio-y-no-habra-cobros-en-las-delegaciones\/#breadcrumb\"},\"inLanguage\":\"es\",\"potentialAction\":[{\"@type\":\"ReadAction\",\"target\":[\"https:\/\/www.noticiasradioreflejos.com.ar\/2021\/este-jueves-sera-restringida-la-atencion-en-el-municipio-y-no-habra-cobros-en-las-delegaciones\/\"]}]},{\"@type\":\"ImageObject\",\"inLanguage\":\"es\",\"@id\":\"https:\/\/www.noticiasradioreflejos.com.ar\/2021\/este-jueves-sera-restringida-la-atencion-en-el-municipio-y-no-habra-cobros-en-las-delegaciones\/#primaryimage\",\"url\":\"https:\/\/www.noticiasradioreflejos.com.ar\/2021\/wp-content\/uploads\/2021\/07\/Delegacion-Sierra-de-la-Ventana.jpeg\",\"contentUrl\":\"https:\/\/www.noticiasradioreflejos.com.ar\/2021\/wp-content\/uploads\/2021\/07\/Delegacion-Sierra-de-la-Ventana.jpeg\",\"width\":1160,\"height\":653},{\"@type\":\"BreadcrumbList\",\"@id\":\"https:\/\/www.noticiasradioreflejos.com.ar\/2021\/este-jueves-sera-restringida-la-atencion-en-el-municipio-y-no-habra-cobros-en-las-delegaciones\/#breadcrumb\",\"itemListElement\":[{\"@type\":\"ListItem\",\"position\":1,\"name\":\"Portada\",\"item\":\"https:\/\/www.noticiasradioreflejos.com.ar\/2021\/\"},{\"@type\":\"ListItem\",\"position\":2,\"name\":\"Este jueves ser\u00e1 restringida la atenci\u00f3n en el municipio y no habr\u00e1 cobros en las delegaciones\"}]},{\"@type\":\"WebSite\",\"@id\":\"https:\/\/www.noticiasradioreflejos.com.ar\/2021\/#website\",\"url\":\"https:\/\/www.noticiasradioreflejos.com.ar\/2021\/\",\"name\":\"Noticias Radio Reflejos\",\"description\":\"Las noticias de mi comarca\",\"potentialAction\":[{\"@type\":\"SearchAction\",\"target\":{\"@type\":\"EntryPoint\",\"urlTemplate\":\"https:\/\/www.noticiasradioreflejos.com.ar\/2021\/?s={search_term_string}\"},\"query-input\":{\"@type\":\"PropertyValueSpecification\",\"valueRequired\":true,\"valueName\":\"search_term_string\"}}],\"inLanguage\":\"es\"},{\"@type\":\"Person\",\"@id\":\"https:\/\/www.noticiasradioreflejos.com.ar\/2021\/#\/schema\/person\/ad82545263dcc5ec0996818884fd5fb1\",\"name\":\"Arnaldo Botto\",\"image\":{\"@type\":\"ImageObject\",\"inLanguage\":\"es\",\"@id\":\"https:\/\/www.noticiasradioreflejos.com.ar\/2021\/#\/schema\/person\/image\/\",\"url\":\"https:\/\/secure.gravatar.com\/avatar\/55cb5e37c1efa326397366e6974cb338056df65cb50e7d64d1cf314e87504837?s=96&d=mm&r=g\",\"contentUrl\":\"https:\/\/secure.gravatar.com\/avatar\/55cb5e37c1efa326397366e6974cb338056df65cb50e7d64d1cf314e87504837?s=96&d=mm&r=g\",\"caption\":\"Arnaldo Botto\"},\"url\":\"https:\/\/www.noticiasradioreflejos.com.ar\/2021\/author\/arnaldo\/\"}]}<\/script>\n<!-- \/ Yoast SEO plugin. -->","yoast_head_json":{"title":"Este jueves ser\u00e1 restringida la atenci\u00f3n en el municipio y no habr\u00e1 cobros en las delegaciones - Noticias Radio Reflejos","robots":{"index":"index","follow":"follow","max-snippet":"max-snippet:-1","max-image-preview":"max-image-preview:large","max-video-preview":"max-video-preview:-1"},"canonical":"https:\/\/www.noticiasradioreflejos.com.ar\/2021\/este-jueves-sera-restringida-la-atencion-en-el-municipio-y-no-habra-cobros-en-las-delegaciones\/","og_locale":"es_ES","og_type":"article","og_title":"Este jueves ser\u00e1 restringida la atenci\u00f3n en el municipio y no habr\u00e1 cobros en las delegaciones - Noticias Radio Reflejos","og_description":"Tornquist Municipio informa que este jueves 29, por tareas contables de cierre del Ejercicio 2022, la atenci\u00f3n en el palacio municipal y en las delegaciones comunales ser\u00e1 restringida.","og_url":"https:\/\/www.noticiasradioreflejos.com.ar\/2021\/este-jueves-sera-restringida-la-atencion-en-el-municipio-y-no-habra-cobros-en-las-delegaciones\/","og_site_name":"Noticias Radio Reflejos","article_published_time":"2022-12-28T21:24:31+00:00","og_image":[{"width":1160,"height":653,"url":"https:\/\/www.noticiasradioreflejos.com.ar\/2021\/wp-content\/uploads\/2021\/07\/Delegacion-Sierra-de-la-Ventana.jpeg","type":"image\/jpeg"}],"author":"Arnaldo Botto","twitter_card":"summary_large_image","schema":{"@context":"https:\/\/schema.org","@graph":[{"@type":"WebPage","@id":"https:\/\/www.noticiasradioreflejos.com.ar\/2021\/este-jueves-sera-restringida-la-atencion-en-el-municipio-y-no-habra-cobros-en-las-delegaciones\/","url":"https:\/\/www.noticiasradioreflejos.com.ar\/2021\/este-jueves-sera-restringida-la-atencion-en-el-municipio-y-no-habra-cobros-en-las-delegaciones\/","name":"Este jueves ser\u00e1 restringida la atenci\u00f3n en el municipio y no habr\u00e1 cobros en las delegaciones - Noticias Radio Reflejos","isPartOf":{"@id":"https:\/\/www.noticiasradioreflejos.com.ar\/2021\/#website"},"primaryImageOfPage":{"@id":"https:\/\/www.noticiasradioreflejos.com.ar\/2021\/este-jueves-sera-restringida-la-atencion-en-el-municipio-y-no-habra-cobros-en-las-delegaciones\/#primaryimage"},"image":{"@id":"https:\/\/www.noticiasradioreflejos.com.ar\/2021\/este-jueves-sera-restringida-la-atencion-en-el-municipio-y-no-habra-cobros-en-las-delegaciones\/#primaryimage"},"thumbnailUrl":"https:\/\/www.noticiasradioreflejos.com.ar\/2021\/wp-content\/uploads\/2021\/07\/Delegacion-Sierra-de-la-Ventana.jpeg","datePublished":"2022-12-28T21:24:31+00:00","author":{"@id":"https:\/\/www.noticiasradioreflejos.com.ar\/2021\/#\/schema\/person\/ad82545263dcc5ec0996818884fd5fb1"},"breadcrumb":{"@id":"https:\/\/www.noticiasradioreflejos.com.ar\/2021\/este-jueves-sera-restringida-la-atencion-en-el-municipio-y-no-habra-cobros-en-las-delegaciones\/#breadcrumb"},"inLanguage":"es","potentialAction":[{"@type":"ReadAction","target":["https:\/\/www.noticiasradioreflejos.com.ar\/2021\/este-jueves-sera-restringida-la-atencion-en-el-municipio-y-no-habra-cobros-en-las-delegaciones\/"]}]},{"@type":"ImageObject","inLanguage":"es","@id":"https:\/\/www.noticiasradioreflejos.com.ar\/2021\/este-jueves-sera-restringida-la-atencion-en-el-municipio-y-no-habra-cobros-en-las-delegaciones\/#primaryimage","url":"https:\/\/www.noticiasradioreflejos.com.ar\/2021\/wp-content\/uploads\/2021\/07\/Delegacion-Sierra-de-la-Ventana.jpeg","contentUrl":"https:\/\/www.noticiasradioreflejos.com.ar\/2021\/wp-content\/uploads\/2021\/07\/Delegacion-Sierra-de-la-Ventana.jpeg","width":1160,"height":653},{"@type":"BreadcrumbList","@id":"https:\/\/www.noticiasradioreflejos.com.ar\/2021\/este-jueves-sera-restringida-la-atencion-en-el-municipio-y-no-habra-cobros-en-las-delegaciones\/#breadcrumb","itemListElement":[{"@type":"ListItem","position":1,"name":"Portada","item":"https:\/\/www.noticiasradioreflejos.com.ar\/2021\/"},{"@type":"ListItem","position":2,"name":"Este jueves ser\u00e1 restringida la atenci\u00f3n en el municipio y no habr\u00e1 cobros en las delegaciones"}]},{"@type":"WebSite","@id":"https:\/\/www.noticiasradioreflejos.com.ar\/2021\/#website","url":"https:\/\/www.noticiasradioreflejos.com.ar\/2021\/","name":"Noticias Radio Reflejos","description":"Las noticias de mi comarca","potentialAction":[{"@type":"SearchAction","target":{"@type":"EntryPoint","urlTemplate":"https:\/\/www.noticiasradioreflejos.com.ar\/2021\/?s={search_term_string}"},"query-input":{"@type":"PropertyValueSpecification","valueRequired":true,"valueName":"search_term_string"}}],"inLanguage":"es"},{"@type":"Person","@id":"https:\/\/www.noticiasradioreflejos.com.ar\/2021\/#\/schema\/person\/ad82545263dcc5ec0996818884fd5fb1","name":"Arnaldo Botto","image":{"@type":"ImageObject","inLanguage":"es","@id":"https:\/\/www.noticiasradioreflejos.com.ar\/2021\/#\/schema\/person\/image\/","url":"https:\/\/secure.gravatar.com\/avatar\/55cb5e37c1efa326397366e6974cb338056df65cb50e7d64d1cf314e87504837?s=96&d=mm&r=g","contentUrl":"https:\/\/secure.gravatar.com\/avatar\/55cb5e37c1efa326397366e6974cb338056df65cb50e7d64d1cf314e87504837?s=96&d=mm&r=g","caption":"Arnaldo Botto"},"url":"https:\/\/www.noticiasradioreflejos.com.ar\/2021\/author\/arnaldo\/"}]}},"_links":{"self":[{"href":"https:\/\/www.noticiasradioreflejos.com.ar\/2021\/wp-json\/wp\/v2\/posts\/81976","targetHints":{"allow":["GET"]}}],"collection":[{"href":"https:\/\/www.noticiasradioreflejos.com.ar\/2021\/wp-json\/wp\/v2\/posts"}],"about":[{"href":"https:\/\/www.noticiasradioreflejos.com.ar\/2021\/wp-json\/wp\/v2\/types\/post"}],"author":[{"embeddable":true,"href":"https:\/\/www.noticiasradioreflejos.com.ar\/2021\/wp-json\/wp\/v2\/users\/3"}],"replies":[{"embeddable":true,"href":"https:\/\/www.noticiasradioreflejos.com.ar\/2021\/wp-json\/wp\/v2\/comments?post=81976"}],"version-history":[{"count":1,"href":"https:\/\/www.noticiasradioreflejos.com.ar\/2021\/wp-json\/wp\/v2\/posts\/81976\/revisions"}],"predecessor-version":[{"id":81977,"href":"https:\/\/www.noticiasradioreflejos.com.ar\/2021\/wp-json\/wp\/v2\/posts\/81976\/revisions\/81977"}],"wp:featuredmedia":[{"embeddable":true,"href":"https:\/\/www.noticiasradioreflejos.com.ar\/2021\/wp-json\/wp\/v2\/media\/60066"}],"wp:attachment":[{"href":"https:\/\/www.noticiasradioreflejos.com.ar\/2021\/wp-json\/wp\/v2\/media?parent=81976"}],"wp:term":[{"taxonomy":"category","embeddable":true,"href":"https:\/\/www.noticiasradioreflejos.com.ar\/2021\/wp-json\/wp\/v2\/categories?post=81976"},{"taxonomy":"post_tag","embeddable":true,"href":"https:\/\/www.noticiasradioreflejos.com.ar\/2021\/wp-json\/wp\/v2\/tags?post=81976"}],"curies":[{"name":"wp","href":"https:\/\/api.w.org\/{rel}","templated":true}]}}