{"id":81973,"date":"2022-12-28T21:20:31","date_gmt":"2022-12-28T21:20:31","guid":{"rendered":"https:\/\/www.noticiasradioreflejos.com.ar\/2021\/?p=81973"},"modified":"2022-12-28T21:21:38","modified_gmt":"2022-12-28T21:21:38","slug":"kicillof-la-temporada-es-imponente-y-esperamos-recibir-el-50-del-turismo-del-pais","status":"publish","type":"post","link":"https:\/\/www.noticiasradioreflejos.com.ar\/2021\/kicillof-la-temporada-es-imponente-y-esperamos-recibir-el-50-del-turismo-del-pais\/","title":{"rendered":"Kicillof: \u00abLa temporada es imponente y esperamos recibir el 50% del turismo del pa\u00eds\u00bb"},"content":{"rendered":"<p>El gobernador bonaerense, Axel Kicillof, asegur\u00f3 hoy que la temporada de verano \u00abes imponente\u00bb y afirm\u00f3 que la provincia de Buenos Aires \u00abespera recibir el 50% del turismo del pa\u00eds\u00bb.<!--more--><\/p>\n<p>\u00abAntes dije que tuvimos una temporada despampanante y hoy digo que la temporada es imponente, porque esperamos recibir el 50% del turismo de todo el pa\u00eds y tenemos el desaf\u00edo de extender su duraci\u00f3n\u00bb, escribi\u00f3 en su cuenta oficial de Twitter el mandatario bonaerense.<\/p>\n<p>Adem\u00e1s, dese\u00f3 que quienes visiten el territorio bonaerense \u00ablo disfruten\u00bb, en alusi\u00f3n a la temporada estival y remarc\u00f3: \u00ab\u00a1Sigamos creyendo e impulsando la Provincia!\u00bb<\/p>\n<p>Kicillof se expres\u00f3 as\u00ed tras participar de la asamblea del Consejo Provincial de Turismo (CoProTur) en la ciudad balnearia de Mar de Aj\u00f3.<\/p>\n<p>Por su parte, el ministro de Producci\u00f3n, Ciencia e Innovaci\u00f3n Tecnol\u00f3gica, Augusto Costa, asegur\u00f3 que \u00abla Provincia recibe la temporada con entusiasmo y mucho trabajo, miles de familias bonaerenses viven del turismo y estamos preparando otro verano espectacular, con atractivos tur\u00edsticos para todos los p\u00fablicos\u00bb.<\/p>\n<p>\u00abVenimos de un verano r\u00e9cord y en el Consejo Provincial de Turismo (CoProTur) trabajamos en conjunto para que el turismo bonaerense siga creciendo\u00bb, agreg\u00f3 el funcionario.<\/p>\n<p>Adem\u00e1s inst\u00f3 a bajar la app #ReCreo para conocer las fiestas populares y los atractivos tur\u00edsticos, naturales, productivos, deportivos y comerciales que tiene la provincia.<\/p>\n","protected":false},"excerpt":{"rendered":"<p>El gobernador bonaerense, Axel Kicillof, asegur\u00f3 hoy que la temporada de verano \u00abes imponente\u00bb y afirm\u00f3 que la provincia de Buenos Aires \u00abespera recibir el 50% del turismo del pa\u00eds\u00bb.<\/p>\n","protected":false},"author":3,"featured_media":0,"comment_status":"closed","ping_status":"closed","sticky":false,"template":"","format":"standard","meta":{"footnotes":""},"categories":[58,33],"tags":[],"class_list":["post-81973","post","type-post","status-publish","format-standard","hentry","category-gobierno","category-turismo"],"yoast_head":"<!-- This site is optimized with the Yoast SEO plugin v25.9 - https:\/\/yoast.com\/wordpress\/plugins\/seo\/ -->\n<title>Kicillof: &quot;La temporada es imponente y esperamos recibir el 50% del turismo del pa\u00eds&quot; - Noticias Radio Reflejos<\/title>\n<meta name=\"robots\" content=\"index, follow, max-snippet:-1, max-image-preview:large, max-video-preview:-1\" \/>\n<link rel=\"canonical\" href=\"https:\/\/www.noticiasradioreflejos.com.ar\/2021\/kicillof-la-temporada-es-imponente-y-esperamos-recibir-el-50-del-turismo-del-pais\/\" \/>\n<meta property=\"og:locale\" content=\"es_ES\" \/>\n<meta property=\"og:type\" content=\"article\" \/>\n<meta property=\"og:title\" content=\"Kicillof: &quot;La temporada es imponente y esperamos recibir el 50% del turismo del pa\u00eds&quot; - Noticias Radio Reflejos\" \/>\n<meta property=\"og:description\" content=\"El gobernador bonaerense, Axel Kicillof, asegur\u00f3 hoy que la temporada de verano \u00abes imponente\u00bb y afirm\u00f3 que la provincia de Buenos Aires \u00abespera recibir el 50% del turismo del pa\u00eds\u00bb.\" \/>\n<meta property=\"og:url\" content=\"https:\/\/www.noticiasradioreflejos.com.ar\/2021\/kicillof-la-temporada-es-imponente-y-esperamos-recibir-el-50-del-turismo-del-pais\/\" \/>\n<meta property=\"og:site_name\" content=\"Noticias Radio Reflejos\" \/>\n<meta property=\"article:published_time\" content=\"2022-12-28T21:20:31+00:00\" \/>\n<meta property=\"article:modified_time\" content=\"2022-12-28T21:21:38+00:00\" \/>\n<meta property=\"og:image\" content=\"https:\/\/www.noticiasradioreflejos.com.ar\/2021\/wp-content\/uploads\/2021\/07\/logosol300x200.png\" \/>\n\t<meta property=\"og:image:width\" content=\"300\" \/>\n\t<meta property=\"og:image:height\" content=\"200\" \/>\n\t<meta property=\"og:image:type\" content=\"image\/png\" \/>\n<meta name=\"author\" content=\"Arnaldo Botto\" \/>\n<meta name=\"twitter:card\" content=\"summary_large_image\" \/>\n<script type=\"application\/ld+json\" class=\"yoast-schema-graph\">{\"@context\":\"https:\/\/schema.org\",\"@graph\":[{\"@type\":\"WebPage\",\"@id\":\"https:\/\/www.noticiasradioreflejos.com.ar\/2021\/kicillof-la-temporada-es-imponente-y-esperamos-recibir-el-50-del-turismo-del-pais\/\",\"url\":\"https:\/\/www.noticiasradioreflejos.com.ar\/2021\/kicillof-la-temporada-es-imponente-y-esperamos-recibir-el-50-del-turismo-del-pais\/\",\"name\":\"Kicillof: \\\"La temporada es imponente y esperamos recibir el 50% del turismo del pa\u00eds\\\" - Noticias Radio Reflejos\",\"isPartOf\":{\"@id\":\"https:\/\/www.noticiasradioreflejos.com.ar\/2021\/#website\"},\"datePublished\":\"2022-12-28T21:20:31+00:00\",\"dateModified\":\"2022-12-28T21:21:38+00:00\",\"author\":{\"@id\":\"https:\/\/www.noticiasradioreflejos.com.ar\/2021\/#\/schema\/person\/ad82545263dcc5ec0996818884fd5fb1\"},\"breadcrumb\":{\"@id\":\"https:\/\/www.noticiasradioreflejos.com.ar\/2021\/kicillof-la-temporada-es-imponente-y-esperamos-recibir-el-50-del-turismo-del-pais\/#breadcrumb\"},\"inLanguage\":\"es\",\"potentialAction\":[{\"@type\":\"ReadAction\",\"target\":[\"https:\/\/www.noticiasradioreflejos.com.ar\/2021\/kicillof-la-temporada-es-imponente-y-esperamos-recibir-el-50-del-turismo-del-pais\/\"]}]},{\"@type\":\"BreadcrumbList\",\"@id\":\"https:\/\/www.noticiasradioreflejos.com.ar\/2021\/kicillof-la-temporada-es-imponente-y-esperamos-recibir-el-50-del-turismo-del-pais\/#breadcrumb\",\"itemListElement\":[{\"@type\":\"ListItem\",\"position\":1,\"name\":\"Portada\",\"item\":\"https:\/\/www.noticiasradioreflejos.com.ar\/2021\/\"},{\"@type\":\"ListItem\",\"position\":2,\"name\":\"Kicillof: \u00abLa temporada es imponente y esperamos recibir el 50% del turismo del pa\u00eds\u00bb\"}]},{\"@type\":\"WebSite\",\"@id\":\"https:\/\/www.noticiasradioreflejos.com.ar\/2021\/#website\",\"url\":\"https:\/\/www.noticiasradioreflejos.com.ar\/2021\/\",\"name\":\"Noticias Radio Reflejos\",\"description\":\"Las noticias de mi comarca\",\"potentialAction\":[{\"@type\":\"SearchAction\",\"target\":{\"@type\":\"EntryPoint\",\"urlTemplate\":\"https:\/\/www.noticiasradioreflejos.com.ar\/2021\/?s={search_term_string}\"},\"query-input\":{\"@type\":\"PropertyValueSpecification\",\"valueRequired\":true,\"valueName\":\"search_term_string\"}}],\"inLanguage\":\"es\"},{\"@type\":\"Person\",\"@id\":\"https:\/\/www.noticiasradioreflejos.com.ar\/2021\/#\/schema\/person\/ad82545263dcc5ec0996818884fd5fb1\",\"name\":\"Arnaldo Botto\",\"image\":{\"@type\":\"ImageObject\",\"inLanguage\":\"es\",\"@id\":\"https:\/\/www.noticiasradioreflejos.com.ar\/2021\/#\/schema\/person\/image\/\",\"url\":\"https:\/\/secure.gravatar.com\/avatar\/55cb5e37c1efa326397366e6974cb338056df65cb50e7d64d1cf314e87504837?s=96&d=mm&r=g\",\"contentUrl\":\"https:\/\/secure.gravatar.com\/avatar\/55cb5e37c1efa326397366e6974cb338056df65cb50e7d64d1cf314e87504837?s=96&d=mm&r=g\",\"caption\":\"Arnaldo Botto\"},\"url\":\"https:\/\/www.noticiasradioreflejos.com.ar\/2021\/author\/arnaldo\/\"}]}<\/script>\n<!-- \/ Yoast SEO plugin. -->","yoast_head_json":{"title":"Kicillof: \"La temporada es imponente y esperamos recibir el 50% del turismo del pa\u00eds\" - Noticias Radio Reflejos","robots":{"index":"index","follow":"follow","max-snippet":"max-snippet:-1","max-image-preview":"max-image-preview:large","max-video-preview":"max-video-preview:-1"},"canonical":"https:\/\/www.noticiasradioreflejos.com.ar\/2021\/kicillof-la-temporada-es-imponente-y-esperamos-recibir-el-50-del-turismo-del-pais\/","og_locale":"es_ES","og_type":"article","og_title":"Kicillof: \"La temporada es imponente y esperamos recibir el 50% del turismo del pa\u00eds\" - Noticias Radio Reflejos","og_description":"El gobernador bonaerense, Axel Kicillof, asegur\u00f3 hoy que la temporada de verano \u00abes imponente\u00bb y afirm\u00f3 que la provincia de Buenos Aires \u00abespera recibir el 50% del turismo del pa\u00eds\u00bb.","og_url":"https:\/\/www.noticiasradioreflejos.com.ar\/2021\/kicillof-la-temporada-es-imponente-y-esperamos-recibir-el-50-del-turismo-del-pais\/","og_site_name":"Noticias Radio Reflejos","article_published_time":"2022-12-28T21:20:31+00:00","article_modified_time":"2022-12-28T21:21:38+00:00","og_image":[{"width":300,"height":200,"url":"https:\/\/www.noticiasradioreflejos.com.ar\/2021\/wp-content\/uploads\/2021\/07\/logosol300x200.png","type":"image\/png"}],"author":"Arnaldo Botto","twitter_card":"summary_large_image","schema":{"@context":"https:\/\/schema.org","@graph":[{"@type":"WebPage","@id":"https:\/\/www.noticiasradioreflejos.com.ar\/2021\/kicillof-la-temporada-es-imponente-y-esperamos-recibir-el-50-del-turismo-del-pais\/","url":"https:\/\/www.noticiasradioreflejos.com.ar\/2021\/kicillof-la-temporada-es-imponente-y-esperamos-recibir-el-50-del-turismo-del-pais\/","name":"Kicillof: \"La temporada es imponente y esperamos recibir el 50% del turismo del pa\u00eds\" - Noticias Radio Reflejos","isPartOf":{"@id":"https:\/\/www.noticiasradioreflejos.com.ar\/2021\/#website"},"datePublished":"2022-12-28T21:20:31+00:00","dateModified":"2022-12-28T21:21:38+00:00","author":{"@id":"https:\/\/www.noticiasradioreflejos.com.ar\/2021\/#\/schema\/person\/ad82545263dcc5ec0996818884fd5fb1"},"breadcrumb":{"@id":"https:\/\/www.noticiasradioreflejos.com.ar\/2021\/kicillof-la-temporada-es-imponente-y-esperamos-recibir-el-50-del-turismo-del-pais\/#breadcrumb"},"inLanguage":"es","potentialAction":[{"@type":"ReadAction","target":["https:\/\/www.noticiasradioreflejos.com.ar\/2021\/kicillof-la-temporada-es-imponente-y-esperamos-recibir-el-50-del-turismo-del-pais\/"]}]},{"@type":"BreadcrumbList","@id":"https:\/\/www.noticiasradioreflejos.com.ar\/2021\/kicillof-la-temporada-es-imponente-y-esperamos-recibir-el-50-del-turismo-del-pais\/#breadcrumb","itemListElement":[{"@type":"ListItem","position":1,"name":"Portada","item":"https:\/\/www.noticiasradioreflejos.com.ar\/2021\/"},{"@type":"ListItem","position":2,"name":"Kicillof: \u00abLa temporada es imponente y esperamos recibir el 50% del turismo del pa\u00eds\u00bb"}]},{"@type":"WebSite","@id":"https:\/\/www.noticiasradioreflejos.com.ar\/2021\/#website","url":"https:\/\/www.noticiasradioreflejos.com.ar\/2021\/","name":"Noticias Radio Reflejos","description":"Las noticias de mi comarca","potentialAction":[{"@type":"SearchAction","target":{"@type":"EntryPoint","urlTemplate":"https:\/\/www.noticiasradioreflejos.com.ar\/2021\/?s={search_term_string}"},"query-input":{"@type":"PropertyValueSpecification","valueRequired":true,"valueName":"search_term_string"}}],"inLanguage":"es"},{"@type":"Person","@id":"https:\/\/www.noticiasradioreflejos.com.ar\/2021\/#\/schema\/person\/ad82545263dcc5ec0996818884fd5fb1","name":"Arnaldo Botto","image":{"@type":"ImageObject","inLanguage":"es","@id":"https:\/\/www.noticiasradioreflejos.com.ar\/2021\/#\/schema\/person\/image\/","url":"https:\/\/secure.gravatar.com\/avatar\/55cb5e37c1efa326397366e6974cb338056df65cb50e7d64d1cf314e87504837?s=96&d=mm&r=g","contentUrl":"https:\/\/secure.gravatar.com\/avatar\/55cb5e37c1efa326397366e6974cb338056df65cb50e7d64d1cf314e87504837?s=96&d=mm&r=g","caption":"Arnaldo Botto"},"url":"https:\/\/www.noticiasradioreflejos.com.ar\/2021\/author\/arnaldo\/"}]}},"_links":{"self":[{"href":"https:\/\/www.noticiasradioreflejos.com.ar\/2021\/wp-json\/wp\/v2\/posts\/81973","targetHints":{"allow":["GET"]}}],"collection":[{"href":"https:\/\/www.noticiasradioreflejos.com.ar\/2021\/wp-json\/wp\/v2\/posts"}],"about":[{"href":"https:\/\/www.noticiasradioreflejos.com.ar\/2021\/wp-json\/wp\/v2\/types\/post"}],"author":[{"embeddable":true,"href":"https:\/\/www.noticiasradioreflejos.com.ar\/2021\/wp-json\/wp\/v2\/users\/3"}],"replies":[{"embeddable":true,"href":"https:\/\/www.noticiasradioreflejos.com.ar\/2021\/wp-json\/wp\/v2\/comments?post=81973"}],"version-history":[{"count":1,"href":"https:\/\/www.noticiasradioreflejos.com.ar\/2021\/wp-json\/wp\/v2\/posts\/81973\/revisions"}],"predecessor-version":[{"id":81974,"href":"https:\/\/www.noticiasradioreflejos.com.ar\/2021\/wp-json\/wp\/v2\/posts\/81973\/revisions\/81974"}],"wp:attachment":[{"href":"https:\/\/www.noticiasradioreflejos.com.ar\/2021\/wp-json\/wp\/v2\/media?parent=81973"}],"wp:term":[{"taxonomy":"category","embeddable":true,"href":"https:\/\/www.noticiasradioreflejos.com.ar\/2021\/wp-json\/wp\/v2\/categories?post=81973"},{"taxonomy":"post_tag","embeddable":true,"href":"https:\/\/www.noticiasradioreflejos.com.ar\/2021\/wp-json\/wp\/v2\/tags?post=81973"}],"curies":[{"name":"wp","href":"https:\/\/api.w.org\/{rel}","templated":true}]}}