{"id":81938,"date":"2022-12-28T19:25:00","date_gmt":"2022-12-28T19:25:00","guid":{"rendered":"https:\/\/www.noticiasradioreflejos.com.ar\/2021\/?p=81938"},"modified":"2022-12-28T19:25:00","modified_gmt":"2022-12-28T19:25:00","slug":"parador-los-angelitos-los-procedimientos-administrativos-no-se-dieron-como-corresponde","status":"publish","type":"post","link":"https:\/\/www.noticiasradioreflejos.com.ar\/2021\/parador-los-angelitos-los-procedimientos-administrativos-no-se-dieron-como-corresponde\/","title":{"rendered":"Parador Los Angelitos: \u201cLos procedimientos administrativos no se dieron como corresponde\u201d"},"content":{"rendered":"<p>Sandra Kifer, presidenta del Honorable Concejo Deliberante, sali\u00f3 al cruce de la problem\u00e1tica que se viene dando en uno de los paradores de la comarca. \u201cEl Tribunal de Cuentas no nos define correctamente si esto es o no es un servicio p\u00fablico\u201d coment\u00f3.<!--more--><\/p>\n<p>La novela por la concesi\u00f3n del parador Los Angelitos sum\u00f3 un nuevo cap\u00edtulo, con la intervenci\u00f3n de la presidenta del Honorable Concejo Deliberante, Sandra Kifer.<\/p>\n<p>Al respecto la edil expres\u00f3 que \u201cen principio es la potestad del ejecutivo con la autorizaci\u00f3n de hidr\u00e1ulica, porque ellos siempre tienen un sector al costado de los r\u00edos. El municipio tiene la autorizaci\u00f3n de poder hacer uso, como parador, de esos espacios\u201d.<\/p>\n<p>Haciendo un repaso hist\u00f3rico, Kifer expres\u00f3 que \u201cel primer contrato de concesi\u00f3n del parador est\u00e1 a nombre de la ex esposa del actual concesionario. Todos esos a\u00f1os sigui\u00f3 a nombre de ella y el que hizo el uso comercial fue \u00e9l. Eso es verdad. Seg\u00fan el Secretario, ante esta cuesti\u00f3n, se le hizo un permiso de uso al actual ocupante. Yo no vi esa documentaci\u00f3n. Era hasta el 2019. A partir de ah\u00ed no se hizo ninguna pr\u00f3rroga\u201d.<\/p>\n<p>Siguiendo el hilo narrativo, mencion\u00f3 que \u201cpor la pandemia se tuvo alguna consideraci\u00f3n en 2020, en el 2021 se comenz\u00f3 a traccionar y en este 2022 se trabaj\u00f3 normalmente. En octubre llega al HCD el expediente para que avalemos la nueva concesi\u00f3n\u201d.<\/p>\n<p>De all\u00ed que \u201ccuando la empezamos a estudiar y ver bajo qu\u00e9 condiciones se vio favorecida la nueva persona, desde el Concejo, en mayor\u00eda, estuvimos de acuerdo en que el criterio usado no era el mismo que en Parque Norte. All\u00e1 se mir\u00f3 la inversi\u00f3n total mayor, y en Los Angelitos, la inversi\u00f3n total inicial. Consideramos que el actual concesionario ya ten\u00eda hecha la inversi\u00f3n inicial y que debido a esto se deber\u00eda haber tomado la inversi\u00f3n total\u201d.<\/p>\n<p>En otro pasaje de la charla, y tomando una postura clara, la presidenta asegur\u00f3 que \u201csi el HCD no ten\u00eda injerencia en esta decisi\u00f3n los procedimientos administrativos no se dieron como corresponde. El Tribunal de Cuentas nos respondi\u00f3 por escrito, es que el Concejo no tiene la potestad de intervenir en la adjudicaci\u00f3n del lugar, pero s\u00ed tiene que autorizar al ejecutivo a sacar el espacio a licitaci\u00f3n\u201d.<\/p>\n<p>De all\u00ed, y marcando el error, asegur\u00f3 que \u201cac\u00e1 primero se sac\u00f3 a licitaci\u00f3n, luego se nos mand\u00f3 a consultar, se nos informaron los oferentes y criterios\u2026 otra de las cuestiones que observamos es que se cre\u00f3 el Ente Mixto de Turismo y no se le dio intervenci\u00f3n. Era reforzar su funci\u00f3n. Todo esto se hizo antes de pedir la autorizaci\u00f3n al Concejo\u201d.<\/p>\n<p>&nbsp;<\/p>\n<p style=\"margin: 12px auto 6px auto; font-family: Helvetica,Arial,Sans-serif; font-style: normal; font-variant: normal; font-weight: normal; font-size: 14px; line-height: normal; font-size-adjust: none; font-stretch: normal; -x-system-font: none; display: block;\"><a style=\"text-decoration: underline;\" title=\"View 2022.11.29 TQT Concesi\u00f3n de Espacio P\u00fablico HCD_firmado on Scribd\" href=\"https:\/\/www.scribd.com\/document\/616804972\/2022-11-29-TQT-Concesion-de-Espacio-Publico-HCD-firmado#from_embed\">2022.11.29 TQT Concesi\u00f3n de Espacio P\u00fablico HCD_firmado<\/a> by <a style=\"text-decoration: underline;\" title=\"View FM Reflejos Sierra de la Ventana's profile on Scribd\" href=\"https:\/\/es.scribd.com\/user\/128459674\/FM-Reflejos-Sierra-de-la-Ventana#from_embed\">FM Reflejos Sierra de la Ventana<\/a> on Scribd<\/p>\n<p><iframe loading=\"lazy\" id=\"doc_79260\" class=\"scribd_iframe_embed\" title=\"2022.11.29 TQT Concesi\u00f3n de Espacio P\u00fablico HCD_firmado\" src=\"https:\/\/es.scribd.com\/embeds\/616804972\/content?start_page=1&amp;view_mode=scroll&amp;access_key=key-7MkEcDFeT2sGjqSvba48\" width=\"100%\" height=\"600\" frameborder=\"0\" scrolling=\"no\" data-auto-height=\"true\" data-aspect-ratio=\"0.7068965517241379\"><\/iframe><script type=\"text\/javascript\">(function() { var scribd = document.createElement(\"script\"); scribd.type = \"text\/javascript\"; scribd.async = true; scribd.src = \"https:\/\/es.scribd.com\/javascripts\/embed_code\/inject.js\"; var s = document.getElementsByTagName(\"script\")[0]; s.parentNode.insertBefore(scribd, s); })();<\/script><\/p>\n<p>Al mismo tiempo agreg\u00f3 que \u201ccuando nosotros dictaminamos que no est\u00e1bamos de acuerdo, el ejecutivo deroga el expediente, lo que nos lleva a que para volver a sacarlo a concesi\u00f3n, hay que armar otro expediente\u201d.<\/p>\n<p>Por \u00faltimo reconoci\u00f3 que \u201chay un art\u00edculo en la ley org\u00e1nica, donde dice que el Concejo debe autorizar el proceso de licitaci\u00f3n a trav\u00e9s de una ordenanza en lo que es servicios p\u00fablicos. El Tribunal de Cuentas no nos define correctamente si esto es o no es un servicio p\u00fablico. Seg\u00fan el ejecutivo no es un servicio p\u00fablico. El Tribunal no lo respondi\u00f3\u201d.<\/p>\n<p>\u201cEl ejecutivo tiene las herramientas legales para dar un permiso de uso, para mantener el espacio hasta marzo, y all\u00ed empezar con el proceso de licitaci\u00f3n de forma ordenada, y permitiendo que act\u00faen todos los organismos que tengan incumbencia con lo tur\u00edstico\u201d concluy\u00f3.<\/p>\n<p><iframe loading=\"lazy\" src=\"https:\/\/w.soundcloud.com\/player\/?url=https%3A\/\/api.soundcloud.com\/tracks\/1411867291&amp;color=%23ff5500&amp;auto_play=false&amp;hide_related=false&amp;show_comments=true&amp;show_user=true&amp;show_reposts=false&amp;show_teaser=true\" width=\"100%\" height=\"166\" frameborder=\"no\" scrolling=\"no\"><\/iframe><\/p>\n<div style=\"font-size: 10px; color: #cccccc; line-break: anywhere; word-break: normal; overflow: hidden; white-space: nowrap; text-overflow: ellipsis; font-family: Interstate,Lucida Grande,Lucida Sans Unicode,Lucida Sans,Garuda,Verdana,Tahoma,sans-serif; font-weight: 100;\"><a style=\"color: #cccccc; text-decoration: none;\" title=\"fmreflejos 103.7\" href=\"https:\/\/soundcloud.com\/fmreflejos-103-7\" target=\"_blank\" rel=\"noopener\">fmreflejos 103.7<\/a> \u00b7 <a style=\"color: #cccccc; text-decoration: none;\" title=\"Sandra Kifer Parador Los Angelitos\" href=\"https:\/\/soundcloud.com\/fmreflejos-103-7\/sandra-kifer-parador-los-angelitos\" target=\"_blank\" rel=\"noopener\">Sandra Kifer Parador Los Angelitos<\/a><\/div>\n<p style=\"margin: 12px auto 6px auto; font-family: Helvetica,Arial,Sans-serif; font-style: normal; font-variant: normal; font-weight: normal; font-size: 14px; line-height: normal; font-size-adjust: none; font-stretch: normal; -x-system-font: none; display: block;\"><a style=\"text-decoration: underline;\" title=\"View Sistema de Bolet\u00edn Oficial Municipal _ Buenos Aires Provincia (1) on Scribd\" href=\"https:\/\/www.scribd.com\/document\/616804976\/Sistema-de-Boletin-Oficial-Municipal-Buenos-Aires-Provincia-1#from_embed\">Sistema de Bolet\u00edn Oficial Municipal _ Buenos Aires Provincia (1)<\/a> by <a style=\"text-decoration: underline;\" title=\"View FM Reflejos Sierra de la Ventana's profile on Scribd\" href=\"https:\/\/es.scribd.com\/user\/128459674\/FM-Reflejos-Sierra-de-la-Ventana#from_embed\">FM Reflejos Sierra de la Ventana<\/a> on Scribd<\/p>\n<p><iframe loading=\"lazy\" id=\"doc_27249\" class=\"scribd_iframe_embed\" title=\"Sistema de Bolet\u00edn Oficial Municipal _ Buenos Aires Provincia (1)\" src=\"https:\/\/es.scribd.com\/embeds\/616804976\/content?start_page=1&amp;view_mode=scroll&amp;access_key=key-DnLAVo3oY1lt4DaejhK0\" width=\"100%\" height=\"600\" frameborder=\"0\" scrolling=\"no\" data-auto-height=\"false\" data-aspect-ratio=\"1.414442700156986\"><\/iframe><\/p>\n","protected":false},"excerpt":{"rendered":"<p>Sandra Kifer, presidenta del Honorable Concejo Deliberante, sali\u00f3 al cruce de la problem\u00e1tica que se viene dando en uno de los paradores de la comarca. \u201cEl Tribunal de Cuentas no nos define correctamente si esto es o no es un servicio p\u00fablico\u201d coment\u00f3.<\/p>\n","protected":false},"author":3,"featured_media":7098,"comment_status":"closed","ping_status":"closed","sticky":false,"template":"","format":"standard","meta":{"footnotes":""},"categories":[28,24,33],"tags":[48],"class_list":["post-81938","post","type-post","status-publish","format-standard","has-post-thumbnail","hentry","category-municipales","category-politica","category-turismo","tag-destacada"],"yoast_head":"<!-- This site is optimized with the Yoast SEO plugin v25.9 - https:\/\/yoast.com\/wordpress\/plugins\/seo\/ -->\n<title>Parador Los Angelitos: \u201cLos procedimientos administrativos no se dieron como corresponde\u201d - Noticias Radio Reflejos<\/title>\n<meta name=\"robots\" content=\"index, follow, max-snippet:-1, max-image-preview:large, max-video-preview:-1\" \/>\n<link rel=\"canonical\" href=\"https:\/\/www.noticiasradioreflejos.com.ar\/2021\/parador-los-angelitos-los-procedimientos-administrativos-no-se-dieron-como-corresponde\/\" \/>\n<meta property=\"og:locale\" content=\"es_ES\" \/>\n<meta property=\"og:type\" content=\"article\" \/>\n<meta property=\"og:title\" content=\"Parador Los Angelitos: \u201cLos procedimientos administrativos no se dieron como corresponde\u201d - Noticias Radio Reflejos\" \/>\n<meta property=\"og:description\" content=\"Sandra Kifer, presidenta del Honorable Concejo Deliberante, sali\u00f3 al cruce de la problem\u00e1tica que se viene dando en uno de los paradores de la comarca. \u201cEl Tribunal de Cuentas no nos define correctamente si esto es o no es un servicio p\u00fablico\u201d coment\u00f3.\" \/>\n<meta property=\"og:url\" content=\"https:\/\/www.noticiasradioreflejos.com.ar\/2021\/parador-los-angelitos-los-procedimientos-administrativos-no-se-dieron-como-corresponde\/\" \/>\n<meta property=\"og:site_name\" content=\"Noticias Radio Reflejos\" \/>\n<meta property=\"article:published_time\" content=\"2022-12-28T19:25:00+00:00\" \/>\n<meta property=\"og:image\" content=\"https:\/\/www.noticiasradioreflejos.com.ar\/2021\/wp-content\/uploads\/2017\/02\/Los-angelitos.jpg\" \/>\n\t<meta property=\"og:image:width\" content=\"1024\" \/>\n\t<meta property=\"og:image:height\" content=\"768\" \/>\n\t<meta property=\"og:image:type\" content=\"image\/jpeg\" \/>\n<meta name=\"author\" content=\"Arnaldo Botto\" \/>\n<meta name=\"twitter:card\" content=\"summary_large_image\" \/>\n<script type=\"application\/ld+json\" class=\"yoast-schema-graph\">{\"@context\":\"https:\/\/schema.org\",\"@graph\":[{\"@type\":\"WebPage\",\"@id\":\"https:\/\/www.noticiasradioreflejos.com.ar\/2021\/parador-los-angelitos-los-procedimientos-administrativos-no-se-dieron-como-corresponde\/\",\"url\":\"https:\/\/www.noticiasradioreflejos.com.ar\/2021\/parador-los-angelitos-los-procedimientos-administrativos-no-se-dieron-como-corresponde\/\",\"name\":\"Parador Los Angelitos: \u201cLos procedimientos administrativos no se dieron como corresponde\u201d - Noticias Radio Reflejos\",\"isPartOf\":{\"@id\":\"https:\/\/www.noticiasradioreflejos.com.ar\/2021\/#website\"},\"primaryImageOfPage\":{\"@id\":\"https:\/\/www.noticiasradioreflejos.com.ar\/2021\/parador-los-angelitos-los-procedimientos-administrativos-no-se-dieron-como-corresponde\/#primaryimage\"},\"image\":{\"@id\":\"https:\/\/www.noticiasradioreflejos.com.ar\/2021\/parador-los-angelitos-los-procedimientos-administrativos-no-se-dieron-como-corresponde\/#primaryimage\"},\"thumbnailUrl\":\"https:\/\/www.noticiasradioreflejos.com.ar\/2021\/wp-content\/uploads\/2017\/02\/Los-angelitos.jpg\",\"datePublished\":\"2022-12-28T19:25:00+00:00\",\"author\":{\"@id\":\"https:\/\/www.noticiasradioreflejos.com.ar\/2021\/#\/schema\/person\/ad82545263dcc5ec0996818884fd5fb1\"},\"breadcrumb\":{\"@id\":\"https:\/\/www.noticiasradioreflejos.com.ar\/2021\/parador-los-angelitos-los-procedimientos-administrativos-no-se-dieron-como-corresponde\/#breadcrumb\"},\"inLanguage\":\"es\",\"potentialAction\":[{\"@type\":\"ReadAction\",\"target\":[\"https:\/\/www.noticiasradioreflejos.com.ar\/2021\/parador-los-angelitos-los-procedimientos-administrativos-no-se-dieron-como-corresponde\/\"]}]},{\"@type\":\"ImageObject\",\"inLanguage\":\"es\",\"@id\":\"https:\/\/www.noticiasradioreflejos.com.ar\/2021\/parador-los-angelitos-los-procedimientos-administrativos-no-se-dieron-como-corresponde\/#primaryimage\",\"url\":\"https:\/\/www.noticiasradioreflejos.com.ar\/2021\/wp-content\/uploads\/2017\/02\/Los-angelitos.jpg\",\"contentUrl\":\"https:\/\/www.noticiasradioreflejos.com.ar\/2021\/wp-content\/uploads\/2017\/02\/Los-angelitos.jpg\",\"width\":1024,\"height\":768},{\"@type\":\"BreadcrumbList\",\"@id\":\"https:\/\/www.noticiasradioreflejos.com.ar\/2021\/parador-los-angelitos-los-procedimientos-administrativos-no-se-dieron-como-corresponde\/#breadcrumb\",\"itemListElement\":[{\"@type\":\"ListItem\",\"position\":1,\"name\":\"Portada\",\"item\":\"https:\/\/www.noticiasradioreflejos.com.ar\/2021\/\"},{\"@type\":\"ListItem\",\"position\":2,\"name\":\"Parador Los Angelitos: \u201cLos procedimientos administrativos no se dieron como corresponde\u201d\"}]},{\"@type\":\"WebSite\",\"@id\":\"https:\/\/www.noticiasradioreflejos.com.ar\/2021\/#website\",\"url\":\"https:\/\/www.noticiasradioreflejos.com.ar\/2021\/\",\"name\":\"Noticias Radio Reflejos\",\"description\":\"Las noticias de mi comarca\",\"potentialAction\":[{\"@type\":\"SearchAction\",\"target\":{\"@type\":\"EntryPoint\",\"urlTemplate\":\"https:\/\/www.noticiasradioreflejos.com.ar\/2021\/?s={search_term_string}\"},\"query-input\":{\"@type\":\"PropertyValueSpecification\",\"valueRequired\":true,\"valueName\":\"search_term_string\"}}],\"inLanguage\":\"es\"},{\"@type\":\"Person\",\"@id\":\"https:\/\/www.noticiasradioreflejos.com.ar\/2021\/#\/schema\/person\/ad82545263dcc5ec0996818884fd5fb1\",\"name\":\"Arnaldo Botto\",\"image\":{\"@type\":\"ImageObject\",\"inLanguage\":\"es\",\"@id\":\"https:\/\/www.noticiasradioreflejos.com.ar\/2021\/#\/schema\/person\/image\/\",\"url\":\"https:\/\/secure.gravatar.com\/avatar\/55cb5e37c1efa326397366e6974cb338056df65cb50e7d64d1cf314e87504837?s=96&d=mm&r=g\",\"contentUrl\":\"https:\/\/secure.gravatar.com\/avatar\/55cb5e37c1efa326397366e6974cb338056df65cb50e7d64d1cf314e87504837?s=96&d=mm&r=g\",\"caption\":\"Arnaldo Botto\"},\"url\":\"https:\/\/www.noticiasradioreflejos.com.ar\/2021\/author\/arnaldo\/\"}]}<\/script>\n<!-- \/ Yoast SEO plugin. -->","yoast_head_json":{"title":"Parador Los Angelitos: \u201cLos procedimientos administrativos no se dieron como corresponde\u201d - Noticias Radio Reflejos","robots":{"index":"index","follow":"follow","max-snippet":"max-snippet:-1","max-image-preview":"max-image-preview:large","max-video-preview":"max-video-preview:-1"},"canonical":"https:\/\/www.noticiasradioreflejos.com.ar\/2021\/parador-los-angelitos-los-procedimientos-administrativos-no-se-dieron-como-corresponde\/","og_locale":"es_ES","og_type":"article","og_title":"Parador Los Angelitos: \u201cLos procedimientos administrativos no se dieron como corresponde\u201d - Noticias Radio Reflejos","og_description":"Sandra Kifer, presidenta del Honorable Concejo Deliberante, sali\u00f3 al cruce de la problem\u00e1tica que se viene dando en uno de los paradores de la comarca. \u201cEl Tribunal de Cuentas no nos define correctamente si esto es o no es un servicio p\u00fablico\u201d coment\u00f3.","og_url":"https:\/\/www.noticiasradioreflejos.com.ar\/2021\/parador-los-angelitos-los-procedimientos-administrativos-no-se-dieron-como-corresponde\/","og_site_name":"Noticias Radio Reflejos","article_published_time":"2022-12-28T19:25:00+00:00","og_image":[{"width":1024,"height":768,"url":"https:\/\/www.noticiasradioreflejos.com.ar\/2021\/wp-content\/uploads\/2017\/02\/Los-angelitos.jpg","type":"image\/jpeg"}],"author":"Arnaldo Botto","twitter_card":"summary_large_image","schema":{"@context":"https:\/\/schema.org","@graph":[{"@type":"WebPage","@id":"https:\/\/www.noticiasradioreflejos.com.ar\/2021\/parador-los-angelitos-los-procedimientos-administrativos-no-se-dieron-como-corresponde\/","url":"https:\/\/www.noticiasradioreflejos.com.ar\/2021\/parador-los-angelitos-los-procedimientos-administrativos-no-se-dieron-como-corresponde\/","name":"Parador Los Angelitos: \u201cLos procedimientos administrativos no se dieron como corresponde\u201d - Noticias Radio Reflejos","isPartOf":{"@id":"https:\/\/www.noticiasradioreflejos.com.ar\/2021\/#website"},"primaryImageOfPage":{"@id":"https:\/\/www.noticiasradioreflejos.com.ar\/2021\/parador-los-angelitos-los-procedimientos-administrativos-no-se-dieron-como-corresponde\/#primaryimage"},"image":{"@id":"https:\/\/www.noticiasradioreflejos.com.ar\/2021\/parador-los-angelitos-los-procedimientos-administrativos-no-se-dieron-como-corresponde\/#primaryimage"},"thumbnailUrl":"https:\/\/www.noticiasradioreflejos.com.ar\/2021\/wp-content\/uploads\/2017\/02\/Los-angelitos.jpg","datePublished":"2022-12-28T19:25:00+00:00","author":{"@id":"https:\/\/www.noticiasradioreflejos.com.ar\/2021\/#\/schema\/person\/ad82545263dcc5ec0996818884fd5fb1"},"breadcrumb":{"@id":"https:\/\/www.noticiasradioreflejos.com.ar\/2021\/parador-los-angelitos-los-procedimientos-administrativos-no-se-dieron-como-corresponde\/#breadcrumb"},"inLanguage":"es","potentialAction":[{"@type":"ReadAction","target":["https:\/\/www.noticiasradioreflejos.com.ar\/2021\/parador-los-angelitos-los-procedimientos-administrativos-no-se-dieron-como-corresponde\/"]}]},{"@type":"ImageObject","inLanguage":"es","@id":"https:\/\/www.noticiasradioreflejos.com.ar\/2021\/parador-los-angelitos-los-procedimientos-administrativos-no-se-dieron-como-corresponde\/#primaryimage","url":"https:\/\/www.noticiasradioreflejos.com.ar\/2021\/wp-content\/uploads\/2017\/02\/Los-angelitos.jpg","contentUrl":"https:\/\/www.noticiasradioreflejos.com.ar\/2021\/wp-content\/uploads\/2017\/02\/Los-angelitos.jpg","width":1024,"height":768},{"@type":"BreadcrumbList","@id":"https:\/\/www.noticiasradioreflejos.com.ar\/2021\/parador-los-angelitos-los-procedimientos-administrativos-no-se-dieron-como-corresponde\/#breadcrumb","itemListElement":[{"@type":"ListItem","position":1,"name":"Portada","item":"https:\/\/www.noticiasradioreflejos.com.ar\/2021\/"},{"@type":"ListItem","position":2,"name":"Parador Los Angelitos: \u201cLos procedimientos administrativos no se dieron como corresponde\u201d"}]},{"@type":"WebSite","@id":"https:\/\/www.noticiasradioreflejos.com.ar\/2021\/#website","url":"https:\/\/www.noticiasradioreflejos.com.ar\/2021\/","name":"Noticias Radio Reflejos","description":"Las noticias de mi comarca","potentialAction":[{"@type":"SearchAction","target":{"@type":"EntryPoint","urlTemplate":"https:\/\/www.noticiasradioreflejos.com.ar\/2021\/?s={search_term_string}"},"query-input":{"@type":"PropertyValueSpecification","valueRequired":true,"valueName":"search_term_string"}}],"inLanguage":"es"},{"@type":"Person","@id":"https:\/\/www.noticiasradioreflejos.com.ar\/2021\/#\/schema\/person\/ad82545263dcc5ec0996818884fd5fb1","name":"Arnaldo Botto","image":{"@type":"ImageObject","inLanguage":"es","@id":"https:\/\/www.noticiasradioreflejos.com.ar\/2021\/#\/schema\/person\/image\/","url":"https:\/\/secure.gravatar.com\/avatar\/55cb5e37c1efa326397366e6974cb338056df65cb50e7d64d1cf314e87504837?s=96&d=mm&r=g","contentUrl":"https:\/\/secure.gravatar.com\/avatar\/55cb5e37c1efa326397366e6974cb338056df65cb50e7d64d1cf314e87504837?s=96&d=mm&r=g","caption":"Arnaldo Botto"},"url":"https:\/\/www.noticiasradioreflejos.com.ar\/2021\/author\/arnaldo\/"}]}},"_links":{"self":[{"href":"https:\/\/www.noticiasradioreflejos.com.ar\/2021\/wp-json\/wp\/v2\/posts\/81938","targetHints":{"allow":["GET"]}}],"collection":[{"href":"https:\/\/www.noticiasradioreflejos.com.ar\/2021\/wp-json\/wp\/v2\/posts"}],"about":[{"href":"https:\/\/www.noticiasradioreflejos.com.ar\/2021\/wp-json\/wp\/v2\/types\/post"}],"author":[{"embeddable":true,"href":"https:\/\/www.noticiasradioreflejos.com.ar\/2021\/wp-json\/wp\/v2\/users\/3"}],"replies":[{"embeddable":true,"href":"https:\/\/www.noticiasradioreflejos.com.ar\/2021\/wp-json\/wp\/v2\/comments?post=81938"}],"version-history":[{"count":2,"href":"https:\/\/www.noticiasradioreflejos.com.ar\/2021\/wp-json\/wp\/v2\/posts\/81938\/revisions"}],"predecessor-version":[{"id":81966,"href":"https:\/\/www.noticiasradioreflejos.com.ar\/2021\/wp-json\/wp\/v2\/posts\/81938\/revisions\/81966"}],"wp:featuredmedia":[{"embeddable":true,"href":"https:\/\/www.noticiasradioreflejos.com.ar\/2021\/wp-json\/wp\/v2\/media\/7098"}],"wp:attachment":[{"href":"https:\/\/www.noticiasradioreflejos.com.ar\/2021\/wp-json\/wp\/v2\/media?parent=81938"}],"wp:term":[{"taxonomy":"category","embeddable":true,"href":"https:\/\/www.noticiasradioreflejos.com.ar\/2021\/wp-json\/wp\/v2\/categories?post=81938"},{"taxonomy":"post_tag","embeddable":true,"href":"https:\/\/www.noticiasradioreflejos.com.ar\/2021\/wp-json\/wp\/v2\/tags?post=81938"}],"curies":[{"name":"wp","href":"https:\/\/api.w.org\/{rel}","templated":true}]}}