{"id":81936,"date":"2022-12-28T19:35:59","date_gmt":"2022-12-28T19:35:59","guid":{"rendered":"https:\/\/www.noticiasradioreflejos.com.ar\/2021\/?p=81936"},"modified":"2022-12-28T19:35:59","modified_gmt":"2022-12-28T19:35:59","slug":"transporte-de-pasajeros-hay-un-incumplimiento-de-contrato","status":"publish","type":"post","link":"https:\/\/www.noticiasradioreflejos.com.ar\/2021\/transporte-de-pasajeros-hay-un-incumplimiento-de-contrato\/","title":{"rendered":"Transporte de pasajeros: \u201cHay un incumplimiento de contrato\u201d"},"content":{"rendered":"<p>La presidenta del HCD, Sandra Kifer, confirm\u00f3 que \u201cla cuarta frecuencia se deber\u00eda estar dando\u201d ya que figura en la pr\u00f3rroga firmada en 2017. Adem\u00e1s, sobre las tasas municipales, afirm\u00f3: \u201cconsideramos que los contribuyentes est\u00e1n pagando demasiadas tasas\u201d.<!--more--><\/p>\n<p>Fiel a su estilo, sin pelos en la lengua y yendo directo al grano, la presidenta del Honorable Concejo Deliberante, Sandra Kifer, abord\u00f3 varios temas calientes de la actualidad de la comarca.<\/p>\n<p>Al respecto, confirm\u00f3 que \u201cayer se hizo la sesi\u00f3n para aprobar el c\u00f3digo tributario. Tras eso, se hizo la \u00faltima sesi\u00f3n de pr\u00f3rroga del a\u00f1o, donde se aprob\u00f3 el presupuesto. Con esto se le dio las herramientas al ejecutivo para proyectar el a\u00f1o que viene\u201d.<\/p>\n<p>En ese sentido afirm\u00f3 que \u201cel ejecutivo nos ped\u00eda un 75% de aumento en la tasa de servicio p\u00fablico y urbano. Se lleg\u00f3 a un acuerdo del 60% que es la inflaci\u00f3n estimada por el gobierno para el 2023\u201d.<\/p>\n<p>Al respecto, mencion\u00f3 que \u201cel presupuesto de este a\u00f1o qued\u00f3 acotado. Si bien la inflaci\u00f3n es una realidad, y seg\u00fan alguna informaci\u00f3n que hemos recibido hemos tenido un 100% de inflaci\u00f3n anual. Eso perjudica al bolsillo de los contribuyentes. Sabemos que el presupuesto va por detr\u00e1s, pero es una realidad que seguir aplicando m\u00e1s aumento, cuando mucho de los aumentos de sueldos no se condice con el nivel inflacionario, es un problema\u201d.<\/p>\n<p>Aclarando adem\u00e1s que \u201cno se aprob\u00f3 la tasa de salud para la red vial. Consideramos que los contribuyentes est\u00e1n pagando demasiadas tasas, y creemos que la soluci\u00f3n no es sumarle tasas sino mejorar la administraci\u00f3n del estado\u201d.<\/p>\n<h3>Transporte p\u00fablico<\/h3>\n<p>\u201cUna de las primeras cosas que hicimos cuando asumimos los nuevos ediles, fue buscar estos contratos importantes y transversales, para ver c\u00f3mo ven\u00edan implementados. Hay que trabajar a futuro, para que el pr\u00f3ximo contrato de transporte sea superador y con proyecci\u00f3n al crecimiento de las localidades\u201d afirm\u00f3 Kifer.<\/p>\n<p>Al tiempo que ratific\u00f3 que \u201cla cuarta frecuencia es a partir del a\u00f1o 2017 est\u00e1 en la pr\u00f3rroga del contrato. Est\u00e1 en el segundo y tercer art\u00edculo, y no recuerdo si no est\u00e1 en el cuarto tambi\u00e9n. Se debe dar s\u00ed o s\u00ed. De la \u00fanica manera que se podr\u00eda quitar, seg\u00fan esta pr\u00f3rroga, es ad refer\u00e9ndum del Concejo Deliberante\u201d.<\/p>\n<p>En esa l\u00ednea asegur\u00f3 que \u201ceste a\u00f1o en el HCD recibimos un expediente del ejecutivo para que se quitara esa cuarta frecuencia. No hubo consenso, no se aprob\u00f3, a lo cual la cuarta frecuencia se deber\u00eda estar dando, por lo que hay un incumplimiento de contrato\u201d.<br \/>\n<a data-flickr-embed=\"true\" href=\"https:\/\/www.flickr.com\/photos\/182279889@N02\/52592259784\/in\/dateposted-public\/\" title=\"Contrato Transporte\"><img loading=\"lazy\" decoding=\"async\" src=\"https:\/\/live.staticflickr.com\/65535\/52592259784_0756b3b5ca_z.jpg\" width=\"640\" height=\"235\" alt=\"Contrato Transporte\"><\/a><script async src=\"\/\/embedr.flickr.com\/assets\/client-code.js\" charset=\"utf-8\"><\/script><\/p>\n<p>&nbsp;<\/p>\n<h3>Lo positivo y lo negativo<\/h3>\n<p>\u201cEl HCD trabaj\u00f3 acerc\u00e1ndose a todas las localidades del distrito. Nos permiti\u00f3 estar en contacto con la gente que est\u00e1 alejada de la ciudad cabecera. M\u00e1s all\u00e1 del contacto individual que cada edil pueda tener, como instituci\u00f3n, el habernos acercado y escuchar sus problem\u00e1ticas, fue muy positivo\u201d refiri\u00f3.<\/p>\n<p>\u201cEn lo negativo, se han hecho minutas de comunicaci\u00f3n y pedidos de informes, que no solo surgen por la necesidad de los ediles, sino que muchas veces son r\u00e9plicas de las inquietudes de los vecinos; no fueron respondidos y eso habla de una mala calidad institucional. Deso\u00edr un pedido de informe, en muchos casos es deso\u00edr la representaci\u00f3n de los vecinos\u201d expuso la presidenta.<\/p>\n<h3>Los dichos de Gabella sobre algunos ediles que solo ponen palos en la rueda<\/h3>\n<p>\u201cSi bien el HCD est\u00e1 compuesto por bloques que pertenecen a distintos espacios pol\u00edticos, y el secretario Gabella tambi\u00e9n accede al cargo por pertenecer a un espacio pol\u00edtico, es una opini\u00f3n de \u00e9l. No coincido. Trabajamos escuchando las necesidades de la gente. Si el piensa que eso es hacer pol\u00edtica partidaria, es una opini\u00f3n de \u00e9l\u201d.<\/p>\n<p>&nbsp;<\/p>\n<p><iframe loading=\"lazy\" src=\"https:\/\/w.soundcloud.com\/player\/?url=https%3A\/\/api.soundcloud.com\/tracks\/1411806796&amp;color=%23ff5500&amp;auto_play=false&amp;hide_related=false&amp;show_comments=true&amp;show_user=true&amp;show_reposts=false&amp;show_teaser=true\" width=\"100%\" height=\"166\" frameborder=\"no\" scrolling=\"no\"><\/iframe><\/p>\n<div style=\"font-size: 10px; color: #cccccc; line-break: anywhere; word-break: normal; overflow: hidden; white-space: nowrap; text-overflow: ellipsis; font-family: Interstate,Lucida Grande,Lucida Sans Unicode,Lucida Sans,Garuda,Verdana,Tahoma,sans-serif; font-weight: 100;\"><a style=\"color: #cccccc; text-decoration: none;\" title=\"fmreflejos 103.7\" href=\"https:\/\/soundcloud.com\/fmreflejos-103-7\" target=\"_blank\" rel=\"noopener\">fmreflejos 103.7<\/a> \u00b7 <a style=\"color: #cccccc; text-decoration: none;\" title=\"Sandra Kifer - Transporte\" href=\"https:\/\/soundcloud.com\/fmreflejos-103-7\/sandra-kifer-transporte\" target=\"_blank\" rel=\"noopener\">Sandra Kifer &#8211; Transporte<\/a><\/div>\n","protected":false},"excerpt":{"rendered":"<p>La presidenta del HCD, Sandra Kifer, confirm\u00f3 que \u201cla cuarta frecuencia se deber\u00eda estar dando\u201d ya que figura en la pr\u00f3rroga firmada en 2017. Adem\u00e1s, sobre las tasas municipales, afirm\u00f3: \u201cconsideramos que los contribuyentes est\u00e1n pagando demasiadas tasas\u201d.<\/p>\n","protected":false},"author":3,"featured_media":0,"comment_status":"closed","ping_status":"closed","sticky":false,"template":"","format":"standard","meta":{"footnotes":""},"categories":[28,26,33],"tags":[48],"class_list":["post-81936","post","type-post","status-publish","format-standard","hentry","category-municipales","category-sociedad","category-turismo","tag-destacada"],"yoast_head":"<!-- This site is optimized with the Yoast SEO plugin v25.9 - https:\/\/yoast.com\/wordpress\/plugins\/seo\/ -->\n<title>Transporte de pasajeros: \u201cHay un incumplimiento de contrato\u201d - Noticias Radio Reflejos<\/title>\n<meta name=\"robots\" content=\"index, follow, max-snippet:-1, max-image-preview:large, max-video-preview:-1\" \/>\n<link rel=\"canonical\" href=\"https:\/\/www.noticiasradioreflejos.com.ar\/2021\/transporte-de-pasajeros-hay-un-incumplimiento-de-contrato\/\" \/>\n<meta property=\"og:locale\" content=\"es_ES\" \/>\n<meta property=\"og:type\" content=\"article\" \/>\n<meta property=\"og:title\" content=\"Transporte de pasajeros: \u201cHay un incumplimiento de contrato\u201d - Noticias Radio Reflejos\" \/>\n<meta property=\"og:description\" content=\"La presidenta del HCD, Sandra Kifer, confirm\u00f3 que \u201cla cuarta frecuencia se deber\u00eda estar dando\u201d ya que figura en la pr\u00f3rroga firmada en 2017. Adem\u00e1s, sobre las tasas municipales, afirm\u00f3: \u201cconsideramos que los contribuyentes est\u00e1n pagando demasiadas tasas\u201d.\" \/>\n<meta property=\"og:url\" content=\"https:\/\/www.noticiasradioreflejos.com.ar\/2021\/transporte-de-pasajeros-hay-un-incumplimiento-de-contrato\/\" \/>\n<meta property=\"og:site_name\" content=\"Noticias Radio Reflejos\" \/>\n<meta property=\"article:published_time\" content=\"2022-12-28T19:35:59+00:00\" \/>\n<meta property=\"og:image\" content=\"https:\/\/www.noticiasradioreflejos.com.ar\/2021\/wp-content\/uploads\/2022\/02\/Kifer-Castro.jpeg\" \/>\n\t<meta property=\"og:image:width\" content=\"720\" \/>\n\t<meta property=\"og:image:height\" content=\"526\" \/>\n\t<meta property=\"og:image:type\" content=\"image\/jpeg\" \/>\n<meta name=\"author\" content=\"Arnaldo Botto\" \/>\n<meta name=\"twitter:card\" content=\"summary_large_image\" \/>\n<script type=\"application\/ld+json\" class=\"yoast-schema-graph\">{\"@context\":\"https:\/\/schema.org\",\"@graph\":[{\"@type\":\"WebPage\",\"@id\":\"https:\/\/www.noticiasradioreflejos.com.ar\/2021\/transporte-de-pasajeros-hay-un-incumplimiento-de-contrato\/\",\"url\":\"https:\/\/www.noticiasradioreflejos.com.ar\/2021\/transporte-de-pasajeros-hay-un-incumplimiento-de-contrato\/\",\"name\":\"Transporte de pasajeros: \u201cHay un incumplimiento de contrato\u201d - Noticias Radio Reflejos\",\"isPartOf\":{\"@id\":\"https:\/\/www.noticiasradioreflejos.com.ar\/2021\/#website\"},\"primaryImageOfPage\":{\"@id\":\"https:\/\/www.noticiasradioreflejos.com.ar\/2021\/transporte-de-pasajeros-hay-un-incumplimiento-de-contrato\/#primaryimage\"},\"image\":{\"@id\":\"https:\/\/www.noticiasradioreflejos.com.ar\/2021\/transporte-de-pasajeros-hay-un-incumplimiento-de-contrato\/#primaryimage\"},\"thumbnailUrl\":\"https:\/\/live.staticflickr.com\/65535\/52592259784_0756b3b5ca_z.jpg\",\"datePublished\":\"2022-12-28T19:35:59+00:00\",\"author\":{\"@id\":\"https:\/\/www.noticiasradioreflejos.com.ar\/2021\/#\/schema\/person\/ad82545263dcc5ec0996818884fd5fb1\"},\"breadcrumb\":{\"@id\":\"https:\/\/www.noticiasradioreflejos.com.ar\/2021\/transporte-de-pasajeros-hay-un-incumplimiento-de-contrato\/#breadcrumb\"},\"inLanguage\":\"es\",\"potentialAction\":[{\"@type\":\"ReadAction\",\"target\":[\"https:\/\/www.noticiasradioreflejos.com.ar\/2021\/transporte-de-pasajeros-hay-un-incumplimiento-de-contrato\/\"]}]},{\"@type\":\"ImageObject\",\"inLanguage\":\"es\",\"@id\":\"https:\/\/www.noticiasradioreflejos.com.ar\/2021\/transporte-de-pasajeros-hay-un-incumplimiento-de-contrato\/#primaryimage\",\"url\":\"https:\/\/live.staticflickr.com\/65535\/52592259784_0756b3b5ca_z.jpg\",\"contentUrl\":\"https:\/\/live.staticflickr.com\/65535\/52592259784_0756b3b5ca_z.jpg\"},{\"@type\":\"BreadcrumbList\",\"@id\":\"https:\/\/www.noticiasradioreflejos.com.ar\/2021\/transporte-de-pasajeros-hay-un-incumplimiento-de-contrato\/#breadcrumb\",\"itemListElement\":[{\"@type\":\"ListItem\",\"position\":1,\"name\":\"Portada\",\"item\":\"https:\/\/www.noticiasradioreflejos.com.ar\/2021\/\"},{\"@type\":\"ListItem\",\"position\":2,\"name\":\"Transporte de pasajeros: \u201cHay un incumplimiento de contrato\u201d\"}]},{\"@type\":\"WebSite\",\"@id\":\"https:\/\/www.noticiasradioreflejos.com.ar\/2021\/#website\",\"url\":\"https:\/\/www.noticiasradioreflejos.com.ar\/2021\/\",\"name\":\"Noticias Radio Reflejos\",\"description\":\"Las noticias de mi comarca\",\"potentialAction\":[{\"@type\":\"SearchAction\",\"target\":{\"@type\":\"EntryPoint\",\"urlTemplate\":\"https:\/\/www.noticiasradioreflejos.com.ar\/2021\/?s={search_term_string}\"},\"query-input\":{\"@type\":\"PropertyValueSpecification\",\"valueRequired\":true,\"valueName\":\"search_term_string\"}}],\"inLanguage\":\"es\"},{\"@type\":\"Person\",\"@id\":\"https:\/\/www.noticiasradioreflejos.com.ar\/2021\/#\/schema\/person\/ad82545263dcc5ec0996818884fd5fb1\",\"name\":\"Arnaldo Botto\",\"image\":{\"@type\":\"ImageObject\",\"inLanguage\":\"es\",\"@id\":\"https:\/\/www.noticiasradioreflejos.com.ar\/2021\/#\/schema\/person\/image\/\",\"url\":\"https:\/\/secure.gravatar.com\/avatar\/55cb5e37c1efa326397366e6974cb338056df65cb50e7d64d1cf314e87504837?s=96&d=mm&r=g\",\"contentUrl\":\"https:\/\/secure.gravatar.com\/avatar\/55cb5e37c1efa326397366e6974cb338056df65cb50e7d64d1cf314e87504837?s=96&d=mm&r=g\",\"caption\":\"Arnaldo Botto\"},\"url\":\"https:\/\/www.noticiasradioreflejos.com.ar\/2021\/author\/arnaldo\/\"}]}<\/script>\n<!-- \/ Yoast SEO plugin. -->","yoast_head_json":{"title":"Transporte de pasajeros: \u201cHay un incumplimiento de contrato\u201d - Noticias Radio Reflejos","robots":{"index":"index","follow":"follow","max-snippet":"max-snippet:-1","max-image-preview":"max-image-preview:large","max-video-preview":"max-video-preview:-1"},"canonical":"https:\/\/www.noticiasradioreflejos.com.ar\/2021\/transporte-de-pasajeros-hay-un-incumplimiento-de-contrato\/","og_locale":"es_ES","og_type":"article","og_title":"Transporte de pasajeros: \u201cHay un incumplimiento de contrato\u201d - Noticias Radio Reflejos","og_description":"La presidenta del HCD, Sandra Kifer, confirm\u00f3 que \u201cla cuarta frecuencia se deber\u00eda estar dando\u201d ya que figura en la pr\u00f3rroga firmada en 2017. Adem\u00e1s, sobre las tasas municipales, afirm\u00f3: \u201cconsideramos que los contribuyentes est\u00e1n pagando demasiadas tasas\u201d.","og_url":"https:\/\/www.noticiasradioreflejos.com.ar\/2021\/transporte-de-pasajeros-hay-un-incumplimiento-de-contrato\/","og_site_name":"Noticias Radio Reflejos","article_published_time":"2022-12-28T19:35:59+00:00","og_image":[{"width":720,"height":526,"url":"https:\/\/www.noticiasradioreflejos.com.ar\/2021\/wp-content\/uploads\/2022\/02\/Kifer-Castro.jpeg","type":"image\/jpeg"}],"author":"Arnaldo Botto","twitter_card":"summary_large_image","schema":{"@context":"https:\/\/schema.org","@graph":[{"@type":"WebPage","@id":"https:\/\/www.noticiasradioreflejos.com.ar\/2021\/transporte-de-pasajeros-hay-un-incumplimiento-de-contrato\/","url":"https:\/\/www.noticiasradioreflejos.com.ar\/2021\/transporte-de-pasajeros-hay-un-incumplimiento-de-contrato\/","name":"Transporte de pasajeros: \u201cHay un incumplimiento de contrato\u201d - Noticias Radio Reflejos","isPartOf":{"@id":"https:\/\/www.noticiasradioreflejos.com.ar\/2021\/#website"},"primaryImageOfPage":{"@id":"https:\/\/www.noticiasradioreflejos.com.ar\/2021\/transporte-de-pasajeros-hay-un-incumplimiento-de-contrato\/#primaryimage"},"image":{"@id":"https:\/\/www.noticiasradioreflejos.com.ar\/2021\/transporte-de-pasajeros-hay-un-incumplimiento-de-contrato\/#primaryimage"},"thumbnailUrl":"https:\/\/live.staticflickr.com\/65535\/52592259784_0756b3b5ca_z.jpg","datePublished":"2022-12-28T19:35:59+00:00","author":{"@id":"https:\/\/www.noticiasradioreflejos.com.ar\/2021\/#\/schema\/person\/ad82545263dcc5ec0996818884fd5fb1"},"breadcrumb":{"@id":"https:\/\/www.noticiasradioreflejos.com.ar\/2021\/transporte-de-pasajeros-hay-un-incumplimiento-de-contrato\/#breadcrumb"},"inLanguage":"es","potentialAction":[{"@type":"ReadAction","target":["https:\/\/www.noticiasradioreflejos.com.ar\/2021\/transporte-de-pasajeros-hay-un-incumplimiento-de-contrato\/"]}]},{"@type":"ImageObject","inLanguage":"es","@id":"https:\/\/www.noticiasradioreflejos.com.ar\/2021\/transporte-de-pasajeros-hay-un-incumplimiento-de-contrato\/#primaryimage","url":"https:\/\/live.staticflickr.com\/65535\/52592259784_0756b3b5ca_z.jpg","contentUrl":"https:\/\/live.staticflickr.com\/65535\/52592259784_0756b3b5ca_z.jpg"},{"@type":"BreadcrumbList","@id":"https:\/\/www.noticiasradioreflejos.com.ar\/2021\/transporte-de-pasajeros-hay-un-incumplimiento-de-contrato\/#breadcrumb","itemListElement":[{"@type":"ListItem","position":1,"name":"Portada","item":"https:\/\/www.noticiasradioreflejos.com.ar\/2021\/"},{"@type":"ListItem","position":2,"name":"Transporte de pasajeros: \u201cHay un incumplimiento de contrato\u201d"}]},{"@type":"WebSite","@id":"https:\/\/www.noticiasradioreflejos.com.ar\/2021\/#website","url":"https:\/\/www.noticiasradioreflejos.com.ar\/2021\/","name":"Noticias Radio Reflejos","description":"Las noticias de mi comarca","potentialAction":[{"@type":"SearchAction","target":{"@type":"EntryPoint","urlTemplate":"https:\/\/www.noticiasradioreflejos.com.ar\/2021\/?s={search_term_string}"},"query-input":{"@type":"PropertyValueSpecification","valueRequired":true,"valueName":"search_term_string"}}],"inLanguage":"es"},{"@type":"Person","@id":"https:\/\/www.noticiasradioreflejos.com.ar\/2021\/#\/schema\/person\/ad82545263dcc5ec0996818884fd5fb1","name":"Arnaldo Botto","image":{"@type":"ImageObject","inLanguage":"es","@id":"https:\/\/www.noticiasradioreflejos.com.ar\/2021\/#\/schema\/person\/image\/","url":"https:\/\/secure.gravatar.com\/avatar\/55cb5e37c1efa326397366e6974cb338056df65cb50e7d64d1cf314e87504837?s=96&d=mm&r=g","contentUrl":"https:\/\/secure.gravatar.com\/avatar\/55cb5e37c1efa326397366e6974cb338056df65cb50e7d64d1cf314e87504837?s=96&d=mm&r=g","caption":"Arnaldo Botto"},"url":"https:\/\/www.noticiasradioreflejos.com.ar\/2021\/author\/arnaldo\/"}]}},"_links":{"self":[{"href":"https:\/\/www.noticiasradioreflejos.com.ar\/2021\/wp-json\/wp\/v2\/posts\/81936","targetHints":{"allow":["GET"]}}],"collection":[{"href":"https:\/\/www.noticiasradioreflejos.com.ar\/2021\/wp-json\/wp\/v2\/posts"}],"about":[{"href":"https:\/\/www.noticiasradioreflejos.com.ar\/2021\/wp-json\/wp\/v2\/types\/post"}],"author":[{"embeddable":true,"href":"https:\/\/www.noticiasradioreflejos.com.ar\/2021\/wp-json\/wp\/v2\/users\/3"}],"replies":[{"embeddable":true,"href":"https:\/\/www.noticiasradioreflejos.com.ar\/2021\/wp-json\/wp\/v2\/comments?post=81936"}],"version-history":[{"count":2,"href":"https:\/\/www.noticiasradioreflejos.com.ar\/2021\/wp-json\/wp\/v2\/posts\/81936\/revisions"}],"predecessor-version":[{"id":81967,"href":"https:\/\/www.noticiasradioreflejos.com.ar\/2021\/wp-json\/wp\/v2\/posts\/81936\/revisions\/81967"}],"wp:attachment":[{"href":"https:\/\/www.noticiasradioreflejos.com.ar\/2021\/wp-json\/wp\/v2\/media?parent=81936"}],"wp:term":[{"taxonomy":"category","embeddable":true,"href":"https:\/\/www.noticiasradioreflejos.com.ar\/2021\/wp-json\/wp\/v2\/categories?post=81936"},{"taxonomy":"post_tag","embeddable":true,"href":"https:\/\/www.noticiasradioreflejos.com.ar\/2021\/wp-json\/wp\/v2\/tags?post=81936"}],"curies":[{"name":"wp","href":"https:\/\/api.w.org\/{rel}","templated":true}]}}