{"id":81764,"date":"2022-12-23T14:48:40","date_gmt":"2022-12-23T14:48:40","guid":{"rendered":"http:\/\/www.noticiasradioreflejos.com.ar\/2021\/?p=81764"},"modified":"2022-12-23T15:13:55","modified_gmt":"2022-12-23T15:13:55","slug":"sierra-de-la-ventana-no-se-expendera-combustible-el-martes-27-y-miercoles-28","status":"publish","type":"post","link":"https:\/\/www.noticiasradioreflejos.com.ar\/2021\/sierra-de-la-ventana-no-se-expendera-combustible-el-martes-27-y-miercoles-28\/","title":{"rendered":"Sierra de la Ventana: No se expender\u00e1 combustible el martes 27 y mi\u00e9rcoles 28."},"content":{"rendered":"<p>La estaci\u00f3n de servicio<b> \u00abYPF Don Juan\u00bb<\/b> informa a la comunidad que los d\u00edas martes 27 y mi\u00e9rcoles 28 de diciembre del corriente, no se expender\u00e1 combustibles l\u00edquidos.<!--more--><\/p>\n<p>La remodelaci\u00f3n de la estaci\u00f3n de servicios de Sierra de la Ventana sigue su curso; los d\u00edas martes 27 y mi\u00e9rcoles 28 de diciembre del 2022 deber\u00e1 permanecer cerrada al expendio de combustibles l\u00edquidos por trabajos de revisi\u00f3n t\u00e9cnica que la empresa YPF realizar\u00e1 en la obra.<\/p>\n<p>Desde YPF \u00bb Don Juan\u00bb comunican:<\/p>\n<p>\u00abPor cambios en el sistema de impulsi\u00f3n nos vemos obligados a suspender \u00e9l suministro de todos los combustibles los d\u00edas martes 27 y mi\u00e9rcoles 28 de diciembre.<br \/>\nLa tienda de repuestos , lubricantes y tienda full permanecer\u00e1n abiertas en sus horarios habituales .<br \/>\nSepan disculpar las molestias ocasionadas.\u00bb<\/p>\n<p>Asimismo, la empresa dispuso un cronograma de atenci\u00f3n para los d\u00edas 24 y 31 de diciembre, que cerrar\u00e1 a las 20.30 hs hasta las 6,00 del 25 de diciembre y 1\u00b0 de enero respectivamente.<\/p>\n<p>Vale la recomendaci\u00f3n para todos los clientes y usuarios del servicio que tomen las medidas respectivas para evitar inconvenientes.<\/p>\n<p>&nbsp;<\/p>\n","protected":false},"excerpt":{"rendered":"<p>La estaci\u00f3n de servicio \u00abYPF Don Juan\u00bb informa a la comunidad que los d\u00edas martes 27 y mi\u00e9rcoles 28 de diciembre del corriente, no se expender\u00e1 combustibles l\u00edquidos.<\/p>\n","protected":false},"author":3,"featured_media":81768,"comment_status":"closed","ping_status":"closed","sticky":false,"template":"","format":"standard","meta":{"footnotes":""},"categories":[26,33],"tags":[48],"class_list":["post-81764","post","type-post","status-publish","format-standard","has-post-thumbnail","hentry","category-sociedad","category-turismo","tag-destacada"],"yoast_head":"<!-- This site is optimized with the Yoast SEO plugin v25.9 - https:\/\/yoast.com\/wordpress\/plugins\/seo\/ -->\n<title>Sierra de la Ventana: No se expender\u00e1 combustible el martes 27 y mi\u00e9rcoles 28. - Noticias Radio Reflejos<\/title>\n<meta name=\"robots\" content=\"index, follow, max-snippet:-1, max-image-preview:large, max-video-preview:-1\" \/>\n<link rel=\"canonical\" href=\"https:\/\/www.noticiasradioreflejos.com.ar\/2021\/sierra-de-la-ventana-no-se-expendera-combustible-el-martes-27-y-miercoles-28\/\" \/>\n<meta property=\"og:locale\" content=\"es_ES\" \/>\n<meta property=\"og:type\" content=\"article\" \/>\n<meta property=\"og:title\" content=\"Sierra de la Ventana: No se expender\u00e1 combustible el martes 27 y mi\u00e9rcoles 28. - Noticias Radio Reflejos\" \/>\n<meta property=\"og:description\" content=\"La estaci\u00f3n de servicio \u00abYPF Don Juan\u00bb informa a la comunidad que los d\u00edas martes 27 y mi\u00e9rcoles 28 de diciembre del corriente, no se expender\u00e1 combustibles l\u00edquidos.\" \/>\n<meta property=\"og:url\" content=\"https:\/\/www.noticiasradioreflejos.com.ar\/2021\/sierra-de-la-ventana-no-se-expendera-combustible-el-martes-27-y-miercoles-28\/\" \/>\n<meta property=\"og:site_name\" content=\"Noticias Radio Reflejos\" \/>\n<meta property=\"article:published_time\" content=\"2022-12-23T14:48:40+00:00\" \/>\n<meta property=\"article:modified_time\" content=\"2022-12-23T15:13:55+00:00\" \/>\n<meta property=\"og:image\" content=\"https:\/\/www.noticiasradioreflejos.com.ar\/2021\/wp-content\/uploads\/2022\/12\/ypf-remodelacion.jpeg\" \/>\n\t<meta property=\"og:image:width\" content=\"1024\" \/>\n\t<meta property=\"og:image:height\" content=\"768\" \/>\n\t<meta property=\"og:image:type\" content=\"image\/jpeg\" \/>\n<meta name=\"author\" content=\"Arnaldo Botto\" \/>\n<meta name=\"twitter:card\" content=\"summary_large_image\" \/>\n<script type=\"application\/ld+json\" class=\"yoast-schema-graph\">{\"@context\":\"https:\/\/schema.org\",\"@graph\":[{\"@type\":\"WebPage\",\"@id\":\"https:\/\/www.noticiasradioreflejos.com.ar\/2021\/sierra-de-la-ventana-no-se-expendera-combustible-el-martes-27-y-miercoles-28\/\",\"url\":\"https:\/\/www.noticiasradioreflejos.com.ar\/2021\/sierra-de-la-ventana-no-se-expendera-combustible-el-martes-27-y-miercoles-28\/\",\"name\":\"Sierra de la Ventana: No se expender\u00e1 combustible el martes 27 y mi\u00e9rcoles 28. - Noticias Radio Reflejos\",\"isPartOf\":{\"@id\":\"https:\/\/www.noticiasradioreflejos.com.ar\/2021\/#website\"},\"primaryImageOfPage\":{\"@id\":\"https:\/\/www.noticiasradioreflejos.com.ar\/2021\/sierra-de-la-ventana-no-se-expendera-combustible-el-martes-27-y-miercoles-28\/#primaryimage\"},\"image\":{\"@id\":\"https:\/\/www.noticiasradioreflejos.com.ar\/2021\/sierra-de-la-ventana-no-se-expendera-combustible-el-martes-27-y-miercoles-28\/#primaryimage\"},\"thumbnailUrl\":\"https:\/\/www.noticiasradioreflejos.com.ar\/2021\/wp-content\/uploads\/2022\/12\/ypf-remodelacion.jpeg\",\"datePublished\":\"2022-12-23T14:48:40+00:00\",\"dateModified\":\"2022-12-23T15:13:55+00:00\",\"author\":{\"@id\":\"https:\/\/www.noticiasradioreflejos.com.ar\/2021\/#\/schema\/person\/ad82545263dcc5ec0996818884fd5fb1\"},\"breadcrumb\":{\"@id\":\"https:\/\/www.noticiasradioreflejos.com.ar\/2021\/sierra-de-la-ventana-no-se-expendera-combustible-el-martes-27-y-miercoles-28\/#breadcrumb\"},\"inLanguage\":\"es\",\"potentialAction\":[{\"@type\":\"ReadAction\",\"target\":[\"https:\/\/www.noticiasradioreflejos.com.ar\/2021\/sierra-de-la-ventana-no-se-expendera-combustible-el-martes-27-y-miercoles-28\/\"]}]},{\"@type\":\"ImageObject\",\"inLanguage\":\"es\",\"@id\":\"https:\/\/www.noticiasradioreflejos.com.ar\/2021\/sierra-de-la-ventana-no-se-expendera-combustible-el-martes-27-y-miercoles-28\/#primaryimage\",\"url\":\"https:\/\/www.noticiasradioreflejos.com.ar\/2021\/wp-content\/uploads\/2022\/12\/ypf-remodelacion.jpeg\",\"contentUrl\":\"https:\/\/www.noticiasradioreflejos.com.ar\/2021\/wp-content\/uploads\/2022\/12\/ypf-remodelacion.jpeg\",\"width\":1024,\"height\":768},{\"@type\":\"BreadcrumbList\",\"@id\":\"https:\/\/www.noticiasradioreflejos.com.ar\/2021\/sierra-de-la-ventana-no-se-expendera-combustible-el-martes-27-y-miercoles-28\/#breadcrumb\",\"itemListElement\":[{\"@type\":\"ListItem\",\"position\":1,\"name\":\"Portada\",\"item\":\"https:\/\/www.noticiasradioreflejos.com.ar\/2021\/\"},{\"@type\":\"ListItem\",\"position\":2,\"name\":\"Sierra de la Ventana: No se expender\u00e1 combustible el martes 27 y mi\u00e9rcoles 28.\"}]},{\"@type\":\"WebSite\",\"@id\":\"https:\/\/www.noticiasradioreflejos.com.ar\/2021\/#website\",\"url\":\"https:\/\/www.noticiasradioreflejos.com.ar\/2021\/\",\"name\":\"Noticias Radio Reflejos\",\"description\":\"Las noticias de mi comarca\",\"potentialAction\":[{\"@type\":\"SearchAction\",\"target\":{\"@type\":\"EntryPoint\",\"urlTemplate\":\"https:\/\/www.noticiasradioreflejos.com.ar\/2021\/?s={search_term_string}\"},\"query-input\":{\"@type\":\"PropertyValueSpecification\",\"valueRequired\":true,\"valueName\":\"search_term_string\"}}],\"inLanguage\":\"es\"},{\"@type\":\"Person\",\"@id\":\"https:\/\/www.noticiasradioreflejos.com.ar\/2021\/#\/schema\/person\/ad82545263dcc5ec0996818884fd5fb1\",\"name\":\"Arnaldo Botto\",\"image\":{\"@type\":\"ImageObject\",\"inLanguage\":\"es\",\"@id\":\"https:\/\/www.noticiasradioreflejos.com.ar\/2021\/#\/schema\/person\/image\/\",\"url\":\"https:\/\/secure.gravatar.com\/avatar\/55cb5e37c1efa326397366e6974cb338056df65cb50e7d64d1cf314e87504837?s=96&d=mm&r=g\",\"contentUrl\":\"https:\/\/secure.gravatar.com\/avatar\/55cb5e37c1efa326397366e6974cb338056df65cb50e7d64d1cf314e87504837?s=96&d=mm&r=g\",\"caption\":\"Arnaldo Botto\"},\"url\":\"https:\/\/www.noticiasradioreflejos.com.ar\/2021\/author\/arnaldo\/\"}]}<\/script>\n<!-- \/ Yoast SEO plugin. -->","yoast_head_json":{"title":"Sierra de la Ventana: No se expender\u00e1 combustible el martes 27 y mi\u00e9rcoles 28. - Noticias Radio Reflejos","robots":{"index":"index","follow":"follow","max-snippet":"max-snippet:-1","max-image-preview":"max-image-preview:large","max-video-preview":"max-video-preview:-1"},"canonical":"https:\/\/www.noticiasradioreflejos.com.ar\/2021\/sierra-de-la-ventana-no-se-expendera-combustible-el-martes-27-y-miercoles-28\/","og_locale":"es_ES","og_type":"article","og_title":"Sierra de la Ventana: No se expender\u00e1 combustible el martes 27 y mi\u00e9rcoles 28. - Noticias Radio Reflejos","og_description":"La estaci\u00f3n de servicio \u00abYPF Don Juan\u00bb informa a la comunidad que los d\u00edas martes 27 y mi\u00e9rcoles 28 de diciembre del corriente, no se expender\u00e1 combustibles l\u00edquidos.","og_url":"https:\/\/www.noticiasradioreflejos.com.ar\/2021\/sierra-de-la-ventana-no-se-expendera-combustible-el-martes-27-y-miercoles-28\/","og_site_name":"Noticias Radio Reflejos","article_published_time":"2022-12-23T14:48:40+00:00","article_modified_time":"2022-12-23T15:13:55+00:00","og_image":[{"width":1024,"height":768,"url":"https:\/\/www.noticiasradioreflejos.com.ar\/2021\/wp-content\/uploads\/2022\/12\/ypf-remodelacion.jpeg","type":"image\/jpeg"}],"author":"Arnaldo Botto","twitter_card":"summary_large_image","schema":{"@context":"https:\/\/schema.org","@graph":[{"@type":"WebPage","@id":"https:\/\/www.noticiasradioreflejos.com.ar\/2021\/sierra-de-la-ventana-no-se-expendera-combustible-el-martes-27-y-miercoles-28\/","url":"https:\/\/www.noticiasradioreflejos.com.ar\/2021\/sierra-de-la-ventana-no-se-expendera-combustible-el-martes-27-y-miercoles-28\/","name":"Sierra de la Ventana: No se expender\u00e1 combustible el martes 27 y mi\u00e9rcoles 28. - Noticias Radio Reflejos","isPartOf":{"@id":"https:\/\/www.noticiasradioreflejos.com.ar\/2021\/#website"},"primaryImageOfPage":{"@id":"https:\/\/www.noticiasradioreflejos.com.ar\/2021\/sierra-de-la-ventana-no-se-expendera-combustible-el-martes-27-y-miercoles-28\/#primaryimage"},"image":{"@id":"https:\/\/www.noticiasradioreflejos.com.ar\/2021\/sierra-de-la-ventana-no-se-expendera-combustible-el-martes-27-y-miercoles-28\/#primaryimage"},"thumbnailUrl":"https:\/\/www.noticiasradioreflejos.com.ar\/2021\/wp-content\/uploads\/2022\/12\/ypf-remodelacion.jpeg","datePublished":"2022-12-23T14:48:40+00:00","dateModified":"2022-12-23T15:13:55+00:00","author":{"@id":"https:\/\/www.noticiasradioreflejos.com.ar\/2021\/#\/schema\/person\/ad82545263dcc5ec0996818884fd5fb1"},"breadcrumb":{"@id":"https:\/\/www.noticiasradioreflejos.com.ar\/2021\/sierra-de-la-ventana-no-se-expendera-combustible-el-martes-27-y-miercoles-28\/#breadcrumb"},"inLanguage":"es","potentialAction":[{"@type":"ReadAction","target":["https:\/\/www.noticiasradioreflejos.com.ar\/2021\/sierra-de-la-ventana-no-se-expendera-combustible-el-martes-27-y-miercoles-28\/"]}]},{"@type":"ImageObject","inLanguage":"es","@id":"https:\/\/www.noticiasradioreflejos.com.ar\/2021\/sierra-de-la-ventana-no-se-expendera-combustible-el-martes-27-y-miercoles-28\/#primaryimage","url":"https:\/\/www.noticiasradioreflejos.com.ar\/2021\/wp-content\/uploads\/2022\/12\/ypf-remodelacion.jpeg","contentUrl":"https:\/\/www.noticiasradioreflejos.com.ar\/2021\/wp-content\/uploads\/2022\/12\/ypf-remodelacion.jpeg","width":1024,"height":768},{"@type":"BreadcrumbList","@id":"https:\/\/www.noticiasradioreflejos.com.ar\/2021\/sierra-de-la-ventana-no-se-expendera-combustible-el-martes-27-y-miercoles-28\/#breadcrumb","itemListElement":[{"@type":"ListItem","position":1,"name":"Portada","item":"https:\/\/www.noticiasradioreflejos.com.ar\/2021\/"},{"@type":"ListItem","position":2,"name":"Sierra de la Ventana: No se expender\u00e1 combustible el martes 27 y mi\u00e9rcoles 28."}]},{"@type":"WebSite","@id":"https:\/\/www.noticiasradioreflejos.com.ar\/2021\/#website","url":"https:\/\/www.noticiasradioreflejos.com.ar\/2021\/","name":"Noticias Radio Reflejos","description":"Las noticias de mi comarca","potentialAction":[{"@type":"SearchAction","target":{"@type":"EntryPoint","urlTemplate":"https:\/\/www.noticiasradioreflejos.com.ar\/2021\/?s={search_term_string}"},"query-input":{"@type":"PropertyValueSpecification","valueRequired":true,"valueName":"search_term_string"}}],"inLanguage":"es"},{"@type":"Person","@id":"https:\/\/www.noticiasradioreflejos.com.ar\/2021\/#\/schema\/person\/ad82545263dcc5ec0996818884fd5fb1","name":"Arnaldo Botto","image":{"@type":"ImageObject","inLanguage":"es","@id":"https:\/\/www.noticiasradioreflejos.com.ar\/2021\/#\/schema\/person\/image\/","url":"https:\/\/secure.gravatar.com\/avatar\/55cb5e37c1efa326397366e6974cb338056df65cb50e7d64d1cf314e87504837?s=96&d=mm&r=g","contentUrl":"https:\/\/secure.gravatar.com\/avatar\/55cb5e37c1efa326397366e6974cb338056df65cb50e7d64d1cf314e87504837?s=96&d=mm&r=g","caption":"Arnaldo Botto"},"url":"https:\/\/www.noticiasradioreflejos.com.ar\/2021\/author\/arnaldo\/"}]}},"_links":{"self":[{"href":"https:\/\/www.noticiasradioreflejos.com.ar\/2021\/wp-json\/wp\/v2\/posts\/81764","targetHints":{"allow":["GET"]}}],"collection":[{"href":"https:\/\/www.noticiasradioreflejos.com.ar\/2021\/wp-json\/wp\/v2\/posts"}],"about":[{"href":"https:\/\/www.noticiasradioreflejos.com.ar\/2021\/wp-json\/wp\/v2\/types\/post"}],"author":[{"embeddable":true,"href":"https:\/\/www.noticiasradioreflejos.com.ar\/2021\/wp-json\/wp\/v2\/users\/3"}],"replies":[{"embeddable":true,"href":"https:\/\/www.noticiasradioreflejos.com.ar\/2021\/wp-json\/wp\/v2\/comments?post=81764"}],"version-history":[{"count":4,"href":"https:\/\/www.noticiasradioreflejos.com.ar\/2021\/wp-json\/wp\/v2\/posts\/81764\/revisions"}],"predecessor-version":[{"id":81773,"href":"https:\/\/www.noticiasradioreflejos.com.ar\/2021\/wp-json\/wp\/v2\/posts\/81764\/revisions\/81773"}],"wp:featuredmedia":[{"embeddable":true,"href":"https:\/\/www.noticiasradioreflejos.com.ar\/2021\/wp-json\/wp\/v2\/media\/81768"}],"wp:attachment":[{"href":"https:\/\/www.noticiasradioreflejos.com.ar\/2021\/wp-json\/wp\/v2\/media?parent=81764"}],"wp:term":[{"taxonomy":"category","embeddable":true,"href":"https:\/\/www.noticiasradioreflejos.com.ar\/2021\/wp-json\/wp\/v2\/categories?post=81764"},{"taxonomy":"post_tag","embeddable":true,"href":"https:\/\/www.noticiasradioreflejos.com.ar\/2021\/wp-json\/wp\/v2\/tags?post=81764"}],"curies":[{"name":"wp","href":"https:\/\/api.w.org\/{rel}","templated":true}]}}