{"id":81762,"date":"2022-12-23T14:25:14","date_gmt":"2022-12-23T14:25:14","guid":{"rendered":"http:\/\/www.noticiasradioreflejos.com.ar\/2021\/?p=81762"},"modified":"2022-12-26T14:29:40","modified_gmt":"2022-12-26T14:29:40","slug":"trece-provincias-bajo-alerta-amarilla-por-tormentas","status":"publish","type":"post","link":"https:\/\/www.noticiasradioreflejos.com.ar\/2021\/trece-provincias-bajo-alerta-amarilla-por-tormentas\/","title":{"rendered":"Trece provincias bajo alerta amarilla por tormentas"},"content":{"rendered":"<p>Localidades de trece provincias estaban esta ma\u00f1ana bajo alerta amarilla por tormentas, mientras que en Santa Cruz y Tierra del Fuego rige alerta naranja por vientos vientos del sudoeste con velocidades entre 60 y 80 kil\u00f3metros por hora, con r\u00e1fagas que pueden alcanzar los 110 kil\u00f3metros por hora, inform\u00f3 el Servicio Meteorol\u00f3gico Nacional.<!--more--><\/p>\n<p><a title=\"320792103_834232131016417_3675916466322148162_n\" href=\"https:\/\/www.flickr.com\/photos\/182279889@N02\/52581746500\/in\/dateposted-public\/\" data-flickr-embed=\"true\"><img loading=\"lazy\" decoding=\"async\" class=\"alignleft\" src=\"https:\/\/live.staticflickr.com\/65535\/52581746500_2c86062e1a_c.jpg\" alt=\"320792103_834232131016417_3675916466322148162_n\" width=\"472\" height=\"800\" \/><\/a>(Telam) &#8211; En la mayor parte de Buenos Aires, C\u00f3rdoba, Santiago del Estero, Tucum\u00e1n y Salta se esperan tormentas de variada intensidad, algunas de las cuales podr\u00e1n ser localmente fuertes y pueden estar acompa\u00f1adas de r\u00e1fagas, ocasional ca\u00edda de granizo, fuerte actividad el\u00e9ctrica y abundante ca\u00edda de agua en cortos per\u00edodos.<\/p>\n<p>Seg\u00fan el SMN, en esas zonas se esperan valores de precipitaci\u00f3n acumulada entre 20 y 40 mm, pudiendo ser superados de forma localizada.<\/p>\n<p>Tambi\u00e9n rige alerta amarilla por tormentas para sudeste de Jujuy, oeste y centro de La Rioja y Catamarca; norte de San Luis, sur de Santa Fe y departamentos de Formosa y Chaco.<\/p>\n<p>El SMN recomend\u00f3 para los pobladores de esas zonas evitar actividades al aire libre, no sacar la basura y retirar objetos que impidan que el agua escurra y no refugiarse cerca de \u00e1rboles y postes de electricidad que puedan caerse.<\/p>\n<p>Asimismo, Tierra del Fuego y la zona de meseta de Corpen Aike, de G\u00fcer Aike y de Lago Argentino est\u00e1n bajo alerta naranja por vientos fuertes del sudoeste, por lo que se aconsej\u00f3 a los lugare\u00f1os evitar actividades al aire libre y asegurar los elementos que puedan volarse.<\/p>\n<p>SISTEMA DE ALERTA TEMPRANA DEL SERVICIO METEOROL\u00d3GICO NACIONAL PARA MA\u00d1ANA VIERNES\u26a0\ufe0f<\/p>\n<p>\ud83d\udfe1 TORMENTAS FUERTES. En Jujuy, franja central de Salta, Tucum\u00e1n, Catamarca, La Rioja, centro y norte de San Luis y oeste de C\u00f3rdoba, se esperan valores de precipitaci\u00f3n acumulada entre 30 y 50 mil\u00edmetros, pudiendo ser superados localmente. En el resto del \u00e1rea de cobertura (incluye zona serrana del noreste de San Luis), se esperan entre 20 y 40 mil\u00edmetros, pudiendo ser superados de forma localizada.<br \/>\n\ud83d\udfe1 Alerta nivel AMARILLO por LLUVIA. El \u00e1rea ser\u00e1 afectada por lluvias de variada intensidad, algunas localmente fuertes. Se estiman valores de precipitaci\u00f3n acumulada entre 10 y 20 mil\u00edmetros, pudiendo ser superados de forma puntual.<br \/>\nVIENTO<br \/>\n\ud83d\udfe1 En La Rioja y el norte de San Juan, se espera un cambio de vientos al sector sur, con velocidades entre 35 y 50 kil\u00f3metros por hora, y r\u00e1fagas que pueden superar los 75 kil\u00f3metros por hora. En el oeste de Santa Cruz, costa de Magallanes e Islas Malvinas se esperan vientos del sector oeste, con velocidades entre 50 y 70 kil\u00f3metros por hora y r\u00e1fagas que pueden superar los 90 kil\u00f3metros por hora.<br \/>\n\ud83d\udfe0 El \u00e1rea ser\u00e1 afectada por vientos del sudoeste con velocidades entre 60 y 80 kil\u00f3metros por hora, con r\u00e1fagas que pueden alcanzar los 110 kil\u00f3metros por hora.<\/p>\n","protected":false},"excerpt":{"rendered":"<p>Localidades de trece provincias estaban esta ma\u00f1ana bajo alerta amarilla por tormentas, mientras que en Santa Cruz y Tierra del Fuego rige alerta naranja por vientos vientos del sudoeste con velocidades entre 60 y 80 kil\u00f3metros por hora, con r\u00e1fagas que pueden alcanzar los 110 kil\u00f3metros por hora, inform\u00f3 el Servicio Meteorol\u00f3gico Nacional.<\/p>\n","protected":false},"author":3,"featured_media":80896,"comment_status":"closed","ping_status":"closed","sticky":false,"template":"","format":"standard","meta":{"footnotes":""},"categories":[46],"tags":[],"class_list":["post-81762","post","type-post","status-publish","format-standard","has-post-thumbnail","hentry","category-ciencia-y-tecnologia"],"yoast_head":"<!-- This site is optimized with the Yoast SEO plugin v25.9 - https:\/\/yoast.com\/wordpress\/plugins\/seo\/ -->\n<title>Trece provincias bajo alerta amarilla por tormentas - Noticias Radio Reflejos<\/title>\n<meta name=\"robots\" content=\"index, follow, max-snippet:-1, max-image-preview:large, max-video-preview:-1\" \/>\n<link rel=\"canonical\" href=\"https:\/\/www.noticiasradioreflejos.com.ar\/2021\/trece-provincias-bajo-alerta-amarilla-por-tormentas\/\" \/>\n<meta property=\"og:locale\" content=\"es_ES\" \/>\n<meta property=\"og:type\" content=\"article\" \/>\n<meta property=\"og:title\" content=\"Trece provincias bajo alerta amarilla por tormentas - Noticias Radio Reflejos\" \/>\n<meta property=\"og:description\" content=\"Localidades de trece provincias estaban esta ma\u00f1ana bajo alerta amarilla por tormentas, mientras que en Santa Cruz y Tierra del Fuego rige alerta naranja por vientos vientos del sudoeste con velocidades entre 60 y 80 kil\u00f3metros por hora, con r\u00e1fagas que pueden alcanzar los 110 kil\u00f3metros por hora, inform\u00f3 el Servicio Meteorol\u00f3gico Nacional.\" \/>\n<meta property=\"og:url\" content=\"https:\/\/www.noticiasradioreflejos.com.ar\/2021\/trece-provincias-bajo-alerta-amarilla-por-tormentas\/\" \/>\n<meta property=\"og:site_name\" content=\"Noticias Radio Reflejos\" \/>\n<meta property=\"article:published_time\" content=\"2022-12-23T14:25:14+00:00\" \/>\n<meta property=\"article:modified_time\" content=\"2022-12-26T14:29:40+00:00\" \/>\n<meta property=\"og:image\" content=\"https:\/\/www.noticiasradioreflejos.com.ar\/2021\/wp-content\/uploads\/2022\/12\/Alerta-x-tormentas.jpg\" \/>\n\t<meta property=\"og:image:width\" content=\"1200\" \/>\n\t<meta property=\"og:image:height\" content=\"675\" \/>\n\t<meta property=\"og:image:type\" content=\"image\/jpeg\" \/>\n<meta name=\"author\" content=\"Arnaldo Botto\" \/>\n<meta name=\"twitter:card\" content=\"summary_large_image\" \/>\n<script type=\"application\/ld+json\" class=\"yoast-schema-graph\">{\"@context\":\"https:\/\/schema.org\",\"@graph\":[{\"@type\":\"WebPage\",\"@id\":\"https:\/\/www.noticiasradioreflejos.com.ar\/2021\/trece-provincias-bajo-alerta-amarilla-por-tormentas\/\",\"url\":\"https:\/\/www.noticiasradioreflejos.com.ar\/2021\/trece-provincias-bajo-alerta-amarilla-por-tormentas\/\",\"name\":\"Trece provincias bajo alerta amarilla por tormentas - Noticias Radio Reflejos\",\"isPartOf\":{\"@id\":\"https:\/\/www.noticiasradioreflejos.com.ar\/2021\/#website\"},\"primaryImageOfPage\":{\"@id\":\"https:\/\/www.noticiasradioreflejos.com.ar\/2021\/trece-provincias-bajo-alerta-amarilla-por-tormentas\/#primaryimage\"},\"image\":{\"@id\":\"https:\/\/www.noticiasradioreflejos.com.ar\/2021\/trece-provincias-bajo-alerta-amarilla-por-tormentas\/#primaryimage\"},\"thumbnailUrl\":\"https:\/\/www.noticiasradioreflejos.com.ar\/2021\/wp-content\/uploads\/2022\/12\/Alerta-x-tormentas.jpg\",\"datePublished\":\"2022-12-23T14:25:14+00:00\",\"dateModified\":\"2022-12-26T14:29:40+00:00\",\"author\":{\"@id\":\"https:\/\/www.noticiasradioreflejos.com.ar\/2021\/#\/schema\/person\/ad82545263dcc5ec0996818884fd5fb1\"},\"breadcrumb\":{\"@id\":\"https:\/\/www.noticiasradioreflejos.com.ar\/2021\/trece-provincias-bajo-alerta-amarilla-por-tormentas\/#breadcrumb\"},\"inLanguage\":\"es\",\"potentialAction\":[{\"@type\":\"ReadAction\",\"target\":[\"https:\/\/www.noticiasradioreflejos.com.ar\/2021\/trece-provincias-bajo-alerta-amarilla-por-tormentas\/\"]}]},{\"@type\":\"ImageObject\",\"inLanguage\":\"es\",\"@id\":\"https:\/\/www.noticiasradioreflejos.com.ar\/2021\/trece-provincias-bajo-alerta-amarilla-por-tormentas\/#primaryimage\",\"url\":\"https:\/\/www.noticiasradioreflejos.com.ar\/2021\/wp-content\/uploads\/2022\/12\/Alerta-x-tormentas.jpg\",\"contentUrl\":\"https:\/\/www.noticiasradioreflejos.com.ar\/2021\/wp-content\/uploads\/2022\/12\/Alerta-x-tormentas.jpg\",\"width\":1200,\"height\":675},{\"@type\":\"BreadcrumbList\",\"@id\":\"https:\/\/www.noticiasradioreflejos.com.ar\/2021\/trece-provincias-bajo-alerta-amarilla-por-tormentas\/#breadcrumb\",\"itemListElement\":[{\"@type\":\"ListItem\",\"position\":1,\"name\":\"Portada\",\"item\":\"https:\/\/www.noticiasradioreflejos.com.ar\/2021\/\"},{\"@type\":\"ListItem\",\"position\":2,\"name\":\"Trece provincias bajo alerta amarilla por tormentas\"}]},{\"@type\":\"WebSite\",\"@id\":\"https:\/\/www.noticiasradioreflejos.com.ar\/2021\/#website\",\"url\":\"https:\/\/www.noticiasradioreflejos.com.ar\/2021\/\",\"name\":\"Noticias Radio Reflejos\",\"description\":\"Las noticias de mi comarca\",\"potentialAction\":[{\"@type\":\"SearchAction\",\"target\":{\"@type\":\"EntryPoint\",\"urlTemplate\":\"https:\/\/www.noticiasradioreflejos.com.ar\/2021\/?s={search_term_string}\"},\"query-input\":{\"@type\":\"PropertyValueSpecification\",\"valueRequired\":true,\"valueName\":\"search_term_string\"}}],\"inLanguage\":\"es\"},{\"@type\":\"Person\",\"@id\":\"https:\/\/www.noticiasradioreflejos.com.ar\/2021\/#\/schema\/person\/ad82545263dcc5ec0996818884fd5fb1\",\"name\":\"Arnaldo Botto\",\"image\":{\"@type\":\"ImageObject\",\"inLanguage\":\"es\",\"@id\":\"https:\/\/www.noticiasradioreflejos.com.ar\/2021\/#\/schema\/person\/image\/\",\"url\":\"https:\/\/secure.gravatar.com\/avatar\/55cb5e37c1efa326397366e6974cb338056df65cb50e7d64d1cf314e87504837?s=96&d=mm&r=g\",\"contentUrl\":\"https:\/\/secure.gravatar.com\/avatar\/55cb5e37c1efa326397366e6974cb338056df65cb50e7d64d1cf314e87504837?s=96&d=mm&r=g\",\"caption\":\"Arnaldo Botto\"},\"url\":\"https:\/\/www.noticiasradioreflejos.com.ar\/2021\/author\/arnaldo\/\"}]}<\/script>\n<!-- \/ Yoast SEO plugin. -->","yoast_head_json":{"title":"Trece provincias bajo alerta amarilla por tormentas - Noticias Radio Reflejos","robots":{"index":"index","follow":"follow","max-snippet":"max-snippet:-1","max-image-preview":"max-image-preview:large","max-video-preview":"max-video-preview:-1"},"canonical":"https:\/\/www.noticiasradioreflejos.com.ar\/2021\/trece-provincias-bajo-alerta-amarilla-por-tormentas\/","og_locale":"es_ES","og_type":"article","og_title":"Trece provincias bajo alerta amarilla por tormentas - Noticias Radio Reflejos","og_description":"Localidades de trece provincias estaban esta ma\u00f1ana bajo alerta amarilla por tormentas, mientras que en Santa Cruz y Tierra del Fuego rige alerta naranja por vientos vientos del sudoeste con velocidades entre 60 y 80 kil\u00f3metros por hora, con r\u00e1fagas que pueden alcanzar los 110 kil\u00f3metros por hora, inform\u00f3 el Servicio Meteorol\u00f3gico Nacional.","og_url":"https:\/\/www.noticiasradioreflejos.com.ar\/2021\/trece-provincias-bajo-alerta-amarilla-por-tormentas\/","og_site_name":"Noticias Radio Reflejos","article_published_time":"2022-12-23T14:25:14+00:00","article_modified_time":"2022-12-26T14:29:40+00:00","og_image":[{"width":1200,"height":675,"url":"https:\/\/www.noticiasradioreflejos.com.ar\/2021\/wp-content\/uploads\/2022\/12\/Alerta-x-tormentas.jpg","type":"image\/jpeg"}],"author":"Arnaldo Botto","twitter_card":"summary_large_image","schema":{"@context":"https:\/\/schema.org","@graph":[{"@type":"WebPage","@id":"https:\/\/www.noticiasradioreflejos.com.ar\/2021\/trece-provincias-bajo-alerta-amarilla-por-tormentas\/","url":"https:\/\/www.noticiasradioreflejos.com.ar\/2021\/trece-provincias-bajo-alerta-amarilla-por-tormentas\/","name":"Trece provincias bajo alerta amarilla por tormentas - Noticias Radio Reflejos","isPartOf":{"@id":"https:\/\/www.noticiasradioreflejos.com.ar\/2021\/#website"},"primaryImageOfPage":{"@id":"https:\/\/www.noticiasradioreflejos.com.ar\/2021\/trece-provincias-bajo-alerta-amarilla-por-tormentas\/#primaryimage"},"image":{"@id":"https:\/\/www.noticiasradioreflejos.com.ar\/2021\/trece-provincias-bajo-alerta-amarilla-por-tormentas\/#primaryimage"},"thumbnailUrl":"https:\/\/www.noticiasradioreflejos.com.ar\/2021\/wp-content\/uploads\/2022\/12\/Alerta-x-tormentas.jpg","datePublished":"2022-12-23T14:25:14+00:00","dateModified":"2022-12-26T14:29:40+00:00","author":{"@id":"https:\/\/www.noticiasradioreflejos.com.ar\/2021\/#\/schema\/person\/ad82545263dcc5ec0996818884fd5fb1"},"breadcrumb":{"@id":"https:\/\/www.noticiasradioreflejos.com.ar\/2021\/trece-provincias-bajo-alerta-amarilla-por-tormentas\/#breadcrumb"},"inLanguage":"es","potentialAction":[{"@type":"ReadAction","target":["https:\/\/www.noticiasradioreflejos.com.ar\/2021\/trece-provincias-bajo-alerta-amarilla-por-tormentas\/"]}]},{"@type":"ImageObject","inLanguage":"es","@id":"https:\/\/www.noticiasradioreflejos.com.ar\/2021\/trece-provincias-bajo-alerta-amarilla-por-tormentas\/#primaryimage","url":"https:\/\/www.noticiasradioreflejos.com.ar\/2021\/wp-content\/uploads\/2022\/12\/Alerta-x-tormentas.jpg","contentUrl":"https:\/\/www.noticiasradioreflejos.com.ar\/2021\/wp-content\/uploads\/2022\/12\/Alerta-x-tormentas.jpg","width":1200,"height":675},{"@type":"BreadcrumbList","@id":"https:\/\/www.noticiasradioreflejos.com.ar\/2021\/trece-provincias-bajo-alerta-amarilla-por-tormentas\/#breadcrumb","itemListElement":[{"@type":"ListItem","position":1,"name":"Portada","item":"https:\/\/www.noticiasradioreflejos.com.ar\/2021\/"},{"@type":"ListItem","position":2,"name":"Trece provincias bajo alerta amarilla por tormentas"}]},{"@type":"WebSite","@id":"https:\/\/www.noticiasradioreflejos.com.ar\/2021\/#website","url":"https:\/\/www.noticiasradioreflejos.com.ar\/2021\/","name":"Noticias Radio Reflejos","description":"Las noticias de mi comarca","potentialAction":[{"@type":"SearchAction","target":{"@type":"EntryPoint","urlTemplate":"https:\/\/www.noticiasradioreflejos.com.ar\/2021\/?s={search_term_string}"},"query-input":{"@type":"PropertyValueSpecification","valueRequired":true,"valueName":"search_term_string"}}],"inLanguage":"es"},{"@type":"Person","@id":"https:\/\/www.noticiasradioreflejos.com.ar\/2021\/#\/schema\/person\/ad82545263dcc5ec0996818884fd5fb1","name":"Arnaldo Botto","image":{"@type":"ImageObject","inLanguage":"es","@id":"https:\/\/www.noticiasradioreflejos.com.ar\/2021\/#\/schema\/person\/image\/","url":"https:\/\/secure.gravatar.com\/avatar\/55cb5e37c1efa326397366e6974cb338056df65cb50e7d64d1cf314e87504837?s=96&d=mm&r=g","contentUrl":"https:\/\/secure.gravatar.com\/avatar\/55cb5e37c1efa326397366e6974cb338056df65cb50e7d64d1cf314e87504837?s=96&d=mm&r=g","caption":"Arnaldo Botto"},"url":"https:\/\/www.noticiasradioreflejos.com.ar\/2021\/author\/arnaldo\/"}]}},"_links":{"self":[{"href":"https:\/\/www.noticiasradioreflejos.com.ar\/2021\/wp-json\/wp\/v2\/posts\/81762","targetHints":{"allow":["GET"]}}],"collection":[{"href":"https:\/\/www.noticiasradioreflejos.com.ar\/2021\/wp-json\/wp\/v2\/posts"}],"about":[{"href":"https:\/\/www.noticiasradioreflejos.com.ar\/2021\/wp-json\/wp\/v2\/types\/post"}],"author":[{"embeddable":true,"href":"https:\/\/www.noticiasradioreflejos.com.ar\/2021\/wp-json\/wp\/v2\/users\/3"}],"replies":[{"embeddable":true,"href":"https:\/\/www.noticiasradioreflejos.com.ar\/2021\/wp-json\/wp\/v2\/comments?post=81762"}],"version-history":[{"count":1,"href":"https:\/\/www.noticiasradioreflejos.com.ar\/2021\/wp-json\/wp\/v2\/posts\/81762\/revisions"}],"predecessor-version":[{"id":81763,"href":"https:\/\/www.noticiasradioreflejos.com.ar\/2021\/wp-json\/wp\/v2\/posts\/81762\/revisions\/81763"}],"wp:featuredmedia":[{"embeddable":true,"href":"https:\/\/www.noticiasradioreflejos.com.ar\/2021\/wp-json\/wp\/v2\/media\/80896"}],"wp:attachment":[{"href":"https:\/\/www.noticiasradioreflejos.com.ar\/2021\/wp-json\/wp\/v2\/media?parent=81762"}],"wp:term":[{"taxonomy":"category","embeddable":true,"href":"https:\/\/www.noticiasradioreflejos.com.ar\/2021\/wp-json\/wp\/v2\/categories?post=81762"},{"taxonomy":"post_tag","embeddable":true,"href":"https:\/\/www.noticiasradioreflejos.com.ar\/2021\/wp-json\/wp\/v2\/tags?post=81762"}],"curies":[{"name":"wp","href":"https:\/\/api.w.org\/{rel}","templated":true}]}}