{"id":81759,"date":"2022-12-23T13:09:42","date_gmt":"2022-12-23T13:09:42","guid":{"rendered":"http:\/\/www.noticiasradioreflejos.com.ar\/2021\/?p=81759"},"modified":"2022-12-23T13:09:42","modified_gmt":"2022-12-23T13:09:42","slug":"concurso-literario-la-novela-del-verano","status":"publish","type":"post","link":"https:\/\/www.noticiasradioreflejos.com.ar\/2021\/concurso-literario-la-novela-del-verano\/","title":{"rendered":"Concurso literario: \u00abLa Novela del Verano\u00bb"},"content":{"rendered":"<p dir=\"ltr\">El Instituto Cultural de la Provincia de Buenos Aires, junto a la editorial independiente El Gran Pez de la ciudad de Mar Del Plata, convocan a participar del premio que otorga 100.000 pesos en concepto de adelanto de derechos de autor y la publicaci\u00f3n de la obra ganadora como parte de la colecci\u00f3n La Novela del Verano. El cierre de inscripci\u00f3n ser\u00e1 el 21 de marzo de 2023.<!--more--><\/p>\n<p dir=\"ltr\">El concurso literario La Novela del Verano, se lanza por primera vez y se realizar\u00e1 de manera anual con el objetivo de encontrar cada temporada una novela ideal para leer en verano: en la playa, en la sierra, a orillas del r\u00edo o en el centro mismo de la ciudad. El certamen es acompa\u00f1ado por el Instituto Cultural de la Provincia de Buenos Aires y organizado por la editorial independiente marplatense El Gran Pez. El premio consistir\u00e1 en la publicaci\u00f3n de la novela y 100.000 pesos en concepto de adelanto de derechos de autor.<\/p>\n<p dir=\"ltr\">Del concurso pueden participar personas mayores de 18 a\u00f1os, de cualquier nacionalidad y con la cantidad de obras que deseen, escritas en idioma espa\u00f1ol, mientras sean originales e in\u00e9ditas, exclusivamente de su autor\u00eda y sin derechos comprometidos con otra editorial.<\/p>\n<p dir=\"ltr\">La convocatoria permanecer\u00e1 abierta hasta el 21 de marzo, las obras finalistas ser\u00e1n anunciadas durante la Feria Invierno (Mar del Plata) en junio,\u00a0 y la novela ganadora se conocer\u00e1 el 31 de julio de 2023.<\/p>\n<p dir=\"ltr\">El jurado est\u00e1 compuesto por la escritora Marina Yuszczuk; el autor y miembro de la Unidad B\u00e1sica de Experimentaci\u00f3n Editorial del Centro de Arte de la Universidad Nacional de La Plata, Carlos R\u00edos; y el escritor y Doctor en Artes, Andr\u00e9s Gallina.<\/p>\n<p dir=\"ltr\">Facundo Abalo, a cargo del programa de Asistencia a Librer\u00edas y Editoriales Independientes , bajo la \u00f3rbita de la Subsecretar\u00eda de Industrias Creativas e Innovaci\u00f3n Cultural, explica que el trabajo conjunto y coorganizado: \u201cImpulsa el fortalecimiento del sector editorial en todas las regiones de la provincia de Buenos Aires, fomentando as\u00ed una pol\u00edtica con esp\u00edritu autogestivo y diversidad bibliogr\u00e1fica que comprende diferentes iniciativas\u201d.<\/p>\n<p dir=\"ltr\">El programa del Instituto Cultural de la provincia de Buenos Aires incluye la asistencia y acompa\u00f1amiento a las ferias del libro ya existentes en la provincia de Buenos Aires, con talleres, charlas de escritores y escritoras, capacitaciones en dise\u00f1o, edici\u00f3n, ilustraci\u00f3n, y espect\u00e1culos vinculados a la promoci\u00f3n de la lectura. Adem\u00e1s se trabaja en la creaci\u00f3n de otras ferias del libro en las regiones que no contaban con iniciativas de este tipo.<\/p>\n<p>&nbsp;<\/p>\n<h4 dir=\"ltr\">Para inscribirse:<\/h4>\n<p dir=\"ltr\">Quienes deseen participar, deber\u00e1n enviar dos archivos al correo electr\u00f3nico <a href=\"mailto:lanoveladelverano@gmail.com\" target=\"_blank\" rel=\"noopener\">lanoveladelverano@gmail.com<\/a>: un archivo\u00a0 que contenga la obra firmada con seud\u00f3nimo, con una extensi\u00f3n m\u00ednima de 200 p\u00e1ginas, configuradas en cuerpo 12, interlineado 2. Los archivos de texto admisibles ser\u00e1n: .doc, .docx, y .rtf.<\/p>\n<p dir=\"ltr\">El otro, con los siguientes datos: seud\u00f3nimo, nombre y apellido, tel\u00e9fono de contacto y direcci\u00f3n postal. La autora o autor puede elegir que la obra sea publicada bajo el nombre propio o bajo el mismo seud\u00f3nimo con que se present\u00f3 a concurso. En este \u00faltimo caso deber\u00e1 aclararlo en este archivo con la leyenda: \u201cEn caso de que esta novela resulte premiada, ser\u00e1 publicada bajo seud\u00f3nimo\u201d.<\/p>\n","protected":false},"excerpt":{"rendered":"<p>El Instituto Cultural de la Provincia de Buenos Aires, junto a la editorial independiente El Gran Pez de la ciudad de Mar Del Plata, convocan a participar del premio que otorga 100.000 pesos en concepto de adelanto de derechos de autor y la publicaci\u00f3n de la obra ganadora como parte de la colecci\u00f3n La Novela [&hellip;]<\/p>\n","protected":false},"author":3,"featured_media":0,"comment_status":"closed","ping_status":"closed","sticky":false,"template":"","format":"standard","meta":{"footnotes":""},"categories":[35],"tags":[],"class_list":["post-81759","post","type-post","status-publish","format-standard","hentry","category-cultura"],"yoast_head":"<!-- This site is optimized with the Yoast SEO plugin v25.9 - https:\/\/yoast.com\/wordpress\/plugins\/seo\/ -->\n<title>Concurso literario: &quot;La Novela del Verano&quot; - Noticias Radio Reflejos<\/title>\n<meta name=\"robots\" content=\"index, follow, max-snippet:-1, max-image-preview:large, max-video-preview:-1\" \/>\n<link rel=\"canonical\" href=\"https:\/\/www.noticiasradioreflejos.com.ar\/2021\/concurso-literario-la-novela-del-verano\/\" \/>\n<meta property=\"og:locale\" content=\"es_ES\" \/>\n<meta property=\"og:type\" content=\"article\" \/>\n<meta property=\"og:title\" content=\"Concurso literario: &quot;La Novela del Verano&quot; - Noticias Radio Reflejos\" \/>\n<meta property=\"og:description\" content=\"El Instituto Cultural de la Provincia de Buenos Aires, junto a la editorial independiente El Gran Pez de la ciudad de Mar Del Plata, convocan a participar del premio que otorga 100.000 pesos en concepto de adelanto de derechos de autor y la publicaci\u00f3n de la obra ganadora como parte de la colecci\u00f3n La Novela [&hellip;]\" \/>\n<meta property=\"og:url\" content=\"https:\/\/www.noticiasradioreflejos.com.ar\/2021\/concurso-literario-la-novela-del-verano\/\" \/>\n<meta property=\"og:site_name\" content=\"Noticias Radio Reflejos\" \/>\n<meta property=\"article:published_time\" content=\"2022-12-23T13:09:42+00:00\" \/>\n<meta property=\"og:image\" content=\"https:\/\/www.noticiasradioreflejos.com.ar\/2021\/wp-content\/uploads\/2021\/07\/logosol300x200.png\" \/>\n\t<meta property=\"og:image:width\" content=\"300\" \/>\n\t<meta property=\"og:image:height\" content=\"200\" \/>\n\t<meta property=\"og:image:type\" content=\"image\/png\" \/>\n<meta name=\"author\" content=\"Arnaldo Botto\" \/>\n<meta name=\"twitter:card\" content=\"summary_large_image\" \/>\n<script type=\"application\/ld+json\" class=\"yoast-schema-graph\">{\"@context\":\"https:\/\/schema.org\",\"@graph\":[{\"@type\":\"WebPage\",\"@id\":\"https:\/\/www.noticiasradioreflejos.com.ar\/2021\/concurso-literario-la-novela-del-verano\/\",\"url\":\"https:\/\/www.noticiasradioreflejos.com.ar\/2021\/concurso-literario-la-novela-del-verano\/\",\"name\":\"Concurso literario: \\\"La Novela del Verano\\\" - Noticias Radio Reflejos\",\"isPartOf\":{\"@id\":\"https:\/\/www.noticiasradioreflejos.com.ar\/2021\/#website\"},\"datePublished\":\"2022-12-23T13:09:42+00:00\",\"author\":{\"@id\":\"https:\/\/www.noticiasradioreflejos.com.ar\/2021\/#\/schema\/person\/ad82545263dcc5ec0996818884fd5fb1\"},\"breadcrumb\":{\"@id\":\"https:\/\/www.noticiasradioreflejos.com.ar\/2021\/concurso-literario-la-novela-del-verano\/#breadcrumb\"},\"inLanguage\":\"es\",\"potentialAction\":[{\"@type\":\"ReadAction\",\"target\":[\"https:\/\/www.noticiasradioreflejos.com.ar\/2021\/concurso-literario-la-novela-del-verano\/\"]}]},{\"@type\":\"BreadcrumbList\",\"@id\":\"https:\/\/www.noticiasradioreflejos.com.ar\/2021\/concurso-literario-la-novela-del-verano\/#breadcrumb\",\"itemListElement\":[{\"@type\":\"ListItem\",\"position\":1,\"name\":\"Portada\",\"item\":\"https:\/\/www.noticiasradioreflejos.com.ar\/2021\/\"},{\"@type\":\"ListItem\",\"position\":2,\"name\":\"Concurso literario: \u00abLa Novela del Verano\u00bb\"}]},{\"@type\":\"WebSite\",\"@id\":\"https:\/\/www.noticiasradioreflejos.com.ar\/2021\/#website\",\"url\":\"https:\/\/www.noticiasradioreflejos.com.ar\/2021\/\",\"name\":\"Noticias Radio Reflejos\",\"description\":\"Las noticias de mi comarca\",\"potentialAction\":[{\"@type\":\"SearchAction\",\"target\":{\"@type\":\"EntryPoint\",\"urlTemplate\":\"https:\/\/www.noticiasradioreflejos.com.ar\/2021\/?s={search_term_string}\"},\"query-input\":{\"@type\":\"PropertyValueSpecification\",\"valueRequired\":true,\"valueName\":\"search_term_string\"}}],\"inLanguage\":\"es\"},{\"@type\":\"Person\",\"@id\":\"https:\/\/www.noticiasradioreflejos.com.ar\/2021\/#\/schema\/person\/ad82545263dcc5ec0996818884fd5fb1\",\"name\":\"Arnaldo Botto\",\"image\":{\"@type\":\"ImageObject\",\"inLanguage\":\"es\",\"@id\":\"https:\/\/www.noticiasradioreflejos.com.ar\/2021\/#\/schema\/person\/image\/\",\"url\":\"https:\/\/secure.gravatar.com\/avatar\/55cb5e37c1efa326397366e6974cb338056df65cb50e7d64d1cf314e87504837?s=96&d=mm&r=g\",\"contentUrl\":\"https:\/\/secure.gravatar.com\/avatar\/55cb5e37c1efa326397366e6974cb338056df65cb50e7d64d1cf314e87504837?s=96&d=mm&r=g\",\"caption\":\"Arnaldo Botto\"},\"url\":\"https:\/\/www.noticiasradioreflejos.com.ar\/2021\/author\/arnaldo\/\"}]}<\/script>\n<!-- \/ Yoast SEO plugin. -->","yoast_head_json":{"title":"Concurso literario: \"La Novela del Verano\" - Noticias Radio Reflejos","robots":{"index":"index","follow":"follow","max-snippet":"max-snippet:-1","max-image-preview":"max-image-preview:large","max-video-preview":"max-video-preview:-1"},"canonical":"https:\/\/www.noticiasradioreflejos.com.ar\/2021\/concurso-literario-la-novela-del-verano\/","og_locale":"es_ES","og_type":"article","og_title":"Concurso literario: \"La Novela del Verano\" - Noticias Radio Reflejos","og_description":"El Instituto Cultural de la Provincia de Buenos Aires, junto a la editorial independiente El Gran Pez de la ciudad de Mar Del Plata, convocan a participar del premio que otorga 100.000 pesos en concepto de adelanto de derechos de autor y la publicaci\u00f3n de la obra ganadora como parte de la colecci\u00f3n La Novela [&hellip;]","og_url":"https:\/\/www.noticiasradioreflejos.com.ar\/2021\/concurso-literario-la-novela-del-verano\/","og_site_name":"Noticias Radio Reflejos","article_published_time":"2022-12-23T13:09:42+00:00","og_image":[{"width":300,"height":200,"url":"https:\/\/www.noticiasradioreflejos.com.ar\/2021\/wp-content\/uploads\/2021\/07\/logosol300x200.png","type":"image\/png"}],"author":"Arnaldo Botto","twitter_card":"summary_large_image","schema":{"@context":"https:\/\/schema.org","@graph":[{"@type":"WebPage","@id":"https:\/\/www.noticiasradioreflejos.com.ar\/2021\/concurso-literario-la-novela-del-verano\/","url":"https:\/\/www.noticiasradioreflejos.com.ar\/2021\/concurso-literario-la-novela-del-verano\/","name":"Concurso literario: \"La Novela del Verano\" - Noticias Radio Reflejos","isPartOf":{"@id":"https:\/\/www.noticiasradioreflejos.com.ar\/2021\/#website"},"datePublished":"2022-12-23T13:09:42+00:00","author":{"@id":"https:\/\/www.noticiasradioreflejos.com.ar\/2021\/#\/schema\/person\/ad82545263dcc5ec0996818884fd5fb1"},"breadcrumb":{"@id":"https:\/\/www.noticiasradioreflejos.com.ar\/2021\/concurso-literario-la-novela-del-verano\/#breadcrumb"},"inLanguage":"es","potentialAction":[{"@type":"ReadAction","target":["https:\/\/www.noticiasradioreflejos.com.ar\/2021\/concurso-literario-la-novela-del-verano\/"]}]},{"@type":"BreadcrumbList","@id":"https:\/\/www.noticiasradioreflejos.com.ar\/2021\/concurso-literario-la-novela-del-verano\/#breadcrumb","itemListElement":[{"@type":"ListItem","position":1,"name":"Portada","item":"https:\/\/www.noticiasradioreflejos.com.ar\/2021\/"},{"@type":"ListItem","position":2,"name":"Concurso literario: \u00abLa Novela del Verano\u00bb"}]},{"@type":"WebSite","@id":"https:\/\/www.noticiasradioreflejos.com.ar\/2021\/#website","url":"https:\/\/www.noticiasradioreflejos.com.ar\/2021\/","name":"Noticias Radio Reflejos","description":"Las noticias de mi comarca","potentialAction":[{"@type":"SearchAction","target":{"@type":"EntryPoint","urlTemplate":"https:\/\/www.noticiasradioreflejos.com.ar\/2021\/?s={search_term_string}"},"query-input":{"@type":"PropertyValueSpecification","valueRequired":true,"valueName":"search_term_string"}}],"inLanguage":"es"},{"@type":"Person","@id":"https:\/\/www.noticiasradioreflejos.com.ar\/2021\/#\/schema\/person\/ad82545263dcc5ec0996818884fd5fb1","name":"Arnaldo Botto","image":{"@type":"ImageObject","inLanguage":"es","@id":"https:\/\/www.noticiasradioreflejos.com.ar\/2021\/#\/schema\/person\/image\/","url":"https:\/\/secure.gravatar.com\/avatar\/55cb5e37c1efa326397366e6974cb338056df65cb50e7d64d1cf314e87504837?s=96&d=mm&r=g","contentUrl":"https:\/\/secure.gravatar.com\/avatar\/55cb5e37c1efa326397366e6974cb338056df65cb50e7d64d1cf314e87504837?s=96&d=mm&r=g","caption":"Arnaldo Botto"},"url":"https:\/\/www.noticiasradioreflejos.com.ar\/2021\/author\/arnaldo\/"}]}},"_links":{"self":[{"href":"https:\/\/www.noticiasradioreflejos.com.ar\/2021\/wp-json\/wp\/v2\/posts\/81759","targetHints":{"allow":["GET"]}}],"collection":[{"href":"https:\/\/www.noticiasradioreflejos.com.ar\/2021\/wp-json\/wp\/v2\/posts"}],"about":[{"href":"https:\/\/www.noticiasradioreflejos.com.ar\/2021\/wp-json\/wp\/v2\/types\/post"}],"author":[{"embeddable":true,"href":"https:\/\/www.noticiasradioreflejos.com.ar\/2021\/wp-json\/wp\/v2\/users\/3"}],"replies":[{"embeddable":true,"href":"https:\/\/www.noticiasradioreflejos.com.ar\/2021\/wp-json\/wp\/v2\/comments?post=81759"}],"version-history":[{"count":1,"href":"https:\/\/www.noticiasradioreflejos.com.ar\/2021\/wp-json\/wp\/v2\/posts\/81759\/revisions"}],"predecessor-version":[{"id":81761,"href":"https:\/\/www.noticiasradioreflejos.com.ar\/2021\/wp-json\/wp\/v2\/posts\/81759\/revisions\/81761"}],"wp:attachment":[{"href":"https:\/\/www.noticiasradioreflejos.com.ar\/2021\/wp-json\/wp\/v2\/media?parent=81759"}],"wp:term":[{"taxonomy":"category","embeddable":true,"href":"https:\/\/www.noticiasradioreflejos.com.ar\/2021\/wp-json\/wp\/v2\/categories?post=81759"},{"taxonomy":"post_tag","embeddable":true,"href":"https:\/\/www.noticiasradioreflejos.com.ar\/2021\/wp-json\/wp\/v2\/tags?post=81759"}],"curies":[{"name":"wp","href":"https:\/\/api.w.org\/{rel}","templated":true}]}}