{"id":81754,"date":"2022-12-23T13:03:18","date_gmt":"2022-12-23T13:03:18","guid":{"rendered":"http:\/\/www.noticiasradioreflejos.com.ar\/2021\/?p=81754"},"modified":"2022-12-23T13:04:27","modified_gmt":"2022-12-23T13:04:27","slug":"una-fuerte-tormenta-paso-por-la-comarca-serrana","status":"publish","type":"post","link":"https:\/\/www.noticiasradioreflejos.com.ar\/2021\/una-fuerte-tormenta-paso-por-la-comarca-serrana\/","title":{"rendered":"Una fuerte tormenta pas\u00f3 por la comarca serrana."},"content":{"rendered":"<p>Tal como lo anticip\u00f3 el SMN, en horas de la noche de ayer, una fuerte tormenta con vientos, rel\u00e1mpagos y chaparrones lleg\u00f3 a la zona serrana. <!--more--><\/p>\n<p>Toda la regi\u00f3n sudoeste fue cruzada este jueves por un frente de tormenta que descarg\u00f3 grandes vol\u00famenes de lluvias en varias ciudades, causando algunos destrozos e inconvenientes para el tr\u00e1nsito y sus habitantes.<\/p>\n<p>Bah\u00eda Blanca tuvo 30 mm de precipitaciones y Monte Hermoso 50 mm; en ambas se registraron fuertes vientos.<\/p>\n<p>En Bah\u00eda, de acuerdo al informe que nos envi\u00f3 Defensa Civil las consecuencias del meteoro fueron:<\/p>\n<p>25 llamados aproximadamente y ninguno de mayor relevancia&#8230;<br \/>\n10 llamados por cables cortados o haciendo chispas.<br \/>\n8 llamados por ramas ca\u00eddas y \u00e1rboles que se mueven.<br \/>\n6 llamados por entrada de agua a domicilios en alguno se colabor\u00f3 limpiando los desag\u00fces.<br \/>\n1 llamado por incendio de medidor.<br \/>\nAdem\u00e1s de la Guardia de Emergencias de Defensa Civil, se trabajo en conjunto con Bomberos Oficiales y Voluntarios, Personal de Parques Municipales y EDES&#8230;<\/p>\n<p>En tanto en nuestra comarca, el mayor registro de precipitaciones se di\u00f3 en la ciudad cabecera con 10 mm.<\/p>\n<p>Totales de lluvia hasta las 8 hs de este viernes 23.<\/p>\n<p>4 mm en Sierra de la Ventana<br \/>\n4 mm en Calquin<br \/>\n6 mm en Villa Ventana<br \/>\n10 mm en Tornquist<br \/>\n3.5 mm en El Pantanoso<br \/>\n2 mm en San Eloy<br \/>\n2 mm en Frapal<br \/>\n18 mm en Tres Picos<br \/>\n15 mm en Chasico<br \/>\n5 mm en Cnel Pringles<br \/>\n9 mm en Pigue<br \/>\n7 mm en Dufaur<br \/>\n5 mm en Espartillar<br \/>\n5 mm Saavedra<br \/>\n6 mm en Huanguel\u00e9n 6<br \/>\n30 mm en Bah\u00eda Blanca<\/p>\n<p><strong>Foto de portada: Franco Scialpi<\/strong><\/p>\n","protected":false},"excerpt":{"rendered":"<p>Tal como lo anticip\u00f3 el SMN, en horas de la noche de ayer, una fuerte tormenta con vientos, rel\u00e1mpagos y chaparrones lleg\u00f3 a la zona serrana.<\/p>\n","protected":false},"author":3,"featured_media":80326,"comment_status":"closed","ping_status":"closed","sticky":false,"template":"","format":"standard","meta":{"footnotes":""},"categories":[46],"tags":[48],"class_list":["post-81754","post","type-post","status-publish","format-standard","has-post-thumbnail","hentry","category-ciencia-y-tecnologia","tag-destacada"],"yoast_head":"<!-- This site is optimized with the Yoast SEO plugin v25.9 - https:\/\/yoast.com\/wordpress\/plugins\/seo\/ -->\n<title>Una fuerte tormenta pas\u00f3 por la comarca serrana. - Noticias Radio Reflejos<\/title>\n<meta name=\"robots\" content=\"index, follow, max-snippet:-1, max-image-preview:large, max-video-preview:-1\" \/>\n<link rel=\"canonical\" href=\"https:\/\/www.noticiasradioreflejos.com.ar\/2021\/una-fuerte-tormenta-paso-por-la-comarca-serrana\/\" \/>\n<meta property=\"og:locale\" content=\"es_ES\" \/>\n<meta property=\"og:type\" content=\"article\" \/>\n<meta property=\"og:title\" content=\"Una fuerte tormenta pas\u00f3 por la comarca serrana. - Noticias Radio Reflejos\" \/>\n<meta property=\"og:description\" content=\"Tal como lo anticip\u00f3 el SMN, en horas de la noche de ayer, una fuerte tormenta con vientos, rel\u00e1mpagos y chaparrones lleg\u00f3 a la zona serrana.\" \/>\n<meta property=\"og:url\" content=\"https:\/\/www.noticiasradioreflejos.com.ar\/2021\/una-fuerte-tormenta-paso-por-la-comarca-serrana\/\" \/>\n<meta property=\"og:site_name\" content=\"Noticias Radio Reflejos\" \/>\n<meta property=\"article:published_time\" content=\"2022-12-23T13:03:18+00:00\" \/>\n<meta property=\"article:modified_time\" content=\"2022-12-23T13:04:27+00:00\" \/>\n<meta property=\"og:image\" content=\"https:\/\/www.noticiasradioreflejos.com.ar\/2021\/wp-content\/uploads\/2022\/11\/Tormenta-electrica-en-Sierra.jpg\" \/>\n\t<meta property=\"og:image:width\" content=\"2048\" \/>\n\t<meta property=\"og:image:height\" content=\"1365\" \/>\n\t<meta property=\"og:image:type\" content=\"image\/jpeg\" \/>\n<meta name=\"author\" content=\"Arnaldo Botto\" \/>\n<meta name=\"twitter:card\" content=\"summary_large_image\" \/>\n<script type=\"application\/ld+json\" class=\"yoast-schema-graph\">{\"@context\":\"https:\/\/schema.org\",\"@graph\":[{\"@type\":\"WebPage\",\"@id\":\"https:\/\/www.noticiasradioreflejos.com.ar\/2021\/una-fuerte-tormenta-paso-por-la-comarca-serrana\/\",\"url\":\"https:\/\/www.noticiasradioreflejos.com.ar\/2021\/una-fuerte-tormenta-paso-por-la-comarca-serrana\/\",\"name\":\"Una fuerte tormenta pas\u00f3 por la comarca serrana. - Noticias Radio Reflejos\",\"isPartOf\":{\"@id\":\"https:\/\/www.noticiasradioreflejos.com.ar\/2021\/#website\"},\"primaryImageOfPage\":{\"@id\":\"https:\/\/www.noticiasradioreflejos.com.ar\/2021\/una-fuerte-tormenta-paso-por-la-comarca-serrana\/#primaryimage\"},\"image\":{\"@id\":\"https:\/\/www.noticiasradioreflejos.com.ar\/2021\/una-fuerte-tormenta-paso-por-la-comarca-serrana\/#primaryimage\"},\"thumbnailUrl\":\"https:\/\/www.noticiasradioreflejos.com.ar\/2021\/wp-content\/uploads\/2022\/11\/Tormenta-electrica-en-Sierra.jpg\",\"datePublished\":\"2022-12-23T13:03:18+00:00\",\"dateModified\":\"2022-12-23T13:04:27+00:00\",\"author\":{\"@id\":\"https:\/\/www.noticiasradioreflejos.com.ar\/2021\/#\/schema\/person\/ad82545263dcc5ec0996818884fd5fb1\"},\"breadcrumb\":{\"@id\":\"https:\/\/www.noticiasradioreflejos.com.ar\/2021\/una-fuerte-tormenta-paso-por-la-comarca-serrana\/#breadcrumb\"},\"inLanguage\":\"es\",\"potentialAction\":[{\"@type\":\"ReadAction\",\"target\":[\"https:\/\/www.noticiasradioreflejos.com.ar\/2021\/una-fuerte-tormenta-paso-por-la-comarca-serrana\/\"]}]},{\"@type\":\"ImageObject\",\"inLanguage\":\"es\",\"@id\":\"https:\/\/www.noticiasradioreflejos.com.ar\/2021\/una-fuerte-tormenta-paso-por-la-comarca-serrana\/#primaryimage\",\"url\":\"https:\/\/www.noticiasradioreflejos.com.ar\/2021\/wp-content\/uploads\/2022\/11\/Tormenta-electrica-en-Sierra.jpg\",\"contentUrl\":\"https:\/\/www.noticiasradioreflejos.com.ar\/2021\/wp-content\/uploads\/2022\/11\/Tormenta-electrica-en-Sierra.jpg\",\"width\":2048,\"height\":1365},{\"@type\":\"BreadcrumbList\",\"@id\":\"https:\/\/www.noticiasradioreflejos.com.ar\/2021\/una-fuerte-tormenta-paso-por-la-comarca-serrana\/#breadcrumb\",\"itemListElement\":[{\"@type\":\"ListItem\",\"position\":1,\"name\":\"Portada\",\"item\":\"https:\/\/www.noticiasradioreflejos.com.ar\/2021\/\"},{\"@type\":\"ListItem\",\"position\":2,\"name\":\"Una fuerte tormenta pas\u00f3 por la comarca serrana.\"}]},{\"@type\":\"WebSite\",\"@id\":\"https:\/\/www.noticiasradioreflejos.com.ar\/2021\/#website\",\"url\":\"https:\/\/www.noticiasradioreflejos.com.ar\/2021\/\",\"name\":\"Noticias Radio Reflejos\",\"description\":\"Las noticias de mi comarca\",\"potentialAction\":[{\"@type\":\"SearchAction\",\"target\":{\"@type\":\"EntryPoint\",\"urlTemplate\":\"https:\/\/www.noticiasradioreflejos.com.ar\/2021\/?s={search_term_string}\"},\"query-input\":{\"@type\":\"PropertyValueSpecification\",\"valueRequired\":true,\"valueName\":\"search_term_string\"}}],\"inLanguage\":\"es\"},{\"@type\":\"Person\",\"@id\":\"https:\/\/www.noticiasradioreflejos.com.ar\/2021\/#\/schema\/person\/ad82545263dcc5ec0996818884fd5fb1\",\"name\":\"Arnaldo Botto\",\"image\":{\"@type\":\"ImageObject\",\"inLanguage\":\"es\",\"@id\":\"https:\/\/www.noticiasradioreflejos.com.ar\/2021\/#\/schema\/person\/image\/\",\"url\":\"https:\/\/secure.gravatar.com\/avatar\/55cb5e37c1efa326397366e6974cb338056df65cb50e7d64d1cf314e87504837?s=96&d=mm&r=g\",\"contentUrl\":\"https:\/\/secure.gravatar.com\/avatar\/55cb5e37c1efa326397366e6974cb338056df65cb50e7d64d1cf314e87504837?s=96&d=mm&r=g\",\"caption\":\"Arnaldo Botto\"},\"url\":\"https:\/\/www.noticiasradioreflejos.com.ar\/2021\/author\/arnaldo\/\"}]}<\/script>\n<!-- \/ Yoast SEO plugin. -->","yoast_head_json":{"title":"Una fuerte tormenta pas\u00f3 por la comarca serrana. - Noticias Radio Reflejos","robots":{"index":"index","follow":"follow","max-snippet":"max-snippet:-1","max-image-preview":"max-image-preview:large","max-video-preview":"max-video-preview:-1"},"canonical":"https:\/\/www.noticiasradioreflejos.com.ar\/2021\/una-fuerte-tormenta-paso-por-la-comarca-serrana\/","og_locale":"es_ES","og_type":"article","og_title":"Una fuerte tormenta pas\u00f3 por la comarca serrana. - Noticias Radio Reflejos","og_description":"Tal como lo anticip\u00f3 el SMN, en horas de la noche de ayer, una fuerte tormenta con vientos, rel\u00e1mpagos y chaparrones lleg\u00f3 a la zona serrana.","og_url":"https:\/\/www.noticiasradioreflejos.com.ar\/2021\/una-fuerte-tormenta-paso-por-la-comarca-serrana\/","og_site_name":"Noticias Radio Reflejos","article_published_time":"2022-12-23T13:03:18+00:00","article_modified_time":"2022-12-23T13:04:27+00:00","og_image":[{"width":2048,"height":1365,"url":"https:\/\/www.noticiasradioreflejos.com.ar\/2021\/wp-content\/uploads\/2022\/11\/Tormenta-electrica-en-Sierra.jpg","type":"image\/jpeg"}],"author":"Arnaldo Botto","twitter_card":"summary_large_image","schema":{"@context":"https:\/\/schema.org","@graph":[{"@type":"WebPage","@id":"https:\/\/www.noticiasradioreflejos.com.ar\/2021\/una-fuerte-tormenta-paso-por-la-comarca-serrana\/","url":"https:\/\/www.noticiasradioreflejos.com.ar\/2021\/una-fuerte-tormenta-paso-por-la-comarca-serrana\/","name":"Una fuerte tormenta pas\u00f3 por la comarca serrana. - Noticias Radio Reflejos","isPartOf":{"@id":"https:\/\/www.noticiasradioreflejos.com.ar\/2021\/#website"},"primaryImageOfPage":{"@id":"https:\/\/www.noticiasradioreflejos.com.ar\/2021\/una-fuerte-tormenta-paso-por-la-comarca-serrana\/#primaryimage"},"image":{"@id":"https:\/\/www.noticiasradioreflejos.com.ar\/2021\/una-fuerte-tormenta-paso-por-la-comarca-serrana\/#primaryimage"},"thumbnailUrl":"https:\/\/www.noticiasradioreflejos.com.ar\/2021\/wp-content\/uploads\/2022\/11\/Tormenta-electrica-en-Sierra.jpg","datePublished":"2022-12-23T13:03:18+00:00","dateModified":"2022-12-23T13:04:27+00:00","author":{"@id":"https:\/\/www.noticiasradioreflejos.com.ar\/2021\/#\/schema\/person\/ad82545263dcc5ec0996818884fd5fb1"},"breadcrumb":{"@id":"https:\/\/www.noticiasradioreflejos.com.ar\/2021\/una-fuerte-tormenta-paso-por-la-comarca-serrana\/#breadcrumb"},"inLanguage":"es","potentialAction":[{"@type":"ReadAction","target":["https:\/\/www.noticiasradioreflejos.com.ar\/2021\/una-fuerte-tormenta-paso-por-la-comarca-serrana\/"]}]},{"@type":"ImageObject","inLanguage":"es","@id":"https:\/\/www.noticiasradioreflejos.com.ar\/2021\/una-fuerte-tormenta-paso-por-la-comarca-serrana\/#primaryimage","url":"https:\/\/www.noticiasradioreflejos.com.ar\/2021\/wp-content\/uploads\/2022\/11\/Tormenta-electrica-en-Sierra.jpg","contentUrl":"https:\/\/www.noticiasradioreflejos.com.ar\/2021\/wp-content\/uploads\/2022\/11\/Tormenta-electrica-en-Sierra.jpg","width":2048,"height":1365},{"@type":"BreadcrumbList","@id":"https:\/\/www.noticiasradioreflejos.com.ar\/2021\/una-fuerte-tormenta-paso-por-la-comarca-serrana\/#breadcrumb","itemListElement":[{"@type":"ListItem","position":1,"name":"Portada","item":"https:\/\/www.noticiasradioreflejos.com.ar\/2021\/"},{"@type":"ListItem","position":2,"name":"Una fuerte tormenta pas\u00f3 por la comarca serrana."}]},{"@type":"WebSite","@id":"https:\/\/www.noticiasradioreflejos.com.ar\/2021\/#website","url":"https:\/\/www.noticiasradioreflejos.com.ar\/2021\/","name":"Noticias Radio Reflejos","description":"Las noticias de mi comarca","potentialAction":[{"@type":"SearchAction","target":{"@type":"EntryPoint","urlTemplate":"https:\/\/www.noticiasradioreflejos.com.ar\/2021\/?s={search_term_string}"},"query-input":{"@type":"PropertyValueSpecification","valueRequired":true,"valueName":"search_term_string"}}],"inLanguage":"es"},{"@type":"Person","@id":"https:\/\/www.noticiasradioreflejos.com.ar\/2021\/#\/schema\/person\/ad82545263dcc5ec0996818884fd5fb1","name":"Arnaldo Botto","image":{"@type":"ImageObject","inLanguage":"es","@id":"https:\/\/www.noticiasradioreflejos.com.ar\/2021\/#\/schema\/person\/image\/","url":"https:\/\/secure.gravatar.com\/avatar\/55cb5e37c1efa326397366e6974cb338056df65cb50e7d64d1cf314e87504837?s=96&d=mm&r=g","contentUrl":"https:\/\/secure.gravatar.com\/avatar\/55cb5e37c1efa326397366e6974cb338056df65cb50e7d64d1cf314e87504837?s=96&d=mm&r=g","caption":"Arnaldo Botto"},"url":"https:\/\/www.noticiasradioreflejos.com.ar\/2021\/author\/arnaldo\/"}]}},"_links":{"self":[{"href":"https:\/\/www.noticiasradioreflejos.com.ar\/2021\/wp-json\/wp\/v2\/posts\/81754","targetHints":{"allow":["GET"]}}],"collection":[{"href":"https:\/\/www.noticiasradioreflejos.com.ar\/2021\/wp-json\/wp\/v2\/posts"}],"about":[{"href":"https:\/\/www.noticiasradioreflejos.com.ar\/2021\/wp-json\/wp\/v2\/types\/post"}],"author":[{"embeddable":true,"href":"https:\/\/www.noticiasradioreflejos.com.ar\/2021\/wp-json\/wp\/v2\/users\/3"}],"replies":[{"embeddable":true,"href":"https:\/\/www.noticiasradioreflejos.com.ar\/2021\/wp-json\/wp\/v2\/comments?post=81754"}],"version-history":[{"count":1,"href":"https:\/\/www.noticiasradioreflejos.com.ar\/2021\/wp-json\/wp\/v2\/posts\/81754\/revisions"}],"predecessor-version":[{"id":81758,"href":"https:\/\/www.noticiasradioreflejos.com.ar\/2021\/wp-json\/wp\/v2\/posts\/81754\/revisions\/81758"}],"wp:featuredmedia":[{"embeddable":true,"href":"https:\/\/www.noticiasradioreflejos.com.ar\/2021\/wp-json\/wp\/v2\/media\/80326"}],"wp:attachment":[{"href":"https:\/\/www.noticiasradioreflejos.com.ar\/2021\/wp-json\/wp\/v2\/media?parent=81754"}],"wp:term":[{"taxonomy":"category","embeddable":true,"href":"https:\/\/www.noticiasradioreflejos.com.ar\/2021\/wp-json\/wp\/v2\/categories?post=81754"},{"taxonomy":"post_tag","embeddable":true,"href":"https:\/\/www.noticiasradioreflejos.com.ar\/2021\/wp-json\/wp\/v2\/tags?post=81754"}],"curies":[{"name":"wp","href":"https:\/\/api.w.org\/{rel}","templated":true}]}}