{"id":81751,"date":"2022-12-23T12:33:15","date_gmt":"2022-12-23T12:33:15","guid":{"rendered":"http:\/\/www.noticiasradioreflejos.com.ar\/2021\/?p=81751"},"modified":"2022-12-23T12:33:15","modified_gmt":"2022-12-23T12:33:15","slug":"papa-noel-paso-por-la-casa-del-nino-maria-elena-walsh","status":"publish","type":"post","link":"https:\/\/www.noticiasradioreflejos.com.ar\/2021\/papa-noel-paso-por-la-casa-del-nino-maria-elena-walsh\/","title":{"rendered":"Pap\u00e1 Noel pas\u00f3 por la Casa del Ni\u00f1o \u2018Mar\u00eda Elena Walsh\u2019"},"content":{"rendered":"<p>Pap\u00e1 Noel adelant\u00f3 tres d\u00edas su llegada a Tornquist y este jueves visit\u00f3 la Casa del Ni\u00f1o \u2018Mar\u00eda Elena Walsh\u2019, donde reparti\u00f3 obsequios para todos los ni\u00f1os y ni\u00f1as presentes y que concurren diariamente al lugar (alrededor de 80).<!--more--><\/p>\n<p><a data-flickr-embed=\"true\" href=\"https:\/\/www.flickr.com\/photos\/182279889@N02\/52581662283\/in\/dateposted-public\/\" title=\"DSC_2809\"><img loading=\"lazy\" decoding=\"async\" src=\"https:\/\/live.staticflickr.com\/65535\/52581662283_d871c063a9_c.jpg\" width=\"800\" height=\"534\" alt=\"DSC_2809\"><\/a><script async src=\"\/\/embedr.flickr.com\/assets\/client-code.js\" charset=\"utf-8\"><\/script><\/p>\n<p>Con la presencia de las familias, todos se llevaron una foto con \u2018Santa\u2019 y se sortearon dos monopatines y una bicicleta.<\/p>\n<p>Estuvieron presentes la Secretaria de Hacienda, Estefan\u00eda Bordoni, el Subsecretario del \u00e1rea, Lic. Bruno Zacconi, y la Subsecretaria de Juventudes, Pol\u00edticas de G\u00e9nero y Diversidades, Daniela Aguilar.<\/p>\n<p><a data-flickr-embed=\"true\" href=\"https:\/\/www.flickr.com\/photos\/182279889@N02\/52581580965\/in\/dateposted-public\/\" title=\"DSC_2820\"><img loading=\"lazy\" decoding=\"async\" src=\"https:\/\/live.staticflickr.com\/65535\/52581580965_56ba213070_c.jpg\" width=\"800\" height=\"534\" alt=\"DSC_2820\"><\/a><script async src=\"\/\/embedr.flickr.com\/assets\/client-code.js\" charset=\"utf-8\"><\/script><\/p>\n","protected":false},"excerpt":{"rendered":"<p>Pap\u00e1 Noel adelant\u00f3 tres d\u00edas su llegada a Tornquist y este jueves visit\u00f3 la Casa del Ni\u00f1o \u2018Mar\u00eda Elena Walsh\u2019, donde reparti\u00f3 obsequios para todos los ni\u00f1os y ni\u00f1as presentes y que concurren diariamente al lugar (alrededor de 80).<\/p>\n","protected":false},"author":3,"featured_media":0,"comment_status":"closed","ping_status":"closed","sticky":false,"template":"","format":"standard","meta":{"footnotes":""},"categories":[28],"tags":[],"class_list":["post-81751","post","type-post","status-publish","format-standard","hentry","category-municipales"],"yoast_head":"<!-- This site is optimized with the Yoast SEO plugin v25.9 - https:\/\/yoast.com\/wordpress\/plugins\/seo\/ -->\n<title>Pap\u00e1 Noel pas\u00f3 por la Casa del Ni\u00f1o \u2018Mar\u00eda Elena Walsh\u2019 - Noticias Radio Reflejos<\/title>\n<meta name=\"robots\" content=\"index, follow, max-snippet:-1, max-image-preview:large, max-video-preview:-1\" \/>\n<link rel=\"canonical\" href=\"https:\/\/www.noticiasradioreflejos.com.ar\/2021\/papa-noel-paso-por-la-casa-del-nino-maria-elena-walsh\/\" \/>\n<meta property=\"og:locale\" content=\"es_ES\" \/>\n<meta property=\"og:type\" content=\"article\" \/>\n<meta property=\"og:title\" content=\"Pap\u00e1 Noel pas\u00f3 por la Casa del Ni\u00f1o \u2018Mar\u00eda Elena Walsh\u2019 - Noticias Radio Reflejos\" \/>\n<meta property=\"og:description\" content=\"Pap\u00e1 Noel adelant\u00f3 tres d\u00edas su llegada a Tornquist y este jueves visit\u00f3 la Casa del Ni\u00f1o \u2018Mar\u00eda Elena Walsh\u2019, donde reparti\u00f3 obsequios para todos los ni\u00f1os y ni\u00f1as presentes y que concurren diariamente al lugar (alrededor de 80).\" \/>\n<meta property=\"og:url\" content=\"https:\/\/www.noticiasradioreflejos.com.ar\/2021\/papa-noel-paso-por-la-casa-del-nino-maria-elena-walsh\/\" \/>\n<meta property=\"og:site_name\" content=\"Noticias Radio Reflejos\" \/>\n<meta property=\"article:published_time\" content=\"2022-12-23T12:33:15+00:00\" \/>\n<meta property=\"og:image\" content=\"https:\/\/live.staticflickr.com\/65535\/52581662283_d871c063a9_c.jpg\" \/>\n<meta name=\"author\" content=\"Arnaldo Botto\" \/>\n<meta name=\"twitter:card\" content=\"summary_large_image\" \/>\n<script type=\"application\/ld+json\" class=\"yoast-schema-graph\">{\"@context\":\"https:\/\/schema.org\",\"@graph\":[{\"@type\":\"WebPage\",\"@id\":\"https:\/\/www.noticiasradioreflejos.com.ar\/2021\/papa-noel-paso-por-la-casa-del-nino-maria-elena-walsh\/\",\"url\":\"https:\/\/www.noticiasradioreflejos.com.ar\/2021\/papa-noel-paso-por-la-casa-del-nino-maria-elena-walsh\/\",\"name\":\"Pap\u00e1 Noel pas\u00f3 por la Casa del Ni\u00f1o \u2018Mar\u00eda Elena Walsh\u2019 - Noticias Radio Reflejos\",\"isPartOf\":{\"@id\":\"https:\/\/www.noticiasradioreflejos.com.ar\/2021\/#website\"},\"primaryImageOfPage\":{\"@id\":\"https:\/\/www.noticiasradioreflejos.com.ar\/2021\/papa-noel-paso-por-la-casa-del-nino-maria-elena-walsh\/#primaryimage\"},\"image\":{\"@id\":\"https:\/\/www.noticiasradioreflejos.com.ar\/2021\/papa-noel-paso-por-la-casa-del-nino-maria-elena-walsh\/#primaryimage\"},\"thumbnailUrl\":\"https:\/\/live.staticflickr.com\/65535\/52581662283_d871c063a9_c.jpg\",\"datePublished\":\"2022-12-23T12:33:15+00:00\",\"author\":{\"@id\":\"https:\/\/www.noticiasradioreflejos.com.ar\/2021\/#\/schema\/person\/ad82545263dcc5ec0996818884fd5fb1\"},\"breadcrumb\":{\"@id\":\"https:\/\/www.noticiasradioreflejos.com.ar\/2021\/papa-noel-paso-por-la-casa-del-nino-maria-elena-walsh\/#breadcrumb\"},\"inLanguage\":\"es\",\"potentialAction\":[{\"@type\":\"ReadAction\",\"target\":[\"https:\/\/www.noticiasradioreflejos.com.ar\/2021\/papa-noel-paso-por-la-casa-del-nino-maria-elena-walsh\/\"]}]},{\"@type\":\"ImageObject\",\"inLanguage\":\"es\",\"@id\":\"https:\/\/www.noticiasradioreflejos.com.ar\/2021\/papa-noel-paso-por-la-casa-del-nino-maria-elena-walsh\/#primaryimage\",\"url\":\"https:\/\/live.staticflickr.com\/65535\/52581662283_d871c063a9_c.jpg\",\"contentUrl\":\"https:\/\/live.staticflickr.com\/65535\/52581662283_d871c063a9_c.jpg\"},{\"@type\":\"BreadcrumbList\",\"@id\":\"https:\/\/www.noticiasradioreflejos.com.ar\/2021\/papa-noel-paso-por-la-casa-del-nino-maria-elena-walsh\/#breadcrumb\",\"itemListElement\":[{\"@type\":\"ListItem\",\"position\":1,\"name\":\"Portada\",\"item\":\"https:\/\/www.noticiasradioreflejos.com.ar\/2021\/\"},{\"@type\":\"ListItem\",\"position\":2,\"name\":\"Pap\u00e1 Noel pas\u00f3 por la Casa del Ni\u00f1o \u2018Mar\u00eda Elena Walsh\u2019\"}]},{\"@type\":\"WebSite\",\"@id\":\"https:\/\/www.noticiasradioreflejos.com.ar\/2021\/#website\",\"url\":\"https:\/\/www.noticiasradioreflejos.com.ar\/2021\/\",\"name\":\"Noticias Radio Reflejos\",\"description\":\"Las noticias de mi comarca\",\"potentialAction\":[{\"@type\":\"SearchAction\",\"target\":{\"@type\":\"EntryPoint\",\"urlTemplate\":\"https:\/\/www.noticiasradioreflejos.com.ar\/2021\/?s={search_term_string}\"},\"query-input\":{\"@type\":\"PropertyValueSpecification\",\"valueRequired\":true,\"valueName\":\"search_term_string\"}}],\"inLanguage\":\"es\"},{\"@type\":\"Person\",\"@id\":\"https:\/\/www.noticiasradioreflejos.com.ar\/2021\/#\/schema\/person\/ad82545263dcc5ec0996818884fd5fb1\",\"name\":\"Arnaldo Botto\",\"image\":{\"@type\":\"ImageObject\",\"inLanguage\":\"es\",\"@id\":\"https:\/\/www.noticiasradioreflejos.com.ar\/2021\/#\/schema\/person\/image\/\",\"url\":\"https:\/\/secure.gravatar.com\/avatar\/55cb5e37c1efa326397366e6974cb338056df65cb50e7d64d1cf314e87504837?s=96&d=mm&r=g\",\"contentUrl\":\"https:\/\/secure.gravatar.com\/avatar\/55cb5e37c1efa326397366e6974cb338056df65cb50e7d64d1cf314e87504837?s=96&d=mm&r=g\",\"caption\":\"Arnaldo Botto\"},\"url\":\"https:\/\/www.noticiasradioreflejos.com.ar\/2021\/author\/arnaldo\/\"}]}<\/script>\n<!-- \/ Yoast SEO plugin. -->","yoast_head_json":{"title":"Pap\u00e1 Noel pas\u00f3 por la Casa del Ni\u00f1o \u2018Mar\u00eda Elena Walsh\u2019 - Noticias Radio Reflejos","robots":{"index":"index","follow":"follow","max-snippet":"max-snippet:-1","max-image-preview":"max-image-preview:large","max-video-preview":"max-video-preview:-1"},"canonical":"https:\/\/www.noticiasradioreflejos.com.ar\/2021\/papa-noel-paso-por-la-casa-del-nino-maria-elena-walsh\/","og_locale":"es_ES","og_type":"article","og_title":"Pap\u00e1 Noel pas\u00f3 por la Casa del Ni\u00f1o \u2018Mar\u00eda Elena Walsh\u2019 - Noticias Radio Reflejos","og_description":"Pap\u00e1 Noel adelant\u00f3 tres d\u00edas su llegada a Tornquist y este jueves visit\u00f3 la Casa del Ni\u00f1o \u2018Mar\u00eda Elena Walsh\u2019, donde reparti\u00f3 obsequios para todos los ni\u00f1os y ni\u00f1as presentes y que concurren diariamente al lugar (alrededor de 80).","og_url":"https:\/\/www.noticiasradioreflejos.com.ar\/2021\/papa-noel-paso-por-la-casa-del-nino-maria-elena-walsh\/","og_site_name":"Noticias Radio Reflejos","article_published_time":"2022-12-23T12:33:15+00:00","og_image":[{"url":"https:\/\/live.staticflickr.com\/65535\/52581662283_d871c063a9_c.jpg","type":"","width":"","height":""}],"author":"Arnaldo Botto","twitter_card":"summary_large_image","schema":{"@context":"https:\/\/schema.org","@graph":[{"@type":"WebPage","@id":"https:\/\/www.noticiasradioreflejos.com.ar\/2021\/papa-noel-paso-por-la-casa-del-nino-maria-elena-walsh\/","url":"https:\/\/www.noticiasradioreflejos.com.ar\/2021\/papa-noel-paso-por-la-casa-del-nino-maria-elena-walsh\/","name":"Pap\u00e1 Noel pas\u00f3 por la Casa del Ni\u00f1o \u2018Mar\u00eda Elena Walsh\u2019 - Noticias Radio Reflejos","isPartOf":{"@id":"https:\/\/www.noticiasradioreflejos.com.ar\/2021\/#website"},"primaryImageOfPage":{"@id":"https:\/\/www.noticiasradioreflejos.com.ar\/2021\/papa-noel-paso-por-la-casa-del-nino-maria-elena-walsh\/#primaryimage"},"image":{"@id":"https:\/\/www.noticiasradioreflejos.com.ar\/2021\/papa-noel-paso-por-la-casa-del-nino-maria-elena-walsh\/#primaryimage"},"thumbnailUrl":"https:\/\/live.staticflickr.com\/65535\/52581662283_d871c063a9_c.jpg","datePublished":"2022-12-23T12:33:15+00:00","author":{"@id":"https:\/\/www.noticiasradioreflejos.com.ar\/2021\/#\/schema\/person\/ad82545263dcc5ec0996818884fd5fb1"},"breadcrumb":{"@id":"https:\/\/www.noticiasradioreflejos.com.ar\/2021\/papa-noel-paso-por-la-casa-del-nino-maria-elena-walsh\/#breadcrumb"},"inLanguage":"es","potentialAction":[{"@type":"ReadAction","target":["https:\/\/www.noticiasradioreflejos.com.ar\/2021\/papa-noel-paso-por-la-casa-del-nino-maria-elena-walsh\/"]}]},{"@type":"ImageObject","inLanguage":"es","@id":"https:\/\/www.noticiasradioreflejos.com.ar\/2021\/papa-noel-paso-por-la-casa-del-nino-maria-elena-walsh\/#primaryimage","url":"https:\/\/live.staticflickr.com\/65535\/52581662283_d871c063a9_c.jpg","contentUrl":"https:\/\/live.staticflickr.com\/65535\/52581662283_d871c063a9_c.jpg"},{"@type":"BreadcrumbList","@id":"https:\/\/www.noticiasradioreflejos.com.ar\/2021\/papa-noel-paso-por-la-casa-del-nino-maria-elena-walsh\/#breadcrumb","itemListElement":[{"@type":"ListItem","position":1,"name":"Portada","item":"https:\/\/www.noticiasradioreflejos.com.ar\/2021\/"},{"@type":"ListItem","position":2,"name":"Pap\u00e1 Noel pas\u00f3 por la Casa del Ni\u00f1o \u2018Mar\u00eda Elena Walsh\u2019"}]},{"@type":"WebSite","@id":"https:\/\/www.noticiasradioreflejos.com.ar\/2021\/#website","url":"https:\/\/www.noticiasradioreflejos.com.ar\/2021\/","name":"Noticias Radio Reflejos","description":"Las noticias de mi comarca","potentialAction":[{"@type":"SearchAction","target":{"@type":"EntryPoint","urlTemplate":"https:\/\/www.noticiasradioreflejos.com.ar\/2021\/?s={search_term_string}"},"query-input":{"@type":"PropertyValueSpecification","valueRequired":true,"valueName":"search_term_string"}}],"inLanguage":"es"},{"@type":"Person","@id":"https:\/\/www.noticiasradioreflejos.com.ar\/2021\/#\/schema\/person\/ad82545263dcc5ec0996818884fd5fb1","name":"Arnaldo Botto","image":{"@type":"ImageObject","inLanguage":"es","@id":"https:\/\/www.noticiasradioreflejos.com.ar\/2021\/#\/schema\/person\/image\/","url":"https:\/\/secure.gravatar.com\/avatar\/55cb5e37c1efa326397366e6974cb338056df65cb50e7d64d1cf314e87504837?s=96&d=mm&r=g","contentUrl":"https:\/\/secure.gravatar.com\/avatar\/55cb5e37c1efa326397366e6974cb338056df65cb50e7d64d1cf314e87504837?s=96&d=mm&r=g","caption":"Arnaldo Botto"},"url":"https:\/\/www.noticiasradioreflejos.com.ar\/2021\/author\/arnaldo\/"}]}},"_links":{"self":[{"href":"https:\/\/www.noticiasradioreflejos.com.ar\/2021\/wp-json\/wp\/v2\/posts\/81751","targetHints":{"allow":["GET"]}}],"collection":[{"href":"https:\/\/www.noticiasradioreflejos.com.ar\/2021\/wp-json\/wp\/v2\/posts"}],"about":[{"href":"https:\/\/www.noticiasradioreflejos.com.ar\/2021\/wp-json\/wp\/v2\/types\/post"}],"author":[{"embeddable":true,"href":"https:\/\/www.noticiasradioreflejos.com.ar\/2021\/wp-json\/wp\/v2\/users\/3"}],"replies":[{"embeddable":true,"href":"https:\/\/www.noticiasradioreflejos.com.ar\/2021\/wp-json\/wp\/v2\/comments?post=81751"}],"version-history":[{"count":1,"href":"https:\/\/www.noticiasradioreflejos.com.ar\/2021\/wp-json\/wp\/v2\/posts\/81751\/revisions"}],"predecessor-version":[{"id":81753,"href":"https:\/\/www.noticiasradioreflejos.com.ar\/2021\/wp-json\/wp\/v2\/posts\/81751\/revisions\/81753"}],"wp:attachment":[{"href":"https:\/\/www.noticiasradioreflejos.com.ar\/2021\/wp-json\/wp\/v2\/media?parent=81751"}],"wp:term":[{"taxonomy":"category","embeddable":true,"href":"https:\/\/www.noticiasradioreflejos.com.ar\/2021\/wp-json\/wp\/v2\/categories?post=81751"},{"taxonomy":"post_tag","embeddable":true,"href":"https:\/\/www.noticiasradioreflejos.com.ar\/2021\/wp-json\/wp\/v2\/tags?post=81751"}],"curies":[{"name":"wp","href":"https:\/\/api.w.org\/{rel}","templated":true}]}}