{"id":81738,"date":"2022-12-22T17:17:34","date_gmt":"2022-12-22T17:17:34","guid":{"rendered":"http:\/\/www.noticiasradioreflejos.com.ar\/2021\/?p=81738"},"modified":"2022-12-22T17:17:34","modified_gmt":"2022-12-22T17:17:34","slug":"medidas-proteccion-ante-el-aumento-de-casos-de-covid-19-en-los-centro-de-salud-del-distrito","status":"publish","type":"post","link":"https:\/\/www.noticiasradioreflejos.com.ar\/2021\/medidas-proteccion-ante-el-aumento-de-casos-de-covid-19-en-los-centro-de-salud-del-distrito\/","title":{"rendered":"Medidas protecci\u00f3n ante el aumento de casos de Covid-19 en los Centro de Salud del distrito"},"content":{"rendered":"<p>Ante el progresivo aumento de casos de Covid-19 de las \u00faltimas semanas, la Secretar\u00eda de Salud municipal dispuso nuevas medidas para los Centros de Salud del distrito, especialmente para el \u00e1rea de internaci\u00f3n. <!--more--><\/p>\n<p><a data-flickr-embed=\"true\" href=\"https:\/\/www.flickr.com\/photos\/182279889@N02\/52580204350\/in\/dateposted-public\/\" title=\"barbijo\"><img loading=\"lazy\" decoding=\"async\" src=\"https:\/\/live.staticflickr.com\/65535\/52580204350_c2d9384ecc_c.jpg\" width=\"800\" height=\"800\" alt=\"barbijo\"><\/a><script async src=\"\/\/embedr.flickr.com\/assets\/client-code.js\" charset=\"utf-8\"><\/script><\/p>\n<p>En tal sentido, a partir del d\u00eda de la fecha, el uso de barbijo ser\u00e1 obligatorio para los hospitales y Caps; y en lo que respecta al \u00e1rea de internaci\u00f3n, tanto en el Hospital menor de Sierra de la Ventana \u201cDr. Emilio Aldaya\u201d, y el Hospital Municipal \u201cDr. Alberto Castro\u201d de Tornquist, solo se permitir\u00e1 un acompa\u00f1ante por persona internada, y quedar\u00e1n suspendidas las visitas a enfermos de cualquier patolog\u00eda. <\/p>\n<p><a data-flickr-embed=\"true\" href=\"https:\/\/www.flickr.com\/photos\/182279889@N02\/52579763476\/in\/dateposted-public\/\" title=\"internaci\u00f3n\"><img loading=\"lazy\" decoding=\"async\" src=\"https:\/\/live.staticflickr.com\/65535\/52579763476_efdbe2d08d_c.jpg\" width=\"800\" height=\"800\" alt=\"internaci\u00f3n\"><\/a><script async src=\"\/\/embedr.flickr.com\/assets\/client-code.js\" charset=\"utf-8\"><\/script><\/p>\n<p><a data-flickr-embed=\"true\" href=\"https:\/\/www.flickr.com\/photos\/182279889@N02\/52580031559\/in\/dateposted-public\/\" title=\"internacion1\"><img loading=\"lazy\" decoding=\"async\" src=\"https:\/\/live.staticflickr.com\/65535\/52580031559_868ce8cca0_c.jpg\" width=\"800\" height=\"800\" alt=\"internacion1\"><\/a><script async src=\"\/\/embedr.flickr.com\/assets\/client-code.js\" charset=\"utf-8\"><\/script><\/p>\n","protected":false},"excerpt":{"rendered":"<p>Ante el progresivo aumento de casos de Covid-19 de las \u00faltimas semanas, la Secretar\u00eda de Salud municipal dispuso nuevas medidas para los Centros de Salud del distrito, especialmente para el \u00e1rea de internaci\u00f3n.<\/p>\n","protected":false},"author":3,"featured_media":56903,"comment_status":"closed","ping_status":"closed","sticky":false,"template":"","format":"standard","meta":{"footnotes":""},"categories":[30],"tags":[],"class_list":["post-81738","post","type-post","status-publish","format-standard","has-post-thumbnail","hentry","category-salud"],"yoast_head":"<!-- This site is optimized with the Yoast SEO plugin v25.9 - https:\/\/yoast.com\/wordpress\/plugins\/seo\/ -->\n<title>Medidas protecci\u00f3n ante el aumento de casos de Covid-19 en los Centro de Salud del distrito - Noticias Radio Reflejos<\/title>\n<meta name=\"robots\" content=\"index, follow, max-snippet:-1, max-image-preview:large, max-video-preview:-1\" \/>\n<link rel=\"canonical\" href=\"https:\/\/www.noticiasradioreflejos.com.ar\/2021\/medidas-proteccion-ante-el-aumento-de-casos-de-covid-19-en-los-centro-de-salud-del-distrito\/\" \/>\n<meta property=\"og:locale\" content=\"es_ES\" \/>\n<meta property=\"og:type\" content=\"article\" \/>\n<meta property=\"og:title\" content=\"Medidas protecci\u00f3n ante el aumento de casos de Covid-19 en los Centro de Salud del distrito - Noticias Radio Reflejos\" \/>\n<meta property=\"og:description\" content=\"Ante el progresivo aumento de casos de Covid-19 de las \u00faltimas semanas, la Secretar\u00eda de Salud municipal dispuso nuevas medidas para los Centros de Salud del distrito, especialmente para el \u00e1rea de internaci\u00f3n.\" \/>\n<meta property=\"og:url\" content=\"https:\/\/www.noticiasradioreflejos.com.ar\/2021\/medidas-proteccion-ante-el-aumento-de-casos-de-covid-19-en-los-centro-de-salud-del-distrito\/\" \/>\n<meta property=\"og:site_name\" content=\"Noticias Radio Reflejos\" \/>\n<meta property=\"article:published_time\" content=\"2022-12-22T17:17:34+00:00\" \/>\n<meta property=\"og:image\" content=\"https:\/\/www.noticiasradioreflejos.com.ar\/2021\/wp-content\/uploads\/2021\/05\/Covid-1.jpg\" \/>\n\t<meta property=\"og:image:width\" content=\"640\" \/>\n\t<meta property=\"og:image:height\" content=\"360\" \/>\n\t<meta property=\"og:image:type\" content=\"image\/jpeg\" \/>\n<meta name=\"author\" content=\"Arnaldo Botto\" \/>\n<meta name=\"twitter:card\" content=\"summary_large_image\" \/>\n<script type=\"application\/ld+json\" class=\"yoast-schema-graph\">{\"@context\":\"https:\/\/schema.org\",\"@graph\":[{\"@type\":\"WebPage\",\"@id\":\"https:\/\/www.noticiasradioreflejos.com.ar\/2021\/medidas-proteccion-ante-el-aumento-de-casos-de-covid-19-en-los-centro-de-salud-del-distrito\/\",\"url\":\"https:\/\/www.noticiasradioreflejos.com.ar\/2021\/medidas-proteccion-ante-el-aumento-de-casos-de-covid-19-en-los-centro-de-salud-del-distrito\/\",\"name\":\"Medidas protecci\u00f3n ante el aumento de casos de Covid-19 en los Centro de Salud del distrito - Noticias Radio Reflejos\",\"isPartOf\":{\"@id\":\"https:\/\/www.noticiasradioreflejos.com.ar\/2021\/#website\"},\"primaryImageOfPage\":{\"@id\":\"https:\/\/www.noticiasradioreflejos.com.ar\/2021\/medidas-proteccion-ante-el-aumento-de-casos-de-covid-19-en-los-centro-de-salud-del-distrito\/#primaryimage\"},\"image\":{\"@id\":\"https:\/\/www.noticiasradioreflejos.com.ar\/2021\/medidas-proteccion-ante-el-aumento-de-casos-de-covid-19-en-los-centro-de-salud-del-distrito\/#primaryimage\"},\"thumbnailUrl\":\"https:\/\/www.noticiasradioreflejos.com.ar\/2021\/wp-content\/uploads\/2021\/05\/Covid-1.jpg\",\"datePublished\":\"2022-12-22T17:17:34+00:00\",\"author\":{\"@id\":\"https:\/\/www.noticiasradioreflejos.com.ar\/2021\/#\/schema\/person\/ad82545263dcc5ec0996818884fd5fb1\"},\"breadcrumb\":{\"@id\":\"https:\/\/www.noticiasradioreflejos.com.ar\/2021\/medidas-proteccion-ante-el-aumento-de-casos-de-covid-19-en-los-centro-de-salud-del-distrito\/#breadcrumb\"},\"inLanguage\":\"es\",\"potentialAction\":[{\"@type\":\"ReadAction\",\"target\":[\"https:\/\/www.noticiasradioreflejos.com.ar\/2021\/medidas-proteccion-ante-el-aumento-de-casos-de-covid-19-en-los-centro-de-salud-del-distrito\/\"]}]},{\"@type\":\"ImageObject\",\"inLanguage\":\"es\",\"@id\":\"https:\/\/www.noticiasradioreflejos.com.ar\/2021\/medidas-proteccion-ante-el-aumento-de-casos-de-covid-19-en-los-centro-de-salud-del-distrito\/#primaryimage\",\"url\":\"https:\/\/www.noticiasradioreflejos.com.ar\/2021\/wp-content\/uploads\/2021\/05\/Covid-1.jpg\",\"contentUrl\":\"https:\/\/www.noticiasradioreflejos.com.ar\/2021\/wp-content\/uploads\/2021\/05\/Covid-1.jpg\",\"width\":640,\"height\":360},{\"@type\":\"BreadcrumbList\",\"@id\":\"https:\/\/www.noticiasradioreflejos.com.ar\/2021\/medidas-proteccion-ante-el-aumento-de-casos-de-covid-19-en-los-centro-de-salud-del-distrito\/#breadcrumb\",\"itemListElement\":[{\"@type\":\"ListItem\",\"position\":1,\"name\":\"Portada\",\"item\":\"https:\/\/www.noticiasradioreflejos.com.ar\/2021\/\"},{\"@type\":\"ListItem\",\"position\":2,\"name\":\"Medidas protecci\u00f3n ante el aumento de casos de Covid-19 en los Centro de Salud del distrito\"}]},{\"@type\":\"WebSite\",\"@id\":\"https:\/\/www.noticiasradioreflejos.com.ar\/2021\/#website\",\"url\":\"https:\/\/www.noticiasradioreflejos.com.ar\/2021\/\",\"name\":\"Noticias Radio Reflejos\",\"description\":\"Las noticias de mi comarca\",\"potentialAction\":[{\"@type\":\"SearchAction\",\"target\":{\"@type\":\"EntryPoint\",\"urlTemplate\":\"https:\/\/www.noticiasradioreflejos.com.ar\/2021\/?s={search_term_string}\"},\"query-input\":{\"@type\":\"PropertyValueSpecification\",\"valueRequired\":true,\"valueName\":\"search_term_string\"}}],\"inLanguage\":\"es\"},{\"@type\":\"Person\",\"@id\":\"https:\/\/www.noticiasradioreflejos.com.ar\/2021\/#\/schema\/person\/ad82545263dcc5ec0996818884fd5fb1\",\"name\":\"Arnaldo Botto\",\"image\":{\"@type\":\"ImageObject\",\"inLanguage\":\"es\",\"@id\":\"https:\/\/www.noticiasradioreflejos.com.ar\/2021\/#\/schema\/person\/image\/\",\"url\":\"https:\/\/secure.gravatar.com\/avatar\/55cb5e37c1efa326397366e6974cb338056df65cb50e7d64d1cf314e87504837?s=96&d=mm&r=g\",\"contentUrl\":\"https:\/\/secure.gravatar.com\/avatar\/55cb5e37c1efa326397366e6974cb338056df65cb50e7d64d1cf314e87504837?s=96&d=mm&r=g\",\"caption\":\"Arnaldo Botto\"},\"url\":\"https:\/\/www.noticiasradioreflejos.com.ar\/2021\/author\/arnaldo\/\"}]}<\/script>\n<!-- \/ Yoast SEO plugin. -->","yoast_head_json":{"title":"Medidas protecci\u00f3n ante el aumento de casos de Covid-19 en los Centro de Salud del distrito - Noticias Radio Reflejos","robots":{"index":"index","follow":"follow","max-snippet":"max-snippet:-1","max-image-preview":"max-image-preview:large","max-video-preview":"max-video-preview:-1"},"canonical":"https:\/\/www.noticiasradioreflejos.com.ar\/2021\/medidas-proteccion-ante-el-aumento-de-casos-de-covid-19-en-los-centro-de-salud-del-distrito\/","og_locale":"es_ES","og_type":"article","og_title":"Medidas protecci\u00f3n ante el aumento de casos de Covid-19 en los Centro de Salud del distrito - Noticias Radio Reflejos","og_description":"Ante el progresivo aumento de casos de Covid-19 de las \u00faltimas semanas, la Secretar\u00eda de Salud municipal dispuso nuevas medidas para los Centros de Salud del distrito, especialmente para el \u00e1rea de internaci\u00f3n.","og_url":"https:\/\/www.noticiasradioreflejos.com.ar\/2021\/medidas-proteccion-ante-el-aumento-de-casos-de-covid-19-en-los-centro-de-salud-del-distrito\/","og_site_name":"Noticias Radio Reflejos","article_published_time":"2022-12-22T17:17:34+00:00","og_image":[{"width":640,"height":360,"url":"https:\/\/www.noticiasradioreflejos.com.ar\/2021\/wp-content\/uploads\/2021\/05\/Covid-1.jpg","type":"image\/jpeg"}],"author":"Arnaldo Botto","twitter_card":"summary_large_image","schema":{"@context":"https:\/\/schema.org","@graph":[{"@type":"WebPage","@id":"https:\/\/www.noticiasradioreflejos.com.ar\/2021\/medidas-proteccion-ante-el-aumento-de-casos-de-covid-19-en-los-centro-de-salud-del-distrito\/","url":"https:\/\/www.noticiasradioreflejos.com.ar\/2021\/medidas-proteccion-ante-el-aumento-de-casos-de-covid-19-en-los-centro-de-salud-del-distrito\/","name":"Medidas protecci\u00f3n ante el aumento de casos de Covid-19 en los Centro de Salud del distrito - Noticias Radio Reflejos","isPartOf":{"@id":"https:\/\/www.noticiasradioreflejos.com.ar\/2021\/#website"},"primaryImageOfPage":{"@id":"https:\/\/www.noticiasradioreflejos.com.ar\/2021\/medidas-proteccion-ante-el-aumento-de-casos-de-covid-19-en-los-centro-de-salud-del-distrito\/#primaryimage"},"image":{"@id":"https:\/\/www.noticiasradioreflejos.com.ar\/2021\/medidas-proteccion-ante-el-aumento-de-casos-de-covid-19-en-los-centro-de-salud-del-distrito\/#primaryimage"},"thumbnailUrl":"https:\/\/www.noticiasradioreflejos.com.ar\/2021\/wp-content\/uploads\/2021\/05\/Covid-1.jpg","datePublished":"2022-12-22T17:17:34+00:00","author":{"@id":"https:\/\/www.noticiasradioreflejos.com.ar\/2021\/#\/schema\/person\/ad82545263dcc5ec0996818884fd5fb1"},"breadcrumb":{"@id":"https:\/\/www.noticiasradioreflejos.com.ar\/2021\/medidas-proteccion-ante-el-aumento-de-casos-de-covid-19-en-los-centro-de-salud-del-distrito\/#breadcrumb"},"inLanguage":"es","potentialAction":[{"@type":"ReadAction","target":["https:\/\/www.noticiasradioreflejos.com.ar\/2021\/medidas-proteccion-ante-el-aumento-de-casos-de-covid-19-en-los-centro-de-salud-del-distrito\/"]}]},{"@type":"ImageObject","inLanguage":"es","@id":"https:\/\/www.noticiasradioreflejos.com.ar\/2021\/medidas-proteccion-ante-el-aumento-de-casos-de-covid-19-en-los-centro-de-salud-del-distrito\/#primaryimage","url":"https:\/\/www.noticiasradioreflejos.com.ar\/2021\/wp-content\/uploads\/2021\/05\/Covid-1.jpg","contentUrl":"https:\/\/www.noticiasradioreflejos.com.ar\/2021\/wp-content\/uploads\/2021\/05\/Covid-1.jpg","width":640,"height":360},{"@type":"BreadcrumbList","@id":"https:\/\/www.noticiasradioreflejos.com.ar\/2021\/medidas-proteccion-ante-el-aumento-de-casos-de-covid-19-en-los-centro-de-salud-del-distrito\/#breadcrumb","itemListElement":[{"@type":"ListItem","position":1,"name":"Portada","item":"https:\/\/www.noticiasradioreflejos.com.ar\/2021\/"},{"@type":"ListItem","position":2,"name":"Medidas protecci\u00f3n ante el aumento de casos de Covid-19 en los Centro de Salud del distrito"}]},{"@type":"WebSite","@id":"https:\/\/www.noticiasradioreflejos.com.ar\/2021\/#website","url":"https:\/\/www.noticiasradioreflejos.com.ar\/2021\/","name":"Noticias Radio Reflejos","description":"Las noticias de mi comarca","potentialAction":[{"@type":"SearchAction","target":{"@type":"EntryPoint","urlTemplate":"https:\/\/www.noticiasradioreflejos.com.ar\/2021\/?s={search_term_string}"},"query-input":{"@type":"PropertyValueSpecification","valueRequired":true,"valueName":"search_term_string"}}],"inLanguage":"es"},{"@type":"Person","@id":"https:\/\/www.noticiasradioreflejos.com.ar\/2021\/#\/schema\/person\/ad82545263dcc5ec0996818884fd5fb1","name":"Arnaldo Botto","image":{"@type":"ImageObject","inLanguage":"es","@id":"https:\/\/www.noticiasradioreflejos.com.ar\/2021\/#\/schema\/person\/image\/","url":"https:\/\/secure.gravatar.com\/avatar\/55cb5e37c1efa326397366e6974cb338056df65cb50e7d64d1cf314e87504837?s=96&d=mm&r=g","contentUrl":"https:\/\/secure.gravatar.com\/avatar\/55cb5e37c1efa326397366e6974cb338056df65cb50e7d64d1cf314e87504837?s=96&d=mm&r=g","caption":"Arnaldo Botto"},"url":"https:\/\/www.noticiasradioreflejos.com.ar\/2021\/author\/arnaldo\/"}]}},"_links":{"self":[{"href":"https:\/\/www.noticiasradioreflejos.com.ar\/2021\/wp-json\/wp\/v2\/posts\/81738","targetHints":{"allow":["GET"]}}],"collection":[{"href":"https:\/\/www.noticiasradioreflejos.com.ar\/2021\/wp-json\/wp\/v2\/posts"}],"about":[{"href":"https:\/\/www.noticiasradioreflejos.com.ar\/2021\/wp-json\/wp\/v2\/types\/post"}],"author":[{"embeddable":true,"href":"https:\/\/www.noticiasradioreflejos.com.ar\/2021\/wp-json\/wp\/v2\/users\/3"}],"replies":[{"embeddable":true,"href":"https:\/\/www.noticiasradioreflejos.com.ar\/2021\/wp-json\/wp\/v2\/comments?post=81738"}],"version-history":[{"count":1,"href":"https:\/\/www.noticiasradioreflejos.com.ar\/2021\/wp-json\/wp\/v2\/posts\/81738\/revisions"}],"predecessor-version":[{"id":81739,"href":"https:\/\/www.noticiasradioreflejos.com.ar\/2021\/wp-json\/wp\/v2\/posts\/81738\/revisions\/81739"}],"wp:featuredmedia":[{"embeddable":true,"href":"https:\/\/www.noticiasradioreflejos.com.ar\/2021\/wp-json\/wp\/v2\/media\/56903"}],"wp:attachment":[{"href":"https:\/\/www.noticiasradioreflejos.com.ar\/2021\/wp-json\/wp\/v2\/media?parent=81738"}],"wp:term":[{"taxonomy":"category","embeddable":true,"href":"https:\/\/www.noticiasradioreflejos.com.ar\/2021\/wp-json\/wp\/v2\/categories?post=81738"},{"taxonomy":"post_tag","embeddable":true,"href":"https:\/\/www.noticiasradioreflejos.com.ar\/2021\/wp-json\/wp\/v2\/tags?post=81738"}],"curies":[{"name":"wp","href":"https:\/\/api.w.org\/{rel}","templated":true}]}}