{"id":81688,"date":"2022-12-21T19:31:27","date_gmt":"2022-12-21T19:31:27","guid":{"rendered":"http:\/\/www.noticiasradioreflejos.com.ar\/2021\/?p=81688"},"modified":"2022-12-21T20:24:37","modified_gmt":"2022-12-21T20:24:37","slug":"varias-dotaciones-de-bomberos-trabajan-en-un-incendio-cerca-del-abra-de-los-vascos","status":"publish","type":"post","link":"https:\/\/www.noticiasradioreflejos.com.ar\/2021\/varias-dotaciones-de-bomberos-trabajan-en-un-incendio-cerca-del-abra-de-los-vascos\/","title":{"rendered":"Varias dotaciones de bomberos trabajan en un incendio cerca del Abra de los Vascos"},"content":{"rendered":"<p>Bomberos Voluntarios de Saldungaray, Cabildo y Tornquist se encuentran trabajando trabajando en incendio forestal.<!--more--><\/p>\n<p><a title=\"320111474_120352174063412_6489060867801439020_n\" href=\"https:\/\/www.flickr.com\/photos\/182279889@N02\/52578172609\/in\/dateposted-public\/\" data-flickr-embed=\"true\"><img loading=\"lazy\" decoding=\"async\" class=\"alignleft\" src=\"https:\/\/live.staticflickr.com\/31337\/52578172609_d65328de86_w.jpg\" alt=\"320111474_120352174063412_6489060867801439020_n\" width=\"452\" height=\"822\" \/><\/a><script async src=\"\/\/embedr.flickr.com\/assets\/client-code.js\" charset=\"utf-8\"><\/script>El fuego comenz\u00f3 pasado el mediod\u00eda de este mi\u00e9rcoles en el establecimiento rural \u00abLos Teros de Santarelli\u00bb, jurisdicci\u00f3n de Tornquist y trabajan varias dotaciones de bomberos. El foco principal esta ubicado a unos 25 km de Saldungaray y el sector esta delimitado por los partidos de Bah\u00eda Blanca y Tornquist .<\/p>\n<p>El sector donde se inici\u00f3 el incendio podr\u00eda ser un rastrojo de trigo y las llamas avanzaron por sectores de cerros bajos de acuerdo a lo que puede apreciarse en las im\u00e1genes que publican los servidores p\u00fablicos en sus redes.<\/p>\n<p>Las condiciones meteorol\u00f3gicas en este momento nos marca temperaturas superiores a los 34\u00b0 en la zona y hay vientos moderados que propician el avance del fuego.<\/p>\n<p>Por la im\u00e1genes difundidas, son varias las hect\u00e1reas que se consumieron y hasta el momento se sigue trabajando.<\/p>\n<p><iframe loading=\"lazy\" style=\"border: none; overflow: hidden;\" src=\"https:\/\/www.facebook.com\/plugins\/post.php?href=https%3A%2F%2Fwww.facebook.com%2Fpermalink.php%3Fstory_fbid%3Dpfbid0iZZCjoniq9cFCwXBeQTFVGDKPXXc5Nwssa8QYULum3W1yHmr4cKnL6VbhpG9tA7Gl%26id%3D100064931550400&amp;show_text=true&amp;width=500\" width=\"500\" height=\"697\" frameborder=\"0\" scrolling=\"no\" allowfullscreen=\"allowfullscreen\"><\/iframe><\/p>\n","protected":false},"excerpt":{"rendered":"<p>Bomberos Voluntarios de Saldungaray, Cabildo y Tornquist se encuentran trabajando trabajando en incendio forestal.<\/p>\n","protected":false},"author":3,"featured_media":0,"comment_status":"closed","ping_status":"closed","sticky":false,"template":"","format":"standard","meta":{"footnotes":""},"categories":[26],"tags":[48],"class_list":["post-81688","post","type-post","status-publish","format-standard","hentry","category-sociedad","tag-destacada"],"yoast_head":"<!-- This site is optimized with the Yoast SEO plugin v25.9 - https:\/\/yoast.com\/wordpress\/plugins\/seo\/ -->\n<title>Varias dotaciones de bomberos trabajan en un incendio cerca del Abra de los Vascos - Noticias Radio Reflejos<\/title>\n<meta name=\"robots\" content=\"index, follow, max-snippet:-1, max-image-preview:large, max-video-preview:-1\" \/>\n<link rel=\"canonical\" href=\"https:\/\/www.noticiasradioreflejos.com.ar\/2021\/varias-dotaciones-de-bomberos-trabajan-en-un-incendio-cerca-del-abra-de-los-vascos\/\" \/>\n<meta property=\"og:locale\" content=\"es_ES\" \/>\n<meta property=\"og:type\" content=\"article\" \/>\n<meta property=\"og:title\" content=\"Varias dotaciones de bomberos trabajan en un incendio cerca del Abra de los Vascos - Noticias Radio Reflejos\" \/>\n<meta property=\"og:description\" content=\"Bomberos Voluntarios de Saldungaray, Cabildo y Tornquist se encuentran trabajando trabajando en incendio forestal.\" \/>\n<meta property=\"og:url\" content=\"https:\/\/www.noticiasradioreflejos.com.ar\/2021\/varias-dotaciones-de-bomberos-trabajan-en-un-incendio-cerca-del-abra-de-los-vascos\/\" \/>\n<meta property=\"og:site_name\" content=\"Noticias Radio Reflejos\" \/>\n<meta property=\"article:published_time\" content=\"2022-12-21T19:31:27+00:00\" \/>\n<meta property=\"article:modified_time\" content=\"2022-12-21T20:24:37+00:00\" \/>\n<meta property=\"og:image\" content=\"https:\/\/live.staticflickr.com\/31337\/52578172609_d65328de86_w.jpg\" \/>\n<meta name=\"author\" content=\"Arnaldo Botto\" \/>\n<meta name=\"twitter:card\" content=\"summary_large_image\" \/>\n<script type=\"application\/ld+json\" class=\"yoast-schema-graph\">{\"@context\":\"https:\/\/schema.org\",\"@graph\":[{\"@type\":\"WebPage\",\"@id\":\"https:\/\/www.noticiasradioreflejos.com.ar\/2021\/varias-dotaciones-de-bomberos-trabajan-en-un-incendio-cerca-del-abra-de-los-vascos\/\",\"url\":\"https:\/\/www.noticiasradioreflejos.com.ar\/2021\/varias-dotaciones-de-bomberos-trabajan-en-un-incendio-cerca-del-abra-de-los-vascos\/\",\"name\":\"Varias dotaciones de bomberos trabajan en un incendio cerca del Abra de los Vascos - Noticias Radio Reflejos\",\"isPartOf\":{\"@id\":\"https:\/\/www.noticiasradioreflejos.com.ar\/2021\/#website\"},\"primaryImageOfPage\":{\"@id\":\"https:\/\/www.noticiasradioreflejos.com.ar\/2021\/varias-dotaciones-de-bomberos-trabajan-en-un-incendio-cerca-del-abra-de-los-vascos\/#primaryimage\"},\"image\":{\"@id\":\"https:\/\/www.noticiasradioreflejos.com.ar\/2021\/varias-dotaciones-de-bomberos-trabajan-en-un-incendio-cerca-del-abra-de-los-vascos\/#primaryimage\"},\"thumbnailUrl\":\"https:\/\/live.staticflickr.com\/31337\/52578172609_d65328de86_w.jpg\",\"datePublished\":\"2022-12-21T19:31:27+00:00\",\"dateModified\":\"2022-12-21T20:24:37+00:00\",\"author\":{\"@id\":\"https:\/\/www.noticiasradioreflejos.com.ar\/2021\/#\/schema\/person\/ad82545263dcc5ec0996818884fd5fb1\"},\"breadcrumb\":{\"@id\":\"https:\/\/www.noticiasradioreflejos.com.ar\/2021\/varias-dotaciones-de-bomberos-trabajan-en-un-incendio-cerca-del-abra-de-los-vascos\/#breadcrumb\"},\"inLanguage\":\"es\",\"potentialAction\":[{\"@type\":\"ReadAction\",\"target\":[\"https:\/\/www.noticiasradioreflejos.com.ar\/2021\/varias-dotaciones-de-bomberos-trabajan-en-un-incendio-cerca-del-abra-de-los-vascos\/\"]}]},{\"@type\":\"ImageObject\",\"inLanguage\":\"es\",\"@id\":\"https:\/\/www.noticiasradioreflejos.com.ar\/2021\/varias-dotaciones-de-bomberos-trabajan-en-un-incendio-cerca-del-abra-de-los-vascos\/#primaryimage\",\"url\":\"https:\/\/live.staticflickr.com\/31337\/52578172609_d65328de86_w.jpg\",\"contentUrl\":\"https:\/\/live.staticflickr.com\/31337\/52578172609_d65328de86_w.jpg\"},{\"@type\":\"BreadcrumbList\",\"@id\":\"https:\/\/www.noticiasradioreflejos.com.ar\/2021\/varias-dotaciones-de-bomberos-trabajan-en-un-incendio-cerca-del-abra-de-los-vascos\/#breadcrumb\",\"itemListElement\":[{\"@type\":\"ListItem\",\"position\":1,\"name\":\"Portada\",\"item\":\"https:\/\/www.noticiasradioreflejos.com.ar\/2021\/\"},{\"@type\":\"ListItem\",\"position\":2,\"name\":\"Varias dotaciones de bomberos trabajan en un incendio cerca del Abra de los Vascos\"}]},{\"@type\":\"WebSite\",\"@id\":\"https:\/\/www.noticiasradioreflejos.com.ar\/2021\/#website\",\"url\":\"https:\/\/www.noticiasradioreflejos.com.ar\/2021\/\",\"name\":\"Noticias Radio Reflejos\",\"description\":\"Las noticias de mi comarca\",\"potentialAction\":[{\"@type\":\"SearchAction\",\"target\":{\"@type\":\"EntryPoint\",\"urlTemplate\":\"https:\/\/www.noticiasradioreflejos.com.ar\/2021\/?s={search_term_string}\"},\"query-input\":{\"@type\":\"PropertyValueSpecification\",\"valueRequired\":true,\"valueName\":\"search_term_string\"}}],\"inLanguage\":\"es\"},{\"@type\":\"Person\",\"@id\":\"https:\/\/www.noticiasradioreflejos.com.ar\/2021\/#\/schema\/person\/ad82545263dcc5ec0996818884fd5fb1\",\"name\":\"Arnaldo Botto\",\"image\":{\"@type\":\"ImageObject\",\"inLanguage\":\"es\",\"@id\":\"https:\/\/www.noticiasradioreflejos.com.ar\/2021\/#\/schema\/person\/image\/\",\"url\":\"https:\/\/secure.gravatar.com\/avatar\/55cb5e37c1efa326397366e6974cb338056df65cb50e7d64d1cf314e87504837?s=96&d=mm&r=g\",\"contentUrl\":\"https:\/\/secure.gravatar.com\/avatar\/55cb5e37c1efa326397366e6974cb338056df65cb50e7d64d1cf314e87504837?s=96&d=mm&r=g\",\"caption\":\"Arnaldo Botto\"},\"url\":\"https:\/\/www.noticiasradioreflejos.com.ar\/2021\/author\/arnaldo\/\"}]}<\/script>\n<!-- \/ Yoast SEO plugin. -->","yoast_head_json":{"title":"Varias dotaciones de bomberos trabajan en un incendio cerca del Abra de los Vascos - Noticias Radio Reflejos","robots":{"index":"index","follow":"follow","max-snippet":"max-snippet:-1","max-image-preview":"max-image-preview:large","max-video-preview":"max-video-preview:-1"},"canonical":"https:\/\/www.noticiasradioreflejos.com.ar\/2021\/varias-dotaciones-de-bomberos-trabajan-en-un-incendio-cerca-del-abra-de-los-vascos\/","og_locale":"es_ES","og_type":"article","og_title":"Varias dotaciones de bomberos trabajan en un incendio cerca del Abra de los Vascos - Noticias Radio Reflejos","og_description":"Bomberos Voluntarios de Saldungaray, Cabildo y Tornquist se encuentran trabajando trabajando en incendio forestal.","og_url":"https:\/\/www.noticiasradioreflejos.com.ar\/2021\/varias-dotaciones-de-bomberos-trabajan-en-un-incendio-cerca-del-abra-de-los-vascos\/","og_site_name":"Noticias Radio Reflejos","article_published_time":"2022-12-21T19:31:27+00:00","article_modified_time":"2022-12-21T20:24:37+00:00","og_image":[{"url":"https:\/\/live.staticflickr.com\/31337\/52578172609_d65328de86_w.jpg","type":"","width":"","height":""}],"author":"Arnaldo Botto","twitter_card":"summary_large_image","schema":{"@context":"https:\/\/schema.org","@graph":[{"@type":"WebPage","@id":"https:\/\/www.noticiasradioreflejos.com.ar\/2021\/varias-dotaciones-de-bomberos-trabajan-en-un-incendio-cerca-del-abra-de-los-vascos\/","url":"https:\/\/www.noticiasradioreflejos.com.ar\/2021\/varias-dotaciones-de-bomberos-trabajan-en-un-incendio-cerca-del-abra-de-los-vascos\/","name":"Varias dotaciones de bomberos trabajan en un incendio cerca del Abra de los Vascos - Noticias Radio Reflejos","isPartOf":{"@id":"https:\/\/www.noticiasradioreflejos.com.ar\/2021\/#website"},"primaryImageOfPage":{"@id":"https:\/\/www.noticiasradioreflejos.com.ar\/2021\/varias-dotaciones-de-bomberos-trabajan-en-un-incendio-cerca-del-abra-de-los-vascos\/#primaryimage"},"image":{"@id":"https:\/\/www.noticiasradioreflejos.com.ar\/2021\/varias-dotaciones-de-bomberos-trabajan-en-un-incendio-cerca-del-abra-de-los-vascos\/#primaryimage"},"thumbnailUrl":"https:\/\/live.staticflickr.com\/31337\/52578172609_d65328de86_w.jpg","datePublished":"2022-12-21T19:31:27+00:00","dateModified":"2022-12-21T20:24:37+00:00","author":{"@id":"https:\/\/www.noticiasradioreflejos.com.ar\/2021\/#\/schema\/person\/ad82545263dcc5ec0996818884fd5fb1"},"breadcrumb":{"@id":"https:\/\/www.noticiasradioreflejos.com.ar\/2021\/varias-dotaciones-de-bomberos-trabajan-en-un-incendio-cerca-del-abra-de-los-vascos\/#breadcrumb"},"inLanguage":"es","potentialAction":[{"@type":"ReadAction","target":["https:\/\/www.noticiasradioreflejos.com.ar\/2021\/varias-dotaciones-de-bomberos-trabajan-en-un-incendio-cerca-del-abra-de-los-vascos\/"]}]},{"@type":"ImageObject","inLanguage":"es","@id":"https:\/\/www.noticiasradioreflejos.com.ar\/2021\/varias-dotaciones-de-bomberos-trabajan-en-un-incendio-cerca-del-abra-de-los-vascos\/#primaryimage","url":"https:\/\/live.staticflickr.com\/31337\/52578172609_d65328de86_w.jpg","contentUrl":"https:\/\/live.staticflickr.com\/31337\/52578172609_d65328de86_w.jpg"},{"@type":"BreadcrumbList","@id":"https:\/\/www.noticiasradioreflejos.com.ar\/2021\/varias-dotaciones-de-bomberos-trabajan-en-un-incendio-cerca-del-abra-de-los-vascos\/#breadcrumb","itemListElement":[{"@type":"ListItem","position":1,"name":"Portada","item":"https:\/\/www.noticiasradioreflejos.com.ar\/2021\/"},{"@type":"ListItem","position":2,"name":"Varias dotaciones de bomberos trabajan en un incendio cerca del Abra de los Vascos"}]},{"@type":"WebSite","@id":"https:\/\/www.noticiasradioreflejos.com.ar\/2021\/#website","url":"https:\/\/www.noticiasradioreflejos.com.ar\/2021\/","name":"Noticias Radio Reflejos","description":"Las noticias de mi comarca","potentialAction":[{"@type":"SearchAction","target":{"@type":"EntryPoint","urlTemplate":"https:\/\/www.noticiasradioreflejos.com.ar\/2021\/?s={search_term_string}"},"query-input":{"@type":"PropertyValueSpecification","valueRequired":true,"valueName":"search_term_string"}}],"inLanguage":"es"},{"@type":"Person","@id":"https:\/\/www.noticiasradioreflejos.com.ar\/2021\/#\/schema\/person\/ad82545263dcc5ec0996818884fd5fb1","name":"Arnaldo Botto","image":{"@type":"ImageObject","inLanguage":"es","@id":"https:\/\/www.noticiasradioreflejos.com.ar\/2021\/#\/schema\/person\/image\/","url":"https:\/\/secure.gravatar.com\/avatar\/55cb5e37c1efa326397366e6974cb338056df65cb50e7d64d1cf314e87504837?s=96&d=mm&r=g","contentUrl":"https:\/\/secure.gravatar.com\/avatar\/55cb5e37c1efa326397366e6974cb338056df65cb50e7d64d1cf314e87504837?s=96&d=mm&r=g","caption":"Arnaldo Botto"},"url":"https:\/\/www.noticiasradioreflejos.com.ar\/2021\/author\/arnaldo\/"}]}},"_links":{"self":[{"href":"https:\/\/www.noticiasradioreflejos.com.ar\/2021\/wp-json\/wp\/v2\/posts\/81688","targetHints":{"allow":["GET"]}}],"collection":[{"href":"https:\/\/www.noticiasradioreflejos.com.ar\/2021\/wp-json\/wp\/v2\/posts"}],"about":[{"href":"https:\/\/www.noticiasradioreflejos.com.ar\/2021\/wp-json\/wp\/v2\/types\/post"}],"author":[{"embeddable":true,"href":"https:\/\/www.noticiasradioreflejos.com.ar\/2021\/wp-json\/wp\/v2\/users\/3"}],"replies":[{"embeddable":true,"href":"https:\/\/www.noticiasradioreflejos.com.ar\/2021\/wp-json\/wp\/v2\/comments?post=81688"}],"version-history":[{"count":4,"href":"https:\/\/www.noticiasradioreflejos.com.ar\/2021\/wp-json\/wp\/v2\/posts\/81688\/revisions"}],"predecessor-version":[{"id":81695,"href":"https:\/\/www.noticiasradioreflejos.com.ar\/2021\/wp-json\/wp\/v2\/posts\/81688\/revisions\/81695"}],"wp:attachment":[{"href":"https:\/\/www.noticiasradioreflejos.com.ar\/2021\/wp-json\/wp\/v2\/media?parent=81688"}],"wp:term":[{"taxonomy":"category","embeddable":true,"href":"https:\/\/www.noticiasradioreflejos.com.ar\/2021\/wp-json\/wp\/v2\/categories?post=81688"},{"taxonomy":"post_tag","embeddable":true,"href":"https:\/\/www.noticiasradioreflejos.com.ar\/2021\/wp-json\/wp\/v2\/tags?post=81688"}],"curies":[{"name":"wp","href":"https:\/\/api.w.org\/{rel}","templated":true}]}}