{"id":81619,"date":"2022-12-19T22:31:46","date_gmt":"2022-12-19T22:31:46","guid":{"rendered":"http:\/\/www.noticiasradioreflejos.com.ar\/2021\/?p=81619"},"modified":"2022-12-19T22:31:46","modified_gmt":"2022-12-19T22:31:46","slug":"el-gobierno-decreto-feriado-nacional-para-este-martes-20-diciembre","status":"publish","type":"post","link":"https:\/\/www.noticiasradioreflejos.com.ar\/2021\/el-gobierno-decreto-feriado-nacional-para-este-martes-20-diciembre\/","title":{"rendered":"El Gobierno decret\u00f3 feriado nacional para este martes 20 diciembre."},"content":{"rendered":"<p>Sobre el paso de los jugadores por la Casa Rosada, tras su caravana hasta el Obelisco, cerca de Alberto Fern\u00e1ndez aseguraban que el Presidente dec\u00eda a sus \u00edntimos que, m\u00e1s all\u00e1 de su deseo o no de tener la foto con los jugadores, la copa \u00abes de los jugadores\u00bb y que \u00abellos pueden hacer lo que quieran\u00bb.<\/p>\n<p><!--more--><\/p>\n<div class=\"section-2-col article-main-image\">\n<div class=\"col 2-col\">\n<div class=\"article-main-media-image__container\">\n<div class=\"image-wrapper\">\n<figure>\n<figure class=\"object-fit-block--contain intrinsic-container intrinsic-container-3x2\"><img decoding=\"async\" class=\" \" src=\"https:\/\/images.pagina12.com.ar\/styles\/focal_3_2_960x640\/public\/2022-12\/681500-whatsapp-20image-202022-12-19-20at-2018-35-18.jpeg?itok=sD2TTZkX\" alt=\" (Fuente: AFP)\" \/><\/figure><figcaption>. Imagen: AFP<\/figcaption><\/figure>\n<p>El presidente Alberto Fern\u00e1ndez firm\u00f3 un decreto de necesidad y urgencia para que este martes sea feriado nacional en todo el pa\u00eds y los argentinos puedan recibir a la selecci\u00f3n de f\u00fatbol que volver\u00e1 por la madrugada de Qatar, con la copa del mundo. \u00abEste martes habr\u00e1 feriado nacional. Con excepci\u00f3n de AFIP y entidades bancarias que brindar\u00e1n servicio hasta las 12 hs\u00bb, explicaron desde el gobierno.\u00a0 A\u00fan no se conoce la letra chica del DNU, que saldr\u00e1 en minutos.<\/p>\n<p>Mientras los hinchas empezaban a llegar en caravana al aeropuerto internacional de Ezeiza para esperar all\u00ed al plantel e la selecci\u00f3n que llegar\u00e1 cerca de las dos de la madrugada del martes, en Casa Rosada todo el lunes se vivi\u00f3 con tensi\u00f3n, expectativas y ansiedad por saber si los jugadores, luego de su paso por la 9 de Julio y por el Obelisco, ir\u00edan o no a festejar el triunfo a la Casa de Gobierno con el presidente Alberto Fern\u00e1ndez. Cerca del mandatario aseguraban que el Presidente dec\u00eda a sus \u00edntimos que, m\u00e1s all\u00e1 de su deseo o no de tener la foto con los jugadores, la copa \u00abes de los jugadores\u00bb y que \u00abellos pueden hacer lo que quieran\u00bb.<\/p>\n<div id=\"talkFireEvent\"><\/div>\n<p>\u00abDesde aqu\u00ed siempre se dijo que se hace lo que los jugadores y el cuerpo t\u00e9cnico decidan, para evitar cualquier tipo de especulaci\u00f3n pol\u00edtica. Si deciden venir ser\u00e1n muy bien recibidos\u00bb, resaltaban cerca del mandatario. Mientras tanto, a las seis de la tarde comenz\u00f3 una reuni\u00f3n en el despacho del ministro de Seguridad, An\u00edbal Fern\u00e1ndez, con sus pares de provincia de Buenos Aires, Sergio Berni, y de CABA, Marcelo D Alessandro, para organizar el importante operativo que se desplegar\u00e1 ma\u00f1ana.<\/p>\n<p style=\"margin: 12px auto 6px auto; font-family: Helvetica,Arial,Sans-serif; font-style: normal; font-variant: normal; font-weight: normal; font-size: 14px; line-height: normal; font-size-adjust: none; font-stretch: normal; -x-system-font: none; display: block;\"><a style=\"text-decoration: underline;\" title=\"View aviso_270893 on Scribd\" href=\"https:\/\/www.scribd.com\/document\/615386166\/aviso-270893#from_embed\">aviso_270893<\/a> by <a style=\"text-decoration: underline;\" title=\"View FM Reflejos Sierra de la Ventana's profile on Scribd\" href=\"https:\/\/es.scribd.com\/user\/128459674\/FM-Reflejos-Sierra-de-la-Ventana#from_embed\">FM Reflejos Sierra de la Ventana<\/a> on Scribd<\/p>\n<p><iframe loading=\"lazy\" id=\"doc_41938\" class=\"scribd_iframe_embed\" title=\"aviso_270893\" src=\"https:\/\/es.scribd.com\/embeds\/615386166\/content?start_page=1&amp;view_mode=scroll&amp;access_key=key-nalLrVLIGBxF6TrGmwdR\" width=\"100%\" height=\"600\" frameborder=\"0\" scrolling=\"no\" data-auto-height=\"true\" data-aspect-ratio=\"0.7066666666666667\"><\/iframe><\/p>\n<p><script type=\"text\/javascript\">(function() { var scribd = document.createElement(\"script\"); scribd.type = \"text\/javascript\"; scribd.async = true; scribd.src = \"https:\/\/es.scribd.com\/javascripts\/embed_code\/inject.js\"; var s = document.getElementsByTagName(\"script\")[0]; s.parentNode.insertBefore(scribd, s); })();<\/script><br \/>\nPor Melisa Molina para P\u00e1gina 12<\/p>\n","protected":false},"excerpt":{"rendered":"<p>Sobre el paso de los jugadores por la Casa Rosada, tras su caravana hasta el Obelisco, cerca de Alberto Fern\u00e1ndez aseguraban que el Presidente dec\u00eda a sus \u00edntimos que, m\u00e1s all\u00e1 de su deseo o no de tener la foto con los jugadores, la copa \u00abes de los jugadores\u00bb y que \u00abellos pueden hacer lo [&hellip;]<\/p>\n","protected":false},"author":3,"featured_media":0,"comment_status":"closed","ping_status":"closed","sticky":false,"template":"","format":"standard","meta":{"footnotes":""},"categories":[58],"tags":[48],"class_list":["post-81619","post","type-post","status-publish","format-standard","hentry","category-gobierno","tag-destacada"],"yoast_head":"<!-- This site is optimized with the Yoast SEO plugin v25.9 - https:\/\/yoast.com\/wordpress\/plugins\/seo\/ -->\n<title>El Gobierno decret\u00f3 feriado nacional para este martes 20 diciembre. - Noticias Radio Reflejos<\/title>\n<meta name=\"robots\" content=\"index, follow, max-snippet:-1, max-image-preview:large, max-video-preview:-1\" \/>\n<link rel=\"canonical\" href=\"https:\/\/www.noticiasradioreflejos.com.ar\/2021\/el-gobierno-decreto-feriado-nacional-para-este-martes-20-diciembre\/\" \/>\n<meta property=\"og:locale\" content=\"es_ES\" \/>\n<meta property=\"og:type\" content=\"article\" \/>\n<meta property=\"og:title\" content=\"El Gobierno decret\u00f3 feriado nacional para este martes 20 diciembre. - Noticias Radio Reflejos\" \/>\n<meta property=\"og:description\" content=\"Sobre el paso de los jugadores por la Casa Rosada, tras su caravana hasta el Obelisco, cerca de Alberto Fern\u00e1ndez aseguraban que el Presidente dec\u00eda a sus \u00edntimos que, m\u00e1s all\u00e1 de su deseo o no de tener la foto con los jugadores, la copa \u00abes de los jugadores\u00bb y que \u00abellos pueden hacer lo [&hellip;]\" \/>\n<meta property=\"og:url\" content=\"https:\/\/www.noticiasradioreflejos.com.ar\/2021\/el-gobierno-decreto-feriado-nacional-para-este-martes-20-diciembre\/\" \/>\n<meta property=\"og:site_name\" content=\"Noticias Radio Reflejos\" \/>\n<meta property=\"article:published_time\" content=\"2022-12-19T22:31:46+00:00\" \/>\n<meta property=\"og:image\" content=\"https:\/\/images.pagina12.com.ar\/styles\/focal_3_2_960x640\/public\/2022-12\/681500-whatsapp-20image-202022-12-19-20at-2018-35-18.jpeg?itok=sD2TTZkX\" \/>\n<meta name=\"author\" content=\"Arnaldo Botto\" \/>\n<meta name=\"twitter:card\" content=\"summary_large_image\" \/>\n<script type=\"application\/ld+json\" class=\"yoast-schema-graph\">{\"@context\":\"https:\/\/schema.org\",\"@graph\":[{\"@type\":\"WebPage\",\"@id\":\"https:\/\/www.noticiasradioreflejos.com.ar\/2021\/el-gobierno-decreto-feriado-nacional-para-este-martes-20-diciembre\/\",\"url\":\"https:\/\/www.noticiasradioreflejos.com.ar\/2021\/el-gobierno-decreto-feriado-nacional-para-este-martes-20-diciembre\/\",\"name\":\"El Gobierno decret\u00f3 feriado nacional para este martes 20 diciembre. - Noticias Radio Reflejos\",\"isPartOf\":{\"@id\":\"https:\/\/www.noticiasradioreflejos.com.ar\/2021\/#website\"},\"primaryImageOfPage\":{\"@id\":\"https:\/\/www.noticiasradioreflejos.com.ar\/2021\/el-gobierno-decreto-feriado-nacional-para-este-martes-20-diciembre\/#primaryimage\"},\"image\":{\"@id\":\"https:\/\/www.noticiasradioreflejos.com.ar\/2021\/el-gobierno-decreto-feriado-nacional-para-este-martes-20-diciembre\/#primaryimage\"},\"thumbnailUrl\":\"https:\/\/images.pagina12.com.ar\/styles\/focal_3_2_960x640\/public\/2022-12\/681500-whatsapp-20image-202022-12-19-20at-2018-35-18.jpeg?itok=sD2TTZkX\",\"datePublished\":\"2022-12-19T22:31:46+00:00\",\"author\":{\"@id\":\"https:\/\/www.noticiasradioreflejos.com.ar\/2021\/#\/schema\/person\/ad82545263dcc5ec0996818884fd5fb1\"},\"breadcrumb\":{\"@id\":\"https:\/\/www.noticiasradioreflejos.com.ar\/2021\/el-gobierno-decreto-feriado-nacional-para-este-martes-20-diciembre\/#breadcrumb\"},\"inLanguage\":\"es\",\"potentialAction\":[{\"@type\":\"ReadAction\",\"target\":[\"https:\/\/www.noticiasradioreflejos.com.ar\/2021\/el-gobierno-decreto-feriado-nacional-para-este-martes-20-diciembre\/\"]}]},{\"@type\":\"ImageObject\",\"inLanguage\":\"es\",\"@id\":\"https:\/\/www.noticiasradioreflejos.com.ar\/2021\/el-gobierno-decreto-feriado-nacional-para-este-martes-20-diciembre\/#primaryimage\",\"url\":\"https:\/\/images.pagina12.com.ar\/styles\/focal_3_2_960x640\/public\/2022-12\/681500-whatsapp-20image-202022-12-19-20at-2018-35-18.jpeg?itok=sD2TTZkX\",\"contentUrl\":\"https:\/\/images.pagina12.com.ar\/styles\/focal_3_2_960x640\/public\/2022-12\/681500-whatsapp-20image-202022-12-19-20at-2018-35-18.jpeg?itok=sD2TTZkX\"},{\"@type\":\"BreadcrumbList\",\"@id\":\"https:\/\/www.noticiasradioreflejos.com.ar\/2021\/el-gobierno-decreto-feriado-nacional-para-este-martes-20-diciembre\/#breadcrumb\",\"itemListElement\":[{\"@type\":\"ListItem\",\"position\":1,\"name\":\"Portada\",\"item\":\"https:\/\/www.noticiasradioreflejos.com.ar\/2021\/\"},{\"@type\":\"ListItem\",\"position\":2,\"name\":\"El Gobierno decret\u00f3 feriado nacional para este martes 20 diciembre.\"}]},{\"@type\":\"WebSite\",\"@id\":\"https:\/\/www.noticiasradioreflejos.com.ar\/2021\/#website\",\"url\":\"https:\/\/www.noticiasradioreflejos.com.ar\/2021\/\",\"name\":\"Noticias Radio Reflejos\",\"description\":\"Las noticias de mi comarca\",\"potentialAction\":[{\"@type\":\"SearchAction\",\"target\":{\"@type\":\"EntryPoint\",\"urlTemplate\":\"https:\/\/www.noticiasradioreflejos.com.ar\/2021\/?s={search_term_string}\"},\"query-input\":{\"@type\":\"PropertyValueSpecification\",\"valueRequired\":true,\"valueName\":\"search_term_string\"}}],\"inLanguage\":\"es\"},{\"@type\":\"Person\",\"@id\":\"https:\/\/www.noticiasradioreflejos.com.ar\/2021\/#\/schema\/person\/ad82545263dcc5ec0996818884fd5fb1\",\"name\":\"Arnaldo Botto\",\"image\":{\"@type\":\"ImageObject\",\"inLanguage\":\"es\",\"@id\":\"https:\/\/www.noticiasradioreflejos.com.ar\/2021\/#\/schema\/person\/image\/\",\"url\":\"https:\/\/secure.gravatar.com\/avatar\/55cb5e37c1efa326397366e6974cb338056df65cb50e7d64d1cf314e87504837?s=96&d=mm&r=g\",\"contentUrl\":\"https:\/\/secure.gravatar.com\/avatar\/55cb5e37c1efa326397366e6974cb338056df65cb50e7d64d1cf314e87504837?s=96&d=mm&r=g\",\"caption\":\"Arnaldo Botto\"},\"url\":\"https:\/\/www.noticiasradioreflejos.com.ar\/2021\/author\/arnaldo\/\"}]}<\/script>\n<!-- \/ Yoast SEO plugin. -->","yoast_head_json":{"title":"El Gobierno decret\u00f3 feriado nacional para este martes 20 diciembre. - Noticias Radio Reflejos","robots":{"index":"index","follow":"follow","max-snippet":"max-snippet:-1","max-image-preview":"max-image-preview:large","max-video-preview":"max-video-preview:-1"},"canonical":"https:\/\/www.noticiasradioreflejos.com.ar\/2021\/el-gobierno-decreto-feriado-nacional-para-este-martes-20-diciembre\/","og_locale":"es_ES","og_type":"article","og_title":"El Gobierno decret\u00f3 feriado nacional para este martes 20 diciembre. - Noticias Radio Reflejos","og_description":"Sobre el paso de los jugadores por la Casa Rosada, tras su caravana hasta el Obelisco, cerca de Alberto Fern\u00e1ndez aseguraban que el Presidente dec\u00eda a sus \u00edntimos que, m\u00e1s all\u00e1 de su deseo o no de tener la foto con los jugadores, la copa \u00abes de los jugadores\u00bb y que \u00abellos pueden hacer lo [&hellip;]","og_url":"https:\/\/www.noticiasradioreflejos.com.ar\/2021\/el-gobierno-decreto-feriado-nacional-para-este-martes-20-diciembre\/","og_site_name":"Noticias Radio Reflejos","article_published_time":"2022-12-19T22:31:46+00:00","og_image":[{"url":"https:\/\/images.pagina12.com.ar\/styles\/focal_3_2_960x640\/public\/2022-12\/681500-whatsapp-20image-202022-12-19-20at-2018-35-18.jpeg?itok=sD2TTZkX","type":"","width":"","height":""}],"author":"Arnaldo Botto","twitter_card":"summary_large_image","schema":{"@context":"https:\/\/schema.org","@graph":[{"@type":"WebPage","@id":"https:\/\/www.noticiasradioreflejos.com.ar\/2021\/el-gobierno-decreto-feriado-nacional-para-este-martes-20-diciembre\/","url":"https:\/\/www.noticiasradioreflejos.com.ar\/2021\/el-gobierno-decreto-feriado-nacional-para-este-martes-20-diciembre\/","name":"El Gobierno decret\u00f3 feriado nacional para este martes 20 diciembre. - Noticias Radio Reflejos","isPartOf":{"@id":"https:\/\/www.noticiasradioreflejos.com.ar\/2021\/#website"},"primaryImageOfPage":{"@id":"https:\/\/www.noticiasradioreflejos.com.ar\/2021\/el-gobierno-decreto-feriado-nacional-para-este-martes-20-diciembre\/#primaryimage"},"image":{"@id":"https:\/\/www.noticiasradioreflejos.com.ar\/2021\/el-gobierno-decreto-feriado-nacional-para-este-martes-20-diciembre\/#primaryimage"},"thumbnailUrl":"https:\/\/images.pagina12.com.ar\/styles\/focal_3_2_960x640\/public\/2022-12\/681500-whatsapp-20image-202022-12-19-20at-2018-35-18.jpeg?itok=sD2TTZkX","datePublished":"2022-12-19T22:31:46+00:00","author":{"@id":"https:\/\/www.noticiasradioreflejos.com.ar\/2021\/#\/schema\/person\/ad82545263dcc5ec0996818884fd5fb1"},"breadcrumb":{"@id":"https:\/\/www.noticiasradioreflejos.com.ar\/2021\/el-gobierno-decreto-feriado-nacional-para-este-martes-20-diciembre\/#breadcrumb"},"inLanguage":"es","potentialAction":[{"@type":"ReadAction","target":["https:\/\/www.noticiasradioreflejos.com.ar\/2021\/el-gobierno-decreto-feriado-nacional-para-este-martes-20-diciembre\/"]}]},{"@type":"ImageObject","inLanguage":"es","@id":"https:\/\/www.noticiasradioreflejos.com.ar\/2021\/el-gobierno-decreto-feriado-nacional-para-este-martes-20-diciembre\/#primaryimage","url":"https:\/\/images.pagina12.com.ar\/styles\/focal_3_2_960x640\/public\/2022-12\/681500-whatsapp-20image-202022-12-19-20at-2018-35-18.jpeg?itok=sD2TTZkX","contentUrl":"https:\/\/images.pagina12.com.ar\/styles\/focal_3_2_960x640\/public\/2022-12\/681500-whatsapp-20image-202022-12-19-20at-2018-35-18.jpeg?itok=sD2TTZkX"},{"@type":"BreadcrumbList","@id":"https:\/\/www.noticiasradioreflejos.com.ar\/2021\/el-gobierno-decreto-feriado-nacional-para-este-martes-20-diciembre\/#breadcrumb","itemListElement":[{"@type":"ListItem","position":1,"name":"Portada","item":"https:\/\/www.noticiasradioreflejos.com.ar\/2021\/"},{"@type":"ListItem","position":2,"name":"El Gobierno decret\u00f3 feriado nacional para este martes 20 diciembre."}]},{"@type":"WebSite","@id":"https:\/\/www.noticiasradioreflejos.com.ar\/2021\/#website","url":"https:\/\/www.noticiasradioreflejos.com.ar\/2021\/","name":"Noticias Radio Reflejos","description":"Las noticias de mi comarca","potentialAction":[{"@type":"SearchAction","target":{"@type":"EntryPoint","urlTemplate":"https:\/\/www.noticiasradioreflejos.com.ar\/2021\/?s={search_term_string}"},"query-input":{"@type":"PropertyValueSpecification","valueRequired":true,"valueName":"search_term_string"}}],"inLanguage":"es"},{"@type":"Person","@id":"https:\/\/www.noticiasradioreflejos.com.ar\/2021\/#\/schema\/person\/ad82545263dcc5ec0996818884fd5fb1","name":"Arnaldo Botto","image":{"@type":"ImageObject","inLanguage":"es","@id":"https:\/\/www.noticiasradioreflejos.com.ar\/2021\/#\/schema\/person\/image\/","url":"https:\/\/secure.gravatar.com\/avatar\/55cb5e37c1efa326397366e6974cb338056df65cb50e7d64d1cf314e87504837?s=96&d=mm&r=g","contentUrl":"https:\/\/secure.gravatar.com\/avatar\/55cb5e37c1efa326397366e6974cb338056df65cb50e7d64d1cf314e87504837?s=96&d=mm&r=g","caption":"Arnaldo Botto"},"url":"https:\/\/www.noticiasradioreflejos.com.ar\/2021\/author\/arnaldo\/"}]}},"_links":{"self":[{"href":"https:\/\/www.noticiasradioreflejos.com.ar\/2021\/wp-json\/wp\/v2\/posts\/81619","targetHints":{"allow":["GET"]}}],"collection":[{"href":"https:\/\/www.noticiasradioreflejos.com.ar\/2021\/wp-json\/wp\/v2\/posts"}],"about":[{"href":"https:\/\/www.noticiasradioreflejos.com.ar\/2021\/wp-json\/wp\/v2\/types\/post"}],"author":[{"embeddable":true,"href":"https:\/\/www.noticiasradioreflejos.com.ar\/2021\/wp-json\/wp\/v2\/users\/3"}],"replies":[{"embeddable":true,"href":"https:\/\/www.noticiasradioreflejos.com.ar\/2021\/wp-json\/wp\/v2\/comments?post=81619"}],"version-history":[{"count":1,"href":"https:\/\/www.noticiasradioreflejos.com.ar\/2021\/wp-json\/wp\/v2\/posts\/81619\/revisions"}],"predecessor-version":[{"id":81621,"href":"https:\/\/www.noticiasradioreflejos.com.ar\/2021\/wp-json\/wp\/v2\/posts\/81619\/revisions\/81621"}],"wp:attachment":[{"href":"https:\/\/www.noticiasradioreflejos.com.ar\/2021\/wp-json\/wp\/v2\/media?parent=81619"}],"wp:term":[{"taxonomy":"category","embeddable":true,"href":"https:\/\/www.noticiasradioreflejos.com.ar\/2021\/wp-json\/wp\/v2\/categories?post=81619"},{"taxonomy":"post_tag","embeddable":true,"href":"https:\/\/www.noticiasradioreflejos.com.ar\/2021\/wp-json\/wp\/v2\/tags?post=81619"}],"curies":[{"name":"wp","href":"https:\/\/api.w.org\/{rel}","templated":true}]}}