{"id":81615,"date":"2022-12-19T20:59:49","date_gmt":"2022-12-19T20:59:49","guid":{"rendered":"http:\/\/www.noticiasradioreflejos.com.ar\/2021\/?p=81615"},"modified":"2022-12-19T20:59:49","modified_gmt":"2022-12-19T20:59:49","slug":"el-bosque-chaqueno-una-region-donde-ver-el-rol-de-las-poblaciones-indigenas-en-la-biodiversidad","status":"publish","type":"post","link":"https:\/\/www.noticiasradioreflejos.com.ar\/2021\/el-bosque-chaqueno-una-region-donde-ver-el-rol-de-las-poblaciones-indigenas-en-la-biodiversidad\/","title":{"rendered":"El Bosque Chaque\u00f1o, una regi\u00f3n donde ver el rol de las poblaciones ind\u00edgenas en la biodiversidad"},"content":{"rendered":"<p>El rol clave de los pueblos ind\u00edgenas en la conservaci\u00f3n de la biodiversidad, uno de los temas centrales de la COP15 que finaliz\u00f3 hoy en Montreal, puede observarse con claridad en el Bosque Chaque\u00f1o -una regi\u00f3n argentina que posee una de las tasas de deforestaci\u00f3n m\u00e1s altas del mundo-, y las pol\u00edticas ambientales no pueden dejar de lado la situaci\u00f3n de las comunidades, aseguran especialistas que participaron de la cumbre.<!--more--><br \/>\n<a title=\"19-12-2022_el_rol_clave_de_los (2)\" href=\"https:\/\/www.flickr.com\/photos\/182279889@N02\/52574337365\/in\/dateposted-public\/\" data-flickr-embed=\"true\"><img loading=\"lazy\" decoding=\"async\" src=\"https:\/\/live.staticflickr.com\/65535\/52574337365_56945da482_c.jpg\" alt=\"19-12-2022_el_rol_clave_de_los (2)\" width=\"800\" height=\"533\" \/><\/a><\/p>\n<p><span style=\"color: #000080;\"><strong><em>(T\u00e9lam, CONFIAR &#8211; Por Cecilia Fern\u00e1ndez Casta\u00f1\u00f3n de la Red Argentina de Periodismo Cient\u00edfico).-<\/em><\/strong><\/span><\/p>\n<p>&nbsp;<\/p>\n<p>El 80 por ciento de la biodiversidad del mundo se encuentra en territorios de pueblos ind\u00edgenas, como los que habitan en el Bosque Chaque\u00f1o, la segunda ecorregi\u00f3n de Am\u00e9rica despu\u00e9s del Amazonas y una de las que presenta la mayores tasas de deforestaci\u00f3n a nivel mundial. Para poder preservar esos ambientes y sus valiosos servicios ecosist\u00e9micos, diversos sectores resaltan la necesidad de adoptar estrategias de conservaci\u00f3n incorporen la perspectiva de Derechos Humanos.<\/p>\n<p>Esta es una de las premisas con las que se trabaj\u00f3 en la 15\u00aa reuni\u00f3n de la Conferencia de las Partes del Convenio sobre la Diversidad Biol\u00f3gica (CDB) de las Naciones Unidas, conocida como COP15, un encuentro que comenz\u00f3 el 7 diciembre en Montreal y que finaliza hoy.<\/p>\n<p>Los resultados de las negociaciones entre representantes de 196 estados ser\u00e1n plasmados en un documento final que sentar\u00e1 las bases de las estrategias que se implementar\u00e1n hasta 2030 para intentar frenar la alarmante p\u00e9rdida de biodiversidad que se registra a nivel global.<\/p>\n<p>\u00abLa forma en que los pueblos ind\u00edgenas y las comunidades locales vienen conservando y haciendo un uso responsable de los ambientes que habitan contribuyen de manera positiva al sostenimiento de la biodiversidad, al cuidado de las especies y al mantenimiento de la integridad ecol\u00f3gica de los ecosistemas. Las acciones de conservaci\u00f3n que se definan en este marco deber\u00e1n respetar plenamente los derechos humanos de esas personas\u00bb, dijo a T\u00e9lam desde Canad\u00e1 Ana Di Pangracio, directora de la Fundaci\u00f3n Ambiente y Recursos Naturales (FARN), una de las ONGs que participan como observadora de la COP15.<\/p>\n<p>El respeto hacia estos pueblos -explica la experta en derecho y pol\u00edtica ambiental- implica su participaci\u00f3n activa en los procesos de toma de decisiones relativos a las \u00e1reas a conservar, incluyendo su consentimiento libre, previo e informado.<\/p>\n<p>Las metas que se definan en la COP15 servir\u00e1n como marco para comunidades alrededor del mundo y deber\u00e1n tener sus correspondientes acciones de implementaci\u00f3n regional y local, adaptadas a las realidades de las distintas regiones.<\/p>\n<p>En el caso del Bosque Chaque\u00f1o, la necesidad de acciones de conservaci\u00f3n que tengan en cuenta a estos grupos es urgente por dos motivos: es la ecorregi\u00f3n con mayores tasas de deforestaci\u00f3n a nivel mundial y en ella habitan algunas de las comunidades ind\u00edgenas m\u00e1s grandes de Argentina, con grupos \u00e9tnicos Qom, Wich\u00ed y Moqoit.<\/p>\n<p>En las \u00faltimas d\u00e9cadas, el paisaje del Bosque Chaque\u00f1o ha experimentado grandes cambios. \u00abEmpec\u00e9 a trabajar en la regi\u00f3n hace 20 a\u00f1os. A principios de los 2000, el Impenetrable era una zona boscosa continua, con una gran disponibilidad de h\u00e1bitat para las especies, mucho mayor que la que hay hoy. Ahora es muy notorio c\u00f3mo avanz\u00f3 la frontera agr\u00edcola y ganadera. Los desmontes son cada vez m\u00e1s grandes y la salida de madera es permanente\u00bb, cuenta a T\u00e9lam Ver\u00f3nica Quiroga, una bi\u00f3loga e investigadora del Conicet que estudia el proceso de defaunaci\u00f3n en el Bosque Chaque\u00f1o.<\/p>\n<p>Los resultados de los estudios que lider\u00f3 la cient\u00edfica, junto con grupos de distintas universidades argentinas y organismos de otros pa\u00edses en los que se extiende esta ecorregi\u00f3n, resaltan la importancia de que los planes de conservaci\u00f3n que se dise\u00f1en para proteger al Bosque Chaque\u00f1o contemplen a sus pobladores.<\/p>\n<p>\u00abNo se puede hacer conservaci\u00f3n sin la gente. El concepto de generar \u00e1reas protegidas pr\u00edstinas, donde no viva nadie adentro, no va m\u00e1s. Siguen siendo importantes como \u00e1reas n\u00facleo, pero por s\u00ed solas es imposible que ayuden a conservar la diversidad de una regi\u00f3n tan particular como el Bosque Chaque\u00f1o. Necesitamos trabajar con el concepto de corredores de conservaci\u00f3n de biodiversidad, donde tanto las comunidades criollas e ind\u00edgenas son clave porque son los due\u00f1os de esas tierras y los que deciden c\u00f3mo y cu\u00e1nto se usa\u00bb, se\u00f1ala.<\/p>\n<p>En la serie de conferencias del Segmento de Alto Nivel de la COP15 que se realiz\u00f3 el jueves 15, el presidente del Foro Permanente de Naciones Unidas para Cuestiones Ind\u00edgenas, Dar\u00edo Mej\u00eda se refiri\u00f3 a cu\u00e1les son las expectativas del sector que representa para estas negociaciones.<\/p>\n<p>&nbsp;<\/p>\n<p><a title=\"19-12-2022_el_rol_clave_de_los (1)\" href=\"https:\/\/www.flickr.com\/photos\/182279889@N02\/52574422728\/in\/dateposted-public\/\" data-flickr-embed=\"true\"><img loading=\"lazy\" decoding=\"async\" src=\"https:\/\/live.staticflickr.com\/65535\/52574422728_939b62f343_c.jpg\" alt=\"19-12-2022_el_rol_clave_de_los (1)\" width=\"800\" height=\"534\" \/><\/a><\/p>\n<p>&nbsp;<\/p>\n<p>\u00abLos pueblos ind\u00edgenas viven el territorio de manera integral. Las leyes de la madre tierra se reflejan en las normas de relacionamiento entre todos los seres de la naturaleza. La separaci\u00f3n entre cultura y naturaleza no es aplicable. Esta forma de vida y sistemas de conocimiento integrales han permitido que los pueblos ind\u00edgenas, siendo apenas el 6.2 por ciento de la poblaci\u00f3n global, protejan al menos el 80 por ciento de la biodiversidad restante en el planeta. Esta es una enorme contribuci\u00f3n y es una tarea realizada que debe ser reconocida\u00bb, dijo.<\/p>\n<p>Algunas de las recomendaciones del Foro son que los territorios ind\u00edgenas sean reconocidos como una categor\u00eda separada de las \u00e1reas protegidas y otras medidas destinadas espec\u00edficamente a las mujeres ind\u00edgenas, quienes son consideradas como \u00abguardianas del conocimiento y protecci\u00f3n de la biodiversidad\u00bb.<\/p>\n<p>En ese sentido, Ver\u00f3nica Quiroga destaca la importancia de valorar y recuperar los conocimientos de las comunidades. \u00abEs clave para que podamos hacer investigaciones de calidad en la zona. Lo que aprendemos en la academia respecto a las ciencias para la conservaci\u00f3n es muy valioso, pero es solo un punto de partida que necesita ser combinado con los saberes locales para poder obtener resultados reales y evitar p\u00e9rdidas de tiempo\u00bb, asegura.<\/p>\n<p>A su vez, la bi\u00f3loga advierte sobre la importancia de garantizar la calidad de vida de las comunidades locales para evitar su desplazamiento. \u00abSi los habitantes del Bosque Chaque\u00f1o no logran acceder las condiciones para tener producciones sustentables que les permitan mejorar sus econom\u00edas, se va seguir profundizando lo que vimos en estas \u00faltimas d\u00e9cadas: los pobladores venden sus tierras a grandes productores que desmontan los campos para destinarlos a cr\u00eda de ganado o a plantaciones de soja\u00bb, se\u00f1ala.<\/p>\n<p>Para poder trabajar en planes que mejoren las condiciones de vida de las comunidades locales y los pueblos ind\u00edgenas ser\u00e1 fundamental que las negociaciones de la COP ayuden a garantizar los financiamientos necesarios.<\/p>\n<p>\u00abLos pa\u00edses en v\u00edas de desarrollo est\u00e1n haciendo escuchar su voz y reclaman que los pa\u00edses desarrollados hagan llegar recursos dinerarios para que se puedan hacer realidad los compromisos que se asuman aqu\u00ed. Todos los pa\u00edses tienen que comprometer m\u00e1s partidas presupuestarias y tienen que estar a la altura del desaf\u00edo\u00bb, considera Ana Di Pangracio desde Canad\u00e1.<\/p>\n<p>*Esta nota es una producci\u00f3n de T\u00e9lam-Confiar, una plataforma con informaci\u00f3n especializada en ciencia, salud, ambiente y tecnolog\u00eda (www.telam.com.ar\/confiar). Esta nota realizada fue realizada en el proyecto COP15 a la Lente.<\/p>\n","protected":false},"excerpt":{"rendered":"<p>El rol clave de los pueblos ind\u00edgenas en la conservaci\u00f3n de la biodiversidad, uno de los temas centrales de la COP15 que finaliz\u00f3 hoy en Montreal, puede observarse con claridad en el Bosque Chaque\u00f1o -una regi\u00f3n argentina que posee una de las tasas de deforestaci\u00f3n m\u00e1s altas del mundo-, y las pol\u00edticas ambientales no pueden [&hellip;]<\/p>\n","protected":false},"author":3,"featured_media":0,"comment_status":"closed","ping_status":"closed","sticky":false,"template":"","format":"standard","meta":{"footnotes":""},"categories":[46],"tags":[],"class_list":["post-81615","post","type-post","status-publish","format-standard","hentry","category-ciencia-y-tecnologia"],"yoast_head":"<!-- This site is optimized with the Yoast SEO plugin v25.9 - https:\/\/yoast.com\/wordpress\/plugins\/seo\/ -->\n<title>El Bosque Chaque\u00f1o, una regi\u00f3n donde ver el rol de las poblaciones ind\u00edgenas en la biodiversidad - Noticias Radio Reflejos<\/title>\n<meta name=\"robots\" content=\"index, follow, max-snippet:-1, max-image-preview:large, max-video-preview:-1\" \/>\n<link rel=\"canonical\" href=\"https:\/\/www.noticiasradioreflejos.com.ar\/2021\/el-bosque-chaqueno-una-region-donde-ver-el-rol-de-las-poblaciones-indigenas-en-la-biodiversidad\/\" \/>\n<meta property=\"og:locale\" content=\"es_ES\" \/>\n<meta property=\"og:type\" content=\"article\" \/>\n<meta property=\"og:title\" content=\"El Bosque Chaque\u00f1o, una regi\u00f3n donde ver el rol de las poblaciones ind\u00edgenas en la biodiversidad - Noticias Radio Reflejos\" \/>\n<meta property=\"og:description\" content=\"El rol clave de los pueblos ind\u00edgenas en la conservaci\u00f3n de la biodiversidad, uno de los temas centrales de la COP15 que finaliz\u00f3 hoy en Montreal, puede observarse con claridad en el Bosque Chaque\u00f1o -una regi\u00f3n argentina que posee una de las tasas de deforestaci\u00f3n m\u00e1s altas del mundo-, y las pol\u00edticas ambientales no pueden [&hellip;]\" \/>\n<meta property=\"og:url\" content=\"https:\/\/www.noticiasradioreflejos.com.ar\/2021\/el-bosque-chaqueno-una-region-donde-ver-el-rol-de-las-poblaciones-indigenas-en-la-biodiversidad\/\" \/>\n<meta property=\"og:site_name\" content=\"Noticias Radio Reflejos\" \/>\n<meta property=\"article:published_time\" content=\"2022-12-19T20:59:49+00:00\" \/>\n<meta property=\"og:image\" content=\"https:\/\/live.staticflickr.com\/65535\/52574337365_56945da482_c.jpg\" \/>\n<meta name=\"author\" content=\"Arnaldo Botto\" \/>\n<meta name=\"twitter:card\" content=\"summary_large_image\" \/>\n<script type=\"application\/ld+json\" class=\"yoast-schema-graph\">{\"@context\":\"https:\/\/schema.org\",\"@graph\":[{\"@type\":\"WebPage\",\"@id\":\"https:\/\/www.noticiasradioreflejos.com.ar\/2021\/el-bosque-chaqueno-una-region-donde-ver-el-rol-de-las-poblaciones-indigenas-en-la-biodiversidad\/\",\"url\":\"https:\/\/www.noticiasradioreflejos.com.ar\/2021\/el-bosque-chaqueno-una-region-donde-ver-el-rol-de-las-poblaciones-indigenas-en-la-biodiversidad\/\",\"name\":\"El Bosque Chaque\u00f1o, una regi\u00f3n donde ver el rol de las poblaciones ind\u00edgenas en la biodiversidad - Noticias Radio Reflejos\",\"isPartOf\":{\"@id\":\"https:\/\/www.noticiasradioreflejos.com.ar\/2021\/#website\"},\"primaryImageOfPage\":{\"@id\":\"https:\/\/www.noticiasradioreflejos.com.ar\/2021\/el-bosque-chaqueno-una-region-donde-ver-el-rol-de-las-poblaciones-indigenas-en-la-biodiversidad\/#primaryimage\"},\"image\":{\"@id\":\"https:\/\/www.noticiasradioreflejos.com.ar\/2021\/el-bosque-chaqueno-una-region-donde-ver-el-rol-de-las-poblaciones-indigenas-en-la-biodiversidad\/#primaryimage\"},\"thumbnailUrl\":\"https:\/\/live.staticflickr.com\/65535\/52574337365_56945da482_c.jpg\",\"datePublished\":\"2022-12-19T20:59:49+00:00\",\"author\":{\"@id\":\"https:\/\/www.noticiasradioreflejos.com.ar\/2021\/#\/schema\/person\/ad82545263dcc5ec0996818884fd5fb1\"},\"breadcrumb\":{\"@id\":\"https:\/\/www.noticiasradioreflejos.com.ar\/2021\/el-bosque-chaqueno-una-region-donde-ver-el-rol-de-las-poblaciones-indigenas-en-la-biodiversidad\/#breadcrumb\"},\"inLanguage\":\"es\",\"potentialAction\":[{\"@type\":\"ReadAction\",\"target\":[\"https:\/\/www.noticiasradioreflejos.com.ar\/2021\/el-bosque-chaqueno-una-region-donde-ver-el-rol-de-las-poblaciones-indigenas-en-la-biodiversidad\/\"]}]},{\"@type\":\"ImageObject\",\"inLanguage\":\"es\",\"@id\":\"https:\/\/www.noticiasradioreflejos.com.ar\/2021\/el-bosque-chaqueno-una-region-donde-ver-el-rol-de-las-poblaciones-indigenas-en-la-biodiversidad\/#primaryimage\",\"url\":\"https:\/\/live.staticflickr.com\/65535\/52574337365_56945da482_c.jpg\",\"contentUrl\":\"https:\/\/live.staticflickr.com\/65535\/52574337365_56945da482_c.jpg\"},{\"@type\":\"BreadcrumbList\",\"@id\":\"https:\/\/www.noticiasradioreflejos.com.ar\/2021\/el-bosque-chaqueno-una-region-donde-ver-el-rol-de-las-poblaciones-indigenas-en-la-biodiversidad\/#breadcrumb\",\"itemListElement\":[{\"@type\":\"ListItem\",\"position\":1,\"name\":\"Portada\",\"item\":\"https:\/\/www.noticiasradioreflejos.com.ar\/2021\/\"},{\"@type\":\"ListItem\",\"position\":2,\"name\":\"El Bosque Chaque\u00f1o, una regi\u00f3n donde ver el rol de las poblaciones ind\u00edgenas en la biodiversidad\"}]},{\"@type\":\"WebSite\",\"@id\":\"https:\/\/www.noticiasradioreflejos.com.ar\/2021\/#website\",\"url\":\"https:\/\/www.noticiasradioreflejos.com.ar\/2021\/\",\"name\":\"Noticias Radio Reflejos\",\"description\":\"Las noticias de mi comarca\",\"potentialAction\":[{\"@type\":\"SearchAction\",\"target\":{\"@type\":\"EntryPoint\",\"urlTemplate\":\"https:\/\/www.noticiasradioreflejos.com.ar\/2021\/?s={search_term_string}\"},\"query-input\":{\"@type\":\"PropertyValueSpecification\",\"valueRequired\":true,\"valueName\":\"search_term_string\"}}],\"inLanguage\":\"es\"},{\"@type\":\"Person\",\"@id\":\"https:\/\/www.noticiasradioreflejos.com.ar\/2021\/#\/schema\/person\/ad82545263dcc5ec0996818884fd5fb1\",\"name\":\"Arnaldo Botto\",\"image\":{\"@type\":\"ImageObject\",\"inLanguage\":\"es\",\"@id\":\"https:\/\/www.noticiasradioreflejos.com.ar\/2021\/#\/schema\/person\/image\/\",\"url\":\"https:\/\/secure.gravatar.com\/avatar\/55cb5e37c1efa326397366e6974cb338056df65cb50e7d64d1cf314e87504837?s=96&d=mm&r=g\",\"contentUrl\":\"https:\/\/secure.gravatar.com\/avatar\/55cb5e37c1efa326397366e6974cb338056df65cb50e7d64d1cf314e87504837?s=96&d=mm&r=g\",\"caption\":\"Arnaldo Botto\"},\"url\":\"https:\/\/www.noticiasradioreflejos.com.ar\/2021\/author\/arnaldo\/\"}]}<\/script>\n<!-- \/ Yoast SEO plugin. -->","yoast_head_json":{"title":"El Bosque Chaque\u00f1o, una regi\u00f3n donde ver el rol de las poblaciones ind\u00edgenas en la biodiversidad - Noticias Radio Reflejos","robots":{"index":"index","follow":"follow","max-snippet":"max-snippet:-1","max-image-preview":"max-image-preview:large","max-video-preview":"max-video-preview:-1"},"canonical":"https:\/\/www.noticiasradioreflejos.com.ar\/2021\/el-bosque-chaqueno-una-region-donde-ver-el-rol-de-las-poblaciones-indigenas-en-la-biodiversidad\/","og_locale":"es_ES","og_type":"article","og_title":"El Bosque Chaque\u00f1o, una regi\u00f3n donde ver el rol de las poblaciones ind\u00edgenas en la biodiversidad - Noticias Radio Reflejos","og_description":"El rol clave de los pueblos ind\u00edgenas en la conservaci\u00f3n de la biodiversidad, uno de los temas centrales de la COP15 que finaliz\u00f3 hoy en Montreal, puede observarse con claridad en el Bosque Chaque\u00f1o -una regi\u00f3n argentina que posee una de las tasas de deforestaci\u00f3n m\u00e1s altas del mundo-, y las pol\u00edticas ambientales no pueden [&hellip;]","og_url":"https:\/\/www.noticiasradioreflejos.com.ar\/2021\/el-bosque-chaqueno-una-region-donde-ver-el-rol-de-las-poblaciones-indigenas-en-la-biodiversidad\/","og_site_name":"Noticias Radio Reflejos","article_published_time":"2022-12-19T20:59:49+00:00","og_image":[{"url":"https:\/\/live.staticflickr.com\/65535\/52574337365_56945da482_c.jpg","type":"","width":"","height":""}],"author":"Arnaldo Botto","twitter_card":"summary_large_image","schema":{"@context":"https:\/\/schema.org","@graph":[{"@type":"WebPage","@id":"https:\/\/www.noticiasradioreflejos.com.ar\/2021\/el-bosque-chaqueno-una-region-donde-ver-el-rol-de-las-poblaciones-indigenas-en-la-biodiversidad\/","url":"https:\/\/www.noticiasradioreflejos.com.ar\/2021\/el-bosque-chaqueno-una-region-donde-ver-el-rol-de-las-poblaciones-indigenas-en-la-biodiversidad\/","name":"El Bosque Chaque\u00f1o, una regi\u00f3n donde ver el rol de las poblaciones ind\u00edgenas en la biodiversidad - Noticias Radio Reflejos","isPartOf":{"@id":"https:\/\/www.noticiasradioreflejos.com.ar\/2021\/#website"},"primaryImageOfPage":{"@id":"https:\/\/www.noticiasradioreflejos.com.ar\/2021\/el-bosque-chaqueno-una-region-donde-ver-el-rol-de-las-poblaciones-indigenas-en-la-biodiversidad\/#primaryimage"},"image":{"@id":"https:\/\/www.noticiasradioreflejos.com.ar\/2021\/el-bosque-chaqueno-una-region-donde-ver-el-rol-de-las-poblaciones-indigenas-en-la-biodiversidad\/#primaryimage"},"thumbnailUrl":"https:\/\/live.staticflickr.com\/65535\/52574337365_56945da482_c.jpg","datePublished":"2022-12-19T20:59:49+00:00","author":{"@id":"https:\/\/www.noticiasradioreflejos.com.ar\/2021\/#\/schema\/person\/ad82545263dcc5ec0996818884fd5fb1"},"breadcrumb":{"@id":"https:\/\/www.noticiasradioreflejos.com.ar\/2021\/el-bosque-chaqueno-una-region-donde-ver-el-rol-de-las-poblaciones-indigenas-en-la-biodiversidad\/#breadcrumb"},"inLanguage":"es","potentialAction":[{"@type":"ReadAction","target":["https:\/\/www.noticiasradioreflejos.com.ar\/2021\/el-bosque-chaqueno-una-region-donde-ver-el-rol-de-las-poblaciones-indigenas-en-la-biodiversidad\/"]}]},{"@type":"ImageObject","inLanguage":"es","@id":"https:\/\/www.noticiasradioreflejos.com.ar\/2021\/el-bosque-chaqueno-una-region-donde-ver-el-rol-de-las-poblaciones-indigenas-en-la-biodiversidad\/#primaryimage","url":"https:\/\/live.staticflickr.com\/65535\/52574337365_56945da482_c.jpg","contentUrl":"https:\/\/live.staticflickr.com\/65535\/52574337365_56945da482_c.jpg"},{"@type":"BreadcrumbList","@id":"https:\/\/www.noticiasradioreflejos.com.ar\/2021\/el-bosque-chaqueno-una-region-donde-ver-el-rol-de-las-poblaciones-indigenas-en-la-biodiversidad\/#breadcrumb","itemListElement":[{"@type":"ListItem","position":1,"name":"Portada","item":"https:\/\/www.noticiasradioreflejos.com.ar\/2021\/"},{"@type":"ListItem","position":2,"name":"El Bosque Chaque\u00f1o, una regi\u00f3n donde ver el rol de las poblaciones ind\u00edgenas en la biodiversidad"}]},{"@type":"WebSite","@id":"https:\/\/www.noticiasradioreflejos.com.ar\/2021\/#website","url":"https:\/\/www.noticiasradioreflejos.com.ar\/2021\/","name":"Noticias Radio Reflejos","description":"Las noticias de mi comarca","potentialAction":[{"@type":"SearchAction","target":{"@type":"EntryPoint","urlTemplate":"https:\/\/www.noticiasradioreflejos.com.ar\/2021\/?s={search_term_string}"},"query-input":{"@type":"PropertyValueSpecification","valueRequired":true,"valueName":"search_term_string"}}],"inLanguage":"es"},{"@type":"Person","@id":"https:\/\/www.noticiasradioreflejos.com.ar\/2021\/#\/schema\/person\/ad82545263dcc5ec0996818884fd5fb1","name":"Arnaldo Botto","image":{"@type":"ImageObject","inLanguage":"es","@id":"https:\/\/www.noticiasradioreflejos.com.ar\/2021\/#\/schema\/person\/image\/","url":"https:\/\/secure.gravatar.com\/avatar\/55cb5e37c1efa326397366e6974cb338056df65cb50e7d64d1cf314e87504837?s=96&d=mm&r=g","contentUrl":"https:\/\/secure.gravatar.com\/avatar\/55cb5e37c1efa326397366e6974cb338056df65cb50e7d64d1cf314e87504837?s=96&d=mm&r=g","caption":"Arnaldo Botto"},"url":"https:\/\/www.noticiasradioreflejos.com.ar\/2021\/author\/arnaldo\/"}]}},"_links":{"self":[{"href":"https:\/\/www.noticiasradioreflejos.com.ar\/2021\/wp-json\/wp\/v2\/posts\/81615","targetHints":{"allow":["GET"]}}],"collection":[{"href":"https:\/\/www.noticiasradioreflejos.com.ar\/2021\/wp-json\/wp\/v2\/posts"}],"about":[{"href":"https:\/\/www.noticiasradioreflejos.com.ar\/2021\/wp-json\/wp\/v2\/types\/post"}],"author":[{"embeddable":true,"href":"https:\/\/www.noticiasradioreflejos.com.ar\/2021\/wp-json\/wp\/v2\/users\/3"}],"replies":[{"embeddable":true,"href":"https:\/\/www.noticiasradioreflejos.com.ar\/2021\/wp-json\/wp\/v2\/comments?post=81615"}],"version-history":[{"count":1,"href":"https:\/\/www.noticiasradioreflejos.com.ar\/2021\/wp-json\/wp\/v2\/posts\/81615\/revisions"}],"predecessor-version":[{"id":81617,"href":"https:\/\/www.noticiasradioreflejos.com.ar\/2021\/wp-json\/wp\/v2\/posts\/81615\/revisions\/81617"}],"wp:attachment":[{"href":"https:\/\/www.noticiasradioreflejos.com.ar\/2021\/wp-json\/wp\/v2\/media?parent=81615"}],"wp:term":[{"taxonomy":"category","embeddable":true,"href":"https:\/\/www.noticiasradioreflejos.com.ar\/2021\/wp-json\/wp\/v2\/categories?post=81615"},{"taxonomy":"post_tag","embeddable":true,"href":"https:\/\/www.noticiasradioreflejos.com.ar\/2021\/wp-json\/wp\/v2\/tags?post=81615"}],"curies":[{"name":"wp","href":"https:\/\/api.w.org\/{rel}","templated":true}]}}