{"id":81612,"date":"2022-12-19T20:54:21","date_gmt":"2022-12-19T20:54:21","guid":{"rendered":"http:\/\/www.noticiasradioreflejos.com.ar\/2021\/?p=81612"},"modified":"2022-12-19T20:54:21","modified_gmt":"2022-12-19T20:54:21","slug":"cinco-recien-nacidos-fueron-inscriptos-con-los-nombres-de-lionel-y-julian-en-salta","status":"publish","type":"post","link":"https:\/\/www.noticiasradioreflejos.com.ar\/2021\/cinco-recien-nacidos-fueron-inscriptos-con-los-nombres-de-lionel-y-julian-en-salta\/","title":{"rendered":"Cinco reci\u00e9n nacidos fueron inscriptos con los nombres de Lionel y Juli\u00e1n en Salta"},"content":{"rendered":"<p>Cinco beb\u00e9s que nacieron en Salta este domingo, el d\u00eda en que se disput\u00f3 la final de la Copa Mundial de F\u00fatbol que gan\u00f3 la selecci\u00f3n argentina, fueron inscriptos con los nombres de Lionel y Juli\u00e1n, en homenaje al capit\u00e1n y al delantero del equipo nacional.<!--more--><br \/>\n(T\u00e9lam) &#8211; Fuentes gubernamentales informaron hoy que, tras la consagraci\u00f3n de la selecci\u00f3n argentina como Campeona de la Copa del Mundo, los padres de los cinco bebes que nacieron este domingo asentaron a sus hijos en el Registro Civil con los nombres de Lionel (por Messi) y Juli\u00e1n (por \u00c1lvarez).<\/p>\n<p>Los voceros agregaron que se estima que esos nombres ser\u00e1n los m\u00e1s utilizados para la inscripci\u00f3n de nacimientos en los pr\u00f3ximos d\u00edas, hasta fin de a\u00f1o y durante 2023.<\/p>\n<p>Desde que comenz\u00f3 el certamen deportivo no se hab\u00edan registrado en Salta nacidos con nombres de los jugadores de la Selecci\u00f3n Argentina, hasta la final de este domingo.<\/p>\n<p>Seg\u00fan las tendencias anuales, los ciudadanos optan por nombres de personajes que son reconocidos en el momento del nacimiento de sus hijos. Por ejemplo, en 1978 se inscribieron ciudadanos bajo el nombre de Mario Alberto (por Kempes), en 1986 con el nombre Diego Armando (por Maradona) y en 2013 con el nombre Francisco, en homenaje al Papa.<\/p>\n","protected":false},"excerpt":{"rendered":"<p>Cinco beb\u00e9s que nacieron en Salta este domingo, el d\u00eda en que se disput\u00f3 la final de la Copa Mundial de F\u00fatbol que gan\u00f3 la selecci\u00f3n argentina, fueron inscriptos con los nombres de Lionel y Juli\u00e1n, en homenaje al capit\u00e1n y al delantero del equipo nacional.<\/p>\n","protected":false},"author":3,"featured_media":0,"comment_status":"closed","ping_status":"closed","sticky":false,"template":"","format":"standard","meta":{"footnotes":""},"categories":[26],"tags":[],"class_list":["post-81612","post","type-post","status-publish","format-standard","hentry","category-sociedad"],"yoast_head":"<!-- This site is optimized with the Yoast SEO plugin v25.9 - https:\/\/yoast.com\/wordpress\/plugins\/seo\/ -->\n<title>Cinco reci\u00e9n nacidos fueron inscriptos con los nombres de Lionel y Juli\u00e1n en Salta - Noticias Radio Reflejos<\/title>\n<meta name=\"robots\" content=\"index, follow, max-snippet:-1, max-image-preview:large, max-video-preview:-1\" \/>\n<link rel=\"canonical\" href=\"https:\/\/www.noticiasradioreflejos.com.ar\/2021\/cinco-recien-nacidos-fueron-inscriptos-con-los-nombres-de-lionel-y-julian-en-salta\/\" \/>\n<meta property=\"og:locale\" content=\"es_ES\" \/>\n<meta property=\"og:type\" content=\"article\" \/>\n<meta property=\"og:title\" content=\"Cinco reci\u00e9n nacidos fueron inscriptos con los nombres de Lionel y Juli\u00e1n en Salta - Noticias Radio Reflejos\" \/>\n<meta property=\"og:description\" content=\"Cinco beb\u00e9s que nacieron en Salta este domingo, el d\u00eda en que se disput\u00f3 la final de la Copa Mundial de F\u00fatbol que gan\u00f3 la selecci\u00f3n argentina, fueron inscriptos con los nombres de Lionel y Juli\u00e1n, en homenaje al capit\u00e1n y al delantero del equipo nacional.\" \/>\n<meta property=\"og:url\" content=\"https:\/\/www.noticiasradioreflejos.com.ar\/2021\/cinco-recien-nacidos-fueron-inscriptos-con-los-nombres-de-lionel-y-julian-en-salta\/\" \/>\n<meta property=\"og:site_name\" content=\"Noticias Radio Reflejos\" \/>\n<meta property=\"article:published_time\" content=\"2022-12-19T20:54:21+00:00\" \/>\n<meta property=\"og:image\" content=\"https:\/\/www.noticiasradioreflejos.com.ar\/2021\/wp-content\/uploads\/2021\/07\/logosol300x200.png\" \/>\n\t<meta property=\"og:image:width\" content=\"300\" \/>\n\t<meta property=\"og:image:height\" content=\"200\" \/>\n\t<meta property=\"og:image:type\" content=\"image\/png\" \/>\n<meta name=\"author\" content=\"Arnaldo Botto\" \/>\n<meta name=\"twitter:card\" content=\"summary_large_image\" \/>\n<script type=\"application\/ld+json\" class=\"yoast-schema-graph\">{\"@context\":\"https:\/\/schema.org\",\"@graph\":[{\"@type\":\"WebPage\",\"@id\":\"https:\/\/www.noticiasradioreflejos.com.ar\/2021\/cinco-recien-nacidos-fueron-inscriptos-con-los-nombres-de-lionel-y-julian-en-salta\/\",\"url\":\"https:\/\/www.noticiasradioreflejos.com.ar\/2021\/cinco-recien-nacidos-fueron-inscriptos-con-los-nombres-de-lionel-y-julian-en-salta\/\",\"name\":\"Cinco reci\u00e9n nacidos fueron inscriptos con los nombres de Lionel y Juli\u00e1n en Salta - Noticias Radio Reflejos\",\"isPartOf\":{\"@id\":\"https:\/\/www.noticiasradioreflejos.com.ar\/2021\/#website\"},\"datePublished\":\"2022-12-19T20:54:21+00:00\",\"author\":{\"@id\":\"https:\/\/www.noticiasradioreflejos.com.ar\/2021\/#\/schema\/person\/ad82545263dcc5ec0996818884fd5fb1\"},\"breadcrumb\":{\"@id\":\"https:\/\/www.noticiasradioreflejos.com.ar\/2021\/cinco-recien-nacidos-fueron-inscriptos-con-los-nombres-de-lionel-y-julian-en-salta\/#breadcrumb\"},\"inLanguage\":\"es\",\"potentialAction\":[{\"@type\":\"ReadAction\",\"target\":[\"https:\/\/www.noticiasradioreflejos.com.ar\/2021\/cinco-recien-nacidos-fueron-inscriptos-con-los-nombres-de-lionel-y-julian-en-salta\/\"]}]},{\"@type\":\"BreadcrumbList\",\"@id\":\"https:\/\/www.noticiasradioreflejos.com.ar\/2021\/cinco-recien-nacidos-fueron-inscriptos-con-los-nombres-de-lionel-y-julian-en-salta\/#breadcrumb\",\"itemListElement\":[{\"@type\":\"ListItem\",\"position\":1,\"name\":\"Portada\",\"item\":\"https:\/\/www.noticiasradioreflejos.com.ar\/2021\/\"},{\"@type\":\"ListItem\",\"position\":2,\"name\":\"Cinco reci\u00e9n nacidos fueron inscriptos con los nombres de Lionel y Juli\u00e1n en Salta\"}]},{\"@type\":\"WebSite\",\"@id\":\"https:\/\/www.noticiasradioreflejos.com.ar\/2021\/#website\",\"url\":\"https:\/\/www.noticiasradioreflejos.com.ar\/2021\/\",\"name\":\"Noticias Radio Reflejos\",\"description\":\"Las noticias de mi comarca\",\"potentialAction\":[{\"@type\":\"SearchAction\",\"target\":{\"@type\":\"EntryPoint\",\"urlTemplate\":\"https:\/\/www.noticiasradioreflejos.com.ar\/2021\/?s={search_term_string}\"},\"query-input\":{\"@type\":\"PropertyValueSpecification\",\"valueRequired\":true,\"valueName\":\"search_term_string\"}}],\"inLanguage\":\"es\"},{\"@type\":\"Person\",\"@id\":\"https:\/\/www.noticiasradioreflejos.com.ar\/2021\/#\/schema\/person\/ad82545263dcc5ec0996818884fd5fb1\",\"name\":\"Arnaldo Botto\",\"image\":{\"@type\":\"ImageObject\",\"inLanguage\":\"es\",\"@id\":\"https:\/\/www.noticiasradioreflejos.com.ar\/2021\/#\/schema\/person\/image\/\",\"url\":\"https:\/\/secure.gravatar.com\/avatar\/55cb5e37c1efa326397366e6974cb338056df65cb50e7d64d1cf314e87504837?s=96&d=mm&r=g\",\"contentUrl\":\"https:\/\/secure.gravatar.com\/avatar\/55cb5e37c1efa326397366e6974cb338056df65cb50e7d64d1cf314e87504837?s=96&d=mm&r=g\",\"caption\":\"Arnaldo Botto\"},\"url\":\"https:\/\/www.noticiasradioreflejos.com.ar\/2021\/author\/arnaldo\/\"}]}<\/script>\n<!-- \/ Yoast SEO plugin. -->","yoast_head_json":{"title":"Cinco reci\u00e9n nacidos fueron inscriptos con los nombres de Lionel y Juli\u00e1n en Salta - Noticias Radio Reflejos","robots":{"index":"index","follow":"follow","max-snippet":"max-snippet:-1","max-image-preview":"max-image-preview:large","max-video-preview":"max-video-preview:-1"},"canonical":"https:\/\/www.noticiasradioreflejos.com.ar\/2021\/cinco-recien-nacidos-fueron-inscriptos-con-los-nombres-de-lionel-y-julian-en-salta\/","og_locale":"es_ES","og_type":"article","og_title":"Cinco reci\u00e9n nacidos fueron inscriptos con los nombres de Lionel y Juli\u00e1n en Salta - Noticias Radio Reflejos","og_description":"Cinco beb\u00e9s que nacieron en Salta este domingo, el d\u00eda en que se disput\u00f3 la final de la Copa Mundial de F\u00fatbol que gan\u00f3 la selecci\u00f3n argentina, fueron inscriptos con los nombres de Lionel y Juli\u00e1n, en homenaje al capit\u00e1n y al delantero del equipo nacional.","og_url":"https:\/\/www.noticiasradioreflejos.com.ar\/2021\/cinco-recien-nacidos-fueron-inscriptos-con-los-nombres-de-lionel-y-julian-en-salta\/","og_site_name":"Noticias Radio Reflejos","article_published_time":"2022-12-19T20:54:21+00:00","og_image":[{"width":300,"height":200,"url":"https:\/\/www.noticiasradioreflejos.com.ar\/2021\/wp-content\/uploads\/2021\/07\/logosol300x200.png","type":"image\/png"}],"author":"Arnaldo Botto","twitter_card":"summary_large_image","schema":{"@context":"https:\/\/schema.org","@graph":[{"@type":"WebPage","@id":"https:\/\/www.noticiasradioreflejos.com.ar\/2021\/cinco-recien-nacidos-fueron-inscriptos-con-los-nombres-de-lionel-y-julian-en-salta\/","url":"https:\/\/www.noticiasradioreflejos.com.ar\/2021\/cinco-recien-nacidos-fueron-inscriptos-con-los-nombres-de-lionel-y-julian-en-salta\/","name":"Cinco reci\u00e9n nacidos fueron inscriptos con los nombres de Lionel y Juli\u00e1n en Salta - Noticias Radio Reflejos","isPartOf":{"@id":"https:\/\/www.noticiasradioreflejos.com.ar\/2021\/#website"},"datePublished":"2022-12-19T20:54:21+00:00","author":{"@id":"https:\/\/www.noticiasradioreflejos.com.ar\/2021\/#\/schema\/person\/ad82545263dcc5ec0996818884fd5fb1"},"breadcrumb":{"@id":"https:\/\/www.noticiasradioreflejos.com.ar\/2021\/cinco-recien-nacidos-fueron-inscriptos-con-los-nombres-de-lionel-y-julian-en-salta\/#breadcrumb"},"inLanguage":"es","potentialAction":[{"@type":"ReadAction","target":["https:\/\/www.noticiasradioreflejos.com.ar\/2021\/cinco-recien-nacidos-fueron-inscriptos-con-los-nombres-de-lionel-y-julian-en-salta\/"]}]},{"@type":"BreadcrumbList","@id":"https:\/\/www.noticiasradioreflejos.com.ar\/2021\/cinco-recien-nacidos-fueron-inscriptos-con-los-nombres-de-lionel-y-julian-en-salta\/#breadcrumb","itemListElement":[{"@type":"ListItem","position":1,"name":"Portada","item":"https:\/\/www.noticiasradioreflejos.com.ar\/2021\/"},{"@type":"ListItem","position":2,"name":"Cinco reci\u00e9n nacidos fueron inscriptos con los nombres de Lionel y Juli\u00e1n en Salta"}]},{"@type":"WebSite","@id":"https:\/\/www.noticiasradioreflejos.com.ar\/2021\/#website","url":"https:\/\/www.noticiasradioreflejos.com.ar\/2021\/","name":"Noticias Radio Reflejos","description":"Las noticias de mi comarca","potentialAction":[{"@type":"SearchAction","target":{"@type":"EntryPoint","urlTemplate":"https:\/\/www.noticiasradioreflejos.com.ar\/2021\/?s={search_term_string}"},"query-input":{"@type":"PropertyValueSpecification","valueRequired":true,"valueName":"search_term_string"}}],"inLanguage":"es"},{"@type":"Person","@id":"https:\/\/www.noticiasradioreflejos.com.ar\/2021\/#\/schema\/person\/ad82545263dcc5ec0996818884fd5fb1","name":"Arnaldo Botto","image":{"@type":"ImageObject","inLanguage":"es","@id":"https:\/\/www.noticiasradioreflejos.com.ar\/2021\/#\/schema\/person\/image\/","url":"https:\/\/secure.gravatar.com\/avatar\/55cb5e37c1efa326397366e6974cb338056df65cb50e7d64d1cf314e87504837?s=96&d=mm&r=g","contentUrl":"https:\/\/secure.gravatar.com\/avatar\/55cb5e37c1efa326397366e6974cb338056df65cb50e7d64d1cf314e87504837?s=96&d=mm&r=g","caption":"Arnaldo Botto"},"url":"https:\/\/www.noticiasradioreflejos.com.ar\/2021\/author\/arnaldo\/"}]}},"_links":{"self":[{"href":"https:\/\/www.noticiasradioreflejos.com.ar\/2021\/wp-json\/wp\/v2\/posts\/81612","targetHints":{"allow":["GET"]}}],"collection":[{"href":"https:\/\/www.noticiasradioreflejos.com.ar\/2021\/wp-json\/wp\/v2\/posts"}],"about":[{"href":"https:\/\/www.noticiasradioreflejos.com.ar\/2021\/wp-json\/wp\/v2\/types\/post"}],"author":[{"embeddable":true,"href":"https:\/\/www.noticiasradioreflejos.com.ar\/2021\/wp-json\/wp\/v2\/users\/3"}],"replies":[{"embeddable":true,"href":"https:\/\/www.noticiasradioreflejos.com.ar\/2021\/wp-json\/wp\/v2\/comments?post=81612"}],"version-history":[{"count":1,"href":"https:\/\/www.noticiasradioreflejos.com.ar\/2021\/wp-json\/wp\/v2\/posts\/81612\/revisions"}],"predecessor-version":[{"id":81614,"href":"https:\/\/www.noticiasradioreflejos.com.ar\/2021\/wp-json\/wp\/v2\/posts\/81612\/revisions\/81614"}],"wp:attachment":[{"href":"https:\/\/www.noticiasradioreflejos.com.ar\/2021\/wp-json\/wp\/v2\/media?parent=81612"}],"wp:term":[{"taxonomy":"category","embeddable":true,"href":"https:\/\/www.noticiasradioreflejos.com.ar\/2021\/wp-json\/wp\/v2\/categories?post=81612"},{"taxonomy":"post_tag","embeddable":true,"href":"https:\/\/www.noticiasradioreflejos.com.ar\/2021\/wp-json\/wp\/v2\/tags?post=81612"}],"curies":[{"name":"wp","href":"https:\/\/api.w.org\/{rel}","templated":true}]}}