{"id":81609,"date":"2022-12-19T20:47:59","date_gmt":"2022-12-19T20:47:59","guid":{"rendered":"http:\/\/www.noticiasradioreflejos.com.ar\/2021\/?p=81609"},"modified":"2022-12-19T20:47:59","modified_gmt":"2022-12-19T20:47:59","slug":"ya-son-36-los-municipios-del-interior-bonaerense-que-cuentan-con-oferta-de-educacion-superior","status":"publish","type":"post","link":"https:\/\/www.noticiasradioreflejos.com.ar\/2021\/ya-son-36-los-municipios-del-interior-bonaerense-que-cuentan-con-oferta-de-educacion-superior\/","title":{"rendered":"Ya son 36 los municipios del interior bonaerense que cuentan con oferta de educaci\u00f3n superior"},"content":{"rendered":"<p>Unos 36 distritos del interior de la provincia de Buenos Aires ya adhirieron al programa Puentes, que permite el acceso a la educaci\u00f3n superior universitaria, inform\u00f3 la Jefatura de Asesores de la Gobernaci\u00f3n provincial.<!--more--><\/p>\n<p>(T\u00e9lam) &#8211; \u00abEn nuestro Gobierno apostamos por garantizar m\u00e1s derechos para nuestro pueblo. Puentes va justamente en ese sentido: garantizar el derecho a la capacitaci\u00f3n, la educaci\u00f3n universitaria y tambi\u00e9n al arraigo, como motores para que la sociedad se desarrolle y, as\u00ed, asegurar el derecho al futuro\u00bb, expres\u00f3 el jefe de Asesores, Carlos Bianco.<\/p>\n<p>Adem\u00e1s, destac\u00f3 el car\u00e1cter plural de la gesti\u00f3n del gobernador Axel Kicillof al remarcar: \u00abA nosotros no nos interesa si un intendente pertenece a una u otra fuerza pol\u00edtica; lo que tenemos que asegurar es que toda la poblaci\u00f3n que quiera tener una carrera universitaria tenga esa posibilidad\u00bb.<\/p>\n<p>\u00abDe los 36 distritos que ya se sumaron a Puentes, me animo a decir que la mitad est\u00e1n gobernados por intendentes que no son de nuestra fuerza pol\u00edtica, por eso me causa un poco de gracia cuando desde la oposici\u00f3n nos dicen que nosotros no gobernamos para los 135 distritos de la provincia de Buenos Aires\u00bb, advirti\u00f3.<\/p>\n<p>Recomend\u00f3 adem\u00e1s \u00abmirar los n\u00fameros\u00bb y, de esa forma, comprobar que \u00abla inversi\u00f3n del Gobierno provincial est\u00e1 repartida de manera absolutamente equitativa\u00bb en todos los municipios.<\/p>\n<p>Los \u00faltimos distritos en adherir a Puentes son Roque P\u00e9rez, San Cayetano y Adolfo Alsina.<\/p>\n<p>El programa articula con los municipios para subsidiar la infraestructura de los centros universitarios ya existentes, sumar aulas o equipamientos; dictado de otras carreras universitarias y \/o afrontar el pago de salarios de los docentes que dictar\u00e1n clases en esos \u00e1mbitos.<\/p>\n","protected":false},"excerpt":{"rendered":"<p>Unos 36 distritos del interior de la provincia de Buenos Aires ya adhirieron al programa Puentes, que permite el acceso a la educaci\u00f3n superior universitaria, inform\u00f3 la Jefatura de Asesores de la Gobernaci\u00f3n provincial.<\/p>\n","protected":false},"author":3,"featured_media":0,"comment_status":"closed","ping_status":"closed","sticky":false,"template":"","format":"standard","meta":{"footnotes":""},"categories":[34,58],"tags":[],"class_list":["post-81609","post","type-post","status-publish","format-standard","hentry","category-educacion","category-gobierno"],"yoast_head":"<!-- This site is optimized with the Yoast SEO plugin v25.9 - https:\/\/yoast.com\/wordpress\/plugins\/seo\/ -->\n<title>Ya son 36 los municipios del interior bonaerense que cuentan con oferta de educaci\u00f3n superior - Noticias Radio Reflejos<\/title>\n<meta name=\"robots\" content=\"index, follow, max-snippet:-1, max-image-preview:large, max-video-preview:-1\" \/>\n<link rel=\"canonical\" href=\"https:\/\/www.noticiasradioreflejos.com.ar\/2021\/ya-son-36-los-municipios-del-interior-bonaerense-que-cuentan-con-oferta-de-educacion-superior\/\" \/>\n<meta property=\"og:locale\" content=\"es_ES\" \/>\n<meta property=\"og:type\" content=\"article\" \/>\n<meta property=\"og:title\" content=\"Ya son 36 los municipios del interior bonaerense que cuentan con oferta de educaci\u00f3n superior - Noticias Radio Reflejos\" \/>\n<meta property=\"og:description\" content=\"Unos 36 distritos del interior de la provincia de Buenos Aires ya adhirieron al programa Puentes, que permite el acceso a la educaci\u00f3n superior universitaria, inform\u00f3 la Jefatura de Asesores de la Gobernaci\u00f3n provincial.\" \/>\n<meta property=\"og:url\" content=\"https:\/\/www.noticiasradioreflejos.com.ar\/2021\/ya-son-36-los-municipios-del-interior-bonaerense-que-cuentan-con-oferta-de-educacion-superior\/\" \/>\n<meta property=\"og:site_name\" content=\"Noticias Radio Reflejos\" \/>\n<meta property=\"article:published_time\" content=\"2022-12-19T20:47:59+00:00\" \/>\n<meta property=\"og:image\" content=\"https:\/\/www.noticiasradioreflejos.com.ar\/2021\/wp-content\/uploads\/2021\/07\/logosol300x200.png\" \/>\n\t<meta property=\"og:image:width\" content=\"300\" \/>\n\t<meta property=\"og:image:height\" content=\"200\" \/>\n\t<meta property=\"og:image:type\" content=\"image\/png\" \/>\n<meta name=\"author\" content=\"Arnaldo Botto\" \/>\n<meta name=\"twitter:card\" content=\"summary_large_image\" \/>\n<script type=\"application\/ld+json\" class=\"yoast-schema-graph\">{\"@context\":\"https:\/\/schema.org\",\"@graph\":[{\"@type\":\"WebPage\",\"@id\":\"https:\/\/www.noticiasradioreflejos.com.ar\/2021\/ya-son-36-los-municipios-del-interior-bonaerense-que-cuentan-con-oferta-de-educacion-superior\/\",\"url\":\"https:\/\/www.noticiasradioreflejos.com.ar\/2021\/ya-son-36-los-municipios-del-interior-bonaerense-que-cuentan-con-oferta-de-educacion-superior\/\",\"name\":\"Ya son 36 los municipios del interior bonaerense que cuentan con oferta de educaci\u00f3n superior - Noticias Radio Reflejos\",\"isPartOf\":{\"@id\":\"https:\/\/www.noticiasradioreflejos.com.ar\/2021\/#website\"},\"datePublished\":\"2022-12-19T20:47:59+00:00\",\"author\":{\"@id\":\"https:\/\/www.noticiasradioreflejos.com.ar\/2021\/#\/schema\/person\/ad82545263dcc5ec0996818884fd5fb1\"},\"breadcrumb\":{\"@id\":\"https:\/\/www.noticiasradioreflejos.com.ar\/2021\/ya-son-36-los-municipios-del-interior-bonaerense-que-cuentan-con-oferta-de-educacion-superior\/#breadcrumb\"},\"inLanguage\":\"es\",\"potentialAction\":[{\"@type\":\"ReadAction\",\"target\":[\"https:\/\/www.noticiasradioreflejos.com.ar\/2021\/ya-son-36-los-municipios-del-interior-bonaerense-que-cuentan-con-oferta-de-educacion-superior\/\"]}]},{\"@type\":\"BreadcrumbList\",\"@id\":\"https:\/\/www.noticiasradioreflejos.com.ar\/2021\/ya-son-36-los-municipios-del-interior-bonaerense-que-cuentan-con-oferta-de-educacion-superior\/#breadcrumb\",\"itemListElement\":[{\"@type\":\"ListItem\",\"position\":1,\"name\":\"Portada\",\"item\":\"https:\/\/www.noticiasradioreflejos.com.ar\/2021\/\"},{\"@type\":\"ListItem\",\"position\":2,\"name\":\"Ya son 36 los municipios del interior bonaerense que cuentan con oferta de educaci\u00f3n superior\"}]},{\"@type\":\"WebSite\",\"@id\":\"https:\/\/www.noticiasradioreflejos.com.ar\/2021\/#website\",\"url\":\"https:\/\/www.noticiasradioreflejos.com.ar\/2021\/\",\"name\":\"Noticias Radio Reflejos\",\"description\":\"Las noticias de mi comarca\",\"potentialAction\":[{\"@type\":\"SearchAction\",\"target\":{\"@type\":\"EntryPoint\",\"urlTemplate\":\"https:\/\/www.noticiasradioreflejos.com.ar\/2021\/?s={search_term_string}\"},\"query-input\":{\"@type\":\"PropertyValueSpecification\",\"valueRequired\":true,\"valueName\":\"search_term_string\"}}],\"inLanguage\":\"es\"},{\"@type\":\"Person\",\"@id\":\"https:\/\/www.noticiasradioreflejos.com.ar\/2021\/#\/schema\/person\/ad82545263dcc5ec0996818884fd5fb1\",\"name\":\"Arnaldo Botto\",\"image\":{\"@type\":\"ImageObject\",\"inLanguage\":\"es\",\"@id\":\"https:\/\/www.noticiasradioreflejos.com.ar\/2021\/#\/schema\/person\/image\/\",\"url\":\"https:\/\/secure.gravatar.com\/avatar\/55cb5e37c1efa326397366e6974cb338056df65cb50e7d64d1cf314e87504837?s=96&d=mm&r=g\",\"contentUrl\":\"https:\/\/secure.gravatar.com\/avatar\/55cb5e37c1efa326397366e6974cb338056df65cb50e7d64d1cf314e87504837?s=96&d=mm&r=g\",\"caption\":\"Arnaldo Botto\"},\"url\":\"https:\/\/www.noticiasradioreflejos.com.ar\/2021\/author\/arnaldo\/\"}]}<\/script>\n<!-- \/ Yoast SEO plugin. -->","yoast_head_json":{"title":"Ya son 36 los municipios del interior bonaerense que cuentan con oferta de educaci\u00f3n superior - Noticias Radio Reflejos","robots":{"index":"index","follow":"follow","max-snippet":"max-snippet:-1","max-image-preview":"max-image-preview:large","max-video-preview":"max-video-preview:-1"},"canonical":"https:\/\/www.noticiasradioreflejos.com.ar\/2021\/ya-son-36-los-municipios-del-interior-bonaerense-que-cuentan-con-oferta-de-educacion-superior\/","og_locale":"es_ES","og_type":"article","og_title":"Ya son 36 los municipios del interior bonaerense que cuentan con oferta de educaci\u00f3n superior - Noticias Radio Reflejos","og_description":"Unos 36 distritos del interior de la provincia de Buenos Aires ya adhirieron al programa Puentes, que permite el acceso a la educaci\u00f3n superior universitaria, inform\u00f3 la Jefatura de Asesores de la Gobernaci\u00f3n provincial.","og_url":"https:\/\/www.noticiasradioreflejos.com.ar\/2021\/ya-son-36-los-municipios-del-interior-bonaerense-que-cuentan-con-oferta-de-educacion-superior\/","og_site_name":"Noticias Radio Reflejos","article_published_time":"2022-12-19T20:47:59+00:00","og_image":[{"width":300,"height":200,"url":"https:\/\/www.noticiasradioreflejos.com.ar\/2021\/wp-content\/uploads\/2021\/07\/logosol300x200.png","type":"image\/png"}],"author":"Arnaldo Botto","twitter_card":"summary_large_image","schema":{"@context":"https:\/\/schema.org","@graph":[{"@type":"WebPage","@id":"https:\/\/www.noticiasradioreflejos.com.ar\/2021\/ya-son-36-los-municipios-del-interior-bonaerense-que-cuentan-con-oferta-de-educacion-superior\/","url":"https:\/\/www.noticiasradioreflejos.com.ar\/2021\/ya-son-36-los-municipios-del-interior-bonaerense-que-cuentan-con-oferta-de-educacion-superior\/","name":"Ya son 36 los municipios del interior bonaerense que cuentan con oferta de educaci\u00f3n superior - Noticias Radio Reflejos","isPartOf":{"@id":"https:\/\/www.noticiasradioreflejos.com.ar\/2021\/#website"},"datePublished":"2022-12-19T20:47:59+00:00","author":{"@id":"https:\/\/www.noticiasradioreflejos.com.ar\/2021\/#\/schema\/person\/ad82545263dcc5ec0996818884fd5fb1"},"breadcrumb":{"@id":"https:\/\/www.noticiasradioreflejos.com.ar\/2021\/ya-son-36-los-municipios-del-interior-bonaerense-que-cuentan-con-oferta-de-educacion-superior\/#breadcrumb"},"inLanguage":"es","potentialAction":[{"@type":"ReadAction","target":["https:\/\/www.noticiasradioreflejos.com.ar\/2021\/ya-son-36-los-municipios-del-interior-bonaerense-que-cuentan-con-oferta-de-educacion-superior\/"]}]},{"@type":"BreadcrumbList","@id":"https:\/\/www.noticiasradioreflejos.com.ar\/2021\/ya-son-36-los-municipios-del-interior-bonaerense-que-cuentan-con-oferta-de-educacion-superior\/#breadcrumb","itemListElement":[{"@type":"ListItem","position":1,"name":"Portada","item":"https:\/\/www.noticiasradioreflejos.com.ar\/2021\/"},{"@type":"ListItem","position":2,"name":"Ya son 36 los municipios del interior bonaerense que cuentan con oferta de educaci\u00f3n superior"}]},{"@type":"WebSite","@id":"https:\/\/www.noticiasradioreflejos.com.ar\/2021\/#website","url":"https:\/\/www.noticiasradioreflejos.com.ar\/2021\/","name":"Noticias Radio Reflejos","description":"Las noticias de mi comarca","potentialAction":[{"@type":"SearchAction","target":{"@type":"EntryPoint","urlTemplate":"https:\/\/www.noticiasradioreflejos.com.ar\/2021\/?s={search_term_string}"},"query-input":{"@type":"PropertyValueSpecification","valueRequired":true,"valueName":"search_term_string"}}],"inLanguage":"es"},{"@type":"Person","@id":"https:\/\/www.noticiasradioreflejos.com.ar\/2021\/#\/schema\/person\/ad82545263dcc5ec0996818884fd5fb1","name":"Arnaldo Botto","image":{"@type":"ImageObject","inLanguage":"es","@id":"https:\/\/www.noticiasradioreflejos.com.ar\/2021\/#\/schema\/person\/image\/","url":"https:\/\/secure.gravatar.com\/avatar\/55cb5e37c1efa326397366e6974cb338056df65cb50e7d64d1cf314e87504837?s=96&d=mm&r=g","contentUrl":"https:\/\/secure.gravatar.com\/avatar\/55cb5e37c1efa326397366e6974cb338056df65cb50e7d64d1cf314e87504837?s=96&d=mm&r=g","caption":"Arnaldo Botto"},"url":"https:\/\/www.noticiasradioreflejos.com.ar\/2021\/author\/arnaldo\/"}]}},"_links":{"self":[{"href":"https:\/\/www.noticiasradioreflejos.com.ar\/2021\/wp-json\/wp\/v2\/posts\/81609","targetHints":{"allow":["GET"]}}],"collection":[{"href":"https:\/\/www.noticiasradioreflejos.com.ar\/2021\/wp-json\/wp\/v2\/posts"}],"about":[{"href":"https:\/\/www.noticiasradioreflejos.com.ar\/2021\/wp-json\/wp\/v2\/types\/post"}],"author":[{"embeddable":true,"href":"https:\/\/www.noticiasradioreflejos.com.ar\/2021\/wp-json\/wp\/v2\/users\/3"}],"replies":[{"embeddable":true,"href":"https:\/\/www.noticiasradioreflejos.com.ar\/2021\/wp-json\/wp\/v2\/comments?post=81609"}],"version-history":[{"count":1,"href":"https:\/\/www.noticiasradioreflejos.com.ar\/2021\/wp-json\/wp\/v2\/posts\/81609\/revisions"}],"predecessor-version":[{"id":81611,"href":"https:\/\/www.noticiasradioreflejos.com.ar\/2021\/wp-json\/wp\/v2\/posts\/81609\/revisions\/81611"}],"wp:attachment":[{"href":"https:\/\/www.noticiasradioreflejos.com.ar\/2021\/wp-json\/wp\/v2\/media?parent=81609"}],"wp:term":[{"taxonomy":"category","embeddable":true,"href":"https:\/\/www.noticiasradioreflejos.com.ar\/2021\/wp-json\/wp\/v2\/categories?post=81609"},{"taxonomy":"post_tag","embeddable":true,"href":"https:\/\/www.noticiasradioreflejos.com.ar\/2021\/wp-json\/wp\/v2\/tags?post=81609"}],"curies":[{"name":"wp","href":"https:\/\/api.w.org\/{rel}","templated":true}]}}