{"id":81592,"date":"2022-12-19T18:05:51","date_gmt":"2022-12-19T18:05:51","guid":{"rendered":"http:\/\/www.noticiasradioreflejos.com.ar\/2021\/?p=81592"},"modified":"2022-12-19T18:14:05","modified_gmt":"2022-12-19T18:14:05","slug":"la-seleccion-va-en-caravana-al-obelisco-para-festejar-con-los-hinchas","status":"publish","type":"post","link":"https:\/\/www.noticiasradioreflejos.com.ar\/2021\/la-seleccion-va-en-caravana-al-obelisco-para-festejar-con-los-hinchas\/","title":{"rendered":"La Selecci\u00f3n va en caravana al Obelisco para festejar con los hinchas."},"content":{"rendered":"<p>La Scaloneta arribar\u00e1 al pa\u00eds en un vuelo de Aerol\u00edneas Argentinas a las 2.25 hs. Se espera que una multitud acuda a celebrar con el plantel campe\u00f3n del mundo.<!--more--><\/p>\n<div class=\"section-2-col article-main-image\">\n<div class=\"col 2-col\">\n<div class=\"article-main-media-image__container\">\n<div class=\"image-wrapper\">\n<figure>\n<figure class=\"object-fit-block--contain intrinsic-container intrinsic-container-3x2\"><img decoding=\"async\" class=\" \" src=\"https:\/\/images.pagina12.com.ar\/styles\/focal_3_2_960x640\/public\/2022-12\/681369-whatsapp-20image-202022-12-19-20at-2011-48-53-20am.jpeg?itok=b8JeWeBK\" alt=\"La Scaloneta festejar\u00e1 el campeonato con los hinchas argentinos este martes al mediod\u00eda, en el Obelisco. Imagen:\u00a0@Argentina\u00a0\" \/><\/figure><figcaption>La Scaloneta festejar\u00e1 el campeonato con los hinchas argentinos este martes al mediod\u00eda, en el Obelisco. Imagen:\u00a0@Argentina\u00a0<\/figcaption><\/figure>\n<\/div>\n<\/div>\n<\/div>\n<\/div>\n<div class=\"section-2-col article-main-content\">\n<div class=\"col 1-col\"><\/div>\n<div class=\"col 2-col\">\n<div class=\"article-main-content article-text \">\n<p>La\u00a0<b>selecci\u00f3n\u00a0<\/b>argentina llegar\u00e1 a Buenos Aires este martes por la madrugada. En su cuenta oficial de Twitter, el plantel confirm\u00f3 que luego de aterrizar en Ezeiza se dirigir\u00e1n al\u00a0<b>mediod\u00eda al Obelisco<\/b>\u00a0para festejar la tercera Copa del Mundo del pa\u00eds junto a los hinchas. \u201c\u00a1S\u00ed, somos CAMPEONES DEL MUNDO!\u201d, publicaron.<\/p>\n<p>El vuelo\u00a0<b>AR1915\u00a0<\/b>que traslada a la Scaloneta\u00a0despeg\u00f3 este mediod\u00eda (hora argentina) del aeropuerto de Roma, Italia, tras haber cumplido con una escala t\u00e9cnica de poco m\u00e1s de dos horas en el viaje de regreso hacia el pa\u00eds que parti\u00f3 desde Doha, la capital de Qatar, y\u00a0<b>tiene previsto arribar a las<\/b>\u00a0<b>0.50 de la madrugada\u00a0<\/b>del martes al aeropuerto internacional Ministro Pistarini, horas m\u00e1s tarde de lo estipulado inicialmente.<\/p>\n<p>El avi\u00f3n, un Airbus 330-200, matr\u00edcula LV-FVH,\u00a0<b>ploteado con los colores y las im\u00e1genes de los jugadores de la Selecci\u00f3n<\/b>, parti\u00f3 ayer desde Doha alrededor de las 10.45 (4.45 hora argentina) y arrib\u00f3 a Roma cerca de las 14.30 (10.30 hora argentina), donde hizo una escala de reabastecimiento de combustible y despeg\u00f3 nuevamente rumbo a Buenos Aires a las 16.34 (12.34 hora argentina).<\/p>\n<p>Una vez que lleguen al pa\u00eds, los jugadores se trasladar\u00e1n al\u00a0<b>predio de la AFA en Ezeiza<\/b>. Y, m\u00e1s tarde, partir\u00e1 la\u00a0<b>caravana\u00a0<\/b>de los campeones hacia el\u00a0<b>Obelisco<\/b>, en el centro de la Ciudad de Buenos Aires.<\/p>\n<p>El Gobierno hab\u00eda iniciado conversaciones con el presidente de la m\u00e1xima entidad del f\u00fatbol argentino,\u00a0<b>Claudio \u201cChiqui\u201d Tapia<\/b>, para que los jugadores fueran a la\u00a0<b>Casa Rosada<\/b>. Desde Presidencia pusieron a disposici\u00f3n el balc\u00f3n de la casa de gobierno. En ese tema, la \u00faltima palabra la tendr\u00e1 el plantel que, de momento, solo festejar\u00e1 junto a los hinchas en 9 de Julio y Corrientes.<\/p>\n<p><b>Quienes s\u00ed llegar\u00e1n hoy a la Argentina son los familiares de los jugadores<\/b>, ya que el vuelo AR1919, en otro Airbus 330-200 de Aerol\u00edneas Argentinas,\u00a0<b>aterrizar\u00e1 en Ezeiza a las 22.45.<\/b>\u00a0Ese vuelo parti\u00f3 a las 6.25 desde Doha (0.25 hora argentina) y aproximadamente a las 12 (8 hora argentina) lleg\u00f3 a Roma, donde har\u00e1 una escala t\u00e9cnica de dos horas y luego despegar\u00e1 rumbo a Buenos Aires.<\/p>\n<h2>Las declaraciones de los jugadores<\/h2>\n<p>\u201cUna locura. Se hizo desear, mir\u00e1 lo que es, es hermosa. Es impresionante. La ansiabamos much\u00edsimo. Sab\u00eda que Dios me la iba a regalar, que era esta, que la \u00edbamos a lograr.\u00a0<b>Ahora quiero celebrar. No veo la hora de estar en Argentina y la locura que ser\u00e1 eso<\/b>\u201d,\u00a0declar\u00f3\u00a0<b>Lionel Messi\u00a0<\/b>justo despu\u00e9s del triunfo ante Francia por penales, y tras levantar la Copa del Mundo.<\/p>\n<blockquote class=\"instagram-media\" style=\"background: #FFF; border: 0; border-radius: 3px; box-shadow: 0 0 1px 0 rgba(0,0,0,0.5),0 1px 10px 0 rgba(0,0,0,0.15); margin: 1px; max-width: 540px; min-width: 326px; padding: 0; width: calc(100% - 2px);\" data-instgrm-captioned=\"\" data-instgrm-permalink=\"https:\/\/www.instagram.com\/p\/CmWkQIrNiwK\/?utm_source=ig_embed&amp;utm_campaign=loading\" data-instgrm-version=\"14\">\n<div style=\"padding: 16px;\">\n<p>&nbsp;<\/p>\n<div style=\"display: flex; flex-direction: row; align-items: center;\">\n<div style=\"background-color: #f4f4f4; border-radius: 50%; flex-grow: 0; height: 40px; margin-right: 14px; width: 40px;\"><\/div>\n<div style=\"display: flex; flex-direction: column; flex-grow: 1; justify-content: center;\">\n<div style=\"background-color: #f4f4f4; border-radius: 4px; flex-grow: 0; height: 14px; margin-bottom: 6px; width: 100px;\"><\/div>\n<div style=\"background-color: #f4f4f4; border-radius: 4px; flex-grow: 0; height: 14px; width: 60px;\"><\/div>\n<\/div>\n<\/div>\n<div style=\"padding: 19% 0;\"><\/div>\n<div style=\"display: block; height: 50px; margin: 0 auto 12px; width: 50px;\"><\/div>\n<div style=\"padding-top: 8px;\">\n<div style=\"color: #3897f0; font-family: Arial,sans-serif; font-size: 14px; font-style: normal; font-weight: 550; line-height: 18px;\">Ver esta publicaci\u00f3n en Instagram<\/div>\n<\/div>\n<div style=\"padding: 12.5% 0;\"><\/div>\n<div style=\"display: flex; flex-direction: row; margin-bottom: 14px; align-items: center;\">\n<div>\n<div style=\"background-color: #f4f4f4; border-radius: 50%; height: 12.5px; width: 12.5px; transform: translateX(0px) translateY(7px);\"><\/div>\n<div style=\"background-color: #f4f4f4; height: 12.5px; transform: rotate(-45deg) translateX(3px) translateY(1px); width: 12.5px; flex-grow: 0; margin-right: 14px; margin-left: 2px;\"><\/div>\n<div style=\"background-color: #f4f4f4; border-radius: 50%; height: 12.5px; width: 12.5px; transform: translateX(9px) translateY(-18px);\"><\/div>\n<\/div>\n<div style=\"margin-left: 8px;\">\n<div style=\"background-color: #f4f4f4; border-radius: 50%; flex-grow: 0; height: 20px; width: 20px;\"><\/div>\n<div style=\"width: 0; height: 0; border-top: 2px solid transparent; border-left: 6px solid #f4f4f4; border-bottom: 2px solid transparent; transform: translateX(16px) translateY(-4px) rotate(30deg);\"><\/div>\n<\/div>\n<div style=\"margin-left: auto;\">\n<div style=\"width: 0px; border-top: 8px solid #F4F4F4; border-right: 8px solid transparent; transform: translateY(16px);\"><\/div>\n<div style=\"background-color: #f4f4f4; flex-grow: 0; height: 12px; width: 16px; transform: translateY(-4px);\"><\/div>\n<div style=\"width: 0; height: 0; border-top: 8px solid #F4F4F4; border-left: 8px solid transparent; transform: translateY(-4px) translateX(8px);\"><\/div>\n<\/div>\n<\/div>\n<div style=\"display: flex; flex-direction: column; flex-grow: 1; justify-content: center; margin-bottom: 24px;\">\n<div style=\"background-color: #f4f4f4; border-radius: 4px; flex-grow: 0; height: 14px; margin-bottom: 6px; width: 224px;\"><\/div>\n<div style=\"background-color: #f4f4f4; border-radius: 4px; flex-grow: 0; height: 14px; width: 144px;\"><\/div>\n<\/div>\n<p>&nbsp;<\/p>\n<p style=\"color: #c9c8cd; font-family: Arial,sans-serif; font-size: 14px; line-height: 17px; margin-bottom: 0; margin-top: 8px; overflow: hidden; padding: 8px 0 7px; text-align: center; text-overflow: ellipsis; white-space: nowrap;\"><a style=\"color: #c9c8cd; font-family: Arial,sans-serif; font-size: 14px; font-style: normal; font-weight: normal; line-height: 17px; text-decoration: none;\" href=\"https:\/\/www.instagram.com\/p\/CmWkQIrNiwK\/?utm_source=ig_embed&amp;utm_campaign=loading\" target=\"_blank\" rel=\"noopener\">Una publicaci\u00f3n compartida de Leo Messi (@leomessi)<\/a><\/p>\n<\/div>\n<\/blockquote>\n<p><script async src=\"\/\/www.instagram.com\/embed.js\"><\/script><\/p>\n<p>Otro jugador de la Scaloneta,\u00a0<b>Alejandro \u201cPapu\u201d G\u00f3mez<\/b>, tambi\u00e9n se hab\u00eda referido al deseo de festejar con los hinchas, incluso antes del Mundial. \u201c<b>Mi sue\u00f1o es estar en Casa Rosada y tirarme del balc\u00f3n con la gente.<\/b>\u00a0Es lo que so\u00f1amos todos. Levantar la Copa en Casa Rosada, estar ah\u00ed con la gente. Despu\u00e9s de tantos a\u00f1os, ser\u00eda algo extraordinario\u201d, afirm\u00f3.<\/p>\n<p><b>\u00ab\u00a1Ma\u00f1ana nos vemos!\u00bb<\/b>, public\u00f3 por su parte\u00a0<b>Rodrigo De Paul<\/b>\u00a0tras compartir el posteo de la Selecci\u00f3n con emojis de la bandera y los colores de Argentina.<\/p>\n<blockquote class=\"twitter-tweet\" data-width=\"500\" data-dnt=\"true\">\n<p lang=\"es\" dir=\"ltr\">Ma\u00f1ana nos vemooooos!!!!! \ud83d\udc99\ud83e\udd0d\ud83c\udde6\ud83c\uddf7\ud83c\udde6\ud83c\uddf7\ud83c\udde6\ud83c\uddf7\ud83c\udde6\ud83c\uddf7 <a href=\"https:\/\/t.co\/wFeLtABMJQ\">https:\/\/t.co\/wFeLtABMJQ<\/a><\/p>\n<p>&mdash; Rodrigo de Paul (@rodridepaul) <a href=\"https:\/\/twitter.com\/rodridepaul\/status\/1604854088016879616?ref_src=twsrc%5Etfw\">December 19, 2022<\/a><\/p><\/blockquote>\n<p><script async src=\"https:\/\/platform.twitter.com\/widgets.js\" charset=\"utf-8\"><\/script><\/p>\n<div class=\"iframely-responsive\">\n<p>Y\u00a0<b>Enzo Fern\u00e1ndez<\/b>, Mejor Jugador Joven del Mundial Qatar 2022, adelant\u00f3: \u00abBUEN DIAAAA, yeeeendooooo as\u00ed festejamos TODOS JUNTOS\u00bb.<\/p>\n<p>El que ya confirm\u00f3 que no estar\u00e1 es\u00a0<b>Sergio \u00abKun\u00bb\u00a0Ag\u00fcero<\/b>, que ayer celebr\u00f3 con la Scaloneta en Qatar. \u00abAlgo dorm\u00ed si jee.\u00a0<b>No, no voy para Argentina<\/b>\u00ab, escribi\u00f3 en Twitter en respuesta a un usuario que le pregunt\u00f3 si vendr\u00eda a festejar al pa\u00eds.<\/p>\n<h2>Los cortes en Autopista Riccheri en el operativo de seguridad<\/h2>\n<p>Desde Corredores Viales\u00a0<b>recomendaron a quienes vayan a Ezeiza para recibir a los campeones del mundo, que lo hagan \u201ccon mucha anticipaci\u00f3n\u201d<\/b>. Esas personas pasar\u00e1n con autorizaci\u00f3n de las fuerzas de seguridad.<\/p>\n<p>As\u00ed, uno de los desv\u00edos en el marco del operativo de seguridad se producir\u00e1 en\u00a0<b>Camino de Cintura<\/b>\u00a0(Ruta 4), sentido a Ezeiza. Seg\u00fan precis\u00f3 la empresa estatal, se podr\u00e1 empalmar con la Ruta 205 o bien con la Ruta 3. En los ingresos posteriores a Ruta 4, habr\u00e1 personal de las fuerzas de seguridad y acceso restringido.<\/p>\n<p>En sentido a la Ciudad de Buenos Aires, el desv\u00edo se realizar\u00e1 en el\u00a0<b>KM 32\u00a0<\/b>y se derivar\u00e1 el tr\u00e1nsito por Avenida Fair, para luego empalmar con Camino de Cintura (Ruta 4).<\/p>\n<\/div>\n<\/div>\n<\/div>\n<\/div>\n<p><em><strong>Fuente P\u00e1gina 12<\/strong><\/em><\/p>\n","protected":false},"excerpt":{"rendered":"<p>La Scaloneta arribar\u00e1 al pa\u00eds en un vuelo de Aerol\u00edneas Argentinas a las 2.25 hs. Se espera que una multitud acuda a celebrar con el plantel campe\u00f3n del mundo.<\/p>\n","protected":false},"author":3,"featured_media":81593,"comment_status":"closed","ping_status":"closed","sticky":false,"template":"","format":"standard","meta":{"footnotes":""},"categories":[27],"tags":[],"class_list":["post-81592","post","type-post","status-publish","format-standard","has-post-thumbnail","hentry","category-deportes"],"yoast_head":"<!-- This site is optimized with the Yoast SEO plugin v25.9 - https:\/\/yoast.com\/wordpress\/plugins\/seo\/ -->\n<title>La Selecci\u00f3n va en caravana al Obelisco para festejar con los hinchas. - Noticias Radio Reflejos<\/title>\n<meta name=\"robots\" content=\"index, follow, max-snippet:-1, max-image-preview:large, max-video-preview:-1\" \/>\n<link rel=\"canonical\" href=\"https:\/\/www.noticiasradioreflejos.com.ar\/2021\/la-seleccion-va-en-caravana-al-obelisco-para-festejar-con-los-hinchas\/\" \/>\n<meta property=\"og:locale\" content=\"es_ES\" \/>\n<meta property=\"og:type\" content=\"article\" \/>\n<meta property=\"og:title\" content=\"La Selecci\u00f3n va en caravana al Obelisco para festejar con los hinchas. - Noticias Radio Reflejos\" \/>\n<meta property=\"og:description\" content=\"La Scaloneta arribar\u00e1 al pa\u00eds en un vuelo de Aerol\u00edneas Argentinas a las 2.25 hs. Se espera que una multitud acuda a celebrar con el plantel campe\u00f3n del mundo.\" \/>\n<meta property=\"og:url\" content=\"https:\/\/www.noticiasradioreflejos.com.ar\/2021\/la-seleccion-va-en-caravana-al-obelisco-para-festejar-con-los-hinchas\/\" \/>\n<meta property=\"og:site_name\" content=\"Noticias Radio Reflejos\" \/>\n<meta property=\"article:published_time\" content=\"2022-12-19T18:05:51+00:00\" \/>\n<meta property=\"article:modified_time\" content=\"2022-12-19T18:14:05+00:00\" \/>\n<meta property=\"og:image\" content=\"https:\/\/www.noticiasradioreflejos.com.ar\/2021\/wp-content\/uploads\/2022\/12\/la-scalonetta.jpeg\" \/>\n\t<meta property=\"og:image:width\" content=\"960\" \/>\n\t<meta property=\"og:image:height\" content=\"640\" \/>\n\t<meta property=\"og:image:type\" content=\"image\/jpeg\" \/>\n<meta name=\"author\" content=\"Arnaldo Botto\" \/>\n<meta name=\"twitter:card\" content=\"summary_large_image\" \/>\n<script type=\"application\/ld+json\" class=\"yoast-schema-graph\">{\"@context\":\"https:\/\/schema.org\",\"@graph\":[{\"@type\":\"WebPage\",\"@id\":\"https:\/\/www.noticiasradioreflejos.com.ar\/2021\/la-seleccion-va-en-caravana-al-obelisco-para-festejar-con-los-hinchas\/\",\"url\":\"https:\/\/www.noticiasradioreflejos.com.ar\/2021\/la-seleccion-va-en-caravana-al-obelisco-para-festejar-con-los-hinchas\/\",\"name\":\"La Selecci\u00f3n va en caravana al Obelisco para festejar con los hinchas. - Noticias Radio Reflejos\",\"isPartOf\":{\"@id\":\"https:\/\/www.noticiasradioreflejos.com.ar\/2021\/#website\"},\"primaryImageOfPage\":{\"@id\":\"https:\/\/www.noticiasradioreflejos.com.ar\/2021\/la-seleccion-va-en-caravana-al-obelisco-para-festejar-con-los-hinchas\/#primaryimage\"},\"image\":{\"@id\":\"https:\/\/www.noticiasradioreflejos.com.ar\/2021\/la-seleccion-va-en-caravana-al-obelisco-para-festejar-con-los-hinchas\/#primaryimage\"},\"thumbnailUrl\":\"https:\/\/www.noticiasradioreflejos.com.ar\/2021\/wp-content\/uploads\/2022\/12\/la-scalonetta.jpeg\",\"datePublished\":\"2022-12-19T18:05:51+00:00\",\"dateModified\":\"2022-12-19T18:14:05+00:00\",\"author\":{\"@id\":\"https:\/\/www.noticiasradioreflejos.com.ar\/2021\/#\/schema\/person\/ad82545263dcc5ec0996818884fd5fb1\"},\"breadcrumb\":{\"@id\":\"https:\/\/www.noticiasradioreflejos.com.ar\/2021\/la-seleccion-va-en-caravana-al-obelisco-para-festejar-con-los-hinchas\/#breadcrumb\"},\"inLanguage\":\"es\",\"potentialAction\":[{\"@type\":\"ReadAction\",\"target\":[\"https:\/\/www.noticiasradioreflejos.com.ar\/2021\/la-seleccion-va-en-caravana-al-obelisco-para-festejar-con-los-hinchas\/\"]}]},{\"@type\":\"ImageObject\",\"inLanguage\":\"es\",\"@id\":\"https:\/\/www.noticiasradioreflejos.com.ar\/2021\/la-seleccion-va-en-caravana-al-obelisco-para-festejar-con-los-hinchas\/#primaryimage\",\"url\":\"https:\/\/www.noticiasradioreflejos.com.ar\/2021\/wp-content\/uploads\/2022\/12\/la-scalonetta.jpeg\",\"contentUrl\":\"https:\/\/www.noticiasradioreflejos.com.ar\/2021\/wp-content\/uploads\/2022\/12\/la-scalonetta.jpeg\",\"width\":960,\"height\":640},{\"@type\":\"BreadcrumbList\",\"@id\":\"https:\/\/www.noticiasradioreflejos.com.ar\/2021\/la-seleccion-va-en-caravana-al-obelisco-para-festejar-con-los-hinchas\/#breadcrumb\",\"itemListElement\":[{\"@type\":\"ListItem\",\"position\":1,\"name\":\"Portada\",\"item\":\"https:\/\/www.noticiasradioreflejos.com.ar\/2021\/\"},{\"@type\":\"ListItem\",\"position\":2,\"name\":\"La Selecci\u00f3n va en caravana al Obelisco para festejar con los hinchas.\"}]},{\"@type\":\"WebSite\",\"@id\":\"https:\/\/www.noticiasradioreflejos.com.ar\/2021\/#website\",\"url\":\"https:\/\/www.noticiasradioreflejos.com.ar\/2021\/\",\"name\":\"Noticias Radio Reflejos\",\"description\":\"Las noticias de mi comarca\",\"potentialAction\":[{\"@type\":\"SearchAction\",\"target\":{\"@type\":\"EntryPoint\",\"urlTemplate\":\"https:\/\/www.noticiasradioreflejos.com.ar\/2021\/?s={search_term_string}\"},\"query-input\":{\"@type\":\"PropertyValueSpecification\",\"valueRequired\":true,\"valueName\":\"search_term_string\"}}],\"inLanguage\":\"es\"},{\"@type\":\"Person\",\"@id\":\"https:\/\/www.noticiasradioreflejos.com.ar\/2021\/#\/schema\/person\/ad82545263dcc5ec0996818884fd5fb1\",\"name\":\"Arnaldo Botto\",\"image\":{\"@type\":\"ImageObject\",\"inLanguage\":\"es\",\"@id\":\"https:\/\/www.noticiasradioreflejos.com.ar\/2021\/#\/schema\/person\/image\/\",\"url\":\"https:\/\/secure.gravatar.com\/avatar\/55cb5e37c1efa326397366e6974cb338056df65cb50e7d64d1cf314e87504837?s=96&d=mm&r=g\",\"contentUrl\":\"https:\/\/secure.gravatar.com\/avatar\/55cb5e37c1efa326397366e6974cb338056df65cb50e7d64d1cf314e87504837?s=96&d=mm&r=g\",\"caption\":\"Arnaldo Botto\"},\"url\":\"https:\/\/www.noticiasradioreflejos.com.ar\/2021\/author\/arnaldo\/\"}]}<\/script>\n<!-- \/ Yoast SEO plugin. -->","yoast_head_json":{"title":"La Selecci\u00f3n va en caravana al Obelisco para festejar con los hinchas. - Noticias Radio Reflejos","robots":{"index":"index","follow":"follow","max-snippet":"max-snippet:-1","max-image-preview":"max-image-preview:large","max-video-preview":"max-video-preview:-1"},"canonical":"https:\/\/www.noticiasradioreflejos.com.ar\/2021\/la-seleccion-va-en-caravana-al-obelisco-para-festejar-con-los-hinchas\/","og_locale":"es_ES","og_type":"article","og_title":"La Selecci\u00f3n va en caravana al Obelisco para festejar con los hinchas. - Noticias Radio Reflejos","og_description":"La Scaloneta arribar\u00e1 al pa\u00eds en un vuelo de Aerol\u00edneas Argentinas a las 2.25 hs. Se espera que una multitud acuda a celebrar con el plantel campe\u00f3n del mundo.","og_url":"https:\/\/www.noticiasradioreflejos.com.ar\/2021\/la-seleccion-va-en-caravana-al-obelisco-para-festejar-con-los-hinchas\/","og_site_name":"Noticias Radio Reflejos","article_published_time":"2022-12-19T18:05:51+00:00","article_modified_time":"2022-12-19T18:14:05+00:00","og_image":[{"width":960,"height":640,"url":"https:\/\/www.noticiasradioreflejos.com.ar\/2021\/wp-content\/uploads\/2022\/12\/la-scalonetta.jpeg","type":"image\/jpeg"}],"author":"Arnaldo Botto","twitter_card":"summary_large_image","schema":{"@context":"https:\/\/schema.org","@graph":[{"@type":"WebPage","@id":"https:\/\/www.noticiasradioreflejos.com.ar\/2021\/la-seleccion-va-en-caravana-al-obelisco-para-festejar-con-los-hinchas\/","url":"https:\/\/www.noticiasradioreflejos.com.ar\/2021\/la-seleccion-va-en-caravana-al-obelisco-para-festejar-con-los-hinchas\/","name":"La Selecci\u00f3n va en caravana al Obelisco para festejar con los hinchas. - Noticias Radio Reflejos","isPartOf":{"@id":"https:\/\/www.noticiasradioreflejos.com.ar\/2021\/#website"},"primaryImageOfPage":{"@id":"https:\/\/www.noticiasradioreflejos.com.ar\/2021\/la-seleccion-va-en-caravana-al-obelisco-para-festejar-con-los-hinchas\/#primaryimage"},"image":{"@id":"https:\/\/www.noticiasradioreflejos.com.ar\/2021\/la-seleccion-va-en-caravana-al-obelisco-para-festejar-con-los-hinchas\/#primaryimage"},"thumbnailUrl":"https:\/\/www.noticiasradioreflejos.com.ar\/2021\/wp-content\/uploads\/2022\/12\/la-scalonetta.jpeg","datePublished":"2022-12-19T18:05:51+00:00","dateModified":"2022-12-19T18:14:05+00:00","author":{"@id":"https:\/\/www.noticiasradioreflejos.com.ar\/2021\/#\/schema\/person\/ad82545263dcc5ec0996818884fd5fb1"},"breadcrumb":{"@id":"https:\/\/www.noticiasradioreflejos.com.ar\/2021\/la-seleccion-va-en-caravana-al-obelisco-para-festejar-con-los-hinchas\/#breadcrumb"},"inLanguage":"es","potentialAction":[{"@type":"ReadAction","target":["https:\/\/www.noticiasradioreflejos.com.ar\/2021\/la-seleccion-va-en-caravana-al-obelisco-para-festejar-con-los-hinchas\/"]}]},{"@type":"ImageObject","inLanguage":"es","@id":"https:\/\/www.noticiasradioreflejos.com.ar\/2021\/la-seleccion-va-en-caravana-al-obelisco-para-festejar-con-los-hinchas\/#primaryimage","url":"https:\/\/www.noticiasradioreflejos.com.ar\/2021\/wp-content\/uploads\/2022\/12\/la-scalonetta.jpeg","contentUrl":"https:\/\/www.noticiasradioreflejos.com.ar\/2021\/wp-content\/uploads\/2022\/12\/la-scalonetta.jpeg","width":960,"height":640},{"@type":"BreadcrumbList","@id":"https:\/\/www.noticiasradioreflejos.com.ar\/2021\/la-seleccion-va-en-caravana-al-obelisco-para-festejar-con-los-hinchas\/#breadcrumb","itemListElement":[{"@type":"ListItem","position":1,"name":"Portada","item":"https:\/\/www.noticiasradioreflejos.com.ar\/2021\/"},{"@type":"ListItem","position":2,"name":"La Selecci\u00f3n va en caravana al Obelisco para festejar con los hinchas."}]},{"@type":"WebSite","@id":"https:\/\/www.noticiasradioreflejos.com.ar\/2021\/#website","url":"https:\/\/www.noticiasradioreflejos.com.ar\/2021\/","name":"Noticias Radio Reflejos","description":"Las noticias de mi comarca","potentialAction":[{"@type":"SearchAction","target":{"@type":"EntryPoint","urlTemplate":"https:\/\/www.noticiasradioreflejos.com.ar\/2021\/?s={search_term_string}"},"query-input":{"@type":"PropertyValueSpecification","valueRequired":true,"valueName":"search_term_string"}}],"inLanguage":"es"},{"@type":"Person","@id":"https:\/\/www.noticiasradioreflejos.com.ar\/2021\/#\/schema\/person\/ad82545263dcc5ec0996818884fd5fb1","name":"Arnaldo Botto","image":{"@type":"ImageObject","inLanguage":"es","@id":"https:\/\/www.noticiasradioreflejos.com.ar\/2021\/#\/schema\/person\/image\/","url":"https:\/\/secure.gravatar.com\/avatar\/55cb5e37c1efa326397366e6974cb338056df65cb50e7d64d1cf314e87504837?s=96&d=mm&r=g","contentUrl":"https:\/\/secure.gravatar.com\/avatar\/55cb5e37c1efa326397366e6974cb338056df65cb50e7d64d1cf314e87504837?s=96&d=mm&r=g","caption":"Arnaldo Botto"},"url":"https:\/\/www.noticiasradioreflejos.com.ar\/2021\/author\/arnaldo\/"}]}},"_links":{"self":[{"href":"https:\/\/www.noticiasradioreflejos.com.ar\/2021\/wp-json\/wp\/v2\/posts\/81592","targetHints":{"allow":["GET"]}}],"collection":[{"href":"https:\/\/www.noticiasradioreflejos.com.ar\/2021\/wp-json\/wp\/v2\/posts"}],"about":[{"href":"https:\/\/www.noticiasradioreflejos.com.ar\/2021\/wp-json\/wp\/v2\/types\/post"}],"author":[{"embeddable":true,"href":"https:\/\/www.noticiasradioreflejos.com.ar\/2021\/wp-json\/wp\/v2\/users\/3"}],"replies":[{"embeddable":true,"href":"https:\/\/www.noticiasradioreflejos.com.ar\/2021\/wp-json\/wp\/v2\/comments?post=81592"}],"version-history":[{"count":6,"href":"https:\/\/www.noticiasradioreflejos.com.ar\/2021\/wp-json\/wp\/v2\/posts\/81592\/revisions"}],"predecessor-version":[{"id":81600,"href":"https:\/\/www.noticiasradioreflejos.com.ar\/2021\/wp-json\/wp\/v2\/posts\/81592\/revisions\/81600"}],"wp:featuredmedia":[{"embeddable":true,"href":"https:\/\/www.noticiasradioreflejos.com.ar\/2021\/wp-json\/wp\/v2\/media\/81593"}],"wp:attachment":[{"href":"https:\/\/www.noticiasradioreflejos.com.ar\/2021\/wp-json\/wp\/v2\/media?parent=81592"}],"wp:term":[{"taxonomy":"category","embeddable":true,"href":"https:\/\/www.noticiasradioreflejos.com.ar\/2021\/wp-json\/wp\/v2\/categories?post=81592"},{"taxonomy":"post_tag","embeddable":true,"href":"https:\/\/www.noticiasradioreflejos.com.ar\/2021\/wp-json\/wp\/v2\/tags?post=81592"}],"curies":[{"name":"wp","href":"https:\/\/api.w.org\/{rel}","templated":true}]}}