{"id":81572,"date":"2022-12-19T18:18:28","date_gmt":"2022-12-19T18:18:28","guid":{"rendered":"http:\/\/www.noticiasradioreflejos.com.ar\/2021\/?p=81572"},"modified":"2022-12-19T18:18:46","modified_gmt":"2022-12-19T18:18:46","slug":"en-pleno-londres-una-familia-con-raices-serranas-celebro-la-copa-del-mundo","status":"publish","type":"post","link":"https:\/\/www.noticiasradioreflejos.com.ar\/2021\/en-pleno-londres-una-familia-con-raices-serranas-celebro-la-copa-del-mundo\/","title":{"rendered":"En pleno Londres una familia con ra\u00edces serranas celebr\u00f3 la copa del mundo"},"content":{"rendered":"<p><strong>Owen Caviglia<\/strong>, hijo de pap\u00e1 bahiense, coment\u00f3 c\u00f3mo vivieron a la distancia la conquista de Messi y compa\u00f1\u00eda. \u201cMucha gente en Inglaterra alent\u00f3 a Messi\u201d explic\u00f3.<!--more--><\/p>\n<p><a title=\"WhatsApp Image 2022-12-19 at 10.41.18\" href=\"https:\/\/www.flickr.com\/photos\/182279889@N02\/52574095283\/in\/dateposted-public\/\" data-flickr-embed=\"true\"><img loading=\"lazy\" decoding=\"async\" src=\"https:\/\/live.staticflickr.com\/65535\/52574095283_82da54e1c6_c.jpg\" alt=\"WhatsApp Image 2022-12-19 at 10.41.18\" width=\"800\" height=\"600\" \/><\/a><\/p>\n<p>A\u00fan resuenan los festejos argentinos por la tercera conquista mundial. Y tal vez para algunos Inglaterra ser\u00eda tierra hostil, sin embargo fueron varios los que salieron a la calle a celebrar.<\/p>\n<p>Una de esas tantas fue la familia Caviglia, la cual con pap\u00e1 bahiense y tiempo viviendo en la comarca, no pudo despegarse de los festejos.<\/p>\n<p>Al respecto, Owen, el hijo de ese clan, expres\u00f3 que \u201cla final fue muy emocionante para m\u00ed y mi pap\u00e1. Me encanta el f\u00fatbol y Argentina. Tengo camiseta de la Selecci\u00f3n. La final la vi con mi familia y amigos en Londres\u201d.<\/p>\n<p>Sobre las repercusiones, no dud\u00f3 en sostener que \u201cmucha gente festej\u00f3 el triunfo de Argentina. Muchos quer\u00edan ver a Messi levantar la copa. Incluso hubo caravana con bocinazos y todo\u201d.<\/p>\n<p>Entre los motivos de la alegr\u00eda pes\u00f3 tambi\u00e9n que en frente estuviese Francia. \u201cSiempre hay una rivalidad con Inglaterra y de all\u00ed tambi\u00e9n que algunos prefer\u00edan que gane Argentina\u201d cont\u00f3, asistido por la traducci\u00f3n de Mateo Botto.<\/p>\n<p>En otro pasaje de la charla cont\u00f3 que \u201cpara los ingleses hay opiniones encontradas, para algunos Maradona sigue siendo el mejor de todos, para otros Messi lo destron\u00f3\u201d.<\/p>\n<p>Al tiempo que para cerrar reconoci\u00f3 que de su paso por nuestro pa\u00eds \u201cextra\u00f1o a mis amigos, el paisaje, Sierra es un lugar muy bueno y lindo\u201d.<\/p>\n<p><iframe loading=\"lazy\" src=\"https:\/\/w.soundcloud.com\/player\/?url=https%3A\/\/api.soundcloud.com\/tracks\/1405796719&amp;color=%23ff5500&amp;auto_play=false&amp;hide_related=false&amp;show_comments=true&amp;show_user=true&amp;show_reposts=false&amp;show_teaser=true\" width=\"100%\" height=\"166\" frameborder=\"no\" scrolling=\"no\"><\/iframe><\/p>\n<div style=\"font-size: 10px; color: #cccccc; line-break: anywhere; word-break: normal; overflow: hidden; white-space: nowrap; text-overflow: ellipsis; font-family: Interstate,Lucida Grande,Lucida Sans Unicode,Lucida Sans,Garuda,Verdana,Tahoma,sans-serif; font-weight: 100;\"><a style=\"color: #cccccc; text-decoration: none;\" title=\"fmreflejos 103.7\" href=\"https:\/\/soundcloud.com\/fmreflejos-103-7\" target=\"_blank\" rel=\"noopener\">fmreflejos 103.7<\/a> \u00b7 <a style=\"color: #cccccc; text-decoration: none;\" title=\"Owen Caviglia\" href=\"https:\/\/soundcloud.com\/fmreflejos-103-7\/owen-caviglia\" target=\"_blank\" rel=\"noopener\">Owen Caviglia<\/a><\/div>\n<p><a title=\"WhatsApp Image 2022-12-19 at 10.43.10\" href=\"https:\/\/www.flickr.com\/photos\/182279889@N02\/52573837459\/in\/dateposted-public\/\" data-flickr-embed=\"true\"><img loading=\"lazy\" decoding=\"async\" src=\"https:\/\/live.staticflickr.com\/65535\/52573837459_16b2799960_c.jpg\" alt=\"WhatsApp Image 2022-12-19 at 10.43.10\" width=\"600\" height=\"800\" \/><\/a><\/p>\n","protected":false},"excerpt":{"rendered":"<p>Owen Caviglia, hijo de pap\u00e1 bahiense, coment\u00f3 c\u00f3mo vivieron a la distancia la conquista de Messi y compa\u00f1\u00eda. \u201cMucha gente en Inglaterra alent\u00f3 a Messi\u201d explic\u00f3.<\/p>\n","protected":false},"author":3,"featured_media":81601,"comment_status":"closed","ping_status":"closed","sticky":false,"template":"","format":"standard","meta":{"footnotes":""},"categories":[27,26],"tags":[48],"class_list":["post-81572","post","type-post","status-publish","format-standard","has-post-thumbnail","hentry","category-deportes","category-sociedad","tag-destacada"],"yoast_head":"<!-- This site is optimized with the Yoast SEO plugin v25.9 - https:\/\/yoast.com\/wordpress\/plugins\/seo\/ -->\n<title>En pleno Londres una familia con ra\u00edces serranas celebr\u00f3 la copa del mundo - Noticias Radio Reflejos<\/title>\n<meta name=\"robots\" content=\"index, follow, max-snippet:-1, max-image-preview:large, max-video-preview:-1\" \/>\n<link rel=\"canonical\" href=\"https:\/\/www.noticiasradioreflejos.com.ar\/2021\/en-pleno-londres-una-familia-con-raices-serranas-celebro-la-copa-del-mundo\/\" \/>\n<meta property=\"og:locale\" content=\"es_ES\" \/>\n<meta property=\"og:type\" content=\"article\" \/>\n<meta property=\"og:title\" content=\"En pleno Londres una familia con ra\u00edces serranas celebr\u00f3 la copa del mundo - Noticias Radio Reflejos\" \/>\n<meta property=\"og:description\" content=\"Owen Caviglia, hijo de pap\u00e1 bahiense, coment\u00f3 c\u00f3mo vivieron a la distancia la conquista de Messi y compa\u00f1\u00eda. \u201cMucha gente en Inglaterra alent\u00f3 a Messi\u201d explic\u00f3.\" \/>\n<meta property=\"og:url\" content=\"https:\/\/www.noticiasradioreflejos.com.ar\/2021\/en-pleno-londres-una-familia-con-raices-serranas-celebro-la-copa-del-mundo\/\" \/>\n<meta property=\"og:site_name\" content=\"Noticias Radio Reflejos\" \/>\n<meta property=\"article:published_time\" content=\"2022-12-19T18:18:28+00:00\" \/>\n<meta property=\"article:modified_time\" content=\"2022-12-19T18:18:46+00:00\" \/>\n<meta property=\"og:image\" content=\"https:\/\/www.noticiasradioreflejos.com.ar\/2021\/wp-content\/uploads\/2022\/12\/owen-caviglia-2.jpeg\" \/>\n\t<meta property=\"og:image:width\" content=\"1600\" \/>\n\t<meta property=\"og:image:height\" content=\"1200\" \/>\n\t<meta property=\"og:image:type\" content=\"image\/jpeg\" \/>\n<meta name=\"author\" content=\"Arnaldo Botto\" \/>\n<meta name=\"twitter:card\" content=\"summary_large_image\" \/>\n<script type=\"application\/ld+json\" class=\"yoast-schema-graph\">{\"@context\":\"https:\/\/schema.org\",\"@graph\":[{\"@type\":\"WebPage\",\"@id\":\"https:\/\/www.noticiasradioreflejos.com.ar\/2021\/en-pleno-londres-una-familia-con-raices-serranas-celebro-la-copa-del-mundo\/\",\"url\":\"https:\/\/www.noticiasradioreflejos.com.ar\/2021\/en-pleno-londres-una-familia-con-raices-serranas-celebro-la-copa-del-mundo\/\",\"name\":\"En pleno Londres una familia con ra\u00edces serranas celebr\u00f3 la copa del mundo - Noticias Radio Reflejos\",\"isPartOf\":{\"@id\":\"https:\/\/www.noticiasradioreflejos.com.ar\/2021\/#website\"},\"primaryImageOfPage\":{\"@id\":\"https:\/\/www.noticiasradioreflejos.com.ar\/2021\/en-pleno-londres-una-familia-con-raices-serranas-celebro-la-copa-del-mundo\/#primaryimage\"},\"image\":{\"@id\":\"https:\/\/www.noticiasradioreflejos.com.ar\/2021\/en-pleno-londres-una-familia-con-raices-serranas-celebro-la-copa-del-mundo\/#primaryimage\"},\"thumbnailUrl\":\"https:\/\/www.noticiasradioreflejos.com.ar\/2021\/wp-content\/uploads\/2022\/12\/owen-caviglia-2.jpeg\",\"datePublished\":\"2022-12-19T18:18:28+00:00\",\"dateModified\":\"2022-12-19T18:18:46+00:00\",\"author\":{\"@id\":\"https:\/\/www.noticiasradioreflejos.com.ar\/2021\/#\/schema\/person\/ad82545263dcc5ec0996818884fd5fb1\"},\"breadcrumb\":{\"@id\":\"https:\/\/www.noticiasradioreflejos.com.ar\/2021\/en-pleno-londres-una-familia-con-raices-serranas-celebro-la-copa-del-mundo\/#breadcrumb\"},\"inLanguage\":\"es\",\"potentialAction\":[{\"@type\":\"ReadAction\",\"target\":[\"https:\/\/www.noticiasradioreflejos.com.ar\/2021\/en-pleno-londres-una-familia-con-raices-serranas-celebro-la-copa-del-mundo\/\"]}]},{\"@type\":\"ImageObject\",\"inLanguage\":\"es\",\"@id\":\"https:\/\/www.noticiasradioreflejos.com.ar\/2021\/en-pleno-londres-una-familia-con-raices-serranas-celebro-la-copa-del-mundo\/#primaryimage\",\"url\":\"https:\/\/www.noticiasradioreflejos.com.ar\/2021\/wp-content\/uploads\/2022\/12\/owen-caviglia-2.jpeg\",\"contentUrl\":\"https:\/\/www.noticiasradioreflejos.com.ar\/2021\/wp-content\/uploads\/2022\/12\/owen-caviglia-2.jpeg\",\"width\":1600,\"height\":1200},{\"@type\":\"BreadcrumbList\",\"@id\":\"https:\/\/www.noticiasradioreflejos.com.ar\/2021\/en-pleno-londres-una-familia-con-raices-serranas-celebro-la-copa-del-mundo\/#breadcrumb\",\"itemListElement\":[{\"@type\":\"ListItem\",\"position\":1,\"name\":\"Portada\",\"item\":\"https:\/\/www.noticiasradioreflejos.com.ar\/2021\/\"},{\"@type\":\"ListItem\",\"position\":2,\"name\":\"En pleno Londres una familia con ra\u00edces serranas celebr\u00f3 la copa del mundo\"}]},{\"@type\":\"WebSite\",\"@id\":\"https:\/\/www.noticiasradioreflejos.com.ar\/2021\/#website\",\"url\":\"https:\/\/www.noticiasradioreflejos.com.ar\/2021\/\",\"name\":\"Noticias Radio Reflejos\",\"description\":\"Las noticias de mi comarca\",\"potentialAction\":[{\"@type\":\"SearchAction\",\"target\":{\"@type\":\"EntryPoint\",\"urlTemplate\":\"https:\/\/www.noticiasradioreflejos.com.ar\/2021\/?s={search_term_string}\"},\"query-input\":{\"@type\":\"PropertyValueSpecification\",\"valueRequired\":true,\"valueName\":\"search_term_string\"}}],\"inLanguage\":\"es\"},{\"@type\":\"Person\",\"@id\":\"https:\/\/www.noticiasradioreflejos.com.ar\/2021\/#\/schema\/person\/ad82545263dcc5ec0996818884fd5fb1\",\"name\":\"Arnaldo Botto\",\"image\":{\"@type\":\"ImageObject\",\"inLanguage\":\"es\",\"@id\":\"https:\/\/www.noticiasradioreflejos.com.ar\/2021\/#\/schema\/person\/image\/\",\"url\":\"https:\/\/secure.gravatar.com\/avatar\/55cb5e37c1efa326397366e6974cb338056df65cb50e7d64d1cf314e87504837?s=96&d=mm&r=g\",\"contentUrl\":\"https:\/\/secure.gravatar.com\/avatar\/55cb5e37c1efa326397366e6974cb338056df65cb50e7d64d1cf314e87504837?s=96&d=mm&r=g\",\"caption\":\"Arnaldo Botto\"},\"url\":\"https:\/\/www.noticiasradioreflejos.com.ar\/2021\/author\/arnaldo\/\"}]}<\/script>\n<!-- \/ Yoast SEO plugin. -->","yoast_head_json":{"title":"En pleno Londres una familia con ra\u00edces serranas celebr\u00f3 la copa del mundo - Noticias Radio Reflejos","robots":{"index":"index","follow":"follow","max-snippet":"max-snippet:-1","max-image-preview":"max-image-preview:large","max-video-preview":"max-video-preview:-1"},"canonical":"https:\/\/www.noticiasradioreflejos.com.ar\/2021\/en-pleno-londres-una-familia-con-raices-serranas-celebro-la-copa-del-mundo\/","og_locale":"es_ES","og_type":"article","og_title":"En pleno Londres una familia con ra\u00edces serranas celebr\u00f3 la copa del mundo - Noticias Radio Reflejos","og_description":"Owen Caviglia, hijo de pap\u00e1 bahiense, coment\u00f3 c\u00f3mo vivieron a la distancia la conquista de Messi y compa\u00f1\u00eda. \u201cMucha gente en Inglaterra alent\u00f3 a Messi\u201d explic\u00f3.","og_url":"https:\/\/www.noticiasradioreflejos.com.ar\/2021\/en-pleno-londres-una-familia-con-raices-serranas-celebro-la-copa-del-mundo\/","og_site_name":"Noticias Radio Reflejos","article_published_time":"2022-12-19T18:18:28+00:00","article_modified_time":"2022-12-19T18:18:46+00:00","og_image":[{"width":1600,"height":1200,"url":"https:\/\/www.noticiasradioreflejos.com.ar\/2021\/wp-content\/uploads\/2022\/12\/owen-caviglia-2.jpeg","type":"image\/jpeg"}],"author":"Arnaldo Botto","twitter_card":"summary_large_image","schema":{"@context":"https:\/\/schema.org","@graph":[{"@type":"WebPage","@id":"https:\/\/www.noticiasradioreflejos.com.ar\/2021\/en-pleno-londres-una-familia-con-raices-serranas-celebro-la-copa-del-mundo\/","url":"https:\/\/www.noticiasradioreflejos.com.ar\/2021\/en-pleno-londres-una-familia-con-raices-serranas-celebro-la-copa-del-mundo\/","name":"En pleno Londres una familia con ra\u00edces serranas celebr\u00f3 la copa del mundo - Noticias Radio Reflejos","isPartOf":{"@id":"https:\/\/www.noticiasradioreflejos.com.ar\/2021\/#website"},"primaryImageOfPage":{"@id":"https:\/\/www.noticiasradioreflejos.com.ar\/2021\/en-pleno-londres-una-familia-con-raices-serranas-celebro-la-copa-del-mundo\/#primaryimage"},"image":{"@id":"https:\/\/www.noticiasradioreflejos.com.ar\/2021\/en-pleno-londres-una-familia-con-raices-serranas-celebro-la-copa-del-mundo\/#primaryimage"},"thumbnailUrl":"https:\/\/www.noticiasradioreflejos.com.ar\/2021\/wp-content\/uploads\/2022\/12\/owen-caviglia-2.jpeg","datePublished":"2022-12-19T18:18:28+00:00","dateModified":"2022-12-19T18:18:46+00:00","author":{"@id":"https:\/\/www.noticiasradioreflejos.com.ar\/2021\/#\/schema\/person\/ad82545263dcc5ec0996818884fd5fb1"},"breadcrumb":{"@id":"https:\/\/www.noticiasradioreflejos.com.ar\/2021\/en-pleno-londres-una-familia-con-raices-serranas-celebro-la-copa-del-mundo\/#breadcrumb"},"inLanguage":"es","potentialAction":[{"@type":"ReadAction","target":["https:\/\/www.noticiasradioreflejos.com.ar\/2021\/en-pleno-londres-una-familia-con-raices-serranas-celebro-la-copa-del-mundo\/"]}]},{"@type":"ImageObject","inLanguage":"es","@id":"https:\/\/www.noticiasradioreflejos.com.ar\/2021\/en-pleno-londres-una-familia-con-raices-serranas-celebro-la-copa-del-mundo\/#primaryimage","url":"https:\/\/www.noticiasradioreflejos.com.ar\/2021\/wp-content\/uploads\/2022\/12\/owen-caviglia-2.jpeg","contentUrl":"https:\/\/www.noticiasradioreflejos.com.ar\/2021\/wp-content\/uploads\/2022\/12\/owen-caviglia-2.jpeg","width":1600,"height":1200},{"@type":"BreadcrumbList","@id":"https:\/\/www.noticiasradioreflejos.com.ar\/2021\/en-pleno-londres-una-familia-con-raices-serranas-celebro-la-copa-del-mundo\/#breadcrumb","itemListElement":[{"@type":"ListItem","position":1,"name":"Portada","item":"https:\/\/www.noticiasradioreflejos.com.ar\/2021\/"},{"@type":"ListItem","position":2,"name":"En pleno Londres una familia con ra\u00edces serranas celebr\u00f3 la copa del mundo"}]},{"@type":"WebSite","@id":"https:\/\/www.noticiasradioreflejos.com.ar\/2021\/#website","url":"https:\/\/www.noticiasradioreflejos.com.ar\/2021\/","name":"Noticias Radio Reflejos","description":"Las noticias de mi comarca","potentialAction":[{"@type":"SearchAction","target":{"@type":"EntryPoint","urlTemplate":"https:\/\/www.noticiasradioreflejos.com.ar\/2021\/?s={search_term_string}"},"query-input":{"@type":"PropertyValueSpecification","valueRequired":true,"valueName":"search_term_string"}}],"inLanguage":"es"},{"@type":"Person","@id":"https:\/\/www.noticiasradioreflejos.com.ar\/2021\/#\/schema\/person\/ad82545263dcc5ec0996818884fd5fb1","name":"Arnaldo Botto","image":{"@type":"ImageObject","inLanguage":"es","@id":"https:\/\/www.noticiasradioreflejos.com.ar\/2021\/#\/schema\/person\/image\/","url":"https:\/\/secure.gravatar.com\/avatar\/55cb5e37c1efa326397366e6974cb338056df65cb50e7d64d1cf314e87504837?s=96&d=mm&r=g","contentUrl":"https:\/\/secure.gravatar.com\/avatar\/55cb5e37c1efa326397366e6974cb338056df65cb50e7d64d1cf314e87504837?s=96&d=mm&r=g","caption":"Arnaldo Botto"},"url":"https:\/\/www.noticiasradioreflejos.com.ar\/2021\/author\/arnaldo\/"}]}},"_links":{"self":[{"href":"https:\/\/www.noticiasradioreflejos.com.ar\/2021\/wp-json\/wp\/v2\/posts\/81572","targetHints":{"allow":["GET"]}}],"collection":[{"href":"https:\/\/www.noticiasradioreflejos.com.ar\/2021\/wp-json\/wp\/v2\/posts"}],"about":[{"href":"https:\/\/www.noticiasradioreflejos.com.ar\/2021\/wp-json\/wp\/v2\/types\/post"}],"author":[{"embeddable":true,"href":"https:\/\/www.noticiasradioreflejos.com.ar\/2021\/wp-json\/wp\/v2\/users\/3"}],"replies":[{"embeddable":true,"href":"https:\/\/www.noticiasradioreflejos.com.ar\/2021\/wp-json\/wp\/v2\/comments?post=81572"}],"version-history":[{"count":2,"href":"https:\/\/www.noticiasradioreflejos.com.ar\/2021\/wp-json\/wp\/v2\/posts\/81572\/revisions"}],"predecessor-version":[{"id":81602,"href":"https:\/\/www.noticiasradioreflejos.com.ar\/2021\/wp-json\/wp\/v2\/posts\/81572\/revisions\/81602"}],"wp:featuredmedia":[{"embeddable":true,"href":"https:\/\/www.noticiasradioreflejos.com.ar\/2021\/wp-json\/wp\/v2\/media\/81601"}],"wp:attachment":[{"href":"https:\/\/www.noticiasradioreflejos.com.ar\/2021\/wp-json\/wp\/v2\/media?parent=81572"}],"wp:term":[{"taxonomy":"category","embeddable":true,"href":"https:\/\/www.noticiasradioreflejos.com.ar\/2021\/wp-json\/wp\/v2\/categories?post=81572"},{"taxonomy":"post_tag","embeddable":true,"href":"https:\/\/www.noticiasradioreflejos.com.ar\/2021\/wp-json\/wp\/v2\/tags?post=81572"}],"curies":[{"name":"wp","href":"https:\/\/api.w.org\/{rel}","templated":true}]}}