{"id":81482,"date":"2022-12-17T13:41:29","date_gmt":"2022-12-17T13:41:29","guid":{"rendered":"http:\/\/www.noticiasradioreflejos.com.ar\/2021\/?p=81482"},"modified":"2022-12-17T13:41:29","modified_gmt":"2022-12-17T13:41:29","slug":"rigen-alertas-amarillas-por-tormentas-para-zonas-de-mendoza-la-pampa-san-luis-y-rio-negro","status":"publish","type":"post","link":"https:\/\/www.noticiasradioreflejos.com.ar\/2021\/rigen-alertas-amarillas-por-tormentas-para-zonas-de-mendoza-la-pampa-san-luis-y-rio-negro\/","title":{"rendered":"Rigen alertas amarillas por tormentas para zonas de Mendoza, La Pampa, San Luis y R\u00edo Negro"},"content":{"rendered":"<p>El Servicio Meteorol\u00f3gico Nacional (SMN) emiti\u00f3 hoy una alerta amarilla por tormentas para sectores de las provincias de Mendoza, San Luis, La Pampa y R\u00edo Negro.<\/p>\n<p>(T\u00e9lam) De acuerdo al informe del organismo, en Mendoza el alerta es para las localidades del este de Las Heras, La Paz, Lavalle, San Mart\u00edn y Santa Rosa.<\/p>\n<p>Tambi\u00e9n General Alvear, la zona baja de San Rafael, zona baja de Malarg\u00fce, Jun\u00edn, Rivadavia, Valles de Luj\u00e1n de Cuyo, Valles de San Carlos, Valles de Tunuy\u00e1n y Valles de Tupungato.<\/p>\n<p>El \u00e1rea ser\u00e1 afectada por tormentas de variada intensidad, algunas localmente fuertes. Las mismas podr\u00e1n estar acompa\u00f1adas por r\u00e1fagas de viento, ocasional ca\u00edda de granizo, importante actividad el\u00e9ctrica y abundante ca\u00edda de agua en cortos per\u00edodos.<\/p>\n<p>\u00abSe esperan valores de precipitaci\u00f3n acumulada entre 20 y 40 mm, pudiendo ser superados localmente\u00bb, precis\u00f3 el SMN.<\/p>\n<p>En San Luis, el mismo fen\u00f3meno climatol\u00f3gico podr\u00e1 afectar las zonas baja de Belgrano y de Juan Mart\u00edn de Pueyrred\u00f3n, y la localidad de Gobernador Dupuy.<\/p>\n<p>Con respecto a la provincia de La Pampa, esta advertencia es para las zonas de Chical Co, Puel\u00e9n, Chalileo, Limay Mahuida, Loventu\u00e9, Curac\u00f3 y Lihuel Calel.<\/p>\n<p>La misma advertencia se emiti\u00f3 para la provincia de R\u00edo Negro, en las zona de Avellaneda, Pichi Mahuida, este de El Cuy y General Roca.<\/p>\n<p>\u00abEl \u00e1rea ser\u00e1 afectada por tormentas, algunas localmente fuertes con intensos chaparrones en cortos per\u00edodos, fuertes r\u00e1fagas y ca\u00edda de granizo. Se esperan valores de precipitaci\u00f3n acumulada entre 10 y 20 mm, pudiendo ser superados en forma puntual\u00bb, indic\u00f3 el organismo.<\/p>\n<p>Entre las recomendaciones, el SMN pidi\u00f3 evitar actividades al aire libre, asegurar los elementos que puedan volarse y mantenerse informado por autoridades.<\/p>\n<p>El nivel amarillo indica \u00abposibles fen\u00f3menos meteorol\u00f3gicos con capacidad de da\u00f1o y riesgo de interrupci\u00f3n moment\u00e1nea de actividades cotidianas\u00bb, explic\u00f3 el SMN.<\/p><\/div>\n<p><!--more--><\/p>\n","protected":false},"excerpt":{"rendered":"<p>El Servicio Meteorol\u00f3gico Nacional (SMN) emiti\u00f3 hoy una alerta amarilla por tormentas para sectores de las provincias de Mendoza, San Luis, La Pampa y R\u00edo Negro. (T\u00e9lam) De acuerdo al informe del organismo, en Mendoza el alerta es para las localidades del este de Las Heras, La Paz, Lavalle, San Mart\u00edn y Santa Rosa. Tambi\u00e9n [&hellip;]<\/p>\n","protected":false},"author":3,"featured_media":80896,"comment_status":"closed","ping_status":"closed","sticky":false,"template":"","format":"standard","meta":{"footnotes":""},"categories":[46],"tags":[],"class_list":["post-81482","post","type-post","status-publish","format-standard","has-post-thumbnail","hentry","category-ciencia-y-tecnologia"],"yoast_head":"<!-- This site is optimized with the Yoast SEO plugin v25.9 - https:\/\/yoast.com\/wordpress\/plugins\/seo\/ -->\n<title>Rigen alertas amarillas por tormentas para zonas de Mendoza, La Pampa, San Luis y R\u00edo Negro - Noticias Radio Reflejos<\/title>\n<meta name=\"robots\" content=\"index, follow, max-snippet:-1, max-image-preview:large, max-video-preview:-1\" \/>\n<link rel=\"canonical\" href=\"https:\/\/www.noticiasradioreflejos.com.ar\/2021\/rigen-alertas-amarillas-por-tormentas-para-zonas-de-mendoza-la-pampa-san-luis-y-rio-negro\/\" \/>\n<meta property=\"og:locale\" content=\"es_ES\" \/>\n<meta property=\"og:type\" content=\"article\" \/>\n<meta property=\"og:title\" content=\"Rigen alertas amarillas por tormentas para zonas de Mendoza, La Pampa, San Luis y R\u00edo Negro - Noticias Radio Reflejos\" \/>\n<meta property=\"og:description\" content=\"El Servicio Meteorol\u00f3gico Nacional (SMN) emiti\u00f3 hoy una alerta amarilla por tormentas para sectores de las provincias de Mendoza, San Luis, La Pampa y R\u00edo Negro. (T\u00e9lam) De acuerdo al informe del organismo, en Mendoza el alerta es para las localidades del este de Las Heras, La Paz, Lavalle, San Mart\u00edn y Santa Rosa. Tambi\u00e9n [&hellip;]\" \/>\n<meta property=\"og:url\" content=\"https:\/\/www.noticiasradioreflejos.com.ar\/2021\/rigen-alertas-amarillas-por-tormentas-para-zonas-de-mendoza-la-pampa-san-luis-y-rio-negro\/\" \/>\n<meta property=\"og:site_name\" content=\"Noticias Radio Reflejos\" \/>\n<meta property=\"article:published_time\" content=\"2022-12-17T13:41:29+00:00\" \/>\n<meta property=\"og:image\" content=\"https:\/\/www.noticiasradioreflejos.com.ar\/2021\/wp-content\/uploads\/2022\/12\/Alerta-x-tormentas.jpg\" \/>\n\t<meta property=\"og:image:width\" content=\"1200\" \/>\n\t<meta property=\"og:image:height\" content=\"675\" \/>\n\t<meta property=\"og:image:type\" content=\"image\/jpeg\" \/>\n<meta name=\"author\" content=\"Arnaldo Botto\" \/>\n<meta name=\"twitter:card\" content=\"summary_large_image\" \/>\n<script type=\"application\/ld+json\" class=\"yoast-schema-graph\">{\"@context\":\"https:\/\/schema.org\",\"@graph\":[{\"@type\":\"WebPage\",\"@id\":\"https:\/\/www.noticiasradioreflejos.com.ar\/2021\/rigen-alertas-amarillas-por-tormentas-para-zonas-de-mendoza-la-pampa-san-luis-y-rio-negro\/\",\"url\":\"https:\/\/www.noticiasradioreflejos.com.ar\/2021\/rigen-alertas-amarillas-por-tormentas-para-zonas-de-mendoza-la-pampa-san-luis-y-rio-negro\/\",\"name\":\"Rigen alertas amarillas por tormentas para zonas de Mendoza, La Pampa, San Luis y R\u00edo Negro - Noticias Radio Reflejos\",\"isPartOf\":{\"@id\":\"https:\/\/www.noticiasradioreflejos.com.ar\/2021\/#website\"},\"primaryImageOfPage\":{\"@id\":\"https:\/\/www.noticiasradioreflejos.com.ar\/2021\/rigen-alertas-amarillas-por-tormentas-para-zonas-de-mendoza-la-pampa-san-luis-y-rio-negro\/#primaryimage\"},\"image\":{\"@id\":\"https:\/\/www.noticiasradioreflejos.com.ar\/2021\/rigen-alertas-amarillas-por-tormentas-para-zonas-de-mendoza-la-pampa-san-luis-y-rio-negro\/#primaryimage\"},\"thumbnailUrl\":\"https:\/\/www.noticiasradioreflejos.com.ar\/2021\/wp-content\/uploads\/2022\/12\/Alerta-x-tormentas.jpg\",\"datePublished\":\"2022-12-17T13:41:29+00:00\",\"author\":{\"@id\":\"https:\/\/www.noticiasradioreflejos.com.ar\/2021\/#\/schema\/person\/ad82545263dcc5ec0996818884fd5fb1\"},\"breadcrumb\":{\"@id\":\"https:\/\/www.noticiasradioreflejos.com.ar\/2021\/rigen-alertas-amarillas-por-tormentas-para-zonas-de-mendoza-la-pampa-san-luis-y-rio-negro\/#breadcrumb\"},\"inLanguage\":\"es\",\"potentialAction\":[{\"@type\":\"ReadAction\",\"target\":[\"https:\/\/www.noticiasradioreflejos.com.ar\/2021\/rigen-alertas-amarillas-por-tormentas-para-zonas-de-mendoza-la-pampa-san-luis-y-rio-negro\/\"]}]},{\"@type\":\"ImageObject\",\"inLanguage\":\"es\",\"@id\":\"https:\/\/www.noticiasradioreflejos.com.ar\/2021\/rigen-alertas-amarillas-por-tormentas-para-zonas-de-mendoza-la-pampa-san-luis-y-rio-negro\/#primaryimage\",\"url\":\"https:\/\/www.noticiasradioreflejos.com.ar\/2021\/wp-content\/uploads\/2022\/12\/Alerta-x-tormentas.jpg\",\"contentUrl\":\"https:\/\/www.noticiasradioreflejos.com.ar\/2021\/wp-content\/uploads\/2022\/12\/Alerta-x-tormentas.jpg\",\"width\":1200,\"height\":675},{\"@type\":\"BreadcrumbList\",\"@id\":\"https:\/\/www.noticiasradioreflejos.com.ar\/2021\/rigen-alertas-amarillas-por-tormentas-para-zonas-de-mendoza-la-pampa-san-luis-y-rio-negro\/#breadcrumb\",\"itemListElement\":[{\"@type\":\"ListItem\",\"position\":1,\"name\":\"Portada\",\"item\":\"https:\/\/www.noticiasradioreflejos.com.ar\/2021\/\"},{\"@type\":\"ListItem\",\"position\":2,\"name\":\"Rigen alertas amarillas por tormentas para zonas de Mendoza, La Pampa, San Luis y R\u00edo Negro\"}]},{\"@type\":\"WebSite\",\"@id\":\"https:\/\/www.noticiasradioreflejos.com.ar\/2021\/#website\",\"url\":\"https:\/\/www.noticiasradioreflejos.com.ar\/2021\/\",\"name\":\"Noticias Radio Reflejos\",\"description\":\"Las noticias de mi comarca\",\"potentialAction\":[{\"@type\":\"SearchAction\",\"target\":{\"@type\":\"EntryPoint\",\"urlTemplate\":\"https:\/\/www.noticiasradioreflejos.com.ar\/2021\/?s={search_term_string}\"},\"query-input\":{\"@type\":\"PropertyValueSpecification\",\"valueRequired\":true,\"valueName\":\"search_term_string\"}}],\"inLanguage\":\"es\"},{\"@type\":\"Person\",\"@id\":\"https:\/\/www.noticiasradioreflejos.com.ar\/2021\/#\/schema\/person\/ad82545263dcc5ec0996818884fd5fb1\",\"name\":\"Arnaldo Botto\",\"image\":{\"@type\":\"ImageObject\",\"inLanguage\":\"es\",\"@id\":\"https:\/\/www.noticiasradioreflejos.com.ar\/2021\/#\/schema\/person\/image\/\",\"url\":\"https:\/\/secure.gravatar.com\/avatar\/55cb5e37c1efa326397366e6974cb338056df65cb50e7d64d1cf314e87504837?s=96&d=mm&r=g\",\"contentUrl\":\"https:\/\/secure.gravatar.com\/avatar\/55cb5e37c1efa326397366e6974cb338056df65cb50e7d64d1cf314e87504837?s=96&d=mm&r=g\",\"caption\":\"Arnaldo Botto\"},\"url\":\"https:\/\/www.noticiasradioreflejos.com.ar\/2021\/author\/arnaldo\/\"}]}<\/script>\n<!-- \/ Yoast SEO plugin. -->","yoast_head_json":{"title":"Rigen alertas amarillas por tormentas para zonas de Mendoza, La Pampa, San Luis y R\u00edo Negro - Noticias Radio Reflejos","robots":{"index":"index","follow":"follow","max-snippet":"max-snippet:-1","max-image-preview":"max-image-preview:large","max-video-preview":"max-video-preview:-1"},"canonical":"https:\/\/www.noticiasradioreflejos.com.ar\/2021\/rigen-alertas-amarillas-por-tormentas-para-zonas-de-mendoza-la-pampa-san-luis-y-rio-negro\/","og_locale":"es_ES","og_type":"article","og_title":"Rigen alertas amarillas por tormentas para zonas de Mendoza, La Pampa, San Luis y R\u00edo Negro - Noticias Radio Reflejos","og_description":"El Servicio Meteorol\u00f3gico Nacional (SMN) emiti\u00f3 hoy una alerta amarilla por tormentas para sectores de las provincias de Mendoza, San Luis, La Pampa y R\u00edo Negro. (T\u00e9lam) De acuerdo al informe del organismo, en Mendoza el alerta es para las localidades del este de Las Heras, La Paz, Lavalle, San Mart\u00edn y Santa Rosa. Tambi\u00e9n [&hellip;]","og_url":"https:\/\/www.noticiasradioreflejos.com.ar\/2021\/rigen-alertas-amarillas-por-tormentas-para-zonas-de-mendoza-la-pampa-san-luis-y-rio-negro\/","og_site_name":"Noticias Radio Reflejos","article_published_time":"2022-12-17T13:41:29+00:00","og_image":[{"width":1200,"height":675,"url":"https:\/\/www.noticiasradioreflejos.com.ar\/2021\/wp-content\/uploads\/2022\/12\/Alerta-x-tormentas.jpg","type":"image\/jpeg"}],"author":"Arnaldo Botto","twitter_card":"summary_large_image","schema":{"@context":"https:\/\/schema.org","@graph":[{"@type":"WebPage","@id":"https:\/\/www.noticiasradioreflejos.com.ar\/2021\/rigen-alertas-amarillas-por-tormentas-para-zonas-de-mendoza-la-pampa-san-luis-y-rio-negro\/","url":"https:\/\/www.noticiasradioreflejos.com.ar\/2021\/rigen-alertas-amarillas-por-tormentas-para-zonas-de-mendoza-la-pampa-san-luis-y-rio-negro\/","name":"Rigen alertas amarillas por tormentas para zonas de Mendoza, La Pampa, San Luis y R\u00edo Negro - Noticias Radio Reflejos","isPartOf":{"@id":"https:\/\/www.noticiasradioreflejos.com.ar\/2021\/#website"},"primaryImageOfPage":{"@id":"https:\/\/www.noticiasradioreflejos.com.ar\/2021\/rigen-alertas-amarillas-por-tormentas-para-zonas-de-mendoza-la-pampa-san-luis-y-rio-negro\/#primaryimage"},"image":{"@id":"https:\/\/www.noticiasradioreflejos.com.ar\/2021\/rigen-alertas-amarillas-por-tormentas-para-zonas-de-mendoza-la-pampa-san-luis-y-rio-negro\/#primaryimage"},"thumbnailUrl":"https:\/\/www.noticiasradioreflejos.com.ar\/2021\/wp-content\/uploads\/2022\/12\/Alerta-x-tormentas.jpg","datePublished":"2022-12-17T13:41:29+00:00","author":{"@id":"https:\/\/www.noticiasradioreflejos.com.ar\/2021\/#\/schema\/person\/ad82545263dcc5ec0996818884fd5fb1"},"breadcrumb":{"@id":"https:\/\/www.noticiasradioreflejos.com.ar\/2021\/rigen-alertas-amarillas-por-tormentas-para-zonas-de-mendoza-la-pampa-san-luis-y-rio-negro\/#breadcrumb"},"inLanguage":"es","potentialAction":[{"@type":"ReadAction","target":["https:\/\/www.noticiasradioreflejos.com.ar\/2021\/rigen-alertas-amarillas-por-tormentas-para-zonas-de-mendoza-la-pampa-san-luis-y-rio-negro\/"]}]},{"@type":"ImageObject","inLanguage":"es","@id":"https:\/\/www.noticiasradioreflejos.com.ar\/2021\/rigen-alertas-amarillas-por-tormentas-para-zonas-de-mendoza-la-pampa-san-luis-y-rio-negro\/#primaryimage","url":"https:\/\/www.noticiasradioreflejos.com.ar\/2021\/wp-content\/uploads\/2022\/12\/Alerta-x-tormentas.jpg","contentUrl":"https:\/\/www.noticiasradioreflejos.com.ar\/2021\/wp-content\/uploads\/2022\/12\/Alerta-x-tormentas.jpg","width":1200,"height":675},{"@type":"BreadcrumbList","@id":"https:\/\/www.noticiasradioreflejos.com.ar\/2021\/rigen-alertas-amarillas-por-tormentas-para-zonas-de-mendoza-la-pampa-san-luis-y-rio-negro\/#breadcrumb","itemListElement":[{"@type":"ListItem","position":1,"name":"Portada","item":"https:\/\/www.noticiasradioreflejos.com.ar\/2021\/"},{"@type":"ListItem","position":2,"name":"Rigen alertas amarillas por tormentas para zonas de Mendoza, La Pampa, San Luis y R\u00edo Negro"}]},{"@type":"WebSite","@id":"https:\/\/www.noticiasradioreflejos.com.ar\/2021\/#website","url":"https:\/\/www.noticiasradioreflejos.com.ar\/2021\/","name":"Noticias Radio Reflejos","description":"Las noticias de mi comarca","potentialAction":[{"@type":"SearchAction","target":{"@type":"EntryPoint","urlTemplate":"https:\/\/www.noticiasradioreflejos.com.ar\/2021\/?s={search_term_string}"},"query-input":{"@type":"PropertyValueSpecification","valueRequired":true,"valueName":"search_term_string"}}],"inLanguage":"es"},{"@type":"Person","@id":"https:\/\/www.noticiasradioreflejos.com.ar\/2021\/#\/schema\/person\/ad82545263dcc5ec0996818884fd5fb1","name":"Arnaldo Botto","image":{"@type":"ImageObject","inLanguage":"es","@id":"https:\/\/www.noticiasradioreflejos.com.ar\/2021\/#\/schema\/person\/image\/","url":"https:\/\/secure.gravatar.com\/avatar\/55cb5e37c1efa326397366e6974cb338056df65cb50e7d64d1cf314e87504837?s=96&d=mm&r=g","contentUrl":"https:\/\/secure.gravatar.com\/avatar\/55cb5e37c1efa326397366e6974cb338056df65cb50e7d64d1cf314e87504837?s=96&d=mm&r=g","caption":"Arnaldo Botto"},"url":"https:\/\/www.noticiasradioreflejos.com.ar\/2021\/author\/arnaldo\/"}]}},"_links":{"self":[{"href":"https:\/\/www.noticiasradioreflejos.com.ar\/2021\/wp-json\/wp\/v2\/posts\/81482","targetHints":{"allow":["GET"]}}],"collection":[{"href":"https:\/\/www.noticiasradioreflejos.com.ar\/2021\/wp-json\/wp\/v2\/posts"}],"about":[{"href":"https:\/\/www.noticiasradioreflejos.com.ar\/2021\/wp-json\/wp\/v2\/types\/post"}],"author":[{"embeddable":true,"href":"https:\/\/www.noticiasradioreflejos.com.ar\/2021\/wp-json\/wp\/v2\/users\/3"}],"replies":[{"embeddable":true,"href":"https:\/\/www.noticiasradioreflejos.com.ar\/2021\/wp-json\/wp\/v2\/comments?post=81482"}],"version-history":[{"count":1,"href":"https:\/\/www.noticiasradioreflejos.com.ar\/2021\/wp-json\/wp\/v2\/posts\/81482\/revisions"}],"predecessor-version":[{"id":81483,"href":"https:\/\/www.noticiasradioreflejos.com.ar\/2021\/wp-json\/wp\/v2\/posts\/81482\/revisions\/81483"}],"wp:featuredmedia":[{"embeddable":true,"href":"https:\/\/www.noticiasradioreflejos.com.ar\/2021\/wp-json\/wp\/v2\/media\/80896"}],"wp:attachment":[{"href":"https:\/\/www.noticiasradioreflejos.com.ar\/2021\/wp-json\/wp\/v2\/media?parent=81482"}],"wp:term":[{"taxonomy":"category","embeddable":true,"href":"https:\/\/www.noticiasradioreflejos.com.ar\/2021\/wp-json\/wp\/v2\/categories?post=81482"},{"taxonomy":"post_tag","embeddable":true,"href":"https:\/\/www.noticiasradioreflejos.com.ar\/2021\/wp-json\/wp\/v2\/tags?post=81482"}],"curies":[{"name":"wp","href":"https:\/\/api.w.org\/{rel}","templated":true}]}}