{"id":81454,"date":"2022-12-16T17:12:13","date_gmt":"2022-12-16T17:12:13","guid":{"rendered":"http:\/\/www.noticiasradioreflejos.com.ar\/2021\/?p=81454"},"modified":"2022-12-16T17:38:42","modified_gmt":"2022-12-16T17:38:42","slug":"covid-se-hara-una-campana-intensiva-de-vacunacion-desde-este-fin-de-semana","status":"publish","type":"post","link":"https:\/\/www.noticiasradioreflejos.com.ar\/2021\/covid-se-hara-una-campana-intensiva-de-vacunacion-desde-este-fin-de-semana\/","title":{"rendered":"Covid: \u201cSe har\u00e1 una campa\u00f1a intensiva de vacunaci\u00f3n desde este fin de semana\u201d"},"content":{"rendered":"<p>As\u00ed lo confirm\u00f3 la licenciada Carla Pollio, directora del Hospital Menor de Sierra de la Ventana. \u201cHay un rebrote en toda la provincia\u201d asegur\u00f3.<!--more--><\/p>\n<p>La licenciada Carla Pollio brind\u00f3 detalles de la nueva campa\u00f1a de vacunaci\u00f3n contra el Covid que se comenzar\u00e1 a realizar desde este fin de semana, saliendo al cruce del aumento significativo de casos que se dio en el \u00faltimo tiempo.<\/p>\n<p><a title=\"WhatsApp Image 2022-12-16 at 13.31.01\" href=\"https:\/\/www.flickr.com\/photos\/182279889@N02\/52567517139\/in\/dateposted-public\/\" data-flickr-embed=\"true\"><img loading=\"lazy\" decoding=\"async\" class=\"alignleft\" src=\"https:\/\/live.staticflickr.com\/65535\/52567517139_89dc357610_c.jpg\" alt=\"WhatsApp Image 2022-12-16 at 13.31.01\" width=\"352\" height=\"352\" \/><\/a><\/p>\n<p>Al respecto, la Directora del Hospital Menor de Sierra de la Ventana mencion\u00f3 que \u201cel ministro de Salud solicit\u00f3 a todos los municipios y secretar\u00edas que se refuerce la vacunaci\u00f3n contra el Covid. Debido a esto van a estar llegando vacunas, tanto para los que deban completar el esquema, o para aquellos que necesiten la quinta dosis\u201d.<\/p>\n<p>Al mismo tiempo, \u201cdijo que abrir\u00e1 m\u00e1s puestos de vacunaci\u00f3n tras cerrarse la posta de Tornquist y se pas\u00f3 la vacunaci\u00f3n a las salas. Se har\u00e1 una campa\u00f1a intensiva desde este fin de semana en Sierra. Sera de 8 a 12 en la plazoleta frente al supermercado. Ah\u00ed pueden ir tranquilamente. Lo \u00fanico es que deben haber pasado cuatro meses de la \u00faltima dosis. El 23 se vacunar\u00e1 en la sala de Saldungaray, de 8 a 13\u201d.<\/p>\n<p>De igual manera remarc\u00f3 que \u201cen las pr\u00f3ximas horas estaremos difundiendo los distintos lugares donde se aplicar\u00e1n dosis en Tornquist. En Sierra de la Ventana se est\u00e1 vacunando de 9 a 13 todos los d\u00edas, tanto vacunas del calendario como para Covid\u201d.<\/p>\n<p>Y en esa l\u00ednea asegur\u00f3 que en los \u00faltimos d\u00edas la gente \u201cse ha acercado mucho. Entre 35 y 40 personas por d\u00edas se est\u00e1n vacunando. En la sala tenemos los test r\u00e1pidos para aquellos que tengan s\u00edntomas. Est\u00e1n disponibles para toda la comunidad. Hay un rebrote en toda la provincia y es por eso que estamos acercando las vacunas. En cuanto a la vacunaci\u00f3n, el que tenga certificado que lo lleve, sino se le dar\u00e1 uno nuevo\u201d.<\/p>\n<p>En otro pasaje de la entrevista la licenciada confirm\u00f3 que \u201cel lunes 19, de 10 a 15, se dar\u00e1 una charla sobre animales ponzo\u00f1osos en el Cuartel de Bomberos de Sierra de la Ventana, abierta para todo p\u00fablico. No tiene ning\u00fan costo. En esta \u00e9poca se puede dar alg\u00fan cruce con estas especies, entonces la idea es que la gente est\u00e9 capacitada. Se traer\u00e1n muestras y se dar\u00e1 certificaci\u00f3n\u201d.<\/p>\n<p>&nbsp;<\/p>\n<p><iframe loading=\"lazy\" src=\"https:\/\/w.soundcloud.com\/player\/?url=https%3A\/\/api.soundcloud.com\/tracks\/1404036835&amp;color=%23ff5500&amp;auto_play=false&amp;hide_related=false&amp;show_comments=true&amp;show_user=true&amp;show_reposts=false&amp;show_teaser=true\" width=\"100%\" height=\"166\" frameborder=\"no\" scrolling=\"no\"><\/iframe><\/p>\n<div style=\"font-size: 10px; color: #cccccc; line-break: anywhere; word-break: normal; overflow: hidden; white-space: nowrap; text-overflow: ellipsis; font-family: Interstate,Lucida Grande,Lucida Sans Unicode,Lucida Sans,Garuda,Verdana,Tahoma,sans-serif; font-weight: 100;\"><a style=\"color: #cccccc; text-decoration: none;\" title=\"fmreflejos 103.7\" href=\"https:\/\/soundcloud.com\/fmreflejos-103-7\" target=\"_blank\" rel=\"noopener\">fmreflejos 103.7<\/a> \u00b7 <a style=\"color: #cccccc; text-decoration: none;\" title=\"Carla Pollio\" href=\"https:\/\/soundcloud.com\/fmreflejos-103-7\/carla-pollio-1\" target=\"_blank\" rel=\"noopener\">Carla Pollio<\/a><\/div>\n<p><a title=\"WhatsApp Image 2022-12-15 at 18.53.25\" href=\"https:\/\/www.flickr.com\/photos\/182279889@N02\/52567730645\/in\/dateposted-public\/\" data-flickr-embed=\"true\"><img loading=\"lazy\" decoding=\"async\" class=\"aligncenter\" src=\"https:\/\/live.staticflickr.com\/65535\/52567730645_eee6e49f48_c.jpg\" alt=\"WhatsApp Image 2022-12-15 at 18.53.25\" width=\"640\" height=\"800\" \/><\/a><\/p>\n","protected":false},"excerpt":{"rendered":"<p>As\u00ed lo confirm\u00f3 la licenciada Carla Pollio, directora del Hospital Menor de Sierra de la Ventana. \u201cHay un rebrote en toda la provincia\u201d asegur\u00f3.<\/p>\n","protected":false},"author":3,"featured_media":81128,"comment_status":"closed","ping_status":"closed","sticky":false,"template":"","format":"standard","meta":{"footnotes":""},"categories":[30],"tags":[],"class_list":["post-81454","post","type-post","status-publish","format-standard","has-post-thumbnail","hentry","category-salud"],"yoast_head":"<!-- This site is optimized with the Yoast SEO plugin v25.9 - https:\/\/yoast.com\/wordpress\/plugins\/seo\/ -->\n<title>Covid: \u201cSe har\u00e1 una campa\u00f1a intensiva de vacunaci\u00f3n desde este fin de semana\u201d - Noticias Radio Reflejos<\/title>\n<meta name=\"robots\" content=\"index, follow, max-snippet:-1, max-image-preview:large, max-video-preview:-1\" \/>\n<link rel=\"canonical\" href=\"https:\/\/www.noticiasradioreflejos.com.ar\/2021\/covid-se-hara-una-campana-intensiva-de-vacunacion-desde-este-fin-de-semana\/\" \/>\n<meta property=\"og:locale\" content=\"es_ES\" \/>\n<meta property=\"og:type\" content=\"article\" \/>\n<meta property=\"og:title\" content=\"Covid: \u201cSe har\u00e1 una campa\u00f1a intensiva de vacunaci\u00f3n desde este fin de semana\u201d - Noticias Radio Reflejos\" \/>\n<meta property=\"og:description\" content=\"As\u00ed lo confirm\u00f3 la licenciada Carla Pollio, directora del Hospital Menor de Sierra de la Ventana. \u201cHay un rebrote en toda la provincia\u201d asegur\u00f3.\" \/>\n<meta property=\"og:url\" content=\"https:\/\/www.noticiasradioreflejos.com.ar\/2021\/covid-se-hara-una-campana-intensiva-de-vacunacion-desde-este-fin-de-semana\/\" \/>\n<meta property=\"og:site_name\" content=\"Noticias Radio Reflejos\" \/>\n<meta property=\"article:published_time\" content=\"2022-12-16T17:12:13+00:00\" \/>\n<meta property=\"article:modified_time\" content=\"2022-12-16T17:38:42+00:00\" \/>\n<meta property=\"og:image\" content=\"https:\/\/www.noticiasradioreflejos.com.ar\/2021\/wp-content\/uploads\/2022\/12\/Hospital-Sierra.jpeg\" \/>\n\t<meta property=\"og:image:width\" content=\"1600\" \/>\n\t<meta property=\"og:image:height\" content=\"720\" \/>\n\t<meta property=\"og:image:type\" content=\"image\/jpeg\" \/>\n<meta name=\"author\" content=\"Arnaldo Botto\" \/>\n<meta name=\"twitter:card\" content=\"summary_large_image\" \/>\n<script type=\"application\/ld+json\" class=\"yoast-schema-graph\">{\"@context\":\"https:\/\/schema.org\",\"@graph\":[{\"@type\":\"WebPage\",\"@id\":\"https:\/\/www.noticiasradioreflejos.com.ar\/2021\/covid-se-hara-una-campana-intensiva-de-vacunacion-desde-este-fin-de-semana\/\",\"url\":\"https:\/\/www.noticiasradioreflejos.com.ar\/2021\/covid-se-hara-una-campana-intensiva-de-vacunacion-desde-este-fin-de-semana\/\",\"name\":\"Covid: \u201cSe har\u00e1 una campa\u00f1a intensiva de vacunaci\u00f3n desde este fin de semana\u201d - Noticias Radio Reflejos\",\"isPartOf\":{\"@id\":\"https:\/\/www.noticiasradioreflejos.com.ar\/2021\/#website\"},\"primaryImageOfPage\":{\"@id\":\"https:\/\/www.noticiasradioreflejos.com.ar\/2021\/covid-se-hara-una-campana-intensiva-de-vacunacion-desde-este-fin-de-semana\/#primaryimage\"},\"image\":{\"@id\":\"https:\/\/www.noticiasradioreflejos.com.ar\/2021\/covid-se-hara-una-campana-intensiva-de-vacunacion-desde-este-fin-de-semana\/#primaryimage\"},\"thumbnailUrl\":\"https:\/\/www.noticiasradioreflejos.com.ar\/2021\/wp-content\/uploads\/2022\/12\/Hospital-Sierra.jpeg\",\"datePublished\":\"2022-12-16T17:12:13+00:00\",\"dateModified\":\"2022-12-16T17:38:42+00:00\",\"author\":{\"@id\":\"https:\/\/www.noticiasradioreflejos.com.ar\/2021\/#\/schema\/person\/ad82545263dcc5ec0996818884fd5fb1\"},\"breadcrumb\":{\"@id\":\"https:\/\/www.noticiasradioreflejos.com.ar\/2021\/covid-se-hara-una-campana-intensiva-de-vacunacion-desde-este-fin-de-semana\/#breadcrumb\"},\"inLanguage\":\"es\",\"potentialAction\":[{\"@type\":\"ReadAction\",\"target\":[\"https:\/\/www.noticiasradioreflejos.com.ar\/2021\/covid-se-hara-una-campana-intensiva-de-vacunacion-desde-este-fin-de-semana\/\"]}]},{\"@type\":\"ImageObject\",\"inLanguage\":\"es\",\"@id\":\"https:\/\/www.noticiasradioreflejos.com.ar\/2021\/covid-se-hara-una-campana-intensiva-de-vacunacion-desde-este-fin-de-semana\/#primaryimage\",\"url\":\"https:\/\/www.noticiasradioreflejos.com.ar\/2021\/wp-content\/uploads\/2022\/12\/Hospital-Sierra.jpeg\",\"contentUrl\":\"https:\/\/www.noticiasradioreflejos.com.ar\/2021\/wp-content\/uploads\/2022\/12\/Hospital-Sierra.jpeg\",\"width\":1600,\"height\":720},{\"@type\":\"BreadcrumbList\",\"@id\":\"https:\/\/www.noticiasradioreflejos.com.ar\/2021\/covid-se-hara-una-campana-intensiva-de-vacunacion-desde-este-fin-de-semana\/#breadcrumb\",\"itemListElement\":[{\"@type\":\"ListItem\",\"position\":1,\"name\":\"Portada\",\"item\":\"https:\/\/www.noticiasradioreflejos.com.ar\/2021\/\"},{\"@type\":\"ListItem\",\"position\":2,\"name\":\"Covid: \u201cSe har\u00e1 una campa\u00f1a intensiva de vacunaci\u00f3n desde este fin de semana\u201d\"}]},{\"@type\":\"WebSite\",\"@id\":\"https:\/\/www.noticiasradioreflejos.com.ar\/2021\/#website\",\"url\":\"https:\/\/www.noticiasradioreflejos.com.ar\/2021\/\",\"name\":\"Noticias Radio Reflejos\",\"description\":\"Las noticias de mi comarca\",\"potentialAction\":[{\"@type\":\"SearchAction\",\"target\":{\"@type\":\"EntryPoint\",\"urlTemplate\":\"https:\/\/www.noticiasradioreflejos.com.ar\/2021\/?s={search_term_string}\"},\"query-input\":{\"@type\":\"PropertyValueSpecification\",\"valueRequired\":true,\"valueName\":\"search_term_string\"}}],\"inLanguage\":\"es\"},{\"@type\":\"Person\",\"@id\":\"https:\/\/www.noticiasradioreflejos.com.ar\/2021\/#\/schema\/person\/ad82545263dcc5ec0996818884fd5fb1\",\"name\":\"Arnaldo Botto\",\"image\":{\"@type\":\"ImageObject\",\"inLanguage\":\"es\",\"@id\":\"https:\/\/www.noticiasradioreflejos.com.ar\/2021\/#\/schema\/person\/image\/\",\"url\":\"https:\/\/secure.gravatar.com\/avatar\/55cb5e37c1efa326397366e6974cb338056df65cb50e7d64d1cf314e87504837?s=96&d=mm&r=g\",\"contentUrl\":\"https:\/\/secure.gravatar.com\/avatar\/55cb5e37c1efa326397366e6974cb338056df65cb50e7d64d1cf314e87504837?s=96&d=mm&r=g\",\"caption\":\"Arnaldo Botto\"},\"url\":\"https:\/\/www.noticiasradioreflejos.com.ar\/2021\/author\/arnaldo\/\"}]}<\/script>\n<!-- \/ Yoast SEO plugin. -->","yoast_head_json":{"title":"Covid: \u201cSe har\u00e1 una campa\u00f1a intensiva de vacunaci\u00f3n desde este fin de semana\u201d - Noticias Radio Reflejos","robots":{"index":"index","follow":"follow","max-snippet":"max-snippet:-1","max-image-preview":"max-image-preview:large","max-video-preview":"max-video-preview:-1"},"canonical":"https:\/\/www.noticiasradioreflejos.com.ar\/2021\/covid-se-hara-una-campana-intensiva-de-vacunacion-desde-este-fin-de-semana\/","og_locale":"es_ES","og_type":"article","og_title":"Covid: \u201cSe har\u00e1 una campa\u00f1a intensiva de vacunaci\u00f3n desde este fin de semana\u201d - Noticias Radio Reflejos","og_description":"As\u00ed lo confirm\u00f3 la licenciada Carla Pollio, directora del Hospital Menor de Sierra de la Ventana. \u201cHay un rebrote en toda la provincia\u201d asegur\u00f3.","og_url":"https:\/\/www.noticiasradioreflejos.com.ar\/2021\/covid-se-hara-una-campana-intensiva-de-vacunacion-desde-este-fin-de-semana\/","og_site_name":"Noticias Radio Reflejos","article_published_time":"2022-12-16T17:12:13+00:00","article_modified_time":"2022-12-16T17:38:42+00:00","og_image":[{"width":1600,"height":720,"url":"https:\/\/www.noticiasradioreflejos.com.ar\/2021\/wp-content\/uploads\/2022\/12\/Hospital-Sierra.jpeg","type":"image\/jpeg"}],"author":"Arnaldo Botto","twitter_card":"summary_large_image","schema":{"@context":"https:\/\/schema.org","@graph":[{"@type":"WebPage","@id":"https:\/\/www.noticiasradioreflejos.com.ar\/2021\/covid-se-hara-una-campana-intensiva-de-vacunacion-desde-este-fin-de-semana\/","url":"https:\/\/www.noticiasradioreflejos.com.ar\/2021\/covid-se-hara-una-campana-intensiva-de-vacunacion-desde-este-fin-de-semana\/","name":"Covid: \u201cSe har\u00e1 una campa\u00f1a intensiva de vacunaci\u00f3n desde este fin de semana\u201d - Noticias Radio Reflejos","isPartOf":{"@id":"https:\/\/www.noticiasradioreflejos.com.ar\/2021\/#website"},"primaryImageOfPage":{"@id":"https:\/\/www.noticiasradioreflejos.com.ar\/2021\/covid-se-hara-una-campana-intensiva-de-vacunacion-desde-este-fin-de-semana\/#primaryimage"},"image":{"@id":"https:\/\/www.noticiasradioreflejos.com.ar\/2021\/covid-se-hara-una-campana-intensiva-de-vacunacion-desde-este-fin-de-semana\/#primaryimage"},"thumbnailUrl":"https:\/\/www.noticiasradioreflejos.com.ar\/2021\/wp-content\/uploads\/2022\/12\/Hospital-Sierra.jpeg","datePublished":"2022-12-16T17:12:13+00:00","dateModified":"2022-12-16T17:38:42+00:00","author":{"@id":"https:\/\/www.noticiasradioreflejos.com.ar\/2021\/#\/schema\/person\/ad82545263dcc5ec0996818884fd5fb1"},"breadcrumb":{"@id":"https:\/\/www.noticiasradioreflejos.com.ar\/2021\/covid-se-hara-una-campana-intensiva-de-vacunacion-desde-este-fin-de-semana\/#breadcrumb"},"inLanguage":"es","potentialAction":[{"@type":"ReadAction","target":["https:\/\/www.noticiasradioreflejos.com.ar\/2021\/covid-se-hara-una-campana-intensiva-de-vacunacion-desde-este-fin-de-semana\/"]}]},{"@type":"ImageObject","inLanguage":"es","@id":"https:\/\/www.noticiasradioreflejos.com.ar\/2021\/covid-se-hara-una-campana-intensiva-de-vacunacion-desde-este-fin-de-semana\/#primaryimage","url":"https:\/\/www.noticiasradioreflejos.com.ar\/2021\/wp-content\/uploads\/2022\/12\/Hospital-Sierra.jpeg","contentUrl":"https:\/\/www.noticiasradioreflejos.com.ar\/2021\/wp-content\/uploads\/2022\/12\/Hospital-Sierra.jpeg","width":1600,"height":720},{"@type":"BreadcrumbList","@id":"https:\/\/www.noticiasradioreflejos.com.ar\/2021\/covid-se-hara-una-campana-intensiva-de-vacunacion-desde-este-fin-de-semana\/#breadcrumb","itemListElement":[{"@type":"ListItem","position":1,"name":"Portada","item":"https:\/\/www.noticiasradioreflejos.com.ar\/2021\/"},{"@type":"ListItem","position":2,"name":"Covid: \u201cSe har\u00e1 una campa\u00f1a intensiva de vacunaci\u00f3n desde este fin de semana\u201d"}]},{"@type":"WebSite","@id":"https:\/\/www.noticiasradioreflejos.com.ar\/2021\/#website","url":"https:\/\/www.noticiasradioreflejos.com.ar\/2021\/","name":"Noticias Radio Reflejos","description":"Las noticias de mi comarca","potentialAction":[{"@type":"SearchAction","target":{"@type":"EntryPoint","urlTemplate":"https:\/\/www.noticiasradioreflejos.com.ar\/2021\/?s={search_term_string}"},"query-input":{"@type":"PropertyValueSpecification","valueRequired":true,"valueName":"search_term_string"}}],"inLanguage":"es"},{"@type":"Person","@id":"https:\/\/www.noticiasradioreflejos.com.ar\/2021\/#\/schema\/person\/ad82545263dcc5ec0996818884fd5fb1","name":"Arnaldo Botto","image":{"@type":"ImageObject","inLanguage":"es","@id":"https:\/\/www.noticiasradioreflejos.com.ar\/2021\/#\/schema\/person\/image\/","url":"https:\/\/secure.gravatar.com\/avatar\/55cb5e37c1efa326397366e6974cb338056df65cb50e7d64d1cf314e87504837?s=96&d=mm&r=g","contentUrl":"https:\/\/secure.gravatar.com\/avatar\/55cb5e37c1efa326397366e6974cb338056df65cb50e7d64d1cf314e87504837?s=96&d=mm&r=g","caption":"Arnaldo Botto"},"url":"https:\/\/www.noticiasradioreflejos.com.ar\/2021\/author\/arnaldo\/"}]}},"_links":{"self":[{"href":"https:\/\/www.noticiasradioreflejos.com.ar\/2021\/wp-json\/wp\/v2\/posts\/81454","targetHints":{"allow":["GET"]}}],"collection":[{"href":"https:\/\/www.noticiasradioreflejos.com.ar\/2021\/wp-json\/wp\/v2\/posts"}],"about":[{"href":"https:\/\/www.noticiasradioreflejos.com.ar\/2021\/wp-json\/wp\/v2\/types\/post"}],"author":[{"embeddable":true,"href":"https:\/\/www.noticiasradioreflejos.com.ar\/2021\/wp-json\/wp\/v2\/users\/3"}],"replies":[{"embeddable":true,"href":"https:\/\/www.noticiasradioreflejos.com.ar\/2021\/wp-json\/wp\/v2\/comments?post=81454"}],"version-history":[{"count":3,"href":"https:\/\/www.noticiasradioreflejos.com.ar\/2021\/wp-json\/wp\/v2\/posts\/81454\/revisions"}],"predecessor-version":[{"id":81461,"href":"https:\/\/www.noticiasradioreflejos.com.ar\/2021\/wp-json\/wp\/v2\/posts\/81454\/revisions\/81461"}],"wp:featuredmedia":[{"embeddable":true,"href":"https:\/\/www.noticiasradioreflejos.com.ar\/2021\/wp-json\/wp\/v2\/media\/81128"}],"wp:attachment":[{"href":"https:\/\/www.noticiasradioreflejos.com.ar\/2021\/wp-json\/wp\/v2\/media?parent=81454"}],"wp:term":[{"taxonomy":"category","embeddable":true,"href":"https:\/\/www.noticiasradioreflejos.com.ar\/2021\/wp-json\/wp\/v2\/categories?post=81454"},{"taxonomy":"post_tag","embeddable":true,"href":"https:\/\/www.noticiasradioreflejos.com.ar\/2021\/wp-json\/wp\/v2\/tags?post=81454"}],"curies":[{"name":"wp","href":"https:\/\/api.w.org\/{rel}","templated":true}]}}