{"id":81450,"date":"2022-12-16T16:47:04","date_gmt":"2022-12-16T16:47:04","guid":{"rendered":"http:\/\/www.noticiasradioreflejos.com.ar\/2021\/?p=81450"},"modified":"2022-12-16T16:47:04","modified_gmt":"2022-12-16T16:47:04","slug":"jose-luis-medina-antes-iban-a-los-cuarteles-ahora-buscan-jueces-para-sacarnos-la-libertad-en-democracia","status":"publish","type":"post","link":"https:\/\/www.noticiasradioreflejos.com.ar\/2021\/jose-luis-medina-antes-iban-a-los-cuarteles-ahora-buscan-jueces-para-sacarnos-la-libertad-en-democracia\/","title":{"rendered":"Jos\u00e9 Luis Medina: \u201cAntes iban a los cuarteles, ahora buscan jueces para sacarnos la libertad en democracia\u201d"},"content":{"rendered":"<p>El integrante del PJ de Tornquist habl\u00f3 respecto al comunicado que emitieron desde su partido, referido a la situaci\u00f3n que atraviesa Cristina Fern\u00e1ndez. \u201cEstamos a un paso de todas esas cosas que le hicieron tan mal al pa\u00eds\u201d asegur\u00f3.<!--more--><\/p>\n<p>Los comunicados se replican en todo el pa\u00eds y Tornquist no fue la excepci\u00f3n. Agrupaciones que conforman el Frente de Todos, m\u00e1s algunos Sindicatos, emitieron un escrito referido a la situaci\u00f3n que viene atravesando Cristina Fern\u00e1ndez.<\/p>\n<p>Al respecto, Jos\u00e9 Luis Medina, integrante del PJ local, mencion\u00f3 que \u201cen Ca\u00f1uelas un grupo de intendentes se reuni\u00f3 para hacer un comunicado. En Bah\u00eda Blanca tambi\u00e9n lo hicieron. El tema de la justicia no solo nos afecta a nosotros, a los justicialistas, sino a toda nuestra vida. Ejemplos hay miles, por tomar uno, el tema de internet, donde tras declararse imprescindible la justicia lo tir\u00f3 para atr\u00e1s\u201d.<\/p>\n<p>Continuando con su desarrollo, explic\u00f3 que \u201chay una serie de acontecimientos que vienen ocurriendo, siendo el \u00fanico poder de los tres que no es elegido por el pueblo, sino por un grupito selecto y que afecta directamente a la democracia\u201d.<\/p>\n<p>Y en la misma t\u00f3nica no dud\u00f3 en afirmar de que \u201cestamos a un paso de todas esas cosas que le hicieron tan mal al pa\u00eds, cuando con solo escucharte decir Per\u00f3n te met\u00edan preso. A veces cuando se toman este tipo de resoluciones, solo por venganza, odio, sin sentido com\u00fan y sin pruebas, porque solo a un grupo econ\u00f3mico no le sirve\u201d.<\/p>\n<p>Cargando las tintas sobre Mauricio Macri, expres\u00f3 que \u201cel gobierno que pas\u00f3 en realidad fue un gerente de esos medios empresariales. Eso nos preocupa como ciudadanos, como militantes del partido justicialista y porque ya lo vivimos. Todos estos comunicados sirven para despertar un poco la inquietud en todos nosotros\u201d.<\/p>\n<p>En ese punto reconoci\u00f3 que \u201cel partido justicialista convoc\u00f3 a las distintas fuerzas que integran el Frente de Todos, y entre todos se elabor\u00f3 el comunicado. Tambi\u00e9n estuvieron varios sindicatos\u201d.<\/p>\n<p>Mientras que no titube\u00f3 al momento de asegurar de que \u201cestamos en un punto de inflexi\u00f3n. Hay un antes y un despu\u00e9s de esto. Antes sab\u00edamos que algunos golpeaban las puertas de los cuarteles, se produc\u00eda un golpe y ve\u00edamos las botas en la calle. Hoy no elijen ese camino, sino este otro, con jueces, y de esa forma nos van sacando la libertad en democracia\u201d.<\/p>\n<p><iframe loading=\"lazy\" width=\"100%\" height=\"166\" scrolling=\"no\" frameborder=\"no\" allow=\"autoplay\" src=\"https:\/\/w.soundcloud.com\/player\/?url=https%3A\/\/api.soundcloud.com\/tracks\/1404018874&#038;color=%23ff5500&#038;auto_play=false&#038;hide_related=false&#038;show_comments=true&#038;show_user=true&#038;show_reposts=false&#038;show_teaser=true\"><\/iframe><\/p>\n<div style=\"font-size: 10px; color: #cccccc;line-break: anywhere;word-break: normal;overflow: hidden;white-space: nowrap;text-overflow: ellipsis; font-family: Interstate,Lucida Grande,Lucida Sans Unicode,Lucida Sans,Garuda,Verdana,Tahoma,sans-serif;font-weight: 100;\"><a href=\"https:\/\/soundcloud.com\/fmreflejos-103-7\" title=\"fmreflejos 103.7\" target=\"_blank\" style=\"color: #cccccc; text-decoration: none;\" rel=\"noopener\">fmreflejos 103.7<\/a> \u00b7 <a href=\"https:\/\/soundcloud.com\/fmreflejos-103-7\/jose-luis-medina-4\" title=\"Jos\u00e9 Luis Medina\" target=\"_blank\" style=\"color: #cccccc; text-decoration: none;\" rel=\"noopener\">Jos\u00e9 Luis Medina<\/a><\/div>\n","protected":false},"excerpt":{"rendered":"<p>El integrante del PJ de Tornquist habl\u00f3 respecto al comunicado que emitieron desde su partido, referido a la situaci\u00f3n que atraviesa Cristina Fern\u00e1ndez. \u201cEstamos a un paso de todas esas cosas que le hicieron tan mal al pa\u00eds\u201d asegur\u00f3.<\/p>\n","protected":false},"author":3,"featured_media":81452,"comment_status":"closed","ping_status":"closed","sticky":false,"template":"","format":"standard","meta":{"footnotes":""},"categories":[24],"tags":[48],"class_list":["post-81450","post","type-post","status-publish","format-standard","has-post-thumbnail","hentry","category-politica","tag-destacada"],"yoast_head":"<!-- This site is optimized with the Yoast SEO plugin v25.9 - https:\/\/yoast.com\/wordpress\/plugins\/seo\/ -->\n<title>Jos\u00e9 Luis Medina: \u201cAntes iban a los cuarteles, ahora buscan jueces para sacarnos la libertad en democracia\u201d - Noticias Radio Reflejos<\/title>\n<meta name=\"robots\" content=\"index, follow, max-snippet:-1, max-image-preview:large, max-video-preview:-1\" \/>\n<link rel=\"canonical\" href=\"https:\/\/www.noticiasradioreflejos.com.ar\/2021\/jose-luis-medina-antes-iban-a-los-cuarteles-ahora-buscan-jueces-para-sacarnos-la-libertad-en-democracia\/\" \/>\n<meta property=\"og:locale\" content=\"es_ES\" \/>\n<meta property=\"og:type\" content=\"article\" \/>\n<meta property=\"og:title\" content=\"Jos\u00e9 Luis Medina: \u201cAntes iban a los cuarteles, ahora buscan jueces para sacarnos la libertad en democracia\u201d - Noticias Radio Reflejos\" \/>\n<meta property=\"og:description\" content=\"El integrante del PJ de Tornquist habl\u00f3 respecto al comunicado que emitieron desde su partido, referido a la situaci\u00f3n que atraviesa Cristina Fern\u00e1ndez. \u201cEstamos a un paso de todas esas cosas que le hicieron tan mal al pa\u00eds\u201d asegur\u00f3.\" \/>\n<meta property=\"og:url\" content=\"https:\/\/www.noticiasradioreflejos.com.ar\/2021\/jose-luis-medina-antes-iban-a-los-cuarteles-ahora-buscan-jueces-para-sacarnos-la-libertad-en-democracia\/\" \/>\n<meta property=\"og:site_name\" content=\"Noticias Radio Reflejos\" \/>\n<meta property=\"article:published_time\" content=\"2022-12-16T16:47:04+00:00\" \/>\n<meta property=\"og:image\" content=\"https:\/\/www.noticiasradioreflejos.com.ar\/2021\/wp-content\/uploads\/2022\/12\/Jose-Luis-Medina.jpeg\" \/>\n\t<meta property=\"og:image:width\" content=\"1016\" \/>\n\t<meta property=\"og:image:height\" content=\"716\" \/>\n\t<meta property=\"og:image:type\" content=\"image\/jpeg\" \/>\n<meta name=\"author\" content=\"Arnaldo Botto\" \/>\n<meta name=\"twitter:card\" content=\"summary_large_image\" \/>\n<script type=\"application\/ld+json\" class=\"yoast-schema-graph\">{\"@context\":\"https:\/\/schema.org\",\"@graph\":[{\"@type\":\"WebPage\",\"@id\":\"https:\/\/www.noticiasradioreflejos.com.ar\/2021\/jose-luis-medina-antes-iban-a-los-cuarteles-ahora-buscan-jueces-para-sacarnos-la-libertad-en-democracia\/\",\"url\":\"https:\/\/www.noticiasradioreflejos.com.ar\/2021\/jose-luis-medina-antes-iban-a-los-cuarteles-ahora-buscan-jueces-para-sacarnos-la-libertad-en-democracia\/\",\"name\":\"Jos\u00e9 Luis Medina: \u201cAntes iban a los cuarteles, ahora buscan jueces para sacarnos la libertad en democracia\u201d - Noticias Radio Reflejos\",\"isPartOf\":{\"@id\":\"https:\/\/www.noticiasradioreflejos.com.ar\/2021\/#website\"},\"primaryImageOfPage\":{\"@id\":\"https:\/\/www.noticiasradioreflejos.com.ar\/2021\/jose-luis-medina-antes-iban-a-los-cuarteles-ahora-buscan-jueces-para-sacarnos-la-libertad-en-democracia\/#primaryimage\"},\"image\":{\"@id\":\"https:\/\/www.noticiasradioreflejos.com.ar\/2021\/jose-luis-medina-antes-iban-a-los-cuarteles-ahora-buscan-jueces-para-sacarnos-la-libertad-en-democracia\/#primaryimage\"},\"thumbnailUrl\":\"https:\/\/www.noticiasradioreflejos.com.ar\/2021\/wp-content\/uploads\/2022\/12\/Jose-Luis-Medina.jpeg\",\"datePublished\":\"2022-12-16T16:47:04+00:00\",\"author\":{\"@id\":\"https:\/\/www.noticiasradioreflejos.com.ar\/2021\/#\/schema\/person\/ad82545263dcc5ec0996818884fd5fb1\"},\"breadcrumb\":{\"@id\":\"https:\/\/www.noticiasradioreflejos.com.ar\/2021\/jose-luis-medina-antes-iban-a-los-cuarteles-ahora-buscan-jueces-para-sacarnos-la-libertad-en-democracia\/#breadcrumb\"},\"inLanguage\":\"es\",\"potentialAction\":[{\"@type\":\"ReadAction\",\"target\":[\"https:\/\/www.noticiasradioreflejos.com.ar\/2021\/jose-luis-medina-antes-iban-a-los-cuarteles-ahora-buscan-jueces-para-sacarnos-la-libertad-en-democracia\/\"]}]},{\"@type\":\"ImageObject\",\"inLanguage\":\"es\",\"@id\":\"https:\/\/www.noticiasradioreflejos.com.ar\/2021\/jose-luis-medina-antes-iban-a-los-cuarteles-ahora-buscan-jueces-para-sacarnos-la-libertad-en-democracia\/#primaryimage\",\"url\":\"https:\/\/www.noticiasradioreflejos.com.ar\/2021\/wp-content\/uploads\/2022\/12\/Jose-Luis-Medina.jpeg\",\"contentUrl\":\"https:\/\/www.noticiasradioreflejos.com.ar\/2021\/wp-content\/uploads\/2022\/12\/Jose-Luis-Medina.jpeg\",\"width\":1016,\"height\":716},{\"@type\":\"BreadcrumbList\",\"@id\":\"https:\/\/www.noticiasradioreflejos.com.ar\/2021\/jose-luis-medina-antes-iban-a-los-cuarteles-ahora-buscan-jueces-para-sacarnos-la-libertad-en-democracia\/#breadcrumb\",\"itemListElement\":[{\"@type\":\"ListItem\",\"position\":1,\"name\":\"Portada\",\"item\":\"https:\/\/www.noticiasradioreflejos.com.ar\/2021\/\"},{\"@type\":\"ListItem\",\"position\":2,\"name\":\"Jos\u00e9 Luis Medina: \u201cAntes iban a los cuarteles, ahora buscan jueces para sacarnos la libertad en democracia\u201d\"}]},{\"@type\":\"WebSite\",\"@id\":\"https:\/\/www.noticiasradioreflejos.com.ar\/2021\/#website\",\"url\":\"https:\/\/www.noticiasradioreflejos.com.ar\/2021\/\",\"name\":\"Noticias Radio Reflejos\",\"description\":\"Las noticias de mi comarca\",\"potentialAction\":[{\"@type\":\"SearchAction\",\"target\":{\"@type\":\"EntryPoint\",\"urlTemplate\":\"https:\/\/www.noticiasradioreflejos.com.ar\/2021\/?s={search_term_string}\"},\"query-input\":{\"@type\":\"PropertyValueSpecification\",\"valueRequired\":true,\"valueName\":\"search_term_string\"}}],\"inLanguage\":\"es\"},{\"@type\":\"Person\",\"@id\":\"https:\/\/www.noticiasradioreflejos.com.ar\/2021\/#\/schema\/person\/ad82545263dcc5ec0996818884fd5fb1\",\"name\":\"Arnaldo Botto\",\"image\":{\"@type\":\"ImageObject\",\"inLanguage\":\"es\",\"@id\":\"https:\/\/www.noticiasradioreflejos.com.ar\/2021\/#\/schema\/person\/image\/\",\"url\":\"https:\/\/secure.gravatar.com\/avatar\/55cb5e37c1efa326397366e6974cb338056df65cb50e7d64d1cf314e87504837?s=96&d=mm&r=g\",\"contentUrl\":\"https:\/\/secure.gravatar.com\/avatar\/55cb5e37c1efa326397366e6974cb338056df65cb50e7d64d1cf314e87504837?s=96&d=mm&r=g\",\"caption\":\"Arnaldo Botto\"},\"url\":\"https:\/\/www.noticiasradioreflejos.com.ar\/2021\/author\/arnaldo\/\"}]}<\/script>\n<!-- \/ Yoast SEO plugin. -->","yoast_head_json":{"title":"Jos\u00e9 Luis Medina: \u201cAntes iban a los cuarteles, ahora buscan jueces para sacarnos la libertad en democracia\u201d - Noticias Radio Reflejos","robots":{"index":"index","follow":"follow","max-snippet":"max-snippet:-1","max-image-preview":"max-image-preview:large","max-video-preview":"max-video-preview:-1"},"canonical":"https:\/\/www.noticiasradioreflejos.com.ar\/2021\/jose-luis-medina-antes-iban-a-los-cuarteles-ahora-buscan-jueces-para-sacarnos-la-libertad-en-democracia\/","og_locale":"es_ES","og_type":"article","og_title":"Jos\u00e9 Luis Medina: \u201cAntes iban a los cuarteles, ahora buscan jueces para sacarnos la libertad en democracia\u201d - Noticias Radio Reflejos","og_description":"El integrante del PJ de Tornquist habl\u00f3 respecto al comunicado que emitieron desde su partido, referido a la situaci\u00f3n que atraviesa Cristina Fern\u00e1ndez. \u201cEstamos a un paso de todas esas cosas que le hicieron tan mal al pa\u00eds\u201d asegur\u00f3.","og_url":"https:\/\/www.noticiasradioreflejos.com.ar\/2021\/jose-luis-medina-antes-iban-a-los-cuarteles-ahora-buscan-jueces-para-sacarnos-la-libertad-en-democracia\/","og_site_name":"Noticias Radio Reflejos","article_published_time":"2022-12-16T16:47:04+00:00","og_image":[{"width":1016,"height":716,"url":"https:\/\/www.noticiasradioreflejos.com.ar\/2021\/wp-content\/uploads\/2022\/12\/Jose-Luis-Medina.jpeg","type":"image\/jpeg"}],"author":"Arnaldo Botto","twitter_card":"summary_large_image","schema":{"@context":"https:\/\/schema.org","@graph":[{"@type":"WebPage","@id":"https:\/\/www.noticiasradioreflejos.com.ar\/2021\/jose-luis-medina-antes-iban-a-los-cuarteles-ahora-buscan-jueces-para-sacarnos-la-libertad-en-democracia\/","url":"https:\/\/www.noticiasradioreflejos.com.ar\/2021\/jose-luis-medina-antes-iban-a-los-cuarteles-ahora-buscan-jueces-para-sacarnos-la-libertad-en-democracia\/","name":"Jos\u00e9 Luis Medina: \u201cAntes iban a los cuarteles, ahora buscan jueces para sacarnos la libertad en democracia\u201d - Noticias Radio Reflejos","isPartOf":{"@id":"https:\/\/www.noticiasradioreflejos.com.ar\/2021\/#website"},"primaryImageOfPage":{"@id":"https:\/\/www.noticiasradioreflejos.com.ar\/2021\/jose-luis-medina-antes-iban-a-los-cuarteles-ahora-buscan-jueces-para-sacarnos-la-libertad-en-democracia\/#primaryimage"},"image":{"@id":"https:\/\/www.noticiasradioreflejos.com.ar\/2021\/jose-luis-medina-antes-iban-a-los-cuarteles-ahora-buscan-jueces-para-sacarnos-la-libertad-en-democracia\/#primaryimage"},"thumbnailUrl":"https:\/\/www.noticiasradioreflejos.com.ar\/2021\/wp-content\/uploads\/2022\/12\/Jose-Luis-Medina.jpeg","datePublished":"2022-12-16T16:47:04+00:00","author":{"@id":"https:\/\/www.noticiasradioreflejos.com.ar\/2021\/#\/schema\/person\/ad82545263dcc5ec0996818884fd5fb1"},"breadcrumb":{"@id":"https:\/\/www.noticiasradioreflejos.com.ar\/2021\/jose-luis-medina-antes-iban-a-los-cuarteles-ahora-buscan-jueces-para-sacarnos-la-libertad-en-democracia\/#breadcrumb"},"inLanguage":"es","potentialAction":[{"@type":"ReadAction","target":["https:\/\/www.noticiasradioreflejos.com.ar\/2021\/jose-luis-medina-antes-iban-a-los-cuarteles-ahora-buscan-jueces-para-sacarnos-la-libertad-en-democracia\/"]}]},{"@type":"ImageObject","inLanguage":"es","@id":"https:\/\/www.noticiasradioreflejos.com.ar\/2021\/jose-luis-medina-antes-iban-a-los-cuarteles-ahora-buscan-jueces-para-sacarnos-la-libertad-en-democracia\/#primaryimage","url":"https:\/\/www.noticiasradioreflejos.com.ar\/2021\/wp-content\/uploads\/2022\/12\/Jose-Luis-Medina.jpeg","contentUrl":"https:\/\/www.noticiasradioreflejos.com.ar\/2021\/wp-content\/uploads\/2022\/12\/Jose-Luis-Medina.jpeg","width":1016,"height":716},{"@type":"BreadcrumbList","@id":"https:\/\/www.noticiasradioreflejos.com.ar\/2021\/jose-luis-medina-antes-iban-a-los-cuarteles-ahora-buscan-jueces-para-sacarnos-la-libertad-en-democracia\/#breadcrumb","itemListElement":[{"@type":"ListItem","position":1,"name":"Portada","item":"https:\/\/www.noticiasradioreflejos.com.ar\/2021\/"},{"@type":"ListItem","position":2,"name":"Jos\u00e9 Luis Medina: \u201cAntes iban a los cuarteles, ahora buscan jueces para sacarnos la libertad en democracia\u201d"}]},{"@type":"WebSite","@id":"https:\/\/www.noticiasradioreflejos.com.ar\/2021\/#website","url":"https:\/\/www.noticiasradioreflejos.com.ar\/2021\/","name":"Noticias Radio Reflejos","description":"Las noticias de mi comarca","potentialAction":[{"@type":"SearchAction","target":{"@type":"EntryPoint","urlTemplate":"https:\/\/www.noticiasradioreflejos.com.ar\/2021\/?s={search_term_string}"},"query-input":{"@type":"PropertyValueSpecification","valueRequired":true,"valueName":"search_term_string"}}],"inLanguage":"es"},{"@type":"Person","@id":"https:\/\/www.noticiasradioreflejos.com.ar\/2021\/#\/schema\/person\/ad82545263dcc5ec0996818884fd5fb1","name":"Arnaldo Botto","image":{"@type":"ImageObject","inLanguage":"es","@id":"https:\/\/www.noticiasradioreflejos.com.ar\/2021\/#\/schema\/person\/image\/","url":"https:\/\/secure.gravatar.com\/avatar\/55cb5e37c1efa326397366e6974cb338056df65cb50e7d64d1cf314e87504837?s=96&d=mm&r=g","contentUrl":"https:\/\/secure.gravatar.com\/avatar\/55cb5e37c1efa326397366e6974cb338056df65cb50e7d64d1cf314e87504837?s=96&d=mm&r=g","caption":"Arnaldo Botto"},"url":"https:\/\/www.noticiasradioreflejos.com.ar\/2021\/author\/arnaldo\/"}]}},"_links":{"self":[{"href":"https:\/\/www.noticiasradioreflejos.com.ar\/2021\/wp-json\/wp\/v2\/posts\/81450","targetHints":{"allow":["GET"]}}],"collection":[{"href":"https:\/\/www.noticiasradioreflejos.com.ar\/2021\/wp-json\/wp\/v2\/posts"}],"about":[{"href":"https:\/\/www.noticiasradioreflejos.com.ar\/2021\/wp-json\/wp\/v2\/types\/post"}],"author":[{"embeddable":true,"href":"https:\/\/www.noticiasradioreflejos.com.ar\/2021\/wp-json\/wp\/v2\/users\/3"}],"replies":[{"embeddable":true,"href":"https:\/\/www.noticiasradioreflejos.com.ar\/2021\/wp-json\/wp\/v2\/comments?post=81450"}],"version-history":[{"count":2,"href":"https:\/\/www.noticiasradioreflejos.com.ar\/2021\/wp-json\/wp\/v2\/posts\/81450\/revisions"}],"predecessor-version":[{"id":81453,"href":"https:\/\/www.noticiasradioreflejos.com.ar\/2021\/wp-json\/wp\/v2\/posts\/81450\/revisions\/81453"}],"wp:featuredmedia":[{"embeddable":true,"href":"https:\/\/www.noticiasradioreflejos.com.ar\/2021\/wp-json\/wp\/v2\/media\/81452"}],"wp:attachment":[{"href":"https:\/\/www.noticiasradioreflejos.com.ar\/2021\/wp-json\/wp\/v2\/media?parent=81450"}],"wp:term":[{"taxonomy":"category","embeddable":true,"href":"https:\/\/www.noticiasradioreflejos.com.ar\/2021\/wp-json\/wp\/v2\/categories?post=81450"},{"taxonomy":"post_tag","embeddable":true,"href":"https:\/\/www.noticiasradioreflejos.com.ar\/2021\/wp-json\/wp\/v2\/tags?post=81450"}],"curies":[{"name":"wp","href":"https:\/\/api.w.org\/{rel}","templated":true}]}}