{"id":81446,"date":"2022-12-16T16:39:54","date_gmt":"2022-12-16T16:39:54","guid":{"rendered":"http:\/\/www.noticiasradioreflejos.com.ar\/2021\/?p=81446"},"modified":"2022-12-16T16:39:54","modified_gmt":"2022-12-16T16:39:54","slug":"francia-se-entrena-con-cinco-ausentes-a-dos-dias-de-la-final-ante-la-argentina","status":"publish","type":"post","link":"https:\/\/www.noticiasradioreflejos.com.ar\/2021\/francia-se-entrena-con-cinco-ausentes-a-dos-dias-de-la-final-ante-la-argentina\/","title":{"rendered":"Francia se entrena con cinco ausentes a dos d\u00edas de la final ante la Argentina"},"content":{"rendered":"<p>(Enviados especiales de T\u00e9lam) El seleccionado de Francia, rival de la Argentina en la final del Mundial de Qatar 2022 del pr\u00f3ximo domingo, se entren\u00f3 hoy con cinco futbolistas menos, Aur\u00e9lien Tchouam\u00e9ni y Theo Hern\u00e1ndez, por sendos golpes; y Raphael Varane, Ibrahima Konat\u00e9 y Kingsley Coman por los s\u00edntomas vinculados al \u00abvirus del camello\u00bb.<!--more--><\/p>\n<p>Dayot Upamecano y Adrien Rabiot, que tambi\u00e9n hab\u00edan sido afectados por el virus, ya est\u00e1n recuperados y estuvieron con el plantel en el entrenamiento vespertino en el estadio Al Sadd pero el entrenador Didier Deschamps sum\u00f3 nuevas preocupaciones a dos d\u00edas de la final del domingo contra la Argentina.<\/p>\n<p>El lateral izquierdo Theo Hern\u00e1ndez, autor de un gol en la victoria sobre Marruecos (2-0) en la semifinal, recibi\u00f3 un golpe en la rodilla y el mediocampista Aur\u00e9lien Tchouam\u00e9ni arrastra una contusi\u00f3n en la zona de la cadera.<\/p>\n<p>Ambos se perdieron la primera parte de la pr\u00e1ctica abierta a la prensa, al igual que Varane, Konat\u00e9 y Coman.<\/p>\n<p>Estos tres futbolistas ampliaron en la \u00faltimas horas la lista de afectados por los s\u00edntomas del \u00abvirus del camello\u00bb.<\/p>\n<p>Coman present\u00f3 los s\u00edntomas similares a la gripe el jueves y hoy estuvo en el estadio pero no particip\u00f3 del entrenamiento que cont\u00f3 la presencia estelar de Kylian Mbapp\u00e9 y Antoine Griezmann.<\/p>\n<p>Varane y Konat\u00e9 fueron los \u00faltimos contagiados y se quedaron en el hotel de concentraci\u00f3n que curiosamente se llama \u00abAl Messila\u00bb y est\u00e1 ubicado a unos 7 kil\u00f3metros del centro de entrenamiento elegido por la Federaci\u00f3n Francesa de F\u00fatbol (FFF).<\/p>\n<p>Por esta enfermedad Rabiot y Upamecano se perdieron la semifinal contra Marruecos pero ambos se entrenaron a la par y seguramente volver\u00e1n al equipo titular ya que son considerados titulares por el entrenador Didier Deschamps.<\/p>\n<p>Francia y Argentina jugar\u00e1n la final del Mundial de Qatar 2022 el domingo a las 12 (18 de Qatar) en el estadio Lusail con arbitraje del polaco Szymon Marciniak.<\/p>\n","protected":false},"excerpt":{"rendered":"<p>(Enviados especiales de T\u00e9lam) El seleccionado de Francia, rival de la Argentina en la final del Mundial de Qatar 2022 del pr\u00f3ximo domingo, se entren\u00f3 hoy con cinco futbolistas menos, Aur\u00e9lien Tchouam\u00e9ni y Theo Hern\u00e1ndez, por sendos golpes; y Raphael Varane, Ibrahima Konat\u00e9 y Kingsley Coman por los s\u00edntomas vinculados al \u00abvirus del camello\u00bb.<\/p>\n","protected":false},"author":3,"featured_media":0,"comment_status":"closed","ping_status":"closed","sticky":false,"template":"","format":"standard","meta":{"footnotes":""},"categories":[27],"tags":[],"class_list":["post-81446","post","type-post","status-publish","format-standard","hentry","category-deportes"],"yoast_head":"<!-- This site is optimized with the Yoast SEO plugin v25.9 - https:\/\/yoast.com\/wordpress\/plugins\/seo\/ -->\n<title>Francia se entrena con cinco ausentes a dos d\u00edas de la final ante la Argentina - Noticias Radio Reflejos<\/title>\n<meta name=\"robots\" content=\"index, follow, max-snippet:-1, max-image-preview:large, max-video-preview:-1\" \/>\n<link rel=\"canonical\" href=\"https:\/\/www.noticiasradioreflejos.com.ar\/2021\/francia-se-entrena-con-cinco-ausentes-a-dos-dias-de-la-final-ante-la-argentina\/\" \/>\n<meta property=\"og:locale\" content=\"es_ES\" \/>\n<meta property=\"og:type\" content=\"article\" \/>\n<meta property=\"og:title\" content=\"Francia se entrena con cinco ausentes a dos d\u00edas de la final ante la Argentina - Noticias Radio Reflejos\" \/>\n<meta property=\"og:description\" content=\"(Enviados especiales de T\u00e9lam) El seleccionado de Francia, rival de la Argentina en la final del Mundial de Qatar 2022 del pr\u00f3ximo domingo, se entren\u00f3 hoy con cinco futbolistas menos, Aur\u00e9lien Tchouam\u00e9ni y Theo Hern\u00e1ndez, por sendos golpes; y Raphael Varane, Ibrahima Konat\u00e9 y Kingsley Coman por los s\u00edntomas vinculados al \u00abvirus del camello\u00bb.\" \/>\n<meta property=\"og:url\" content=\"https:\/\/www.noticiasradioreflejos.com.ar\/2021\/francia-se-entrena-con-cinco-ausentes-a-dos-dias-de-la-final-ante-la-argentina\/\" \/>\n<meta property=\"og:site_name\" content=\"Noticias Radio Reflejos\" \/>\n<meta property=\"article:published_time\" content=\"2022-12-16T16:39:54+00:00\" \/>\n<meta property=\"og:image\" content=\"https:\/\/www.noticiasradioreflejos.com.ar\/2021\/wp-content\/uploads\/2021\/07\/logosol300x200.png\" \/>\n\t<meta property=\"og:image:width\" content=\"300\" \/>\n\t<meta property=\"og:image:height\" content=\"200\" \/>\n\t<meta property=\"og:image:type\" content=\"image\/png\" \/>\n<meta name=\"author\" content=\"Arnaldo Botto\" \/>\n<meta name=\"twitter:card\" content=\"summary_large_image\" \/>\n<script type=\"application\/ld+json\" class=\"yoast-schema-graph\">{\"@context\":\"https:\/\/schema.org\",\"@graph\":[{\"@type\":\"WebPage\",\"@id\":\"https:\/\/www.noticiasradioreflejos.com.ar\/2021\/francia-se-entrena-con-cinco-ausentes-a-dos-dias-de-la-final-ante-la-argentina\/\",\"url\":\"https:\/\/www.noticiasradioreflejos.com.ar\/2021\/francia-se-entrena-con-cinco-ausentes-a-dos-dias-de-la-final-ante-la-argentina\/\",\"name\":\"Francia se entrena con cinco ausentes a dos d\u00edas de la final ante la Argentina - Noticias Radio Reflejos\",\"isPartOf\":{\"@id\":\"https:\/\/www.noticiasradioreflejos.com.ar\/2021\/#website\"},\"datePublished\":\"2022-12-16T16:39:54+00:00\",\"author\":{\"@id\":\"https:\/\/www.noticiasradioreflejos.com.ar\/2021\/#\/schema\/person\/ad82545263dcc5ec0996818884fd5fb1\"},\"breadcrumb\":{\"@id\":\"https:\/\/www.noticiasradioreflejos.com.ar\/2021\/francia-se-entrena-con-cinco-ausentes-a-dos-dias-de-la-final-ante-la-argentina\/#breadcrumb\"},\"inLanguage\":\"es\",\"potentialAction\":[{\"@type\":\"ReadAction\",\"target\":[\"https:\/\/www.noticiasradioreflejos.com.ar\/2021\/francia-se-entrena-con-cinco-ausentes-a-dos-dias-de-la-final-ante-la-argentina\/\"]}]},{\"@type\":\"BreadcrumbList\",\"@id\":\"https:\/\/www.noticiasradioreflejos.com.ar\/2021\/francia-se-entrena-con-cinco-ausentes-a-dos-dias-de-la-final-ante-la-argentina\/#breadcrumb\",\"itemListElement\":[{\"@type\":\"ListItem\",\"position\":1,\"name\":\"Portada\",\"item\":\"https:\/\/www.noticiasradioreflejos.com.ar\/2021\/\"},{\"@type\":\"ListItem\",\"position\":2,\"name\":\"Francia se entrena con cinco ausentes a dos d\u00edas de la final ante la Argentina\"}]},{\"@type\":\"WebSite\",\"@id\":\"https:\/\/www.noticiasradioreflejos.com.ar\/2021\/#website\",\"url\":\"https:\/\/www.noticiasradioreflejos.com.ar\/2021\/\",\"name\":\"Noticias Radio Reflejos\",\"description\":\"Las noticias de mi comarca\",\"potentialAction\":[{\"@type\":\"SearchAction\",\"target\":{\"@type\":\"EntryPoint\",\"urlTemplate\":\"https:\/\/www.noticiasradioreflejos.com.ar\/2021\/?s={search_term_string}\"},\"query-input\":{\"@type\":\"PropertyValueSpecification\",\"valueRequired\":true,\"valueName\":\"search_term_string\"}}],\"inLanguage\":\"es\"},{\"@type\":\"Person\",\"@id\":\"https:\/\/www.noticiasradioreflejos.com.ar\/2021\/#\/schema\/person\/ad82545263dcc5ec0996818884fd5fb1\",\"name\":\"Arnaldo Botto\",\"image\":{\"@type\":\"ImageObject\",\"inLanguage\":\"es\",\"@id\":\"https:\/\/www.noticiasradioreflejos.com.ar\/2021\/#\/schema\/person\/image\/\",\"url\":\"https:\/\/secure.gravatar.com\/avatar\/55cb5e37c1efa326397366e6974cb338056df65cb50e7d64d1cf314e87504837?s=96&d=mm&r=g\",\"contentUrl\":\"https:\/\/secure.gravatar.com\/avatar\/55cb5e37c1efa326397366e6974cb338056df65cb50e7d64d1cf314e87504837?s=96&d=mm&r=g\",\"caption\":\"Arnaldo Botto\"},\"url\":\"https:\/\/www.noticiasradioreflejos.com.ar\/2021\/author\/arnaldo\/\"}]}<\/script>\n<!-- \/ Yoast SEO plugin. -->","yoast_head_json":{"title":"Francia se entrena con cinco ausentes a dos d\u00edas de la final ante la Argentina - Noticias Radio Reflejos","robots":{"index":"index","follow":"follow","max-snippet":"max-snippet:-1","max-image-preview":"max-image-preview:large","max-video-preview":"max-video-preview:-1"},"canonical":"https:\/\/www.noticiasradioreflejos.com.ar\/2021\/francia-se-entrena-con-cinco-ausentes-a-dos-dias-de-la-final-ante-la-argentina\/","og_locale":"es_ES","og_type":"article","og_title":"Francia se entrena con cinco ausentes a dos d\u00edas de la final ante la Argentina - Noticias Radio Reflejos","og_description":"(Enviados especiales de T\u00e9lam) El seleccionado de Francia, rival de la Argentina en la final del Mundial de Qatar 2022 del pr\u00f3ximo domingo, se entren\u00f3 hoy con cinco futbolistas menos, Aur\u00e9lien Tchouam\u00e9ni y Theo Hern\u00e1ndez, por sendos golpes; y Raphael Varane, Ibrahima Konat\u00e9 y Kingsley Coman por los s\u00edntomas vinculados al \u00abvirus del camello\u00bb.","og_url":"https:\/\/www.noticiasradioreflejos.com.ar\/2021\/francia-se-entrena-con-cinco-ausentes-a-dos-dias-de-la-final-ante-la-argentina\/","og_site_name":"Noticias Radio Reflejos","article_published_time":"2022-12-16T16:39:54+00:00","og_image":[{"width":300,"height":200,"url":"https:\/\/www.noticiasradioreflejos.com.ar\/2021\/wp-content\/uploads\/2021\/07\/logosol300x200.png","type":"image\/png"}],"author":"Arnaldo Botto","twitter_card":"summary_large_image","schema":{"@context":"https:\/\/schema.org","@graph":[{"@type":"WebPage","@id":"https:\/\/www.noticiasradioreflejos.com.ar\/2021\/francia-se-entrena-con-cinco-ausentes-a-dos-dias-de-la-final-ante-la-argentina\/","url":"https:\/\/www.noticiasradioreflejos.com.ar\/2021\/francia-se-entrena-con-cinco-ausentes-a-dos-dias-de-la-final-ante-la-argentina\/","name":"Francia se entrena con cinco ausentes a dos d\u00edas de la final ante la Argentina - Noticias Radio Reflejos","isPartOf":{"@id":"https:\/\/www.noticiasradioreflejos.com.ar\/2021\/#website"},"datePublished":"2022-12-16T16:39:54+00:00","author":{"@id":"https:\/\/www.noticiasradioreflejos.com.ar\/2021\/#\/schema\/person\/ad82545263dcc5ec0996818884fd5fb1"},"breadcrumb":{"@id":"https:\/\/www.noticiasradioreflejos.com.ar\/2021\/francia-se-entrena-con-cinco-ausentes-a-dos-dias-de-la-final-ante-la-argentina\/#breadcrumb"},"inLanguage":"es","potentialAction":[{"@type":"ReadAction","target":["https:\/\/www.noticiasradioreflejos.com.ar\/2021\/francia-se-entrena-con-cinco-ausentes-a-dos-dias-de-la-final-ante-la-argentina\/"]}]},{"@type":"BreadcrumbList","@id":"https:\/\/www.noticiasradioreflejos.com.ar\/2021\/francia-se-entrena-con-cinco-ausentes-a-dos-dias-de-la-final-ante-la-argentina\/#breadcrumb","itemListElement":[{"@type":"ListItem","position":1,"name":"Portada","item":"https:\/\/www.noticiasradioreflejos.com.ar\/2021\/"},{"@type":"ListItem","position":2,"name":"Francia se entrena con cinco ausentes a dos d\u00edas de la final ante la Argentina"}]},{"@type":"WebSite","@id":"https:\/\/www.noticiasradioreflejos.com.ar\/2021\/#website","url":"https:\/\/www.noticiasradioreflejos.com.ar\/2021\/","name":"Noticias Radio Reflejos","description":"Las noticias de mi comarca","potentialAction":[{"@type":"SearchAction","target":{"@type":"EntryPoint","urlTemplate":"https:\/\/www.noticiasradioreflejos.com.ar\/2021\/?s={search_term_string}"},"query-input":{"@type":"PropertyValueSpecification","valueRequired":true,"valueName":"search_term_string"}}],"inLanguage":"es"},{"@type":"Person","@id":"https:\/\/www.noticiasradioreflejos.com.ar\/2021\/#\/schema\/person\/ad82545263dcc5ec0996818884fd5fb1","name":"Arnaldo Botto","image":{"@type":"ImageObject","inLanguage":"es","@id":"https:\/\/www.noticiasradioreflejos.com.ar\/2021\/#\/schema\/person\/image\/","url":"https:\/\/secure.gravatar.com\/avatar\/55cb5e37c1efa326397366e6974cb338056df65cb50e7d64d1cf314e87504837?s=96&d=mm&r=g","contentUrl":"https:\/\/secure.gravatar.com\/avatar\/55cb5e37c1efa326397366e6974cb338056df65cb50e7d64d1cf314e87504837?s=96&d=mm&r=g","caption":"Arnaldo Botto"},"url":"https:\/\/www.noticiasradioreflejos.com.ar\/2021\/author\/arnaldo\/"}]}},"_links":{"self":[{"href":"https:\/\/www.noticiasradioreflejos.com.ar\/2021\/wp-json\/wp\/v2\/posts\/81446","targetHints":{"allow":["GET"]}}],"collection":[{"href":"https:\/\/www.noticiasradioreflejos.com.ar\/2021\/wp-json\/wp\/v2\/posts"}],"about":[{"href":"https:\/\/www.noticiasradioreflejos.com.ar\/2021\/wp-json\/wp\/v2\/types\/post"}],"author":[{"embeddable":true,"href":"https:\/\/www.noticiasradioreflejos.com.ar\/2021\/wp-json\/wp\/v2\/users\/3"}],"replies":[{"embeddable":true,"href":"https:\/\/www.noticiasradioreflejos.com.ar\/2021\/wp-json\/wp\/v2\/comments?post=81446"}],"version-history":[{"count":1,"href":"https:\/\/www.noticiasradioreflejos.com.ar\/2021\/wp-json\/wp\/v2\/posts\/81446\/revisions"}],"predecessor-version":[{"id":81449,"href":"https:\/\/www.noticiasradioreflejos.com.ar\/2021\/wp-json\/wp\/v2\/posts\/81446\/revisions\/81449"}],"wp:attachment":[{"href":"https:\/\/www.noticiasradioreflejos.com.ar\/2021\/wp-json\/wp\/v2\/media?parent=81446"}],"wp:term":[{"taxonomy":"category","embeddable":true,"href":"https:\/\/www.noticiasradioreflejos.com.ar\/2021\/wp-json\/wp\/v2\/categories?post=81446"},{"taxonomy":"post_tag","embeddable":true,"href":"https:\/\/www.noticiasradioreflejos.com.ar\/2021\/wp-json\/wp\/v2\/tags?post=81446"}],"curies":[{"name":"wp","href":"https:\/\/api.w.org\/{rel}","templated":true}]}}