{"id":81444,"date":"2022-12-16T16:36:49","date_gmt":"2022-12-16T16:36:49","guid":{"rendered":"http:\/\/www.noticiasradioreflejos.com.ar\/2021\/?p=81444"},"modified":"2022-12-16T16:36:49","modified_gmt":"2022-12-16T16:36:49","slug":"para-el-ministerio-de-economia-la-baja-de-la-inflacion-en-noviembre-es-un-punto-de-partida","status":"publish","type":"post","link":"https:\/\/www.noticiasradioreflejos.com.ar\/2021\/para-el-ministerio-de-economia-la-baja-de-la-inflacion-en-noviembre-es-un-punto-de-partida\/","title":{"rendered":"Para el Ministerio de Econom\u00eda, la baja de la inflaci\u00f3n en noviembre es un punto de partida"},"content":{"rendered":"<p>La ca\u00edda de la inflaci\u00f3n en 1,4 puntos porcentuales de octubre a noviembre es un punto de partida para la estrategia del equipo econ\u00f3mico, que atribuye ese camino virtuoso a decisiones puntuales como el ordenamiento fiscal, el fin del financiamiento al Tesoro con emisi\u00f3n monetaria y la puesta en marcha del programa Precios Justos, entre otras acciones.<!--more--><\/p>\n<p>(T\u00e9lam) &#8211; \u00abEstamos conformes pero no contentos, el n\u00famero sigue siendo alto para lo que pretendemos que sea la recuperaci\u00f3n del poder de compra de los argentinos. Nuestro objetivo es que la inflaci\u00f3n de abril tenga el 3 adelante\u00bb, se\u00f1al\u00f3 hoy el ministro de Econom\u00eda, Sergio Massa, al referirse a los datos difundidos ayer por el Indec, que marcaron una suba del 4,9% del \u00cdndice de Precios al Consumidor (IPC) en noviembre.<\/p>\n<p>Este registro del IPC marc\u00f3 una fuerte desaceleraci\u00f3n respecto al 6,3% registrado en octubre, acumulando en los once primeros meses del a\u00f1o un alza de 85,3% y una suba anual del 92,4%.<\/p>\n<p>\u00abHace 120 d\u00edas, cuando arrancamos esta tarea, nos propusimos recorrer cada 70 d\u00edas una baja progresiva de la inflaci\u00f3n con medidas econ\u00f3micas y una serie de acuerdos\u00bb, indic\u00f3 el Jefe del Palacio de Hacienda en declaraciones radiales y destac\u00f3 la necesidad de \u00abmantener los niveles de inversi\u00f3n p\u00fablica porque es importante bajarla sin da\u00f1ar el tejido productivo ni el nivel de consumo de la gente\u00bb.<\/p>\n<p>Fuentes del equipo econ\u00f3mico precisaron hoy que la ca\u00edda de la inflaci\u00f3n se sustent\u00f3, entre otros motivos, en la suspensi\u00f3n del financiamiento v\u00eda emisi\u00f3n que ven\u00eda realizando el Banco Central al Tesoro.<\/p>\n<p>Tambi\u00e9n se destac\u00f3 la pol\u00edtica de tasas positivas y el ordenamiento de las reservas internacionales netas, \u00abque pasaron de negativas (- US$ 426 millones) a positivas (+ US$ 7.000 millones).<\/p>\n<p>Asimismo, las fuentes consultadas pusieron de relieve que \u00abse ordenaron las relaciones y desembolsos del FMI (Fondo Monetario Internacional), BID (Banco Interamericano de Desarrollo) y Banco Mundial\u00bb.<\/p>\n<p>En el plano fiscal, desde la cartera de Hacienda subrayaron que se orden\u00f3 el gasto, bajando del 12,4% de d\u00e9ficit en agosto a cumplir la meta del 2,5% acordada con el FMI.<\/p>\n<p>\u00abCreo que, si respetamos los acuerdos y si nosotros hacemos nuestra tarea en materia de programa macroecon\u00f3mico y de metas, la mayor responsabilidad es del equipo econ\u00f3mico y del gobierno, pero si contamos con un trabajo articulado con los sectores empresarios de la Argentina podemos darle estabilidad de precios a los argentinos\u00bb, reflexion\u00f3 el ministro.<\/p>\n<p>En cuanto a las expectativas inflacionarias para diciembre, indic\u00f3 que \u00abes un mes que tiene mayor demanda y obviamente eso genera tensi\u00f3n en los precios, pero estamos trabajando para que tambi\u00e9n diciembre sea un mes sin sobresaltos inflacionarios\u00bb.<\/p>\n<p>En Econom\u00eda tambi\u00e9n resaltan la puesta en marcha de un programa de precios, con sendero en 49.000 productos de consumo masivo y de producci\u00f3n, y precio fijo en 2.000 productos que explican 68% del consumo de la gente, en alusi\u00f3n al programa Precios Justos implementado a partir del 11 de noviembre.<\/p>\n<p>Por otra parte, se implement\u00f3 un nuevo r\u00e9gimen de comercio exterior controlando la fuga de d\u00f3lares por las \u00b4Simis\u00b4, en referencia al Sistema Integral de Monitoreo de Importaciones, que fuera reemplazado por el SIRA (Sistema de Importaciones de la Rep\u00fablica Argentina).<\/p>\n<p>\u00abTenemos que lograr una rebaja de la inflaci\u00f3n que construya que el impacto de la paritaria mejore el ingreso de nuestros trabajadores y trabajadoras\u00bb, indic\u00f3 Massa.<\/p>\n<p>En cuanto a los precios de noviembre, la medici\u00f3n del Indec determin\u00f3 que la divisi\u00f3n de mayor aumento fue el rubro Vivienda, agua, electricidad, gas y otros combustibles (8,7%), dentro de la que se destac\u00f3 el incremento de los servicios de electricidad y gas a ra\u00edz de la segmentaci\u00f3n de tarifas en todo el pa\u00eds.<\/p>\n<p>En ese esquema de reacomodamiento de subsidios, tambi\u00e9n se sinti\u00f3 el impacto espec\u00edficamente en el Gran Buenos Aires (GBA), donde se sum\u00f3 el aumento de agua tambi\u00e9n por segmentaci\u00f3n.<\/p>\n<p>Le siguieron en importancia el rubro Comunicaci\u00f3n (6,4%), sobre la que incidi\u00f3 principalmente la suba de los servicios de telefon\u00eda e internet, y Bebidas alcoh\u00f3licas y tabaco (6,3%).<\/p>\n","protected":false},"excerpt":{"rendered":"<p>La ca\u00edda de la inflaci\u00f3n en 1,4 puntos porcentuales de octubre a noviembre es un punto de partida para la estrategia del equipo econ\u00f3mico, que atribuye ese camino virtuoso a decisiones puntuales como el ordenamiento fiscal, el fin del financiamiento al Tesoro con emisi\u00f3n monetaria y la puesta en marcha del programa Precios Justos, entre [&hellip;]<\/p>\n","protected":false},"author":3,"featured_media":0,"comment_status":"closed","ping_status":"closed","sticky":false,"template":"","format":"standard","meta":{"footnotes":""},"categories":[36],"tags":[],"class_list":["post-81444","post","type-post","status-publish","format-standard","hentry","category-economia"],"yoast_head":"<!-- This site is optimized with the Yoast SEO plugin v25.9 - https:\/\/yoast.com\/wordpress\/plugins\/seo\/ -->\n<title>Para el Ministerio de Econom\u00eda, la baja de la inflaci\u00f3n en noviembre es un punto de partida - Noticias Radio Reflejos<\/title>\n<meta name=\"robots\" content=\"index, follow, max-snippet:-1, max-image-preview:large, max-video-preview:-1\" \/>\n<link rel=\"canonical\" href=\"https:\/\/www.noticiasradioreflejos.com.ar\/2021\/para-el-ministerio-de-economia-la-baja-de-la-inflacion-en-noviembre-es-un-punto-de-partida\/\" \/>\n<meta property=\"og:locale\" content=\"es_ES\" \/>\n<meta property=\"og:type\" content=\"article\" \/>\n<meta property=\"og:title\" content=\"Para el Ministerio de Econom\u00eda, la baja de la inflaci\u00f3n en noviembre es un punto de partida - Noticias Radio Reflejos\" \/>\n<meta property=\"og:description\" content=\"La ca\u00edda de la inflaci\u00f3n en 1,4 puntos porcentuales de octubre a noviembre es un punto de partida para la estrategia del equipo econ\u00f3mico, que atribuye ese camino virtuoso a decisiones puntuales como el ordenamiento fiscal, el fin del financiamiento al Tesoro con emisi\u00f3n monetaria y la puesta en marcha del programa Precios Justos, entre [&hellip;]\" \/>\n<meta property=\"og:url\" content=\"https:\/\/www.noticiasradioreflejos.com.ar\/2021\/para-el-ministerio-de-economia-la-baja-de-la-inflacion-en-noviembre-es-un-punto-de-partida\/\" \/>\n<meta property=\"og:site_name\" content=\"Noticias Radio Reflejos\" \/>\n<meta property=\"article:published_time\" content=\"2022-12-16T16:36:49+00:00\" \/>\n<meta property=\"og:image\" content=\"https:\/\/www.noticiasradioreflejos.com.ar\/2021\/wp-content\/uploads\/2021\/07\/logosol300x200.png\" \/>\n\t<meta property=\"og:image:width\" content=\"300\" \/>\n\t<meta property=\"og:image:height\" content=\"200\" \/>\n\t<meta property=\"og:image:type\" content=\"image\/png\" \/>\n<meta name=\"author\" content=\"Arnaldo Botto\" \/>\n<meta name=\"twitter:card\" content=\"summary_large_image\" \/>\n<script type=\"application\/ld+json\" class=\"yoast-schema-graph\">{\"@context\":\"https:\/\/schema.org\",\"@graph\":[{\"@type\":\"WebPage\",\"@id\":\"https:\/\/www.noticiasradioreflejos.com.ar\/2021\/para-el-ministerio-de-economia-la-baja-de-la-inflacion-en-noviembre-es-un-punto-de-partida\/\",\"url\":\"https:\/\/www.noticiasradioreflejos.com.ar\/2021\/para-el-ministerio-de-economia-la-baja-de-la-inflacion-en-noviembre-es-un-punto-de-partida\/\",\"name\":\"Para el Ministerio de Econom\u00eda, la baja de la inflaci\u00f3n en noviembre es un punto de partida - Noticias Radio Reflejos\",\"isPartOf\":{\"@id\":\"https:\/\/www.noticiasradioreflejos.com.ar\/2021\/#website\"},\"datePublished\":\"2022-12-16T16:36:49+00:00\",\"author\":{\"@id\":\"https:\/\/www.noticiasradioreflejos.com.ar\/2021\/#\/schema\/person\/ad82545263dcc5ec0996818884fd5fb1\"},\"breadcrumb\":{\"@id\":\"https:\/\/www.noticiasradioreflejos.com.ar\/2021\/para-el-ministerio-de-economia-la-baja-de-la-inflacion-en-noviembre-es-un-punto-de-partida\/#breadcrumb\"},\"inLanguage\":\"es\",\"potentialAction\":[{\"@type\":\"ReadAction\",\"target\":[\"https:\/\/www.noticiasradioreflejos.com.ar\/2021\/para-el-ministerio-de-economia-la-baja-de-la-inflacion-en-noviembre-es-un-punto-de-partida\/\"]}]},{\"@type\":\"BreadcrumbList\",\"@id\":\"https:\/\/www.noticiasradioreflejos.com.ar\/2021\/para-el-ministerio-de-economia-la-baja-de-la-inflacion-en-noviembre-es-un-punto-de-partida\/#breadcrumb\",\"itemListElement\":[{\"@type\":\"ListItem\",\"position\":1,\"name\":\"Portada\",\"item\":\"https:\/\/www.noticiasradioreflejos.com.ar\/2021\/\"},{\"@type\":\"ListItem\",\"position\":2,\"name\":\"Para el Ministerio de Econom\u00eda, la baja de la inflaci\u00f3n en noviembre es un punto de partida\"}]},{\"@type\":\"WebSite\",\"@id\":\"https:\/\/www.noticiasradioreflejos.com.ar\/2021\/#website\",\"url\":\"https:\/\/www.noticiasradioreflejos.com.ar\/2021\/\",\"name\":\"Noticias Radio Reflejos\",\"description\":\"Las noticias de mi comarca\",\"potentialAction\":[{\"@type\":\"SearchAction\",\"target\":{\"@type\":\"EntryPoint\",\"urlTemplate\":\"https:\/\/www.noticiasradioreflejos.com.ar\/2021\/?s={search_term_string}\"},\"query-input\":{\"@type\":\"PropertyValueSpecification\",\"valueRequired\":true,\"valueName\":\"search_term_string\"}}],\"inLanguage\":\"es\"},{\"@type\":\"Person\",\"@id\":\"https:\/\/www.noticiasradioreflejos.com.ar\/2021\/#\/schema\/person\/ad82545263dcc5ec0996818884fd5fb1\",\"name\":\"Arnaldo Botto\",\"image\":{\"@type\":\"ImageObject\",\"inLanguage\":\"es\",\"@id\":\"https:\/\/www.noticiasradioreflejos.com.ar\/2021\/#\/schema\/person\/image\/\",\"url\":\"https:\/\/secure.gravatar.com\/avatar\/55cb5e37c1efa326397366e6974cb338056df65cb50e7d64d1cf314e87504837?s=96&d=mm&r=g\",\"contentUrl\":\"https:\/\/secure.gravatar.com\/avatar\/55cb5e37c1efa326397366e6974cb338056df65cb50e7d64d1cf314e87504837?s=96&d=mm&r=g\",\"caption\":\"Arnaldo Botto\"},\"url\":\"https:\/\/www.noticiasradioreflejos.com.ar\/2021\/author\/arnaldo\/\"}]}<\/script>\n<!-- \/ Yoast SEO plugin. -->","yoast_head_json":{"title":"Para el Ministerio de Econom\u00eda, la baja de la inflaci\u00f3n en noviembre es un punto de partida - Noticias Radio Reflejos","robots":{"index":"index","follow":"follow","max-snippet":"max-snippet:-1","max-image-preview":"max-image-preview:large","max-video-preview":"max-video-preview:-1"},"canonical":"https:\/\/www.noticiasradioreflejos.com.ar\/2021\/para-el-ministerio-de-economia-la-baja-de-la-inflacion-en-noviembre-es-un-punto-de-partida\/","og_locale":"es_ES","og_type":"article","og_title":"Para el Ministerio de Econom\u00eda, la baja de la inflaci\u00f3n en noviembre es un punto de partida - Noticias Radio Reflejos","og_description":"La ca\u00edda de la inflaci\u00f3n en 1,4 puntos porcentuales de octubre a noviembre es un punto de partida para la estrategia del equipo econ\u00f3mico, que atribuye ese camino virtuoso a decisiones puntuales como el ordenamiento fiscal, el fin del financiamiento al Tesoro con emisi\u00f3n monetaria y la puesta en marcha del programa Precios Justos, entre [&hellip;]","og_url":"https:\/\/www.noticiasradioreflejos.com.ar\/2021\/para-el-ministerio-de-economia-la-baja-de-la-inflacion-en-noviembre-es-un-punto-de-partida\/","og_site_name":"Noticias Radio Reflejos","article_published_time":"2022-12-16T16:36:49+00:00","og_image":[{"width":300,"height":200,"url":"https:\/\/www.noticiasradioreflejos.com.ar\/2021\/wp-content\/uploads\/2021\/07\/logosol300x200.png","type":"image\/png"}],"author":"Arnaldo Botto","twitter_card":"summary_large_image","schema":{"@context":"https:\/\/schema.org","@graph":[{"@type":"WebPage","@id":"https:\/\/www.noticiasradioreflejos.com.ar\/2021\/para-el-ministerio-de-economia-la-baja-de-la-inflacion-en-noviembre-es-un-punto-de-partida\/","url":"https:\/\/www.noticiasradioreflejos.com.ar\/2021\/para-el-ministerio-de-economia-la-baja-de-la-inflacion-en-noviembre-es-un-punto-de-partida\/","name":"Para el Ministerio de Econom\u00eda, la baja de la inflaci\u00f3n en noviembre es un punto de partida - Noticias Radio Reflejos","isPartOf":{"@id":"https:\/\/www.noticiasradioreflejos.com.ar\/2021\/#website"},"datePublished":"2022-12-16T16:36:49+00:00","author":{"@id":"https:\/\/www.noticiasradioreflejos.com.ar\/2021\/#\/schema\/person\/ad82545263dcc5ec0996818884fd5fb1"},"breadcrumb":{"@id":"https:\/\/www.noticiasradioreflejos.com.ar\/2021\/para-el-ministerio-de-economia-la-baja-de-la-inflacion-en-noviembre-es-un-punto-de-partida\/#breadcrumb"},"inLanguage":"es","potentialAction":[{"@type":"ReadAction","target":["https:\/\/www.noticiasradioreflejos.com.ar\/2021\/para-el-ministerio-de-economia-la-baja-de-la-inflacion-en-noviembre-es-un-punto-de-partida\/"]}]},{"@type":"BreadcrumbList","@id":"https:\/\/www.noticiasradioreflejos.com.ar\/2021\/para-el-ministerio-de-economia-la-baja-de-la-inflacion-en-noviembre-es-un-punto-de-partida\/#breadcrumb","itemListElement":[{"@type":"ListItem","position":1,"name":"Portada","item":"https:\/\/www.noticiasradioreflejos.com.ar\/2021\/"},{"@type":"ListItem","position":2,"name":"Para el Ministerio de Econom\u00eda, la baja de la inflaci\u00f3n en noviembre es un punto de partida"}]},{"@type":"WebSite","@id":"https:\/\/www.noticiasradioreflejos.com.ar\/2021\/#website","url":"https:\/\/www.noticiasradioreflejos.com.ar\/2021\/","name":"Noticias Radio Reflejos","description":"Las noticias de mi comarca","potentialAction":[{"@type":"SearchAction","target":{"@type":"EntryPoint","urlTemplate":"https:\/\/www.noticiasradioreflejos.com.ar\/2021\/?s={search_term_string}"},"query-input":{"@type":"PropertyValueSpecification","valueRequired":true,"valueName":"search_term_string"}}],"inLanguage":"es"},{"@type":"Person","@id":"https:\/\/www.noticiasradioreflejos.com.ar\/2021\/#\/schema\/person\/ad82545263dcc5ec0996818884fd5fb1","name":"Arnaldo Botto","image":{"@type":"ImageObject","inLanguage":"es","@id":"https:\/\/www.noticiasradioreflejos.com.ar\/2021\/#\/schema\/person\/image\/","url":"https:\/\/secure.gravatar.com\/avatar\/55cb5e37c1efa326397366e6974cb338056df65cb50e7d64d1cf314e87504837?s=96&d=mm&r=g","contentUrl":"https:\/\/secure.gravatar.com\/avatar\/55cb5e37c1efa326397366e6974cb338056df65cb50e7d64d1cf314e87504837?s=96&d=mm&r=g","caption":"Arnaldo Botto"},"url":"https:\/\/www.noticiasradioreflejos.com.ar\/2021\/author\/arnaldo\/"}]}},"_links":{"self":[{"href":"https:\/\/www.noticiasradioreflejos.com.ar\/2021\/wp-json\/wp\/v2\/posts\/81444","targetHints":{"allow":["GET"]}}],"collection":[{"href":"https:\/\/www.noticiasradioreflejos.com.ar\/2021\/wp-json\/wp\/v2\/posts"}],"about":[{"href":"https:\/\/www.noticiasradioreflejos.com.ar\/2021\/wp-json\/wp\/v2\/types\/post"}],"author":[{"embeddable":true,"href":"https:\/\/www.noticiasradioreflejos.com.ar\/2021\/wp-json\/wp\/v2\/users\/3"}],"replies":[{"embeddable":true,"href":"https:\/\/www.noticiasradioreflejos.com.ar\/2021\/wp-json\/wp\/v2\/comments?post=81444"}],"version-history":[{"count":1,"href":"https:\/\/www.noticiasradioreflejos.com.ar\/2021\/wp-json\/wp\/v2\/posts\/81444\/revisions"}],"predecessor-version":[{"id":81445,"href":"https:\/\/www.noticiasradioreflejos.com.ar\/2021\/wp-json\/wp\/v2\/posts\/81444\/revisions\/81445"}],"wp:attachment":[{"href":"https:\/\/www.noticiasradioreflejos.com.ar\/2021\/wp-json\/wp\/v2\/media?parent=81444"}],"wp:term":[{"taxonomy":"category","embeddable":true,"href":"https:\/\/www.noticiasradioreflejos.com.ar\/2021\/wp-json\/wp\/v2\/categories?post=81444"},{"taxonomy":"post_tag","embeddable":true,"href":"https:\/\/www.noticiasradioreflejos.com.ar\/2021\/wp-json\/wp\/v2\/tags?post=81444"}],"curies":[{"name":"wp","href":"https:\/\/api.w.org\/{rel}","templated":true}]}}