{"id":81440,"date":"2022-12-16T16:33:54","date_gmt":"2022-12-16T16:33:54","guid":{"rendered":"http:\/\/www.noticiasradioreflejos.com.ar\/2021\/?p=81440"},"modified":"2022-12-16T16:33:54","modified_gmt":"2022-12-16T16:33:54","slug":"comienza-a-regir-el-plan-ahora-10-para-la-compra-de-celulares-en-cuotas","status":"publish","type":"post","link":"https:\/\/www.noticiasradioreflejos.com.ar\/2021\/comienza-a-regir-el-plan-ahora-10-para-la-compra-de-celulares-en-cuotas\/","title":{"rendered":"Comienza a regir el plan Ahora 10 para la compra de celulares en cuotas"},"content":{"rendered":"<p>La Secretar\u00eda de Comercio aprob\u00f3 la reglamentaci\u00f3n del nuevo plan Ahora 10 destinado a la compra de celulares en diez cuotas fijas a tasa subsidiada del 48%, que entra en vigencia a partir de hoy y se extender\u00e1 hasta el pr\u00f3ximo 15 de marzo inclusive.<!--more--><\/p>\n<p>(T\u00e9lam) Lo hizo a trav\u00e9s de la Resoluci\u00f3n 142\/2022 publicada hoy en el Bolet\u00edn Oficial.<\/p>\n<p>Los celulares hicieron su reparaci\u00f3n \u2013tras dos a\u00f1os- en los planes de cuotas subsidiadas en octubre, a trav\u00e9s del plan Ahora 30, el cual \u2013de no mediar pr\u00f3rroga- finalizar\u00e1 el jueves de la semana pr\u00f3xima.<\/p>\n<p>En ese sentido, el nuevo programa de 10 cuotas fijas ofrecer\u00e1 una tasa nominal anual de igual rango a la de Ahora 30 (48% anual), lo cual es casi la mitad de la Tasa Efectiva Anual (TEA) para el pago de res\u00famenes de tarjetas de cr\u00e9dito.<\/p>\n<p>A su vez, es similar al inter\u00e9s de los planes de 12 cuotas de Ahora 12, los cuales poseen una tasa del 45,06%.<\/p>\n<p>El acuerdo voluntario que se extender\u00e1 hasta el pr\u00f3ximo 15 de marzo de 2023 fue anunciado la semana pasada por el Ministerio de Econom\u00eda, junto con la Secretar\u00eda de Comercio.<\/p>\n<p>\u201cEn esta instancia y en l\u00ednea con las pol\u00edticas p\u00fablicas que el Estado Nacional viene adoptando a los fines de impulsar el consumo e incentivar las ventas en determinados sectores del mercado, se considera pertinente aprobar el Reglamento Complementario Plan 10 Cuotas\u201d, se se\u00f1ala en los considerandos de la Resoluci\u00f3n.<\/p>\n<p>De la iniciativa participan las principales empresas fabricantes de celulares, bancos p\u00fablicos y privados y cadenas de electrodom\u00e9sticos, comprendiendo a 72 modelos de celulares.<\/p>\n<p>Los dispositivos \u2013todos de producci\u00f3n nacional- se podr\u00e1n adquirir en m\u00e1s de 2.000 bocas de comercializaci\u00f3n del pa\u00eds y en sus sitios online.<\/p>\n<p>Los valores de los mismos \u2013sin intereses- no superar\u00e1n los $200.000 estableci\u00e9ndose un tope m\u00e1ximo de precio cup\u00f3n \u2013es decir, incluidos los intereses- de $255.000, seg\u00fan se detalla en el reglamento.<\/p>\n<p>Para las emisoras, proveedores y comercios se aplicar\u00e1 la misma modalidad vigente de adhesi\u00f3n y cobro que el programa Ahora 12.<\/p>\n<p>Los comercios podr\u00e1n elegir cobrar en un plazo de 60 d\u00edas corridos con una tasa m\u00e1xima de descuento de 12,67%, o en un plazo de diez d\u00edas h\u00e1biles con una tasa m\u00e1xima de 17,41%.<\/p>\n<p>Por su parte, y al igual que Ahora 12, se multar\u00e1 a los proveedores y comercios que no utilicen la se\u00f1al\u00e9tica del programa; o que ofrezcan bienes que no sean de producci\u00f3n nacional o que no sean incluidos en el programa.<\/p>\n<p>Adem\u00e1s del plan Ahora 10, se volver\u00e1n a incorporar los celulares a los planes de 3, 6 y 12 cuotas de Ahora 12, aunque a\u00fan no se precis\u00f3 una fecha para la entrada de los mismos.<\/p>\n","protected":false},"excerpt":{"rendered":"<p>La Secretar\u00eda de Comercio aprob\u00f3 la reglamentaci\u00f3n del nuevo plan Ahora 10 destinado a la compra de celulares en diez cuotas fijas a tasa subsidiada del 48%, que entra en vigencia a partir de hoy y se extender\u00e1 hasta el pr\u00f3ximo 15 de marzo inclusive.<\/p>\n","protected":false},"author":3,"featured_media":81441,"comment_status":"closed","ping_status":"closed","sticky":false,"template":"","format":"standard","meta":{"footnotes":""},"categories":[36,58],"tags":[],"class_list":["post-81440","post","type-post","status-publish","format-standard","has-post-thumbnail","hentry","category-economia","category-gobierno"],"yoast_head":"<!-- This site is optimized with the Yoast SEO plugin v25.9 - https:\/\/yoast.com\/wordpress\/plugins\/seo\/ -->\n<title>Comienza a regir el plan Ahora 10 para la compra de celulares en cuotas - Noticias Radio Reflejos<\/title>\n<meta name=\"robots\" content=\"index, follow, max-snippet:-1, max-image-preview:large, max-video-preview:-1\" \/>\n<link rel=\"canonical\" href=\"https:\/\/www.noticiasradioreflejos.com.ar\/2021\/comienza-a-regir-el-plan-ahora-10-para-la-compra-de-celulares-en-cuotas\/\" \/>\n<meta property=\"og:locale\" content=\"es_ES\" \/>\n<meta property=\"og:type\" content=\"article\" \/>\n<meta property=\"og:title\" content=\"Comienza a regir el plan Ahora 10 para la compra de celulares en cuotas - Noticias Radio Reflejos\" \/>\n<meta property=\"og:description\" content=\"La Secretar\u00eda de Comercio aprob\u00f3 la reglamentaci\u00f3n del nuevo plan Ahora 10 destinado a la compra de celulares en diez cuotas fijas a tasa subsidiada del 48%, que entra en vigencia a partir de hoy y se extender\u00e1 hasta el pr\u00f3ximo 15 de marzo inclusive.\" \/>\n<meta property=\"og:url\" content=\"https:\/\/www.noticiasradioreflejos.com.ar\/2021\/comienza-a-regir-el-plan-ahora-10-para-la-compra-de-celulares-en-cuotas\/\" \/>\n<meta property=\"og:site_name\" content=\"Noticias Radio Reflejos\" \/>\n<meta property=\"article:published_time\" content=\"2022-12-16T16:33:54+00:00\" \/>\n<meta property=\"og:image\" content=\"https:\/\/www.noticiasradioreflejos.com.ar\/2021\/wp-content\/uploads\/2022\/12\/celulares.jpg\" \/>\n\t<meta property=\"og:image:width\" content=\"1200\" \/>\n\t<meta property=\"og:image:height\" content=\"674\" \/>\n\t<meta property=\"og:image:type\" content=\"image\/jpeg\" \/>\n<meta name=\"author\" content=\"Arnaldo Botto\" \/>\n<meta name=\"twitter:card\" content=\"summary_large_image\" \/>\n<script type=\"application\/ld+json\" class=\"yoast-schema-graph\">{\"@context\":\"https:\/\/schema.org\",\"@graph\":[{\"@type\":\"WebPage\",\"@id\":\"https:\/\/www.noticiasradioreflejos.com.ar\/2021\/comienza-a-regir-el-plan-ahora-10-para-la-compra-de-celulares-en-cuotas\/\",\"url\":\"https:\/\/www.noticiasradioreflejos.com.ar\/2021\/comienza-a-regir-el-plan-ahora-10-para-la-compra-de-celulares-en-cuotas\/\",\"name\":\"Comienza a regir el plan Ahora 10 para la compra de celulares en cuotas - Noticias Radio Reflejos\",\"isPartOf\":{\"@id\":\"https:\/\/www.noticiasradioreflejos.com.ar\/2021\/#website\"},\"primaryImageOfPage\":{\"@id\":\"https:\/\/www.noticiasradioreflejos.com.ar\/2021\/comienza-a-regir-el-plan-ahora-10-para-la-compra-de-celulares-en-cuotas\/#primaryimage\"},\"image\":{\"@id\":\"https:\/\/www.noticiasradioreflejos.com.ar\/2021\/comienza-a-regir-el-plan-ahora-10-para-la-compra-de-celulares-en-cuotas\/#primaryimage\"},\"thumbnailUrl\":\"https:\/\/www.noticiasradioreflejos.com.ar\/2021\/wp-content\/uploads\/2022\/12\/celulares.jpg\",\"datePublished\":\"2022-12-16T16:33:54+00:00\",\"author\":{\"@id\":\"https:\/\/www.noticiasradioreflejos.com.ar\/2021\/#\/schema\/person\/ad82545263dcc5ec0996818884fd5fb1\"},\"breadcrumb\":{\"@id\":\"https:\/\/www.noticiasradioreflejos.com.ar\/2021\/comienza-a-regir-el-plan-ahora-10-para-la-compra-de-celulares-en-cuotas\/#breadcrumb\"},\"inLanguage\":\"es\",\"potentialAction\":[{\"@type\":\"ReadAction\",\"target\":[\"https:\/\/www.noticiasradioreflejos.com.ar\/2021\/comienza-a-regir-el-plan-ahora-10-para-la-compra-de-celulares-en-cuotas\/\"]}]},{\"@type\":\"ImageObject\",\"inLanguage\":\"es\",\"@id\":\"https:\/\/www.noticiasradioreflejos.com.ar\/2021\/comienza-a-regir-el-plan-ahora-10-para-la-compra-de-celulares-en-cuotas\/#primaryimage\",\"url\":\"https:\/\/www.noticiasradioreflejos.com.ar\/2021\/wp-content\/uploads\/2022\/12\/celulares.jpg\",\"contentUrl\":\"https:\/\/www.noticiasradioreflejos.com.ar\/2021\/wp-content\/uploads\/2022\/12\/celulares.jpg\",\"width\":1200,\"height\":674},{\"@type\":\"BreadcrumbList\",\"@id\":\"https:\/\/www.noticiasradioreflejos.com.ar\/2021\/comienza-a-regir-el-plan-ahora-10-para-la-compra-de-celulares-en-cuotas\/#breadcrumb\",\"itemListElement\":[{\"@type\":\"ListItem\",\"position\":1,\"name\":\"Portada\",\"item\":\"https:\/\/www.noticiasradioreflejos.com.ar\/2021\/\"},{\"@type\":\"ListItem\",\"position\":2,\"name\":\"Comienza a regir el plan Ahora 10 para la compra de celulares en cuotas\"}]},{\"@type\":\"WebSite\",\"@id\":\"https:\/\/www.noticiasradioreflejos.com.ar\/2021\/#website\",\"url\":\"https:\/\/www.noticiasradioreflejos.com.ar\/2021\/\",\"name\":\"Noticias Radio Reflejos\",\"description\":\"Las noticias de mi comarca\",\"potentialAction\":[{\"@type\":\"SearchAction\",\"target\":{\"@type\":\"EntryPoint\",\"urlTemplate\":\"https:\/\/www.noticiasradioreflejos.com.ar\/2021\/?s={search_term_string}\"},\"query-input\":{\"@type\":\"PropertyValueSpecification\",\"valueRequired\":true,\"valueName\":\"search_term_string\"}}],\"inLanguage\":\"es\"},{\"@type\":\"Person\",\"@id\":\"https:\/\/www.noticiasradioreflejos.com.ar\/2021\/#\/schema\/person\/ad82545263dcc5ec0996818884fd5fb1\",\"name\":\"Arnaldo Botto\",\"image\":{\"@type\":\"ImageObject\",\"inLanguage\":\"es\",\"@id\":\"https:\/\/www.noticiasradioreflejos.com.ar\/2021\/#\/schema\/person\/image\/\",\"url\":\"https:\/\/secure.gravatar.com\/avatar\/55cb5e37c1efa326397366e6974cb338056df65cb50e7d64d1cf314e87504837?s=96&d=mm&r=g\",\"contentUrl\":\"https:\/\/secure.gravatar.com\/avatar\/55cb5e37c1efa326397366e6974cb338056df65cb50e7d64d1cf314e87504837?s=96&d=mm&r=g\",\"caption\":\"Arnaldo Botto\"},\"url\":\"https:\/\/www.noticiasradioreflejos.com.ar\/2021\/author\/arnaldo\/\"}]}<\/script>\n<!-- \/ Yoast SEO plugin. -->","yoast_head_json":{"title":"Comienza a regir el plan Ahora 10 para la compra de celulares en cuotas - Noticias Radio Reflejos","robots":{"index":"index","follow":"follow","max-snippet":"max-snippet:-1","max-image-preview":"max-image-preview:large","max-video-preview":"max-video-preview:-1"},"canonical":"https:\/\/www.noticiasradioreflejos.com.ar\/2021\/comienza-a-regir-el-plan-ahora-10-para-la-compra-de-celulares-en-cuotas\/","og_locale":"es_ES","og_type":"article","og_title":"Comienza a regir el plan Ahora 10 para la compra de celulares en cuotas - Noticias Radio Reflejos","og_description":"La Secretar\u00eda de Comercio aprob\u00f3 la reglamentaci\u00f3n del nuevo plan Ahora 10 destinado a la compra de celulares en diez cuotas fijas a tasa subsidiada del 48%, que entra en vigencia a partir de hoy y se extender\u00e1 hasta el pr\u00f3ximo 15 de marzo inclusive.","og_url":"https:\/\/www.noticiasradioreflejos.com.ar\/2021\/comienza-a-regir-el-plan-ahora-10-para-la-compra-de-celulares-en-cuotas\/","og_site_name":"Noticias Radio Reflejos","article_published_time":"2022-12-16T16:33:54+00:00","og_image":[{"width":1200,"height":674,"url":"https:\/\/www.noticiasradioreflejos.com.ar\/2021\/wp-content\/uploads\/2022\/12\/celulares.jpg","type":"image\/jpeg"}],"author":"Arnaldo Botto","twitter_card":"summary_large_image","schema":{"@context":"https:\/\/schema.org","@graph":[{"@type":"WebPage","@id":"https:\/\/www.noticiasradioreflejos.com.ar\/2021\/comienza-a-regir-el-plan-ahora-10-para-la-compra-de-celulares-en-cuotas\/","url":"https:\/\/www.noticiasradioreflejos.com.ar\/2021\/comienza-a-regir-el-plan-ahora-10-para-la-compra-de-celulares-en-cuotas\/","name":"Comienza a regir el plan Ahora 10 para la compra de celulares en cuotas - Noticias Radio Reflejos","isPartOf":{"@id":"https:\/\/www.noticiasradioreflejos.com.ar\/2021\/#website"},"primaryImageOfPage":{"@id":"https:\/\/www.noticiasradioreflejos.com.ar\/2021\/comienza-a-regir-el-plan-ahora-10-para-la-compra-de-celulares-en-cuotas\/#primaryimage"},"image":{"@id":"https:\/\/www.noticiasradioreflejos.com.ar\/2021\/comienza-a-regir-el-plan-ahora-10-para-la-compra-de-celulares-en-cuotas\/#primaryimage"},"thumbnailUrl":"https:\/\/www.noticiasradioreflejos.com.ar\/2021\/wp-content\/uploads\/2022\/12\/celulares.jpg","datePublished":"2022-12-16T16:33:54+00:00","author":{"@id":"https:\/\/www.noticiasradioreflejos.com.ar\/2021\/#\/schema\/person\/ad82545263dcc5ec0996818884fd5fb1"},"breadcrumb":{"@id":"https:\/\/www.noticiasradioreflejos.com.ar\/2021\/comienza-a-regir-el-plan-ahora-10-para-la-compra-de-celulares-en-cuotas\/#breadcrumb"},"inLanguage":"es","potentialAction":[{"@type":"ReadAction","target":["https:\/\/www.noticiasradioreflejos.com.ar\/2021\/comienza-a-regir-el-plan-ahora-10-para-la-compra-de-celulares-en-cuotas\/"]}]},{"@type":"ImageObject","inLanguage":"es","@id":"https:\/\/www.noticiasradioreflejos.com.ar\/2021\/comienza-a-regir-el-plan-ahora-10-para-la-compra-de-celulares-en-cuotas\/#primaryimage","url":"https:\/\/www.noticiasradioreflejos.com.ar\/2021\/wp-content\/uploads\/2022\/12\/celulares.jpg","contentUrl":"https:\/\/www.noticiasradioreflejos.com.ar\/2021\/wp-content\/uploads\/2022\/12\/celulares.jpg","width":1200,"height":674},{"@type":"BreadcrumbList","@id":"https:\/\/www.noticiasradioreflejos.com.ar\/2021\/comienza-a-regir-el-plan-ahora-10-para-la-compra-de-celulares-en-cuotas\/#breadcrumb","itemListElement":[{"@type":"ListItem","position":1,"name":"Portada","item":"https:\/\/www.noticiasradioreflejos.com.ar\/2021\/"},{"@type":"ListItem","position":2,"name":"Comienza a regir el plan Ahora 10 para la compra de celulares en cuotas"}]},{"@type":"WebSite","@id":"https:\/\/www.noticiasradioreflejos.com.ar\/2021\/#website","url":"https:\/\/www.noticiasradioreflejos.com.ar\/2021\/","name":"Noticias Radio Reflejos","description":"Las noticias de mi comarca","potentialAction":[{"@type":"SearchAction","target":{"@type":"EntryPoint","urlTemplate":"https:\/\/www.noticiasradioreflejos.com.ar\/2021\/?s={search_term_string}"},"query-input":{"@type":"PropertyValueSpecification","valueRequired":true,"valueName":"search_term_string"}}],"inLanguage":"es"},{"@type":"Person","@id":"https:\/\/www.noticiasradioreflejos.com.ar\/2021\/#\/schema\/person\/ad82545263dcc5ec0996818884fd5fb1","name":"Arnaldo Botto","image":{"@type":"ImageObject","inLanguage":"es","@id":"https:\/\/www.noticiasradioreflejos.com.ar\/2021\/#\/schema\/person\/image\/","url":"https:\/\/secure.gravatar.com\/avatar\/55cb5e37c1efa326397366e6974cb338056df65cb50e7d64d1cf314e87504837?s=96&d=mm&r=g","contentUrl":"https:\/\/secure.gravatar.com\/avatar\/55cb5e37c1efa326397366e6974cb338056df65cb50e7d64d1cf314e87504837?s=96&d=mm&r=g","caption":"Arnaldo Botto"},"url":"https:\/\/www.noticiasradioreflejos.com.ar\/2021\/author\/arnaldo\/"}]}},"_links":{"self":[{"href":"https:\/\/www.noticiasradioreflejos.com.ar\/2021\/wp-json\/wp\/v2\/posts\/81440","targetHints":{"allow":["GET"]}}],"collection":[{"href":"https:\/\/www.noticiasradioreflejos.com.ar\/2021\/wp-json\/wp\/v2\/posts"}],"about":[{"href":"https:\/\/www.noticiasradioreflejos.com.ar\/2021\/wp-json\/wp\/v2\/types\/post"}],"author":[{"embeddable":true,"href":"https:\/\/www.noticiasradioreflejos.com.ar\/2021\/wp-json\/wp\/v2\/users\/3"}],"replies":[{"embeddable":true,"href":"https:\/\/www.noticiasradioreflejos.com.ar\/2021\/wp-json\/wp\/v2\/comments?post=81440"}],"version-history":[{"count":1,"href":"https:\/\/www.noticiasradioreflejos.com.ar\/2021\/wp-json\/wp\/v2\/posts\/81440\/revisions"}],"predecessor-version":[{"id":81442,"href":"https:\/\/www.noticiasradioreflejos.com.ar\/2021\/wp-json\/wp\/v2\/posts\/81440\/revisions\/81442"}],"wp:featuredmedia":[{"embeddable":true,"href":"https:\/\/www.noticiasradioreflejos.com.ar\/2021\/wp-json\/wp\/v2\/media\/81441"}],"wp:attachment":[{"href":"https:\/\/www.noticiasradioreflejos.com.ar\/2021\/wp-json\/wp\/v2\/media?parent=81440"}],"wp:term":[{"taxonomy":"category","embeddable":true,"href":"https:\/\/www.noticiasradioreflejos.com.ar\/2021\/wp-json\/wp\/v2\/categories?post=81440"},{"taxonomy":"post_tag","embeddable":true,"href":"https:\/\/www.noticiasradioreflejos.com.ar\/2021\/wp-json\/wp\/v2\/tags?post=81440"}],"curies":[{"name":"wp","href":"https:\/\/api.w.org\/{rel}","templated":true}]}}