{"id":81436,"date":"2022-12-16T15:45:34","date_gmt":"2022-12-16T15:45:34","guid":{"rendered":"http:\/\/www.noticiasradioreflejos.com.ar\/2021\/?p=81436"},"modified":"2022-12-16T15:46:08","modified_gmt":"2022-12-16T15:46:08","slug":"las-tasas-municipales-tendran-un-incremento-promedio-del-60","status":"publish","type":"post","link":"https:\/\/www.noticiasradioreflejos.com.ar\/2021\/las-tasas-municipales-tendran-un-incremento-promedio-del-60\/","title":{"rendered":"Las tasas municipales tendr\u00e1n un incremento promedio del 60%"},"content":{"rendered":"<div class=\"hnoti\">Se aprob\u00f3 por mayor\u00eda en el concejo deliberante. La tasa vial rondar\u00e1 un 80% de aumento y comenzar\u00e1n a pagar tasa de salud.<\/div>\n<p><!--more--><br \/>\n<a title=\"HCD (3)\" href=\"https:\/\/www.flickr.com\/photos\/182279889@N02\/52567610738\/in\/dateposted-public\/\" data-flickr-embed=\"true\"><img loading=\"lazy\" decoding=\"async\" src=\"https:\/\/live.staticflickr.com\/65535\/52567610738_d32375a12e_c.jpg\" alt=\"HCD (3)\" width=\"800\" height=\"450\" \/><\/a><\/p>\n<p>Aunque el pedido del ejecutivo, por el impacto de la inflaci\u00f3n, preve\u00eda un aumento del 75% en las tasas, luego de conversaciones mantenidas se dispuso que el incremento se fije en un 60% \u00a0y fue aprobado por mayor\u00eda del bloque de juntos y juntos por le cambio, en la sesi\u00f3n de este jueves.<\/p>\n<p>Con respecto a esto, solo hubo 9 de los 12 concejales. El bloque de Juntos debi\u00f3 reemplazar a Sebasti\u00e1n Bassi y en su lugar estuvo Blanca Gonzalez. Tres bajas sufri\u00f3 el Frente de todos con las ausencias de Marcela Gim\u00e9nez, Maria Romero y Roci\u00f3 V\u00e1zquez que no pudieron asistir por motivos personales aunque no fueron reemplazados.<\/p>\n<p>Para el tratamiento del c\u00f3digo tributario por Juntos y Juntos por el cambio estuvieron Sandra Kifer, Luis Castro, Juan C. Marzialetti, Blanca Gonzalez, Beatriz Diaz, Elisabeth Nori. Por Acci\u00f3n por Tornquist Viviana Montibeller y por el Frente de Todos Claudio Iribarren y Leandro Guerrero.<\/p>\n<p>Hubo tres dict\u00e1menes, el primero y que fue aprobado por 6 votos a 3 fue el de Juntos en el que se inform\u00f3 un aumento del 60%(promedio) en las tasas en general y un 80% en la red vial que comenzar\u00e1 a abonar tasa de Salud.<\/p>\n<p>Adem\u00e1s en este dictamen aprobado de Juntos los concejales realizaron las siguientes consideraciones: Con respecto a la tasa por servicios sanitarios, solicitaron se regularice la instalaci\u00f3n de medidores donde no los haya, para que la situaci\u00f3n de los contribuyentes sea igualitaria.<\/p>\n<p>&nbsp;<br \/>\n<a data-flickr-embed=\"true\" href=\"https:\/\/www.flickr.com\/photos\/182279889@N02\/52567610808\/in\/dateposted-public\/\" title=\"HCD (2)\"><img loading=\"lazy\" decoding=\"async\" src=\"https:\/\/live.staticflickr.com\/65535\/52567610808_2bd89a908f_c.jpg\" width=\"800\" height=\"450\" alt=\"HCD (2)\"><\/a><script async src=\"\/\/embedr.flickr.com\/assets\/client-code.js\" charset=\"utf-8\"><\/script><\/p>\n<p>Tambi\u00e9n con respecto a la administraci\u00f3n de los recursos municipales, solicitaron al Departamento ejecutivo durante el ejercicio 2023 realice un ajuste en el gasto p\u00fablico para no perjudicar los sueldos de los trabajadores y la prestaci\u00f3n de los servicios, teniendo en cuenta el contexto de crisis econ\u00f3mica actual y las proyecciones para el pr\u00f3ximo a\u00f1o.<\/p>\n<p>El segundo del Frente de Todos pretend\u00eda un aumento progresivo mensual de un 7 u 8%, para que no impacte de golpe en el bolsillo y el de acci\u00f3n por Tornquist que acompa\u00f1aba lo elevado por el ejecutivo. Ambos, no prosperaron.<\/p>\n<p>Tanto Luis Castro como Leandro Guerrero que hicieron uso de la palabra, defendieron sus posturas en la sesi\u00f3n que adem\u00e1s\u00a0<a href=\"https:\/\/www.noticiastornquist.com.ar\/2022\/12\/15\/automoto-y-union-se-hacen-cargo-de-la-temporada-20222023-de-las-piletas-municipales-1\/\">aprob\u00f3 las tarifas para las piscinas municipales a cargo de Automoto y Uni\u00f3n\u00a0<\/a>y la licitaci\u00f3n para \u00a0contrataci\u00f3n de una aseguradora de riesgo de trabajo y seguro de vida obligatorio para los empleados.<\/p>\n<p>&nbsp;<\/p>\n<p><a data-flickr-embed=\"true\" href=\"https:\/\/www.flickr.com\/photos\/182279889@N02\/52567361959\/in\/dateposted-public\/\" title=\"HCD (1)\"><img loading=\"lazy\" decoding=\"async\" src=\"https:\/\/live.staticflickr.com\/65535\/52567361959_d0e79757e4_c.jpg\" width=\"800\" height=\"450\" alt=\"HCD (1)\"><\/a><script async src=\"\/\/embedr.flickr.com\/assets\/client-code.js\" charset=\"utf-8\"><\/script><\/p>\n<p><strong>Fuente Noticias Tornquist<\/strong><\/p>\n","protected":false},"excerpt":{"rendered":"<p>Se aprob\u00f3 por mayor\u00eda en el concejo deliberante. La tasa vial rondar\u00e1 un 80% de aumento y comenzar\u00e1n a pagar tasa de salud.<\/p>\n","protected":false},"author":3,"featured_media":0,"comment_status":"closed","ping_status":"closed","sticky":false,"template":"","format":"standard","meta":{"footnotes":""},"categories":[28,24],"tags":[48],"class_list":["post-81436","post","type-post","status-publish","format-standard","hentry","category-municipales","category-politica","tag-destacada"],"yoast_head":"<!-- This site is optimized with the Yoast SEO plugin v25.9 - https:\/\/yoast.com\/wordpress\/plugins\/seo\/ -->\n<title>Las tasas municipales tendr\u00e1n un incremento promedio del 60% - Noticias Radio Reflejos<\/title>\n<meta name=\"robots\" content=\"index, follow, max-snippet:-1, max-image-preview:large, max-video-preview:-1\" \/>\n<link rel=\"canonical\" href=\"https:\/\/www.noticiasradioreflejos.com.ar\/2021\/las-tasas-municipales-tendran-un-incremento-promedio-del-60\/\" \/>\n<meta property=\"og:locale\" content=\"es_ES\" \/>\n<meta property=\"og:type\" content=\"article\" \/>\n<meta property=\"og:title\" content=\"Las tasas municipales tendr\u00e1n un incremento promedio del 60% - Noticias Radio Reflejos\" \/>\n<meta property=\"og:description\" content=\"Se aprob\u00f3 por mayor\u00eda en el concejo deliberante. La tasa vial rondar\u00e1 un 80% de aumento y comenzar\u00e1n a pagar tasa de salud.\" \/>\n<meta property=\"og:url\" content=\"https:\/\/www.noticiasradioreflejos.com.ar\/2021\/las-tasas-municipales-tendran-un-incremento-promedio-del-60\/\" \/>\n<meta property=\"og:site_name\" content=\"Noticias Radio Reflejos\" \/>\n<meta property=\"article:published_time\" content=\"2022-12-16T15:45:34+00:00\" \/>\n<meta property=\"article:modified_time\" content=\"2022-12-16T15:46:08+00:00\" \/>\n<meta property=\"og:image\" content=\"https:\/\/live.staticflickr.com\/65535\/52567610738_d32375a12e_c.jpg\" \/>\n<meta name=\"author\" content=\"Arnaldo Botto\" \/>\n<meta name=\"twitter:card\" content=\"summary_large_image\" \/>\n<script type=\"application\/ld+json\" class=\"yoast-schema-graph\">{\"@context\":\"https:\/\/schema.org\",\"@graph\":[{\"@type\":\"WebPage\",\"@id\":\"https:\/\/www.noticiasradioreflejos.com.ar\/2021\/las-tasas-municipales-tendran-un-incremento-promedio-del-60\/\",\"url\":\"https:\/\/www.noticiasradioreflejos.com.ar\/2021\/las-tasas-municipales-tendran-un-incremento-promedio-del-60\/\",\"name\":\"Las tasas municipales tendr\u00e1n un incremento promedio del 60% - Noticias Radio Reflejos\",\"isPartOf\":{\"@id\":\"https:\/\/www.noticiasradioreflejos.com.ar\/2021\/#website\"},\"primaryImageOfPage\":{\"@id\":\"https:\/\/www.noticiasradioreflejos.com.ar\/2021\/las-tasas-municipales-tendran-un-incremento-promedio-del-60\/#primaryimage\"},\"image\":{\"@id\":\"https:\/\/www.noticiasradioreflejos.com.ar\/2021\/las-tasas-municipales-tendran-un-incremento-promedio-del-60\/#primaryimage\"},\"thumbnailUrl\":\"https:\/\/live.staticflickr.com\/65535\/52567610738_d32375a12e_c.jpg\",\"datePublished\":\"2022-12-16T15:45:34+00:00\",\"dateModified\":\"2022-12-16T15:46:08+00:00\",\"author\":{\"@id\":\"https:\/\/www.noticiasradioreflejos.com.ar\/2021\/#\/schema\/person\/ad82545263dcc5ec0996818884fd5fb1\"},\"breadcrumb\":{\"@id\":\"https:\/\/www.noticiasradioreflejos.com.ar\/2021\/las-tasas-municipales-tendran-un-incremento-promedio-del-60\/#breadcrumb\"},\"inLanguage\":\"es\",\"potentialAction\":[{\"@type\":\"ReadAction\",\"target\":[\"https:\/\/www.noticiasradioreflejos.com.ar\/2021\/las-tasas-municipales-tendran-un-incremento-promedio-del-60\/\"]}]},{\"@type\":\"ImageObject\",\"inLanguage\":\"es\",\"@id\":\"https:\/\/www.noticiasradioreflejos.com.ar\/2021\/las-tasas-municipales-tendran-un-incremento-promedio-del-60\/#primaryimage\",\"url\":\"https:\/\/live.staticflickr.com\/65535\/52567610738_d32375a12e_c.jpg\",\"contentUrl\":\"https:\/\/live.staticflickr.com\/65535\/52567610738_d32375a12e_c.jpg\"},{\"@type\":\"BreadcrumbList\",\"@id\":\"https:\/\/www.noticiasradioreflejos.com.ar\/2021\/las-tasas-municipales-tendran-un-incremento-promedio-del-60\/#breadcrumb\",\"itemListElement\":[{\"@type\":\"ListItem\",\"position\":1,\"name\":\"Portada\",\"item\":\"https:\/\/www.noticiasradioreflejos.com.ar\/2021\/\"},{\"@type\":\"ListItem\",\"position\":2,\"name\":\"Las tasas municipales tendr\u00e1n un incremento promedio del 60%\"}]},{\"@type\":\"WebSite\",\"@id\":\"https:\/\/www.noticiasradioreflejos.com.ar\/2021\/#website\",\"url\":\"https:\/\/www.noticiasradioreflejos.com.ar\/2021\/\",\"name\":\"Noticias Radio Reflejos\",\"description\":\"Las noticias de mi comarca\",\"potentialAction\":[{\"@type\":\"SearchAction\",\"target\":{\"@type\":\"EntryPoint\",\"urlTemplate\":\"https:\/\/www.noticiasradioreflejos.com.ar\/2021\/?s={search_term_string}\"},\"query-input\":{\"@type\":\"PropertyValueSpecification\",\"valueRequired\":true,\"valueName\":\"search_term_string\"}}],\"inLanguage\":\"es\"},{\"@type\":\"Person\",\"@id\":\"https:\/\/www.noticiasradioreflejos.com.ar\/2021\/#\/schema\/person\/ad82545263dcc5ec0996818884fd5fb1\",\"name\":\"Arnaldo Botto\",\"image\":{\"@type\":\"ImageObject\",\"inLanguage\":\"es\",\"@id\":\"https:\/\/www.noticiasradioreflejos.com.ar\/2021\/#\/schema\/person\/image\/\",\"url\":\"https:\/\/secure.gravatar.com\/avatar\/55cb5e37c1efa326397366e6974cb338056df65cb50e7d64d1cf314e87504837?s=96&d=mm&r=g\",\"contentUrl\":\"https:\/\/secure.gravatar.com\/avatar\/55cb5e37c1efa326397366e6974cb338056df65cb50e7d64d1cf314e87504837?s=96&d=mm&r=g\",\"caption\":\"Arnaldo Botto\"},\"url\":\"https:\/\/www.noticiasradioreflejos.com.ar\/2021\/author\/arnaldo\/\"}]}<\/script>\n<!-- \/ Yoast SEO plugin. -->","yoast_head_json":{"title":"Las tasas municipales tendr\u00e1n un incremento promedio del 60% - Noticias Radio Reflejos","robots":{"index":"index","follow":"follow","max-snippet":"max-snippet:-1","max-image-preview":"max-image-preview:large","max-video-preview":"max-video-preview:-1"},"canonical":"https:\/\/www.noticiasradioreflejos.com.ar\/2021\/las-tasas-municipales-tendran-un-incremento-promedio-del-60\/","og_locale":"es_ES","og_type":"article","og_title":"Las tasas municipales tendr\u00e1n un incremento promedio del 60% - Noticias Radio Reflejos","og_description":"Se aprob\u00f3 por mayor\u00eda en el concejo deliberante. La tasa vial rondar\u00e1 un 80% de aumento y comenzar\u00e1n a pagar tasa de salud.","og_url":"https:\/\/www.noticiasradioreflejos.com.ar\/2021\/las-tasas-municipales-tendran-un-incremento-promedio-del-60\/","og_site_name":"Noticias Radio Reflejos","article_published_time":"2022-12-16T15:45:34+00:00","article_modified_time":"2022-12-16T15:46:08+00:00","og_image":[{"url":"https:\/\/live.staticflickr.com\/65535\/52567610738_d32375a12e_c.jpg","type":"","width":"","height":""}],"author":"Arnaldo Botto","twitter_card":"summary_large_image","schema":{"@context":"https:\/\/schema.org","@graph":[{"@type":"WebPage","@id":"https:\/\/www.noticiasradioreflejos.com.ar\/2021\/las-tasas-municipales-tendran-un-incremento-promedio-del-60\/","url":"https:\/\/www.noticiasradioreflejos.com.ar\/2021\/las-tasas-municipales-tendran-un-incremento-promedio-del-60\/","name":"Las tasas municipales tendr\u00e1n un incremento promedio del 60% - Noticias Radio Reflejos","isPartOf":{"@id":"https:\/\/www.noticiasradioreflejos.com.ar\/2021\/#website"},"primaryImageOfPage":{"@id":"https:\/\/www.noticiasradioreflejos.com.ar\/2021\/las-tasas-municipales-tendran-un-incremento-promedio-del-60\/#primaryimage"},"image":{"@id":"https:\/\/www.noticiasradioreflejos.com.ar\/2021\/las-tasas-municipales-tendran-un-incremento-promedio-del-60\/#primaryimage"},"thumbnailUrl":"https:\/\/live.staticflickr.com\/65535\/52567610738_d32375a12e_c.jpg","datePublished":"2022-12-16T15:45:34+00:00","dateModified":"2022-12-16T15:46:08+00:00","author":{"@id":"https:\/\/www.noticiasradioreflejos.com.ar\/2021\/#\/schema\/person\/ad82545263dcc5ec0996818884fd5fb1"},"breadcrumb":{"@id":"https:\/\/www.noticiasradioreflejos.com.ar\/2021\/las-tasas-municipales-tendran-un-incremento-promedio-del-60\/#breadcrumb"},"inLanguage":"es","potentialAction":[{"@type":"ReadAction","target":["https:\/\/www.noticiasradioreflejos.com.ar\/2021\/las-tasas-municipales-tendran-un-incremento-promedio-del-60\/"]}]},{"@type":"ImageObject","inLanguage":"es","@id":"https:\/\/www.noticiasradioreflejos.com.ar\/2021\/las-tasas-municipales-tendran-un-incremento-promedio-del-60\/#primaryimage","url":"https:\/\/live.staticflickr.com\/65535\/52567610738_d32375a12e_c.jpg","contentUrl":"https:\/\/live.staticflickr.com\/65535\/52567610738_d32375a12e_c.jpg"},{"@type":"BreadcrumbList","@id":"https:\/\/www.noticiasradioreflejos.com.ar\/2021\/las-tasas-municipales-tendran-un-incremento-promedio-del-60\/#breadcrumb","itemListElement":[{"@type":"ListItem","position":1,"name":"Portada","item":"https:\/\/www.noticiasradioreflejos.com.ar\/2021\/"},{"@type":"ListItem","position":2,"name":"Las tasas municipales tendr\u00e1n un incremento promedio del 60%"}]},{"@type":"WebSite","@id":"https:\/\/www.noticiasradioreflejos.com.ar\/2021\/#website","url":"https:\/\/www.noticiasradioreflejos.com.ar\/2021\/","name":"Noticias Radio Reflejos","description":"Las noticias de mi comarca","potentialAction":[{"@type":"SearchAction","target":{"@type":"EntryPoint","urlTemplate":"https:\/\/www.noticiasradioreflejos.com.ar\/2021\/?s={search_term_string}"},"query-input":{"@type":"PropertyValueSpecification","valueRequired":true,"valueName":"search_term_string"}}],"inLanguage":"es"},{"@type":"Person","@id":"https:\/\/www.noticiasradioreflejos.com.ar\/2021\/#\/schema\/person\/ad82545263dcc5ec0996818884fd5fb1","name":"Arnaldo Botto","image":{"@type":"ImageObject","inLanguage":"es","@id":"https:\/\/www.noticiasradioreflejos.com.ar\/2021\/#\/schema\/person\/image\/","url":"https:\/\/secure.gravatar.com\/avatar\/55cb5e37c1efa326397366e6974cb338056df65cb50e7d64d1cf314e87504837?s=96&d=mm&r=g","contentUrl":"https:\/\/secure.gravatar.com\/avatar\/55cb5e37c1efa326397366e6974cb338056df65cb50e7d64d1cf314e87504837?s=96&d=mm&r=g","caption":"Arnaldo Botto"},"url":"https:\/\/www.noticiasradioreflejos.com.ar\/2021\/author\/arnaldo\/"}]}},"_links":{"self":[{"href":"https:\/\/www.noticiasradioreflejos.com.ar\/2021\/wp-json\/wp\/v2\/posts\/81436","targetHints":{"allow":["GET"]}}],"collection":[{"href":"https:\/\/www.noticiasradioreflejos.com.ar\/2021\/wp-json\/wp\/v2\/posts"}],"about":[{"href":"https:\/\/www.noticiasradioreflejos.com.ar\/2021\/wp-json\/wp\/v2\/types\/post"}],"author":[{"embeddable":true,"href":"https:\/\/www.noticiasradioreflejos.com.ar\/2021\/wp-json\/wp\/v2\/users\/3"}],"replies":[{"embeddable":true,"href":"https:\/\/www.noticiasradioreflejos.com.ar\/2021\/wp-json\/wp\/v2\/comments?post=81436"}],"version-history":[{"count":2,"href":"https:\/\/www.noticiasradioreflejos.com.ar\/2021\/wp-json\/wp\/v2\/posts\/81436\/revisions"}],"predecessor-version":[{"id":81439,"href":"https:\/\/www.noticiasradioreflejos.com.ar\/2021\/wp-json\/wp\/v2\/posts\/81436\/revisions\/81439"}],"wp:attachment":[{"href":"https:\/\/www.noticiasradioreflejos.com.ar\/2021\/wp-json\/wp\/v2\/media?parent=81436"}],"wp:term":[{"taxonomy":"category","embeddable":true,"href":"https:\/\/www.noticiasradioreflejos.com.ar\/2021\/wp-json\/wp\/v2\/categories?post=81436"},{"taxonomy":"post_tag","embeddable":true,"href":"https:\/\/www.noticiasradioreflejos.com.ar\/2021\/wp-json\/wp\/v2\/tags?post=81436"}],"curies":[{"name":"wp","href":"https:\/\/api.w.org\/{rel}","templated":true}]}}