{"id":81433,"date":"2022-12-16T14:48:29","date_gmt":"2022-12-16T14:48:29","guid":{"rendered":"http:\/\/www.noticiasradioreflejos.com.ar\/2021\/?p=81433"},"modified":"2022-12-16T14:48:29","modified_gmt":"2022-12-16T14:48:29","slug":"exploto-el-acuario-cilindrico-mas-grande-del-mundo-en-berlin-y-dejo-grandes-destrozos","status":"publish","type":"post","link":"https:\/\/www.noticiasradioreflejos.com.ar\/2021\/exploto-el-acuario-cilindrico-mas-grande-del-mundo-en-berlin-y-dejo-grandes-destrozos\/","title":{"rendered":"Explot\u00f3 el acuario cil\u00edndrico \u00abm\u00e1s grande del mundo\u00bb en Berl\u00edn y dej\u00f3 grandes destrozos"},"content":{"rendered":"<div id=\"div_cuerpo\" class=\"content cable-content\">Un acuario de Berl\u00edn, que alojaba a 1.500 peces tropicales en una estructura de 16 metros de altura y 11 de di\u00e1metro, explot\u00f3 esta ma\u00f1ana por razones que todav\u00eda se desconocen, provocando importantes destrozos en las instalaciones, dos heridos leves y la muerte de los animales, inform\u00f3 el departamento de bomberos local.<\/p>\n<p>(T\u00e9lam) &#8211; Se trata del AquaDom, el acuario independiente \u00abm\u00e1s grande del mundo\u00bb, que estaba ubicado en el interior del hotel Radisson Collection de la capital de Alemania y alojaba alrededor de 1.500 peces tropicales.<\/p>\n<p>Tras la explosi\u00f3n, ocurrida a las 5.45 (1.45 hora argentina), un mill\u00f3n de litros de agua se vertieron provocando importantes destrozos dentro de la instalaci\u00f3n hotelera y en la calle, indic\u00f3 el medio alem\u00e1n Frankfurter Allgemeine.<\/p>\n<p>\u00abEl agua de este acuario se ha filtrado casi por completo, tanto dentro del edificio como hacia la calle\u00bb, dijo un vocero de bomberos en declaraciones a la prensa local.<\/p>\n<p>Debido a la alta presi\u00f3n del agua del acuario, al explotar se llev\u00f3 consigo muebles, puertas, mesas y vidrios, dejando la planta baja del hotel \u00abreducida a escombros\u00bb.<\/p>\n<p>Un centenar de bomberos trabajaba en el lugar tras la explosi\u00f3n y luego de socorrer a los 350 hu\u00e9spedes del hotel que fueron evacuados, utilizaron perros de rescate para asegurarse que nadie quedara bajo escombros, sostuvo el diario local.<\/p>\n<p>El equipo m\u00e9dico de emergencia atendi\u00f3 a 30 personas, de las cuales dos presentaron heridas leves por astillas de vidrio.<\/p>\n<p>En tanto, los 1.500 peces \u00abya no se pudieron salvar\u00bb, afirm\u00f3 el portavoz del departamento de bomberos.<\/p>\n<p>El acuario de vidrio acr\u00edlico, inaugurado en 2003 y reabierto en 2020 tras dos a\u00f1os de trabajo de renovaci\u00f3n, ten\u00eda 16 metros de altura y m\u00e1s de 11 metros de di\u00e1metro, con un ascensor con el que visitantes pod\u00edan admirar el mundo marino tropical.<\/p>\n<p>All\u00ed viv\u00edan diversas especies de rayas, tiburones, caballitos de mar, pulpos y peces tropicales de 100 especies.<\/p>\n<p>La causa de la explosi\u00f3n a\u00fan se desconoce, aunque una \u00abprimera hip\u00f3tesis\u00bb es la fatiga del material, seg\u00fan explic\u00f3 el personal de bomberos.<\/p><\/div>\n<p><!--more--><\/p>\n<p><!--more--><\/p>\n","protected":false},"excerpt":{"rendered":"<p>Un acuario de Berl\u00edn, que alojaba a 1.500 peces tropicales en una estructura de 16 metros de altura y 11 de di\u00e1metro, explot\u00f3 esta ma\u00f1ana por razones que todav\u00eda se desconocen, provocando importantes destrozos en las instalaciones, dos heridos leves y la muerte de los animales, inform\u00f3 el departamento de bomberos local. (T\u00e9lam) &#8211; Se [&hellip;]<\/p>\n","protected":false},"author":3,"featured_media":0,"comment_status":"closed","ping_status":"closed","sticky":false,"template":"","format":"standard","meta":{"footnotes":""},"categories":[46],"tags":[],"class_list":["post-81433","post","type-post","status-publish","format-standard","hentry","category-ciencia-y-tecnologia"],"yoast_head":"<!-- This site is optimized with the Yoast SEO plugin v25.9 - https:\/\/yoast.com\/wordpress\/plugins\/seo\/ -->\n<title>Explot\u00f3 el acuario cil\u00edndrico &quot;m\u00e1s grande del mundo&quot; en Berl\u00edn y dej\u00f3 grandes destrozos - Noticias Radio Reflejos<\/title>\n<meta name=\"robots\" content=\"index, follow, max-snippet:-1, max-image-preview:large, max-video-preview:-1\" \/>\n<link rel=\"canonical\" href=\"https:\/\/www.noticiasradioreflejos.com.ar\/2021\/exploto-el-acuario-cilindrico-mas-grande-del-mundo-en-berlin-y-dejo-grandes-destrozos\/\" \/>\n<meta property=\"og:locale\" content=\"es_ES\" \/>\n<meta property=\"og:type\" content=\"article\" \/>\n<meta property=\"og:title\" content=\"Explot\u00f3 el acuario cil\u00edndrico &quot;m\u00e1s grande del mundo&quot; en Berl\u00edn y dej\u00f3 grandes destrozos - Noticias Radio Reflejos\" \/>\n<meta property=\"og:description\" content=\"Un acuario de Berl\u00edn, que alojaba a 1.500 peces tropicales en una estructura de 16 metros de altura y 11 de di\u00e1metro, explot\u00f3 esta ma\u00f1ana por razones que todav\u00eda se desconocen, provocando importantes destrozos en las instalaciones, dos heridos leves y la muerte de los animales, inform\u00f3 el departamento de bomberos local. (T\u00e9lam) &#8211; Se [&hellip;]\" \/>\n<meta property=\"og:url\" content=\"https:\/\/www.noticiasradioreflejos.com.ar\/2021\/exploto-el-acuario-cilindrico-mas-grande-del-mundo-en-berlin-y-dejo-grandes-destrozos\/\" \/>\n<meta property=\"og:site_name\" content=\"Noticias Radio Reflejos\" \/>\n<meta property=\"article:published_time\" content=\"2022-12-16T14:48:29+00:00\" \/>\n<meta property=\"og:image\" content=\"https:\/\/www.noticiasradioreflejos.com.ar\/2021\/wp-content\/uploads\/2021\/07\/logosol300x200.png\" \/>\n\t<meta property=\"og:image:width\" content=\"300\" \/>\n\t<meta property=\"og:image:height\" content=\"200\" \/>\n\t<meta property=\"og:image:type\" content=\"image\/png\" \/>\n<meta name=\"author\" content=\"Arnaldo Botto\" \/>\n<meta name=\"twitter:card\" content=\"summary_large_image\" \/>\n<script type=\"application\/ld+json\" class=\"yoast-schema-graph\">{\"@context\":\"https:\/\/schema.org\",\"@graph\":[{\"@type\":\"WebPage\",\"@id\":\"https:\/\/www.noticiasradioreflejos.com.ar\/2021\/exploto-el-acuario-cilindrico-mas-grande-del-mundo-en-berlin-y-dejo-grandes-destrozos\/\",\"url\":\"https:\/\/www.noticiasradioreflejos.com.ar\/2021\/exploto-el-acuario-cilindrico-mas-grande-del-mundo-en-berlin-y-dejo-grandes-destrozos\/\",\"name\":\"Explot\u00f3 el acuario cil\u00edndrico \\\"m\u00e1s grande del mundo\\\" en Berl\u00edn y dej\u00f3 grandes destrozos - Noticias Radio Reflejos\",\"isPartOf\":{\"@id\":\"https:\/\/www.noticiasradioreflejos.com.ar\/2021\/#website\"},\"datePublished\":\"2022-12-16T14:48:29+00:00\",\"author\":{\"@id\":\"https:\/\/www.noticiasradioreflejos.com.ar\/2021\/#\/schema\/person\/ad82545263dcc5ec0996818884fd5fb1\"},\"breadcrumb\":{\"@id\":\"https:\/\/www.noticiasradioreflejos.com.ar\/2021\/exploto-el-acuario-cilindrico-mas-grande-del-mundo-en-berlin-y-dejo-grandes-destrozos\/#breadcrumb\"},\"inLanguage\":\"es\",\"potentialAction\":[{\"@type\":\"ReadAction\",\"target\":[\"https:\/\/www.noticiasradioreflejos.com.ar\/2021\/exploto-el-acuario-cilindrico-mas-grande-del-mundo-en-berlin-y-dejo-grandes-destrozos\/\"]}]},{\"@type\":\"BreadcrumbList\",\"@id\":\"https:\/\/www.noticiasradioreflejos.com.ar\/2021\/exploto-el-acuario-cilindrico-mas-grande-del-mundo-en-berlin-y-dejo-grandes-destrozos\/#breadcrumb\",\"itemListElement\":[{\"@type\":\"ListItem\",\"position\":1,\"name\":\"Portada\",\"item\":\"https:\/\/www.noticiasradioreflejos.com.ar\/2021\/\"},{\"@type\":\"ListItem\",\"position\":2,\"name\":\"Explot\u00f3 el acuario cil\u00edndrico \u00abm\u00e1s grande del mundo\u00bb en Berl\u00edn y dej\u00f3 grandes destrozos\"}]},{\"@type\":\"WebSite\",\"@id\":\"https:\/\/www.noticiasradioreflejos.com.ar\/2021\/#website\",\"url\":\"https:\/\/www.noticiasradioreflejos.com.ar\/2021\/\",\"name\":\"Noticias Radio Reflejos\",\"description\":\"Las noticias de mi comarca\",\"potentialAction\":[{\"@type\":\"SearchAction\",\"target\":{\"@type\":\"EntryPoint\",\"urlTemplate\":\"https:\/\/www.noticiasradioreflejos.com.ar\/2021\/?s={search_term_string}\"},\"query-input\":{\"@type\":\"PropertyValueSpecification\",\"valueRequired\":true,\"valueName\":\"search_term_string\"}}],\"inLanguage\":\"es\"},{\"@type\":\"Person\",\"@id\":\"https:\/\/www.noticiasradioreflejos.com.ar\/2021\/#\/schema\/person\/ad82545263dcc5ec0996818884fd5fb1\",\"name\":\"Arnaldo Botto\",\"image\":{\"@type\":\"ImageObject\",\"inLanguage\":\"es\",\"@id\":\"https:\/\/www.noticiasradioreflejos.com.ar\/2021\/#\/schema\/person\/image\/\",\"url\":\"https:\/\/secure.gravatar.com\/avatar\/55cb5e37c1efa326397366e6974cb338056df65cb50e7d64d1cf314e87504837?s=96&d=mm&r=g\",\"contentUrl\":\"https:\/\/secure.gravatar.com\/avatar\/55cb5e37c1efa326397366e6974cb338056df65cb50e7d64d1cf314e87504837?s=96&d=mm&r=g\",\"caption\":\"Arnaldo Botto\"},\"url\":\"https:\/\/www.noticiasradioreflejos.com.ar\/2021\/author\/arnaldo\/\"}]}<\/script>\n<!-- \/ Yoast SEO plugin. -->","yoast_head_json":{"title":"Explot\u00f3 el acuario cil\u00edndrico \"m\u00e1s grande del mundo\" en Berl\u00edn y dej\u00f3 grandes destrozos - Noticias Radio Reflejos","robots":{"index":"index","follow":"follow","max-snippet":"max-snippet:-1","max-image-preview":"max-image-preview:large","max-video-preview":"max-video-preview:-1"},"canonical":"https:\/\/www.noticiasradioreflejos.com.ar\/2021\/exploto-el-acuario-cilindrico-mas-grande-del-mundo-en-berlin-y-dejo-grandes-destrozos\/","og_locale":"es_ES","og_type":"article","og_title":"Explot\u00f3 el acuario cil\u00edndrico \"m\u00e1s grande del mundo\" en Berl\u00edn y dej\u00f3 grandes destrozos - Noticias Radio Reflejos","og_description":"Un acuario de Berl\u00edn, que alojaba a 1.500 peces tropicales en una estructura de 16 metros de altura y 11 de di\u00e1metro, explot\u00f3 esta ma\u00f1ana por razones que todav\u00eda se desconocen, provocando importantes destrozos en las instalaciones, dos heridos leves y la muerte de los animales, inform\u00f3 el departamento de bomberos local. (T\u00e9lam) &#8211; Se [&hellip;]","og_url":"https:\/\/www.noticiasradioreflejos.com.ar\/2021\/exploto-el-acuario-cilindrico-mas-grande-del-mundo-en-berlin-y-dejo-grandes-destrozos\/","og_site_name":"Noticias Radio Reflejos","article_published_time":"2022-12-16T14:48:29+00:00","og_image":[{"width":300,"height":200,"url":"https:\/\/www.noticiasradioreflejos.com.ar\/2021\/wp-content\/uploads\/2021\/07\/logosol300x200.png","type":"image\/png"}],"author":"Arnaldo Botto","twitter_card":"summary_large_image","schema":{"@context":"https:\/\/schema.org","@graph":[{"@type":"WebPage","@id":"https:\/\/www.noticiasradioreflejos.com.ar\/2021\/exploto-el-acuario-cilindrico-mas-grande-del-mundo-en-berlin-y-dejo-grandes-destrozos\/","url":"https:\/\/www.noticiasradioreflejos.com.ar\/2021\/exploto-el-acuario-cilindrico-mas-grande-del-mundo-en-berlin-y-dejo-grandes-destrozos\/","name":"Explot\u00f3 el acuario cil\u00edndrico \"m\u00e1s grande del mundo\" en Berl\u00edn y dej\u00f3 grandes destrozos - Noticias Radio Reflejos","isPartOf":{"@id":"https:\/\/www.noticiasradioreflejos.com.ar\/2021\/#website"},"datePublished":"2022-12-16T14:48:29+00:00","author":{"@id":"https:\/\/www.noticiasradioreflejos.com.ar\/2021\/#\/schema\/person\/ad82545263dcc5ec0996818884fd5fb1"},"breadcrumb":{"@id":"https:\/\/www.noticiasradioreflejos.com.ar\/2021\/exploto-el-acuario-cilindrico-mas-grande-del-mundo-en-berlin-y-dejo-grandes-destrozos\/#breadcrumb"},"inLanguage":"es","potentialAction":[{"@type":"ReadAction","target":["https:\/\/www.noticiasradioreflejos.com.ar\/2021\/exploto-el-acuario-cilindrico-mas-grande-del-mundo-en-berlin-y-dejo-grandes-destrozos\/"]}]},{"@type":"BreadcrumbList","@id":"https:\/\/www.noticiasradioreflejos.com.ar\/2021\/exploto-el-acuario-cilindrico-mas-grande-del-mundo-en-berlin-y-dejo-grandes-destrozos\/#breadcrumb","itemListElement":[{"@type":"ListItem","position":1,"name":"Portada","item":"https:\/\/www.noticiasradioreflejos.com.ar\/2021\/"},{"@type":"ListItem","position":2,"name":"Explot\u00f3 el acuario cil\u00edndrico \u00abm\u00e1s grande del mundo\u00bb en Berl\u00edn y dej\u00f3 grandes destrozos"}]},{"@type":"WebSite","@id":"https:\/\/www.noticiasradioreflejos.com.ar\/2021\/#website","url":"https:\/\/www.noticiasradioreflejos.com.ar\/2021\/","name":"Noticias Radio Reflejos","description":"Las noticias de mi comarca","potentialAction":[{"@type":"SearchAction","target":{"@type":"EntryPoint","urlTemplate":"https:\/\/www.noticiasradioreflejos.com.ar\/2021\/?s={search_term_string}"},"query-input":{"@type":"PropertyValueSpecification","valueRequired":true,"valueName":"search_term_string"}}],"inLanguage":"es"},{"@type":"Person","@id":"https:\/\/www.noticiasradioreflejos.com.ar\/2021\/#\/schema\/person\/ad82545263dcc5ec0996818884fd5fb1","name":"Arnaldo Botto","image":{"@type":"ImageObject","inLanguage":"es","@id":"https:\/\/www.noticiasradioreflejos.com.ar\/2021\/#\/schema\/person\/image\/","url":"https:\/\/secure.gravatar.com\/avatar\/55cb5e37c1efa326397366e6974cb338056df65cb50e7d64d1cf314e87504837?s=96&d=mm&r=g","contentUrl":"https:\/\/secure.gravatar.com\/avatar\/55cb5e37c1efa326397366e6974cb338056df65cb50e7d64d1cf314e87504837?s=96&d=mm&r=g","caption":"Arnaldo Botto"},"url":"https:\/\/www.noticiasradioreflejos.com.ar\/2021\/author\/arnaldo\/"}]}},"_links":{"self":[{"href":"https:\/\/www.noticiasradioreflejos.com.ar\/2021\/wp-json\/wp\/v2\/posts\/81433","targetHints":{"allow":["GET"]}}],"collection":[{"href":"https:\/\/www.noticiasradioreflejos.com.ar\/2021\/wp-json\/wp\/v2\/posts"}],"about":[{"href":"https:\/\/www.noticiasradioreflejos.com.ar\/2021\/wp-json\/wp\/v2\/types\/post"}],"author":[{"embeddable":true,"href":"https:\/\/www.noticiasradioreflejos.com.ar\/2021\/wp-json\/wp\/v2\/users\/3"}],"replies":[{"embeddable":true,"href":"https:\/\/www.noticiasradioreflejos.com.ar\/2021\/wp-json\/wp\/v2\/comments?post=81433"}],"version-history":[{"count":1,"href":"https:\/\/www.noticiasradioreflejos.com.ar\/2021\/wp-json\/wp\/v2\/posts\/81433\/revisions"}],"predecessor-version":[{"id":81435,"href":"https:\/\/www.noticiasradioreflejos.com.ar\/2021\/wp-json\/wp\/v2\/posts\/81433\/revisions\/81435"}],"wp:attachment":[{"href":"https:\/\/www.noticiasradioreflejos.com.ar\/2021\/wp-json\/wp\/v2\/media?parent=81433"}],"wp:term":[{"taxonomy":"category","embeddable":true,"href":"https:\/\/www.noticiasradioreflejos.com.ar\/2021\/wp-json\/wp\/v2\/categories?post=81433"},{"taxonomy":"post_tag","embeddable":true,"href":"https:\/\/www.noticiasradioreflejos.com.ar\/2021\/wp-json\/wp\/v2\/tags?post=81433"}],"curies":[{"name":"wp","href":"https:\/\/api.w.org\/{rel}","templated":true}]}}