{"id":81411,"date":"2022-12-15T20:41:32","date_gmt":"2022-12-15T20:41:32","guid":{"rendered":"http:\/\/www.noticiasradioreflejos.com.ar\/2021\/?p=81411"},"modified":"2022-12-15T20:41:32","modified_gmt":"2022-12-15T20:41:32","slug":"el-ipc-subio-49-en-noviembre-y-marco-una-fuerte-desaceleracion-frente-a-octubre","status":"publish","type":"post","link":"https:\/\/www.noticiasradioreflejos.com.ar\/2021\/el-ipc-subio-49-en-noviembre-y-marco-una-fuerte-desaceleracion-frente-a-octubre\/","title":{"rendered":"El IPC subi\u00f3 4,9% en noviembre y marc\u00f3 una fuerte desaceleraci\u00f3n frente a octubre"},"content":{"rendered":"<p>El \u00cdndice de Precios al Consumidor (IPC) nacional subi\u00f3 4,9% en noviembre y as\u00ed marc\u00f3 una fuerte desaceleraci\u00f3n respecto al 6,3% registrado en octubre, inform\u00f3 hoy el Instituto Nacional de Estad\u00edstica y Censos (Indec).<!--more--><\/p>\n<p>(T\u00e9lam) De esta forma, el IPC acumul\u00f3 en los once primeros meses del a\u00f1o un alza de 85,3% y entre noviembre de este a\u00f1o e igual mes del 2021 acumul\u00f3 un incremento de 92,4%, agreg\u00f3 el reporte del Indec.<\/p>\n<p>Tras darse a conocer el IPC, fuentes de la cartera econ\u00f3mica se\u00f1alaron que este 4,9% es la confirmaci\u00f3n de un proceso gradual de reducci\u00f3n inflacionaria, que si bien puede tener alg\u00fan mes dispar se espera que marque una tendencia durante el primer cuatrimestre de 2023.<\/p>\n<p>En ese sentido, se destaca el impacto de algunas de las pol\u00edticas y acuerdos de precios que se vienen implementando desde el Palacio de Hacienda que habr\u00edan permitido, por ejemplo, que el segmento alimentos sea el de menor crecimiento de los 12 rubros que utiliza la metodolog\u00eda del Indec.<\/p>\n<p>La divisi\u00f3n de mayor aumento en el mes fue el rubro Vivienda, agua, electricidad, gas y otros combustibles (8,7%), dentro de la que se destac\u00f3 el incremento de los servicios de electricidad y gas a ra\u00edz de la segmentaci\u00f3n de tarifas en todo el pa\u00eds.<\/p>\n<p>En ese esquema de reacomodamiento de subsidios, tambi\u00e9n se sinti\u00f3 el impacto espec\u00edficamente en el Gran Buenos Aires (GBA), donde se sum\u00f3 el aumento de agua tambi\u00e9n por segmentaci\u00f3n.<\/p>\n<p>Le siguieron en importancia en noviembre el rubro Comunicaci\u00f3n (6,4%), sobre la que incidi\u00f3 principalmente la suba de los servicios de telefon\u00eda e internet, y Bebidas alcoh\u00f3licas y tabaco (6,3%), cuyo mayor impacto se dio por el aumento de los cigarrillos.<\/p>\n<p>Tambi\u00e9n por encima del nivel general del 4,9% se ubicaron Transporte (6,1%), Bienes y servicios varios (5,8%), Restaurantes y hoteles (5,5%), y finalmente Equipamiento y mantenimiento del hogar (5,4%).<\/p>\n<p>Por debajo de ese nivel general del mes estuvieron Prendas de vestir y calzado (4,5%), Recreaci\u00f3n y cultura (4,2%), Salud (4,1%), Educaci\u00f3n (3,8%) y Alimentos y bebidas no alcoh\u00f3licas (3,5%).<\/p>\n<p>Esta \u00faltima fue, sin embargo, la de mayor incidencia en casi todas las regiones, por su peso dentro del \u00edndice general.<\/p>\n<p>Se destac\u00f3 al interior de la divisi\u00f3n de alimentos la suba de Frutas; Aguas minerales, bebidas gaseosas y jugos; y Pan y cereales; en tanto Verduras, tub\u00e9rculos y legumbres registr\u00f3 una baja en la mayor\u00eda de las regiones.<\/p>\n<p>A nivel de las categor\u00edas, lideraron el alza mensual los precios Regulados (6,2%) explicada, en parte, por las subas de los servicios de electricidad, gas y agua, seguida por el IPC N\u00facleo (4,8%) y, en \u00faltimo lugar, los denominados Estacionales (4,1%).<\/p>\n<p>De esta forma, a lo largo de los once primeros meses del a\u00f1o, con una suba promedio general de precios del 85,3%, los estacionales aumentaron 123,7%; los servicios regulados se incrementaron 76,6% y el IPC n\u00facleo avanz\u00f3 81,1%.<\/p>\n<p>Si bien las consultoras privadas estimaban una suba menor del nivel de precios respecto a octubre, con estimaciones apenas por debajo del 6%, los datos del Indec reflejaron una diferencia hacia la baja de 1,4 puntos porcentuales, bastante m\u00e1s de lo que esperaba el mercado.<\/p>\n<blockquote class=\"twitter-tweet\" data-width=\"500\" data-dnt=\"true\">\n<p lang=\"es\" dir=\"ltr\"><a href=\"https:\/\/twitter.com\/hashtag\/DatoINDEC?src=hash&amp;ref_src=twsrc%5Etfw\">#DatoINDEC<\/a> <br \/>Los precios al consumidor (<a href=\"https:\/\/twitter.com\/hashtag\/IPC?src=hash&amp;ref_src=twsrc%5Etfw\">#IPC<\/a>) subieron 4,9% en noviembre de 2022 respecto de octubre y 92,4% interanual. Acumularon un alza de 85,3% en los primeros once meses del a\u00f1o <a href=\"https:\/\/t.co\/fUXNbi5HTF\">https:\/\/t.co\/fUXNbi5HTF<\/a> <a href=\"https:\/\/t.co\/9yBzzzvmti\">pic.twitter.com\/9yBzzzvmti<\/a><\/p>\n<p>&mdash; INDEC Argentina (@INDECArgentina) <a href=\"https:\/\/twitter.com\/INDECArgentina\/status\/1603465007026606096?ref_src=twsrc%5Etfw\">December 15, 2022<\/a><\/p><\/blockquote>\n<p><script async src=\"https:\/\/platform.twitter.com\/widgets.js\" charset=\"utf-8\"><\/script><\/p>\n<p>Por regiones, la zona delimitada por la Capital Federal y el Gran Buenos Aires (GBA) se ubic\u00f3 como la de mayor alza (5,5%), seguida por la regi\u00f3n Pampeana, Cuyo y Patagonia que se mantuvieron id\u00e9nticas al nivel general (4,9%), mientras que por debajo se ubicaron Noroeste (4,6%) y Noroeste (4,5%).<\/p>\n<p>En la progresi\u00f3n anual, el IPC de noviembre es el m\u00e1s bajo desde el 4,7% registrado en febrero, con alzas desde entonces que alcanzaron un pico de 7,4% en julio, iniciando luego una tendencia progresiva a la baja.<\/p>\n<p>En lo que respecta de manera espec\u00edfica a los alimentos en el GBA -el mayor conglomerado urbano del pa\u00eds-, el precio del Pan y cereales subi\u00f3 en noviembre 5,9%, la Leche, productos l\u00e1cteos y huevos 5,6%, y Az\u00facar, dulces, chocolate, golosinas, tuvieron un incremento de 4,6%<\/p>\n<p>En tanto, Carnes y derivados registraron alzas de 0,9%, Aceites, grasas y manteca un 0,6%, Frutas el 13,5% mientras que las Verduras, tub\u00e9rculos y legumbres tuvieron una baja de 6,1%.<\/p>\n<p><!--more--><\/p>\n","protected":false},"excerpt":{"rendered":"<p>El \u00cdndice de Precios al Consumidor (IPC) nacional subi\u00f3 4,9% en noviembre y as\u00ed marc\u00f3 una fuerte desaceleraci\u00f3n respecto al 6,3% registrado en octubre, inform\u00f3 hoy el Instituto Nacional de Estad\u00edstica y Censos (Indec).<\/p>\n","protected":false},"author":3,"featured_media":0,"comment_status":"closed","ping_status":"closed","sticky":false,"template":"","format":"standard","meta":{"footnotes":""},"categories":[36],"tags":[],"class_list":["post-81411","post","type-post","status-publish","format-standard","hentry","category-economia"],"yoast_head":"<!-- This site is optimized with the Yoast SEO plugin v25.9 - https:\/\/yoast.com\/wordpress\/plugins\/seo\/ -->\n<title>El IPC subi\u00f3 4,9% en noviembre y marc\u00f3 una fuerte desaceleraci\u00f3n frente a octubre - Noticias Radio Reflejos<\/title>\n<meta name=\"robots\" content=\"index, follow, max-snippet:-1, max-image-preview:large, max-video-preview:-1\" \/>\n<link rel=\"canonical\" href=\"https:\/\/www.noticiasradioreflejos.com.ar\/2021\/el-ipc-subio-49-en-noviembre-y-marco-una-fuerte-desaceleracion-frente-a-octubre\/\" \/>\n<meta property=\"og:locale\" content=\"es_ES\" \/>\n<meta property=\"og:type\" content=\"article\" \/>\n<meta property=\"og:title\" content=\"El IPC subi\u00f3 4,9% en noviembre y marc\u00f3 una fuerte desaceleraci\u00f3n frente a octubre - Noticias Radio Reflejos\" \/>\n<meta property=\"og:description\" content=\"El \u00cdndice de Precios al Consumidor (IPC) nacional subi\u00f3 4,9% en noviembre y as\u00ed marc\u00f3 una fuerte desaceleraci\u00f3n respecto al 6,3% registrado en octubre, inform\u00f3 hoy el Instituto Nacional de Estad\u00edstica y Censos (Indec).\" \/>\n<meta property=\"og:url\" content=\"https:\/\/www.noticiasradioreflejos.com.ar\/2021\/el-ipc-subio-49-en-noviembre-y-marco-una-fuerte-desaceleracion-frente-a-octubre\/\" \/>\n<meta property=\"og:site_name\" content=\"Noticias Radio Reflejos\" \/>\n<meta property=\"article:published_time\" content=\"2022-12-15T20:41:32+00:00\" \/>\n<meta property=\"og:image\" content=\"https:\/\/www.noticiasradioreflejos.com.ar\/2021\/wp-content\/uploads\/2021\/07\/logosol300x200.png\" \/>\n\t<meta property=\"og:image:width\" content=\"300\" \/>\n\t<meta property=\"og:image:height\" content=\"200\" \/>\n\t<meta property=\"og:image:type\" content=\"image\/png\" \/>\n<meta name=\"author\" content=\"Arnaldo Botto\" \/>\n<meta name=\"twitter:card\" content=\"summary_large_image\" \/>\n<script type=\"application\/ld+json\" class=\"yoast-schema-graph\">{\"@context\":\"https:\/\/schema.org\",\"@graph\":[{\"@type\":\"WebPage\",\"@id\":\"https:\/\/www.noticiasradioreflejos.com.ar\/2021\/el-ipc-subio-49-en-noviembre-y-marco-una-fuerte-desaceleracion-frente-a-octubre\/\",\"url\":\"https:\/\/www.noticiasradioreflejos.com.ar\/2021\/el-ipc-subio-49-en-noviembre-y-marco-una-fuerte-desaceleracion-frente-a-octubre\/\",\"name\":\"El IPC subi\u00f3 4,9% en noviembre y marc\u00f3 una fuerte desaceleraci\u00f3n frente a octubre - Noticias Radio Reflejos\",\"isPartOf\":{\"@id\":\"https:\/\/www.noticiasradioreflejos.com.ar\/2021\/#website\"},\"datePublished\":\"2022-12-15T20:41:32+00:00\",\"author\":{\"@id\":\"https:\/\/www.noticiasradioreflejos.com.ar\/2021\/#\/schema\/person\/ad82545263dcc5ec0996818884fd5fb1\"},\"breadcrumb\":{\"@id\":\"https:\/\/www.noticiasradioreflejos.com.ar\/2021\/el-ipc-subio-49-en-noviembre-y-marco-una-fuerte-desaceleracion-frente-a-octubre\/#breadcrumb\"},\"inLanguage\":\"es\",\"potentialAction\":[{\"@type\":\"ReadAction\",\"target\":[\"https:\/\/www.noticiasradioreflejos.com.ar\/2021\/el-ipc-subio-49-en-noviembre-y-marco-una-fuerte-desaceleracion-frente-a-octubre\/\"]}]},{\"@type\":\"BreadcrumbList\",\"@id\":\"https:\/\/www.noticiasradioreflejos.com.ar\/2021\/el-ipc-subio-49-en-noviembre-y-marco-una-fuerte-desaceleracion-frente-a-octubre\/#breadcrumb\",\"itemListElement\":[{\"@type\":\"ListItem\",\"position\":1,\"name\":\"Portada\",\"item\":\"https:\/\/www.noticiasradioreflejos.com.ar\/2021\/\"},{\"@type\":\"ListItem\",\"position\":2,\"name\":\"El IPC subi\u00f3 4,9% en noviembre y marc\u00f3 una fuerte desaceleraci\u00f3n frente a octubre\"}]},{\"@type\":\"WebSite\",\"@id\":\"https:\/\/www.noticiasradioreflejos.com.ar\/2021\/#website\",\"url\":\"https:\/\/www.noticiasradioreflejos.com.ar\/2021\/\",\"name\":\"Noticias Radio Reflejos\",\"description\":\"Las noticias de mi comarca\",\"potentialAction\":[{\"@type\":\"SearchAction\",\"target\":{\"@type\":\"EntryPoint\",\"urlTemplate\":\"https:\/\/www.noticiasradioreflejos.com.ar\/2021\/?s={search_term_string}\"},\"query-input\":{\"@type\":\"PropertyValueSpecification\",\"valueRequired\":true,\"valueName\":\"search_term_string\"}}],\"inLanguage\":\"es\"},{\"@type\":\"Person\",\"@id\":\"https:\/\/www.noticiasradioreflejos.com.ar\/2021\/#\/schema\/person\/ad82545263dcc5ec0996818884fd5fb1\",\"name\":\"Arnaldo Botto\",\"image\":{\"@type\":\"ImageObject\",\"inLanguage\":\"es\",\"@id\":\"https:\/\/www.noticiasradioreflejos.com.ar\/2021\/#\/schema\/person\/image\/\",\"url\":\"https:\/\/secure.gravatar.com\/avatar\/55cb5e37c1efa326397366e6974cb338056df65cb50e7d64d1cf314e87504837?s=96&d=mm&r=g\",\"contentUrl\":\"https:\/\/secure.gravatar.com\/avatar\/55cb5e37c1efa326397366e6974cb338056df65cb50e7d64d1cf314e87504837?s=96&d=mm&r=g\",\"caption\":\"Arnaldo Botto\"},\"url\":\"https:\/\/www.noticiasradioreflejos.com.ar\/2021\/author\/arnaldo\/\"}]}<\/script>\n<!-- \/ Yoast SEO plugin. -->","yoast_head_json":{"title":"El IPC subi\u00f3 4,9% en noviembre y marc\u00f3 una fuerte desaceleraci\u00f3n frente a octubre - Noticias Radio Reflejos","robots":{"index":"index","follow":"follow","max-snippet":"max-snippet:-1","max-image-preview":"max-image-preview:large","max-video-preview":"max-video-preview:-1"},"canonical":"https:\/\/www.noticiasradioreflejos.com.ar\/2021\/el-ipc-subio-49-en-noviembre-y-marco-una-fuerte-desaceleracion-frente-a-octubre\/","og_locale":"es_ES","og_type":"article","og_title":"El IPC subi\u00f3 4,9% en noviembre y marc\u00f3 una fuerte desaceleraci\u00f3n frente a octubre - Noticias Radio Reflejos","og_description":"El \u00cdndice de Precios al Consumidor (IPC) nacional subi\u00f3 4,9% en noviembre y as\u00ed marc\u00f3 una fuerte desaceleraci\u00f3n respecto al 6,3% registrado en octubre, inform\u00f3 hoy el Instituto Nacional de Estad\u00edstica y Censos (Indec).","og_url":"https:\/\/www.noticiasradioreflejos.com.ar\/2021\/el-ipc-subio-49-en-noviembre-y-marco-una-fuerte-desaceleracion-frente-a-octubre\/","og_site_name":"Noticias Radio Reflejos","article_published_time":"2022-12-15T20:41:32+00:00","og_image":[{"width":300,"height":200,"url":"https:\/\/www.noticiasradioreflejos.com.ar\/2021\/wp-content\/uploads\/2021\/07\/logosol300x200.png","type":"image\/png"}],"author":"Arnaldo Botto","twitter_card":"summary_large_image","schema":{"@context":"https:\/\/schema.org","@graph":[{"@type":"WebPage","@id":"https:\/\/www.noticiasradioreflejos.com.ar\/2021\/el-ipc-subio-49-en-noviembre-y-marco-una-fuerte-desaceleracion-frente-a-octubre\/","url":"https:\/\/www.noticiasradioreflejos.com.ar\/2021\/el-ipc-subio-49-en-noviembre-y-marco-una-fuerte-desaceleracion-frente-a-octubre\/","name":"El IPC subi\u00f3 4,9% en noviembre y marc\u00f3 una fuerte desaceleraci\u00f3n frente a octubre - Noticias Radio Reflejos","isPartOf":{"@id":"https:\/\/www.noticiasradioreflejos.com.ar\/2021\/#website"},"datePublished":"2022-12-15T20:41:32+00:00","author":{"@id":"https:\/\/www.noticiasradioreflejos.com.ar\/2021\/#\/schema\/person\/ad82545263dcc5ec0996818884fd5fb1"},"breadcrumb":{"@id":"https:\/\/www.noticiasradioreflejos.com.ar\/2021\/el-ipc-subio-49-en-noviembre-y-marco-una-fuerte-desaceleracion-frente-a-octubre\/#breadcrumb"},"inLanguage":"es","potentialAction":[{"@type":"ReadAction","target":["https:\/\/www.noticiasradioreflejos.com.ar\/2021\/el-ipc-subio-49-en-noviembre-y-marco-una-fuerte-desaceleracion-frente-a-octubre\/"]}]},{"@type":"BreadcrumbList","@id":"https:\/\/www.noticiasradioreflejos.com.ar\/2021\/el-ipc-subio-49-en-noviembre-y-marco-una-fuerte-desaceleracion-frente-a-octubre\/#breadcrumb","itemListElement":[{"@type":"ListItem","position":1,"name":"Portada","item":"https:\/\/www.noticiasradioreflejos.com.ar\/2021\/"},{"@type":"ListItem","position":2,"name":"El IPC subi\u00f3 4,9% en noviembre y marc\u00f3 una fuerte desaceleraci\u00f3n frente a octubre"}]},{"@type":"WebSite","@id":"https:\/\/www.noticiasradioreflejos.com.ar\/2021\/#website","url":"https:\/\/www.noticiasradioreflejos.com.ar\/2021\/","name":"Noticias Radio Reflejos","description":"Las noticias de mi comarca","potentialAction":[{"@type":"SearchAction","target":{"@type":"EntryPoint","urlTemplate":"https:\/\/www.noticiasradioreflejos.com.ar\/2021\/?s={search_term_string}"},"query-input":{"@type":"PropertyValueSpecification","valueRequired":true,"valueName":"search_term_string"}}],"inLanguage":"es"},{"@type":"Person","@id":"https:\/\/www.noticiasradioreflejos.com.ar\/2021\/#\/schema\/person\/ad82545263dcc5ec0996818884fd5fb1","name":"Arnaldo Botto","image":{"@type":"ImageObject","inLanguage":"es","@id":"https:\/\/www.noticiasradioreflejos.com.ar\/2021\/#\/schema\/person\/image\/","url":"https:\/\/secure.gravatar.com\/avatar\/55cb5e37c1efa326397366e6974cb338056df65cb50e7d64d1cf314e87504837?s=96&d=mm&r=g","contentUrl":"https:\/\/secure.gravatar.com\/avatar\/55cb5e37c1efa326397366e6974cb338056df65cb50e7d64d1cf314e87504837?s=96&d=mm&r=g","caption":"Arnaldo Botto"},"url":"https:\/\/www.noticiasradioreflejos.com.ar\/2021\/author\/arnaldo\/"}]}},"_links":{"self":[{"href":"https:\/\/www.noticiasradioreflejos.com.ar\/2021\/wp-json\/wp\/v2\/posts\/81411","targetHints":{"allow":["GET"]}}],"collection":[{"href":"https:\/\/www.noticiasradioreflejos.com.ar\/2021\/wp-json\/wp\/v2\/posts"}],"about":[{"href":"https:\/\/www.noticiasradioreflejos.com.ar\/2021\/wp-json\/wp\/v2\/types\/post"}],"author":[{"embeddable":true,"href":"https:\/\/www.noticiasradioreflejos.com.ar\/2021\/wp-json\/wp\/v2\/users\/3"}],"replies":[{"embeddable":true,"href":"https:\/\/www.noticiasradioreflejos.com.ar\/2021\/wp-json\/wp\/v2\/comments?post=81411"}],"version-history":[{"count":1,"href":"https:\/\/www.noticiasradioreflejos.com.ar\/2021\/wp-json\/wp\/v2\/posts\/81411\/revisions"}],"predecessor-version":[{"id":81412,"href":"https:\/\/www.noticiasradioreflejos.com.ar\/2021\/wp-json\/wp\/v2\/posts\/81411\/revisions\/81412"}],"wp:attachment":[{"href":"https:\/\/www.noticiasradioreflejos.com.ar\/2021\/wp-json\/wp\/v2\/media?parent=81411"}],"wp:term":[{"taxonomy":"category","embeddable":true,"href":"https:\/\/www.noticiasradioreflejos.com.ar\/2021\/wp-json\/wp\/v2\/categories?post=81411"},{"taxonomy":"post_tag","embeddable":true,"href":"https:\/\/www.noticiasradioreflejos.com.ar\/2021\/wp-json\/wp\/v2\/tags?post=81411"}],"curies":[{"name":"wp","href":"https:\/\/api.w.org\/{rel}","templated":true}]}}