{"id":81407,"date":"2022-12-15T20:38:34","date_gmt":"2022-12-15T20:38:34","guid":{"rendered":"http:\/\/www.noticiasradioreflejos.com.ar\/2021\/?p=81407"},"modified":"2022-12-15T20:38:34","modified_gmt":"2022-12-15T20:38:34","slug":"virus-del-camello-es-menos-contagioso-que-la-covid-19-pero-se-previene-igual-segun-especialista","status":"publish","type":"post","link":"https:\/\/www.noticiasradioreflejos.com.ar\/2021\/virus-del-camello-es-menos-contagioso-que-la-covid-19-pero-se-previene-igual-segun-especialista\/","title":{"rendered":"\u00abVirus del Camello\u00bb: es menos contagioso que la Covid-19, pero se previene igual, seg\u00fan especialista"},"content":{"rendered":"<p>El virus del s\u00edndrome respiratorio del Medio Oriente, conocido como \u00abVirus del Camello\u00bb, que afecta al menos a tres jugadores de la Selecci\u00f3n de Francia que enfrentar\u00e1 a la Argentina en la final de la Copa del Mundo de Qatar 2022, \u00abpuede dar cuadros de neumon\u00eda graves o gripe, tiene menor contagiosidad que la Covid-19 pero se transmite igual por v\u00eda \u00e1rea, por lo que las medidas de prevenci\u00f3n son las mismas, seg\u00fan remarc\u00f3 un infect\u00f3logo.<!--more--><\/p>\n<p>(T\u00e9lam) &#8211; \u00abEl virus referido a los contagios de los jugadores franceses, asociado a los camellos, seguramente es el que provoca el MERS (por sus siglas en ingl\u00e9s), un coronavirus que gener\u00f3 distintos brotes en las dos \u00faltimas d\u00e9cadas en el Medio Oriente, principalmente por el reservorio que tienen los camellos y se demostr\u00f3 que tiene menor poder de contagiosidad a la fecha, respecto a lo que sabemos del SARS-CoV-2, que provoca el coronavirus\u00bb, inform\u00f3 hoy a T\u00e9lam el jefe del servicio de infectolog\u00eda del Hospital Cuenca Alta, de Ca\u00f1uelas, Javier Farina.<\/p>\n<p>El delantero Kingsley Coman se contagi\u00f3 en las \u00faltimas horas del denominado \u00abVirus del Camello\u00bb, una especie de gripe que tambi\u00e9n afect\u00f3 al defensor Dayot Upamecano y el mediocampista Adrien Rabiot, y encendi\u00f3 preocupaci\u00f3n en la selecci\u00f3n de Francia a tres d\u00edas de la final de la Copa del Mundo ante la Argentina.<\/p>\n<p>El entrenador de Francia, Didier Deschamps, revel\u00f3 al peri\u00f3dico deportivo espa\u00f1ol AS, que Coman \u00abtuvo fiebre por la ma\u00f1ana\u00bb y debi\u00f3 permanecer aislado en el hotel, adem\u00e1s de estar procurando tener \u00abtodos los cuidados posibles para que el virus no se propague al resto del plantel\u00bb.<\/p>\n<p>Consultado sobre el virus, Farina -tambi\u00e9n miembro de la Sociedad Argentina de Infectolog\u00eda (SADI)- explic\u00f3 que \u00abpuede dar un cuadro de neumon\u00edas graves o un cuadro respiratorio banal, como una gripe, pero tiene mayor letalidad que el SARS COV2, principalmente porque la afecci\u00f3n es mucho m\u00e1s grande a nivel pulmonar que a las v\u00edas a\u00e9reas superiores del coronavirus\u00bb.<\/p>\n<p>Seg\u00fan informa en su sitio web la Organizaci\u00f3n Mundial de la Salud (OMS), un alto \u00edndice de pacientes, cerca del 35% de los casos de personas con MERS notificados a ese organismo, fallecieron.<\/p>\n<p>Farina se\u00f1al\u00f3 que el MERS y el SARS, denominado SARS CoV1 para distinguirlo del SARS CoV2, detectado por primera vez en Arabia Saudita en 2012, \u00abson dos coronavirus que generaron brotes en varios Estados Miembros de Oriente Medio, \u00c1frica y Asia Meridional, aunque fueron contenidos y no tuvieron diseminaci\u00f3n mundial hasta la fecha\u00bb.<\/p>\n<p>Seg\u00fan la OMS, la transmisi\u00f3n de persona a persona del virus MERS \u00abes posible y tuvo lugar predominantemente entre contactos directos y en entornos de atenci\u00f3n de la salud\u00bb.<\/p>\n<p>\u00abLos mayores brotes se produjeron en establecimientos de salud de Arabia Saudita, los Emiratos \u00c1rabes Unidos y Corea del Sur. Fuera de los entornos de atenci\u00f3n de salud, no se document\u00f3 una transmisi\u00f3n sostenida de persona a persona en ning\u00fan lugar del mundo\u00bb, detall\u00f3 el organismo internacional.<\/p>\n<p>En tanto, Fari\u00f1a indic\u00f3 que como es un virus que se contagia por el aire, al igual que el SARS CoV2, \u00ablas medidas de prevenci\u00f3n son las mismas, como el uso de barbijo, distanciamiento social y los lugares de mala ventilaci\u00f3n y amontonamiento de personas son los m\u00e1s propicios para el contagio\u00bb.<\/p>\n<p>Se prev\u00e9 que la permanente exposici\u00f3n al aire acondicionado y el cambio de temperaturas que se producen en los ambientes en Qatar, adem\u00e1s del cambio de clima de los \u00faltimos d\u00edas, provocaron contagios de esta variante de gripe, que presenta s\u00edntomas tales como fiebre, tos, diarrea y v\u00f3mitos.<\/p>\n<p>Asimismo, el m\u00e9dico infect\u00f3logo record\u00f3 que para este virus \u00abno hay tratamiento ni vacuna puntualmente efectivo hasta la fecha\u00bb.<\/p>\n<p><!--more--><\/p>\n","protected":false},"excerpt":{"rendered":"<p>El virus del s\u00edndrome respiratorio del Medio Oriente, conocido como \u00abVirus del Camello\u00bb, que afecta al menos a tres jugadores de la Selecci\u00f3n de Francia que enfrentar\u00e1 a la Argentina en la final de la Copa del Mundo de Qatar 2022, \u00abpuede dar cuadros de neumon\u00eda graves o gripe, tiene menor contagiosidad que la Covid-19 [&hellip;]<\/p>\n","protected":false},"author":3,"featured_media":0,"comment_status":"closed","ping_status":"closed","sticky":false,"template":"","format":"standard","meta":{"footnotes":""},"categories":[30],"tags":[],"class_list":["post-81407","post","type-post","status-publish","format-standard","hentry","category-salud"],"yoast_head":"<!-- This site is optimized with the Yoast SEO plugin v25.9 - https:\/\/yoast.com\/wordpress\/plugins\/seo\/ -->\n<title>&quot;Virus del Camello&quot;: es menos contagioso que la Covid-19, pero se previene igual, seg\u00fan especialista - Noticias Radio Reflejos<\/title>\n<meta name=\"robots\" content=\"index, follow, max-snippet:-1, max-image-preview:large, max-video-preview:-1\" \/>\n<link rel=\"canonical\" href=\"https:\/\/www.noticiasradioreflejos.com.ar\/2021\/virus-del-camello-es-menos-contagioso-que-la-covid-19-pero-se-previene-igual-segun-especialista\/\" \/>\n<meta property=\"og:locale\" content=\"es_ES\" \/>\n<meta property=\"og:type\" content=\"article\" \/>\n<meta property=\"og:title\" content=\"&quot;Virus del Camello&quot;: es menos contagioso que la Covid-19, pero se previene igual, seg\u00fan especialista - Noticias Radio Reflejos\" \/>\n<meta property=\"og:description\" content=\"El virus del s\u00edndrome respiratorio del Medio Oriente, conocido como \u00abVirus del Camello\u00bb, que afecta al menos a tres jugadores de la Selecci\u00f3n de Francia que enfrentar\u00e1 a la Argentina en la final de la Copa del Mundo de Qatar 2022, \u00abpuede dar cuadros de neumon\u00eda graves o gripe, tiene menor contagiosidad que la Covid-19 [&hellip;]\" \/>\n<meta property=\"og:url\" content=\"https:\/\/www.noticiasradioreflejos.com.ar\/2021\/virus-del-camello-es-menos-contagioso-que-la-covid-19-pero-se-previene-igual-segun-especialista\/\" \/>\n<meta property=\"og:site_name\" content=\"Noticias Radio Reflejos\" \/>\n<meta property=\"article:published_time\" content=\"2022-12-15T20:38:34+00:00\" \/>\n<meta property=\"og:image\" content=\"https:\/\/www.noticiasradioreflejos.com.ar\/2021\/wp-content\/uploads\/2021\/07\/logosol300x200.png\" \/>\n\t<meta property=\"og:image:width\" content=\"300\" \/>\n\t<meta property=\"og:image:height\" content=\"200\" \/>\n\t<meta property=\"og:image:type\" content=\"image\/png\" \/>\n<meta name=\"author\" content=\"Arnaldo Botto\" \/>\n<meta name=\"twitter:card\" content=\"summary_large_image\" \/>\n<script type=\"application\/ld+json\" class=\"yoast-schema-graph\">{\"@context\":\"https:\/\/schema.org\",\"@graph\":[{\"@type\":\"WebPage\",\"@id\":\"https:\/\/www.noticiasradioreflejos.com.ar\/2021\/virus-del-camello-es-menos-contagioso-que-la-covid-19-pero-se-previene-igual-segun-especialista\/\",\"url\":\"https:\/\/www.noticiasradioreflejos.com.ar\/2021\/virus-del-camello-es-menos-contagioso-que-la-covid-19-pero-se-previene-igual-segun-especialista\/\",\"name\":\"\\\"Virus del Camello\\\": es menos contagioso que la Covid-19, pero se previene igual, seg\u00fan especialista - Noticias Radio Reflejos\",\"isPartOf\":{\"@id\":\"https:\/\/www.noticiasradioreflejos.com.ar\/2021\/#website\"},\"datePublished\":\"2022-12-15T20:38:34+00:00\",\"author\":{\"@id\":\"https:\/\/www.noticiasradioreflejos.com.ar\/2021\/#\/schema\/person\/ad82545263dcc5ec0996818884fd5fb1\"},\"breadcrumb\":{\"@id\":\"https:\/\/www.noticiasradioreflejos.com.ar\/2021\/virus-del-camello-es-menos-contagioso-que-la-covid-19-pero-se-previene-igual-segun-especialista\/#breadcrumb\"},\"inLanguage\":\"es\",\"potentialAction\":[{\"@type\":\"ReadAction\",\"target\":[\"https:\/\/www.noticiasradioreflejos.com.ar\/2021\/virus-del-camello-es-menos-contagioso-que-la-covid-19-pero-se-previene-igual-segun-especialista\/\"]}]},{\"@type\":\"BreadcrumbList\",\"@id\":\"https:\/\/www.noticiasradioreflejos.com.ar\/2021\/virus-del-camello-es-menos-contagioso-que-la-covid-19-pero-se-previene-igual-segun-especialista\/#breadcrumb\",\"itemListElement\":[{\"@type\":\"ListItem\",\"position\":1,\"name\":\"Portada\",\"item\":\"https:\/\/www.noticiasradioreflejos.com.ar\/2021\/\"},{\"@type\":\"ListItem\",\"position\":2,\"name\":\"\u00abVirus del Camello\u00bb: es menos contagioso que la Covid-19, pero se previene igual, seg\u00fan especialista\"}]},{\"@type\":\"WebSite\",\"@id\":\"https:\/\/www.noticiasradioreflejos.com.ar\/2021\/#website\",\"url\":\"https:\/\/www.noticiasradioreflejos.com.ar\/2021\/\",\"name\":\"Noticias Radio Reflejos\",\"description\":\"Las noticias de mi comarca\",\"potentialAction\":[{\"@type\":\"SearchAction\",\"target\":{\"@type\":\"EntryPoint\",\"urlTemplate\":\"https:\/\/www.noticiasradioreflejos.com.ar\/2021\/?s={search_term_string}\"},\"query-input\":{\"@type\":\"PropertyValueSpecification\",\"valueRequired\":true,\"valueName\":\"search_term_string\"}}],\"inLanguage\":\"es\"},{\"@type\":\"Person\",\"@id\":\"https:\/\/www.noticiasradioreflejos.com.ar\/2021\/#\/schema\/person\/ad82545263dcc5ec0996818884fd5fb1\",\"name\":\"Arnaldo Botto\",\"image\":{\"@type\":\"ImageObject\",\"inLanguage\":\"es\",\"@id\":\"https:\/\/www.noticiasradioreflejos.com.ar\/2021\/#\/schema\/person\/image\/\",\"url\":\"https:\/\/secure.gravatar.com\/avatar\/55cb5e37c1efa326397366e6974cb338056df65cb50e7d64d1cf314e87504837?s=96&d=mm&r=g\",\"contentUrl\":\"https:\/\/secure.gravatar.com\/avatar\/55cb5e37c1efa326397366e6974cb338056df65cb50e7d64d1cf314e87504837?s=96&d=mm&r=g\",\"caption\":\"Arnaldo Botto\"},\"url\":\"https:\/\/www.noticiasradioreflejos.com.ar\/2021\/author\/arnaldo\/\"}]}<\/script>\n<!-- \/ Yoast SEO plugin. -->","yoast_head_json":{"title":"\"Virus del Camello\": es menos contagioso que la Covid-19, pero se previene igual, seg\u00fan especialista - Noticias Radio Reflejos","robots":{"index":"index","follow":"follow","max-snippet":"max-snippet:-1","max-image-preview":"max-image-preview:large","max-video-preview":"max-video-preview:-1"},"canonical":"https:\/\/www.noticiasradioreflejos.com.ar\/2021\/virus-del-camello-es-menos-contagioso-que-la-covid-19-pero-se-previene-igual-segun-especialista\/","og_locale":"es_ES","og_type":"article","og_title":"\"Virus del Camello\": es menos contagioso que la Covid-19, pero se previene igual, seg\u00fan especialista - Noticias Radio Reflejos","og_description":"El virus del s\u00edndrome respiratorio del Medio Oriente, conocido como \u00abVirus del Camello\u00bb, que afecta al menos a tres jugadores de la Selecci\u00f3n de Francia que enfrentar\u00e1 a la Argentina en la final de la Copa del Mundo de Qatar 2022, \u00abpuede dar cuadros de neumon\u00eda graves o gripe, tiene menor contagiosidad que la Covid-19 [&hellip;]","og_url":"https:\/\/www.noticiasradioreflejos.com.ar\/2021\/virus-del-camello-es-menos-contagioso-que-la-covid-19-pero-se-previene-igual-segun-especialista\/","og_site_name":"Noticias Radio Reflejos","article_published_time":"2022-12-15T20:38:34+00:00","og_image":[{"width":300,"height":200,"url":"https:\/\/www.noticiasradioreflejos.com.ar\/2021\/wp-content\/uploads\/2021\/07\/logosol300x200.png","type":"image\/png"}],"author":"Arnaldo Botto","twitter_card":"summary_large_image","schema":{"@context":"https:\/\/schema.org","@graph":[{"@type":"WebPage","@id":"https:\/\/www.noticiasradioreflejos.com.ar\/2021\/virus-del-camello-es-menos-contagioso-que-la-covid-19-pero-se-previene-igual-segun-especialista\/","url":"https:\/\/www.noticiasradioreflejos.com.ar\/2021\/virus-del-camello-es-menos-contagioso-que-la-covid-19-pero-se-previene-igual-segun-especialista\/","name":"\"Virus del Camello\": es menos contagioso que la Covid-19, pero se previene igual, seg\u00fan especialista - Noticias Radio Reflejos","isPartOf":{"@id":"https:\/\/www.noticiasradioreflejos.com.ar\/2021\/#website"},"datePublished":"2022-12-15T20:38:34+00:00","author":{"@id":"https:\/\/www.noticiasradioreflejos.com.ar\/2021\/#\/schema\/person\/ad82545263dcc5ec0996818884fd5fb1"},"breadcrumb":{"@id":"https:\/\/www.noticiasradioreflejos.com.ar\/2021\/virus-del-camello-es-menos-contagioso-que-la-covid-19-pero-se-previene-igual-segun-especialista\/#breadcrumb"},"inLanguage":"es","potentialAction":[{"@type":"ReadAction","target":["https:\/\/www.noticiasradioreflejos.com.ar\/2021\/virus-del-camello-es-menos-contagioso-que-la-covid-19-pero-se-previene-igual-segun-especialista\/"]}]},{"@type":"BreadcrumbList","@id":"https:\/\/www.noticiasradioreflejos.com.ar\/2021\/virus-del-camello-es-menos-contagioso-que-la-covid-19-pero-se-previene-igual-segun-especialista\/#breadcrumb","itemListElement":[{"@type":"ListItem","position":1,"name":"Portada","item":"https:\/\/www.noticiasradioreflejos.com.ar\/2021\/"},{"@type":"ListItem","position":2,"name":"\u00abVirus del Camello\u00bb: es menos contagioso que la Covid-19, pero se previene igual, seg\u00fan especialista"}]},{"@type":"WebSite","@id":"https:\/\/www.noticiasradioreflejos.com.ar\/2021\/#website","url":"https:\/\/www.noticiasradioreflejos.com.ar\/2021\/","name":"Noticias Radio Reflejos","description":"Las noticias de mi comarca","potentialAction":[{"@type":"SearchAction","target":{"@type":"EntryPoint","urlTemplate":"https:\/\/www.noticiasradioreflejos.com.ar\/2021\/?s={search_term_string}"},"query-input":{"@type":"PropertyValueSpecification","valueRequired":true,"valueName":"search_term_string"}}],"inLanguage":"es"},{"@type":"Person","@id":"https:\/\/www.noticiasradioreflejos.com.ar\/2021\/#\/schema\/person\/ad82545263dcc5ec0996818884fd5fb1","name":"Arnaldo Botto","image":{"@type":"ImageObject","inLanguage":"es","@id":"https:\/\/www.noticiasradioreflejos.com.ar\/2021\/#\/schema\/person\/image\/","url":"https:\/\/secure.gravatar.com\/avatar\/55cb5e37c1efa326397366e6974cb338056df65cb50e7d64d1cf314e87504837?s=96&d=mm&r=g","contentUrl":"https:\/\/secure.gravatar.com\/avatar\/55cb5e37c1efa326397366e6974cb338056df65cb50e7d64d1cf314e87504837?s=96&d=mm&r=g","caption":"Arnaldo Botto"},"url":"https:\/\/www.noticiasradioreflejos.com.ar\/2021\/author\/arnaldo\/"}]}},"_links":{"self":[{"href":"https:\/\/www.noticiasradioreflejos.com.ar\/2021\/wp-json\/wp\/v2\/posts\/81407","targetHints":{"allow":["GET"]}}],"collection":[{"href":"https:\/\/www.noticiasradioreflejos.com.ar\/2021\/wp-json\/wp\/v2\/posts"}],"about":[{"href":"https:\/\/www.noticiasradioreflejos.com.ar\/2021\/wp-json\/wp\/v2\/types\/post"}],"author":[{"embeddable":true,"href":"https:\/\/www.noticiasradioreflejos.com.ar\/2021\/wp-json\/wp\/v2\/users\/3"}],"replies":[{"embeddable":true,"href":"https:\/\/www.noticiasradioreflejos.com.ar\/2021\/wp-json\/wp\/v2\/comments?post=81407"}],"version-history":[{"count":1,"href":"https:\/\/www.noticiasradioreflejos.com.ar\/2021\/wp-json\/wp\/v2\/posts\/81407\/revisions"}],"predecessor-version":[{"id":81409,"href":"https:\/\/www.noticiasradioreflejos.com.ar\/2021\/wp-json\/wp\/v2\/posts\/81407\/revisions\/81409"}],"wp:attachment":[{"href":"https:\/\/www.noticiasradioreflejos.com.ar\/2021\/wp-json\/wp\/v2\/media?parent=81407"}],"wp:term":[{"taxonomy":"category","embeddable":true,"href":"https:\/\/www.noticiasradioreflejos.com.ar\/2021\/wp-json\/wp\/v2\/categories?post=81407"},{"taxonomy":"post_tag","embeddable":true,"href":"https:\/\/www.noticiasradioreflejos.com.ar\/2021\/wp-json\/wp\/v2\/tags?post=81407"}],"curies":[{"name":"wp","href":"https:\/\/api.w.org\/{rel}","templated":true}]}}