{"id":81402,"date":"2022-12-15T20:21:35","date_gmt":"2022-12-15T20:21:35","guid":{"rendered":"http:\/\/www.noticiasradioreflejos.com.ar\/2021\/?p=81402"},"modified":"2022-12-15T20:21:35","modified_gmt":"2022-12-15T20:21:35","slug":"localidades-costeras-bonaerenses-con-mucho-encanto-para-disfrutar-un-verano-imperdible","status":"publish","type":"post","link":"https:\/\/www.noticiasradioreflejos.com.ar\/2021\/localidades-costeras-bonaerenses-con-mucho-encanto-para-disfrutar-un-verano-imperdible\/","title":{"rendered":"Localidades costeras bonaerenses con mucho encanto para disfrutar un verano imperdible"},"content":{"rendered":"<p dir=\"ltr\"><span style=\"color: #666666;\">Lugares apacibles que seducen con sus costumbres de pueblo, sus paisajes de playas agrestes y sus experiencias de relajaci\u00f3n y descanso en los municipios de General Alvarado, San Cayetano y Necochea, donde las peque\u00f1as localidades se convierten en una alternativa singular para\u00a0 embelesar la temporada.\u00a0<\/span><!--more--><\/p>\n<h4 dir=\"ltr\"><span style=\"color: #666666;\">Contacto pleno con la naturaleza<\/span><\/h4>\n<p dir=\"ltr\"><span style=\"color: #666666;\">Las playas pr\u00e1cticamente v\u00edrgenes, solitarias y alejadas del ruido urbano, en Centinela del Mar, General Alvarado, forman parte de los ecosistemas litorales con alta relevancia biol\u00f3gica que preservan comunidades faun\u00edsticas y flor\u00edsticas aut\u00f3ctonas de la costa pampeana austral, incluyendo especies end\u00e9micas como la Lagartija de las Dunas, Monumento Natural de la Provincia de Buenos Aires-<\/span><\/p>\n<p dir=\"ltr\"><span style=\"color: #666666;\">A la localidad se llega desde la ciudad de Miramar por RP 77 hasta RP 88 donde se gira a la izquierda y, luego de\u00a0 32 kil\u00f3metros, se encuentra el acceso con 17 kil\u00f3metros por tierra directo hasta la entrada. Otra alternativa es tomar el camino de tierra desde Mar del Sud durante 35 kil\u00f3metros.<\/span><\/p>\n<p dir=\"ltr\"><span style=\"color: #666666;\">Desde Rocas Negras hasta el Arroyo La Nutria Mansa, es una Reserva Natural que protege restos f\u00f3siles con gran importancia para comprender el pasado y la evoluci\u00f3n de las especies en la regi\u00f3n.\u00a0<\/span><\/p>\n<p><span style=\"color: #666666;\">\u00a0<\/span><\/p>\n<p dir=\"ltr\"><span style=\"color: #666666;\">\u201cEl valor paisaj\u00edstico para la explotaci\u00f3n eco-tur\u00edstica de bajo impacto puede representar un interesante recurso econ\u00f3mico local, siempre que respete la intangibilidad necesaria que deben mantener muchos de sus sectores para lograr su sustentabilidad a largo plazo\u201d, afirm\u00f3 Claudia Manso, directora de Promoci\u00f3n Tur\u00edstica local.\u00a0<\/span><\/p>\n<p dir=\"ltr\"><span style=\"color: #666666;\">El pago cuenta con el peque\u00f1o parador La Lagartija, ubicado en la vieja usina, donde se puede disfrutar de la gastronom\u00eda y descansar en un peque\u00f1o alojamiento.\u00a0<\/span><\/p>\n<p dir=\"ltr\"><span style=\"color: #666666;\">\u00a0<\/span><\/p>\n<p dir=\"ltr\"><span style=\"color: #666666;\">Para quienes prefieren un men\u00fa vegetariano crudivegano org\u00e1nico de estaci\u00f3n, Lotus Cocina Viva -FB: Lotus Carla Prieto- es una opci\u00f3n perfecta que tiene como protagonistas a las cenas de luna llena sobre la playa: \u201cAcompa\u00f1adas por m\u00fasica de tambores y todo lo relacionado a nuestros ancestros, para conectar con uno mismo y la naturaleza. Cultivamos, cosechamos, y llevamos a la mesa productos con mucho respeto. Aparte del restaurante, realizamos clases de cocina con recetas en cuatro entregas e informaci\u00f3n sobre nuestros retiros detox\u201d, detall\u00f3 su propietaria Carla Prieto.\u00a0<\/span><\/p>\n<p dir=\"ltr\"><span style=\"color: #666666;\">La comunidad de este destino tur\u00edstico es parte de encuentros y pe\u00f1as folcl\u00f3ricas que atraen un nutrido p\u00fablico, pugnando por conservar las tradiciones ancestrales con participaci\u00f3n de artistas pampeanos y patag\u00f3nicos.<\/span><\/p>\n<p dir=\"ltr\"><span style=\"color: #666666;\">\u00a0<\/span><\/p>\n<p dir=\"ltr\"><span style=\"color: #666666;\">En el barrio de la Baliza, a dos cuadras del ic\u00f3nico muelle y a otras dos del Vivero Dun\u00edcola Florentino Ameghino, cobijada por un paisaje de ensue\u00f1o, se encuentra una peque\u00f1a f\u00e1brica familiar, donde se elaboran todos los productos de manera completamente artesanal y a la vista.\u00a0 Mam\u00e1 Norma -FB: MamaNormaAlfajores- abri\u00f3 sus puertas un 20 de diciembre del 2010 cuando Norma y Marcelo se mudaron a esta ciudad. Los primeros a\u00f1os trabajaron durante las temporadas y, con el tiempo, decidieron redoblar la apuesta: abrir todos los meses para que el p\u00fablico local pudiera deleitarse con sus alfajores en cualquier momento del a\u00f1o.\u00a0<\/span><\/p>\n<p dir=\"ltr\"><span style=\"color: #666666;\">\u201cActualmente, Ayel\u00e9n (hija mayor de Marcelo) y yo, hacemos honor al proyecto, seguimos adelante a cargo de la marca ya reconocida a nivel internacional: en agosto de este a\u00f1o, obtuvo la medalla de oro en la categor\u00eda Mejor Alfajor Simple del Campeonato Mundial del Alfajor, para el de dulce de leche ba\u00f1ado con chocolate blanco\u201d, relat\u00f3 Norma Larrosa, responsable del emprendimiento.<\/span><\/p>\n<p><span style=\"color: #666666;\">\u00a0<\/span><\/p>\n<h4 dir=\"ltr\"><span style=\"color: #666666;\">La playa bonaerense con peque\u00f1as bah\u00edas<\/span><\/h4>\n<p dir=\"ltr\"><span style=\"color: #666666;\">A 75 kil\u00f3metros de la ciudad de San Cayetano, emplazada entre m\u00e9danos, afloramientos rocosos y vegetaci\u00f3n agreste, la playa donde se forman peque\u00f1as bah\u00edas presenta atardeceres de pel\u00edcula.\u00a0<\/span><\/p>\n<p dir=\"ltr\"><span style=\"color: #666666;\">Deportes de agua, pesca deportiva, descanso, recreaci\u00f3n al aire libre y fotograf\u00eda\u00a0 invitan a la sorpresa y el disfrute. Tambi\u00e9n se pueden observar , y diferentes naufragios: los m\u00e1s populares son barco \u00abEl charr\u00faa\u00bb que se encuentra en el mar y se ve cuando la marea est\u00e1 muy baja, y \u00abPagrus I\u00bb, ubicado sobre la arena, unos 8 kil\u00f3metros hacia el oeste, la \u00fanica\u00a0manera de llegar es a pie o en veh\u00edculos con doble tracci\u00f3n.\u00a0<\/span><\/p>\n<p dir=\"ltr\"><span style=\"color: #666666;\">Otro cl\u00e1sico del destino son los paseos en bici en sus paisajes so\u00f1ados. Desde la Oficina de Turismo local prestan bicicletas para todas las edades y, adaptadas, para personas con movilidad reducida.<\/span><\/p>\n<p dir=\"ltr\"><span style=\"color: #666666;\">\u201cEn el acceso a la villa, un sendero peatonal autoguiado de unos 3 kil\u00f3metros con dos miradores de aves, llega hasta la laguna La Salada. En este momento con un nivel baj\u00edsimo de agua se ofrecen kayaks y funciona un sector de parrillas\u00a0y sombra de uso p\u00fablico y gratuito\u201d, detall\u00f3 Luc\u00eda Camejo, coordinadora de Turismo local &#8211; <a href=\"http:\/\/www.sancayetano.tur.ar\/\" target=\"_blank\" rel=\"noopener\" data-saferedirecturl=\"https:\/\/www.google.com\/url?q=http:\/\/www.sancayetano.tur.ar\/&amp;source=gmail&amp;ust=1671220065207000&amp;usg=AOvVaw2oYazDb2JmQ49SPnHSezzH\">www.sancayetano.tur.ar<\/a>&#8211; Adem\u00e1s, anticip\u00f3 que pr\u00f3ximamente inaugurar\u00e1n un complejo con piletas de arena, gimnasio a cielo abierto y cancha de v\u00f3ley.<\/span><\/p>\n<p dir=\"ltr\"><span style=\"color: #666666;\">Tres campings, caba\u00f1as, restaurantes, cervecer\u00eda, pasteler\u00eda, proveedur\u00edas, servicio policial, sala de primeros auxilios, guardavidas y prefectura naval son algunos de los servicios que incluye el balneario.\u00a0<\/span><\/p>\n<p dir=\"ltr\"><span style=\"color: #666666;\">\u201cLos alfabrownies de chocolate y los de lim\u00f3n me hicieron famosa pero tambi\u00e9n me piden mucho la tarta Anal\u00eda, el lemon curd y el rogel. En salado, lo que m\u00e1s sale es el panettone a los cuatro quesos\u201d, cont\u00f3 Anal\u00eda St\u00e9fano -IG: @analiastefanopasteleria-, quien brinda desayunos, meriendas y cenas deliciosas.\u00a0<\/span><\/p>\n<p><a data-flickr-embed=\"true\" href=\"https:\/\/www.flickr.com\/photos\/182279889@N02\/52566130275\/in\/dateposted-public\/\" title=\"Lotus\"><img loading=\"lazy\" decoding=\"async\" src=\"https:\/\/live.staticflickr.com\/65535\/52566130275_6c7bd5dd4b_c.jpg\" width=\"800\" height=\"686\" alt=\"Lotus\"><\/a><script async src=\"\/\/embedr.flickr.com\/assets\/client-code.js\" charset=\"utf-8\"><\/script><\/p>\n<h4 dir=\"ltr\"><span style=\"color: #666666;\">Maravillas enmarcadas por el oc\u00e9ano Atl\u00e1ntico<\/span><\/h4>\n<p dir=\"ltr\"><span style=\"color: #666666;\">El nuevo paseo Lago de los Cisnes aparece como atractivo destacado entre las playas y bosques de Necochea: un sitio de encuentro para el esparcimiento, el aprendizaje y el contacto flu\u00eddo con la naturaleza, a partir de una experiencia recreativa integral.<\/span><\/p>\n<p dir=\"ltr\"><span style=\"color: #666666;\">Juegos de aventura como tirolesa, paseos en hidropedal, v\u00e9rtigo jumping, palestra, kayaks, toro mec\u00e1nico, inflables y calesita, locales gastron\u00f3micos, tienda de artesan\u00edas y granja ecol\u00f3gica tienen como centro a este lago artificial.\u00a0<\/span><\/p>\n<p dir=\"ltr\"><span style=\"color: #666666;\">\u201cLos aparts equipados con todas las comodidades se encuentran dentro de un sector del complejo\u201d, inform\u00f3 Pablo Etchegaray de Aparts del Lago de los Cisnes &#8211; IG: @a<a href=\"https:\/\/www.instagram.com\/apartslagodeloscisnes\/?hl=es-la\" target=\"_blank\" rel=\"noopener\" data-saferedirecturl=\"https:\/\/www.google.com\/url?q=https:\/\/www.instagram.com\/apartslagodeloscisnes\/?hl%3Des-la&amp;source=gmail&amp;ust=1671220065207000&amp;usg=AOvVaw2Wf_ID4Gi9iOA33hS0g-XY\">partslagodeloscisnes\/?hl=es-<wbr \/>la<\/a>-.<\/span><\/p>\n<p dir=\"ltr\"><span style=\"color: #666666;\">Quienes visiten este para\u00edso de playa no pueden dejar de pasar por el Museo Casa del Faro -@museocasadelfaro-, emplazado al pie del faro, en la calle 535 al 542, como iniciativa del reconocido artista quequenense, Nicasio D\u00edaz Llanos. Muestra permanente sobre \u00f3leos y acuarelas de artistas nacionales e internacionales, cert\u00e1menes literarios y de fotograf\u00eda, exposiciones de consagradas y emergentes, festivales de cine, presentaciones de libros, talleres y charlas, con vista privilegiada al mar.<\/span><\/p>\n<p dir=\"ltr\"><span style=\"color: #666666;\">El Apart Las Barrancas -IG: @lasbarrancasapartyspa-, a la vera del R\u00edo\u00a0Quequ\u00e9n\u00a0en el paseo de la Rivera, promete confort y relax en sus piscina climatizada indoor\u00a0y outdoor, jacuzzi, sauna, deck solarium y departamentos totalmente equipados. \u201cLas y los hu\u00e9spedes cuentan con todos los servicios que les otorga el Club del Valle como canchas de tenis, b\u00e1squet, hockey, f\u00fatbol, actividades n\u00e1uticas y\u00a0 paseos en bicicleta\u201d, dijo Agust\u00edn Ferrari, gerente del hotel.<\/span><\/p>\n<p dir=\"ltr\"><span style=\"color: #666666;\">\u00a0<\/span><\/p>\n<p dir=\"ltr\"><span style=\"color: #666666;\">Ubicados en la avenida 2 y calle 117, y avenida 2 y calle 83 respectivamente, alejados del centro de la ciudad, los complejos Kabryl -IG: @kabrylnecochea- y Tarsis &#8211;<a href=\"mailto:complejotarsisnecochea@hotmail.com\" target=\"_blank\" rel=\"noopener\">complejotarsisnecochea@<wbr \/>hotmail.com<\/a>&#8211; cuentan con servicio de restaurante, alquiler de sillas y sombrillas m\u00f3viles para bajar a la arena, estacionamiento, kiosco, cafeter\u00eda, patio cervecero.\u00a0\u201cLo que m\u00e1s gusta son los atardeceres y los after beach que se realizan con djs y bandas en vivo\u201d, asegur\u00f3 Juan Ferrario, a cargo del proyecto.<\/span><\/p>\n<p dir=\"ltr\"><span style=\"color: #666666;\">General Alvarado, San Cayetano y Necochea recrean su encanto en localidades costeras con experiencias inolvidables para sentir la alegr\u00eda que produce viajar por la provincia de Buenos Aires.<\/span><\/p>\n","protected":false},"excerpt":{"rendered":"<p>Lugares apacibles que seducen con sus costumbres de pueblo, sus paisajes de playas agrestes y sus experiencias de relajaci\u00f3n y descanso en los municipios de General Alvarado, San Cayetano y Necochea, donde las peque\u00f1as localidades se convierten en una alternativa singular para\u00a0 embelesar la temporada.\u00a0<\/p>\n","protected":false},"author":3,"featured_media":0,"comment_status":"closed","ping_status":"closed","sticky":false,"template":"","format":"standard","meta":{"footnotes":""},"categories":[33],"tags":[],"class_list":["post-81402","post","type-post","status-publish","format-standard","hentry","category-turismo"],"yoast_head":"<!-- This site is optimized with the Yoast SEO plugin v25.9 - https:\/\/yoast.com\/wordpress\/plugins\/seo\/ -->\n<title>Localidades costeras bonaerenses con mucho encanto para disfrutar un verano imperdible - Noticias Radio Reflejos<\/title>\n<meta name=\"robots\" content=\"index, follow, max-snippet:-1, max-image-preview:large, max-video-preview:-1\" \/>\n<link rel=\"canonical\" href=\"https:\/\/www.noticiasradioreflejos.com.ar\/2021\/localidades-costeras-bonaerenses-con-mucho-encanto-para-disfrutar-un-verano-imperdible\/\" \/>\n<meta property=\"og:locale\" content=\"es_ES\" \/>\n<meta property=\"og:type\" content=\"article\" \/>\n<meta property=\"og:title\" content=\"Localidades costeras bonaerenses con mucho encanto para disfrutar un verano imperdible - Noticias Radio Reflejos\" \/>\n<meta property=\"og:description\" content=\"Lugares apacibles que seducen con sus costumbres de pueblo, sus paisajes de playas agrestes y sus experiencias de relajaci\u00f3n y descanso en los municipios de General Alvarado, San Cayetano y Necochea, donde las peque\u00f1as localidades se convierten en una alternativa singular para\u00a0 embelesar la temporada.\u00a0\" \/>\n<meta property=\"og:url\" content=\"https:\/\/www.noticiasradioreflejos.com.ar\/2021\/localidades-costeras-bonaerenses-con-mucho-encanto-para-disfrutar-un-verano-imperdible\/\" \/>\n<meta property=\"og:site_name\" content=\"Noticias Radio Reflejos\" \/>\n<meta property=\"article:published_time\" content=\"2022-12-15T20:21:35+00:00\" \/>\n<meta property=\"og:image\" content=\"https:\/\/live.staticflickr.com\/65535\/52566130275_6c7bd5dd4b_c.jpg\" \/>\n<meta name=\"author\" content=\"Arnaldo Botto\" \/>\n<meta name=\"twitter:card\" content=\"summary_large_image\" \/>\n<script type=\"application\/ld+json\" class=\"yoast-schema-graph\">{\"@context\":\"https:\/\/schema.org\",\"@graph\":[{\"@type\":\"WebPage\",\"@id\":\"https:\/\/www.noticiasradioreflejos.com.ar\/2021\/localidades-costeras-bonaerenses-con-mucho-encanto-para-disfrutar-un-verano-imperdible\/\",\"url\":\"https:\/\/www.noticiasradioreflejos.com.ar\/2021\/localidades-costeras-bonaerenses-con-mucho-encanto-para-disfrutar-un-verano-imperdible\/\",\"name\":\"Localidades costeras bonaerenses con mucho encanto para disfrutar un verano imperdible - Noticias Radio Reflejos\",\"isPartOf\":{\"@id\":\"https:\/\/www.noticiasradioreflejos.com.ar\/2021\/#website\"},\"primaryImageOfPage\":{\"@id\":\"https:\/\/www.noticiasradioreflejos.com.ar\/2021\/localidades-costeras-bonaerenses-con-mucho-encanto-para-disfrutar-un-verano-imperdible\/#primaryimage\"},\"image\":{\"@id\":\"https:\/\/www.noticiasradioreflejos.com.ar\/2021\/localidades-costeras-bonaerenses-con-mucho-encanto-para-disfrutar-un-verano-imperdible\/#primaryimage\"},\"thumbnailUrl\":\"https:\/\/live.staticflickr.com\/65535\/52566130275_6c7bd5dd4b_c.jpg\",\"datePublished\":\"2022-12-15T20:21:35+00:00\",\"author\":{\"@id\":\"https:\/\/www.noticiasradioreflejos.com.ar\/2021\/#\/schema\/person\/ad82545263dcc5ec0996818884fd5fb1\"},\"breadcrumb\":{\"@id\":\"https:\/\/www.noticiasradioreflejos.com.ar\/2021\/localidades-costeras-bonaerenses-con-mucho-encanto-para-disfrutar-un-verano-imperdible\/#breadcrumb\"},\"inLanguage\":\"es\",\"potentialAction\":[{\"@type\":\"ReadAction\",\"target\":[\"https:\/\/www.noticiasradioreflejos.com.ar\/2021\/localidades-costeras-bonaerenses-con-mucho-encanto-para-disfrutar-un-verano-imperdible\/\"]}]},{\"@type\":\"ImageObject\",\"inLanguage\":\"es\",\"@id\":\"https:\/\/www.noticiasradioreflejos.com.ar\/2021\/localidades-costeras-bonaerenses-con-mucho-encanto-para-disfrutar-un-verano-imperdible\/#primaryimage\",\"url\":\"https:\/\/live.staticflickr.com\/65535\/52566130275_6c7bd5dd4b_c.jpg\",\"contentUrl\":\"https:\/\/live.staticflickr.com\/65535\/52566130275_6c7bd5dd4b_c.jpg\"},{\"@type\":\"BreadcrumbList\",\"@id\":\"https:\/\/www.noticiasradioreflejos.com.ar\/2021\/localidades-costeras-bonaerenses-con-mucho-encanto-para-disfrutar-un-verano-imperdible\/#breadcrumb\",\"itemListElement\":[{\"@type\":\"ListItem\",\"position\":1,\"name\":\"Portada\",\"item\":\"https:\/\/www.noticiasradioreflejos.com.ar\/2021\/\"},{\"@type\":\"ListItem\",\"position\":2,\"name\":\"Localidades costeras bonaerenses con mucho encanto para disfrutar un verano imperdible\"}]},{\"@type\":\"WebSite\",\"@id\":\"https:\/\/www.noticiasradioreflejos.com.ar\/2021\/#website\",\"url\":\"https:\/\/www.noticiasradioreflejos.com.ar\/2021\/\",\"name\":\"Noticias Radio Reflejos\",\"description\":\"Las noticias de mi comarca\",\"potentialAction\":[{\"@type\":\"SearchAction\",\"target\":{\"@type\":\"EntryPoint\",\"urlTemplate\":\"https:\/\/www.noticiasradioreflejos.com.ar\/2021\/?s={search_term_string}\"},\"query-input\":{\"@type\":\"PropertyValueSpecification\",\"valueRequired\":true,\"valueName\":\"search_term_string\"}}],\"inLanguage\":\"es\"},{\"@type\":\"Person\",\"@id\":\"https:\/\/www.noticiasradioreflejos.com.ar\/2021\/#\/schema\/person\/ad82545263dcc5ec0996818884fd5fb1\",\"name\":\"Arnaldo Botto\",\"image\":{\"@type\":\"ImageObject\",\"inLanguage\":\"es\",\"@id\":\"https:\/\/www.noticiasradioreflejos.com.ar\/2021\/#\/schema\/person\/image\/\",\"url\":\"https:\/\/secure.gravatar.com\/avatar\/55cb5e37c1efa326397366e6974cb338056df65cb50e7d64d1cf314e87504837?s=96&d=mm&r=g\",\"contentUrl\":\"https:\/\/secure.gravatar.com\/avatar\/55cb5e37c1efa326397366e6974cb338056df65cb50e7d64d1cf314e87504837?s=96&d=mm&r=g\",\"caption\":\"Arnaldo Botto\"},\"url\":\"https:\/\/www.noticiasradioreflejos.com.ar\/2021\/author\/arnaldo\/\"}]}<\/script>\n<!-- \/ Yoast SEO plugin. -->","yoast_head_json":{"title":"Localidades costeras bonaerenses con mucho encanto para disfrutar un verano imperdible - Noticias Radio Reflejos","robots":{"index":"index","follow":"follow","max-snippet":"max-snippet:-1","max-image-preview":"max-image-preview:large","max-video-preview":"max-video-preview:-1"},"canonical":"https:\/\/www.noticiasradioreflejos.com.ar\/2021\/localidades-costeras-bonaerenses-con-mucho-encanto-para-disfrutar-un-verano-imperdible\/","og_locale":"es_ES","og_type":"article","og_title":"Localidades costeras bonaerenses con mucho encanto para disfrutar un verano imperdible - Noticias Radio Reflejos","og_description":"Lugares apacibles que seducen con sus costumbres de pueblo, sus paisajes de playas agrestes y sus experiencias de relajaci\u00f3n y descanso en los municipios de General Alvarado, San Cayetano y Necochea, donde las peque\u00f1as localidades se convierten en una alternativa singular para\u00a0 embelesar la temporada.\u00a0","og_url":"https:\/\/www.noticiasradioreflejos.com.ar\/2021\/localidades-costeras-bonaerenses-con-mucho-encanto-para-disfrutar-un-verano-imperdible\/","og_site_name":"Noticias Radio Reflejos","article_published_time":"2022-12-15T20:21:35+00:00","og_image":[{"url":"https:\/\/live.staticflickr.com\/65535\/52566130275_6c7bd5dd4b_c.jpg","type":"","width":"","height":""}],"author":"Arnaldo Botto","twitter_card":"summary_large_image","schema":{"@context":"https:\/\/schema.org","@graph":[{"@type":"WebPage","@id":"https:\/\/www.noticiasradioreflejos.com.ar\/2021\/localidades-costeras-bonaerenses-con-mucho-encanto-para-disfrutar-un-verano-imperdible\/","url":"https:\/\/www.noticiasradioreflejos.com.ar\/2021\/localidades-costeras-bonaerenses-con-mucho-encanto-para-disfrutar-un-verano-imperdible\/","name":"Localidades costeras bonaerenses con mucho encanto para disfrutar un verano imperdible - Noticias Radio Reflejos","isPartOf":{"@id":"https:\/\/www.noticiasradioreflejos.com.ar\/2021\/#website"},"primaryImageOfPage":{"@id":"https:\/\/www.noticiasradioreflejos.com.ar\/2021\/localidades-costeras-bonaerenses-con-mucho-encanto-para-disfrutar-un-verano-imperdible\/#primaryimage"},"image":{"@id":"https:\/\/www.noticiasradioreflejos.com.ar\/2021\/localidades-costeras-bonaerenses-con-mucho-encanto-para-disfrutar-un-verano-imperdible\/#primaryimage"},"thumbnailUrl":"https:\/\/live.staticflickr.com\/65535\/52566130275_6c7bd5dd4b_c.jpg","datePublished":"2022-12-15T20:21:35+00:00","author":{"@id":"https:\/\/www.noticiasradioreflejos.com.ar\/2021\/#\/schema\/person\/ad82545263dcc5ec0996818884fd5fb1"},"breadcrumb":{"@id":"https:\/\/www.noticiasradioreflejos.com.ar\/2021\/localidades-costeras-bonaerenses-con-mucho-encanto-para-disfrutar-un-verano-imperdible\/#breadcrumb"},"inLanguage":"es","potentialAction":[{"@type":"ReadAction","target":["https:\/\/www.noticiasradioreflejos.com.ar\/2021\/localidades-costeras-bonaerenses-con-mucho-encanto-para-disfrutar-un-verano-imperdible\/"]}]},{"@type":"ImageObject","inLanguage":"es","@id":"https:\/\/www.noticiasradioreflejos.com.ar\/2021\/localidades-costeras-bonaerenses-con-mucho-encanto-para-disfrutar-un-verano-imperdible\/#primaryimage","url":"https:\/\/live.staticflickr.com\/65535\/52566130275_6c7bd5dd4b_c.jpg","contentUrl":"https:\/\/live.staticflickr.com\/65535\/52566130275_6c7bd5dd4b_c.jpg"},{"@type":"BreadcrumbList","@id":"https:\/\/www.noticiasradioreflejos.com.ar\/2021\/localidades-costeras-bonaerenses-con-mucho-encanto-para-disfrutar-un-verano-imperdible\/#breadcrumb","itemListElement":[{"@type":"ListItem","position":1,"name":"Portada","item":"https:\/\/www.noticiasradioreflejos.com.ar\/2021\/"},{"@type":"ListItem","position":2,"name":"Localidades costeras bonaerenses con mucho encanto para disfrutar un verano imperdible"}]},{"@type":"WebSite","@id":"https:\/\/www.noticiasradioreflejos.com.ar\/2021\/#website","url":"https:\/\/www.noticiasradioreflejos.com.ar\/2021\/","name":"Noticias Radio Reflejos","description":"Las noticias de mi comarca","potentialAction":[{"@type":"SearchAction","target":{"@type":"EntryPoint","urlTemplate":"https:\/\/www.noticiasradioreflejos.com.ar\/2021\/?s={search_term_string}"},"query-input":{"@type":"PropertyValueSpecification","valueRequired":true,"valueName":"search_term_string"}}],"inLanguage":"es"},{"@type":"Person","@id":"https:\/\/www.noticiasradioreflejos.com.ar\/2021\/#\/schema\/person\/ad82545263dcc5ec0996818884fd5fb1","name":"Arnaldo Botto","image":{"@type":"ImageObject","inLanguage":"es","@id":"https:\/\/www.noticiasradioreflejos.com.ar\/2021\/#\/schema\/person\/image\/","url":"https:\/\/secure.gravatar.com\/avatar\/55cb5e37c1efa326397366e6974cb338056df65cb50e7d64d1cf314e87504837?s=96&d=mm&r=g","contentUrl":"https:\/\/secure.gravatar.com\/avatar\/55cb5e37c1efa326397366e6974cb338056df65cb50e7d64d1cf314e87504837?s=96&d=mm&r=g","caption":"Arnaldo Botto"},"url":"https:\/\/www.noticiasradioreflejos.com.ar\/2021\/author\/arnaldo\/"}]}},"_links":{"self":[{"href":"https:\/\/www.noticiasradioreflejos.com.ar\/2021\/wp-json\/wp\/v2\/posts\/81402","targetHints":{"allow":["GET"]}}],"collection":[{"href":"https:\/\/www.noticiasradioreflejos.com.ar\/2021\/wp-json\/wp\/v2\/posts"}],"about":[{"href":"https:\/\/www.noticiasradioreflejos.com.ar\/2021\/wp-json\/wp\/v2\/types\/post"}],"author":[{"embeddable":true,"href":"https:\/\/www.noticiasradioreflejos.com.ar\/2021\/wp-json\/wp\/v2\/users\/3"}],"replies":[{"embeddable":true,"href":"https:\/\/www.noticiasradioreflejos.com.ar\/2021\/wp-json\/wp\/v2\/comments?post=81402"}],"version-history":[{"count":1,"href":"https:\/\/www.noticiasradioreflejos.com.ar\/2021\/wp-json\/wp\/v2\/posts\/81402\/revisions"}],"predecessor-version":[{"id":81404,"href":"https:\/\/www.noticiasradioreflejos.com.ar\/2021\/wp-json\/wp\/v2\/posts\/81402\/revisions\/81404"}],"wp:attachment":[{"href":"https:\/\/www.noticiasradioreflejos.com.ar\/2021\/wp-json\/wp\/v2\/media?parent=81402"}],"wp:term":[{"taxonomy":"category","embeddable":true,"href":"https:\/\/www.noticiasradioreflejos.com.ar\/2021\/wp-json\/wp\/v2\/categories?post=81402"},{"taxonomy":"post_tag","embeddable":true,"href":"https:\/\/www.noticiasradioreflejos.com.ar\/2021\/wp-json\/wp\/v2\/tags?post=81402"}],"curies":[{"name":"wp","href":"https:\/\/api.w.org\/{rel}","templated":true}]}}