{"id":81399,"date":"2022-12-15T20:08:45","date_gmt":"2022-12-15T20:08:45","guid":{"rendered":"http:\/\/www.noticiasradioreflejos.com.ar\/2021\/?p=81399"},"modified":"2022-12-16T16:48:21","modified_gmt":"2022-12-16T16:48:21","slug":"parque-tomado-ambientalismo-popular","status":"publish","type":"post","link":"https:\/\/www.noticiasradioreflejos.com.ar\/2021\/parque-tomado-ambientalismo-popular\/","title":{"rendered":"PARQUE TOMADO. \u00bfAMBIENTALISMO POPULAR?"},"content":{"rendered":"<p><strong>El Parque Provincial Ernesto Tornquist<\/strong>, tiene \u201cel doble prop\u00f3sito de proteger la naturaleza y ofrecer solaz al pueblo\u2026\u201d. Qu\u00e9 parad\u00f3jico que esta unidad de conservaci\u00f3n sea la Reserva con m\u00e1s requisitos de ingreso. Para subir al Cerro Ventana se requiere, adem\u00e1s de abonar el derecho de entrada, pagar los honorarios de un Gu\u00eda privado. Siendo Monumento Natural, es cierto que debe tener ciertas restricciones para su conservaci\u00f3n, en funci\u00f3n de la capacidad de carga, pero seg\u00fan la reciente entrevista al Encargado del Parque, pareciera que esta situaci\u00f3n tiene m\u00e1s que ver con que los Gu\u00edas privados tengan la posibilidad de\u00a0 \u201cgenerar su profesi\u00f3n\u201d que con un ferviente deseo conservacionista.<!--more--><\/p>\n<p><a title=\"PPET (1)\" href=\"https:\/\/www.flickr.com\/photos\/182279889@N02\/52565183442\/in\/dateposted-public\/\" data-flickr-embed=\"true\"><img loading=\"lazy\" decoding=\"async\" src=\"https:\/\/live.staticflickr.com\/65535\/52565183442_c17245176d_c.jpg\" alt=\"PPET (1)\" width=\"800\" height=\"591\" \/><\/a><br \/>\n<strong><span style=\"color: #003300;\"><em>Daniel Porte en la inauguraci\u00f3n en el a\u00f1o 2000 de las instalaciones actuales en el Cerro Ventana.<\/em><\/span><\/strong><\/p>\n<p>&nbsp;<\/p>\n<p>De acuerdo a estos dichos, \u00bfser\u00e1 que la funci\u00f3n m\u00e1s importante de este espacio p\u00fablico es la de alimentar profesiones privadas? Y no de cualquier profesi\u00f3n. Sino la de los Gu\u00edas de Turismo, quienes estar\u00edan en condiciones de garantizar la seguridad del visitante, el ambiente, la biodiversidad y ofrecer la informaci\u00f3n relevante, que es responsabilidad exclusiva de personal provincial. \u201cLos Gu\u00edas explican absolutamente de todo\u201d expres\u00f3 el funcionario.<\/p>\n<p>El Parque ha sido entregado a un sector privado, que no solo privatiza el ingreso al Cerro Ventana, sino tambi\u00e9n el discurso del Estado. Entonces \u00bfd\u00f3nde est\u00e1 lo \u201cpopular\u201d, del ambientalismo que pregona la Provincia.? Volveremos con ello m\u00e1s adelante.<\/p>\n<p>Esta no es la \u00fanica \u201ctoma\u201d que padece nuestra Reserva Natural. El pastizal serrano, uno de los principales objetos de conservaci\u00f3n, se encuentra en peligro, y con \u00e9l la biodiversidad nativa y end\u00e9mica. El parque est\u00e1 cada vez m\u00e1s tomado, sobre todo, por especies ex\u00f3ticas invasoras, entre ellas los equinos, que, sin temor a equivocarme, estar\u00e1n padeciendo parasitosis y problemas alimentarios, entre otros. Probablemente dir\u00e1n que la Universidad Nacional del Sur est\u00e1 haciendo un \u201cestudio de investigaci\u00f3n\u201d para elaborar un \u201cplan\u201d de manejo de los caballos asilvestrados, que llevar\u00e1 a\u00f1os. Otros m\u00e1s de aquellos que ya se llevaron adelante y permitieron que el investigador especialista en equinos de esa universidad obtenga su doctorado. No hay nada nuevo. Y lo saben. Muchos doctorados se han obtenido de los problemas ambientales del Parque y nada ha cambiado. Pero hace falta que la universidad entregue otro m\u00e1s y a cambio ofrece una contribuci\u00f3n a la provincia: prolongar la agon\u00eda del ambiente.<\/p>\n<p><a title=\"PPET (5)\" href=\"https:\/\/www.flickr.com\/photos\/182279889@N02\/52565183517\/in\/dateposted-public\/\" data-flickr-embed=\"true\"><img loading=\"lazy\" decoding=\"async\" src=\"https:\/\/live.staticflickr.com\/65535\/52565183517_75e809303c_c.jpg\" alt=\"PPET (5)\" width=\"800\" height=\"595\" \/><\/a><\/p>\n<p>Despu\u00e9s encontrar\u00e1n otra excusa para postergar lo que se sabe que hay que hacer: la urgente extracci\u00f3n de esos animales a otros sitios. Su atenci\u00f3n, desparasitaci\u00f3n, vacunaci\u00f3n y alimento adecuado.<\/p>\n<p>Finalmente, el Parque Provincial, est\u00e1 tomado por la jurisdicci\u00f3n municipal, quien se ocupa de recaudar fondos, de (hasta donde sabemos), el derecho de entrada. Lejos est\u00e1n aquellas \u00e9pocas en que la Cooperadora garantizaba la participaci\u00f3n local de voluntades tornquinstenses y cumpl\u00eda una funci\u00f3n social, conectando al parque con la comunidad. Entre sus actividades, ofreci\u00f3 la plataforma administrativa para que los Gu\u00edas locales se formaran, capacitaran y profesionalizaran y se ocup\u00f3, adem\u00e1s, de recaudar fondos que pudieran ser invertidos en el propio Parque. Gracias a ello en el a\u00f1o 2000, se produce la primera perforaci\u00f3n en la base del Cerro Ventana, para provisi\u00f3n de agua y se inauguran las actuales instalaciones. Una obra de tales dimensiones que reemplaza un mangrullo, por oficinas, una salita de interpretaci\u00f3n, ba\u00f1os p\u00fablicos y kiosco. Nunca m\u00e1s se hizo una obra de esta envergadura. Sin embargo, seg\u00fan las estad\u00edsticas, hoy el ingreso de visitantes aument\u00f3 exponencialmente. \u00bfA d\u00f3nde van esos recursos?<\/p>\n<p>Adem\u00e1s, por aquellas \u00e9pocas, se recorr\u00eda el sendero al hueco, de manera tal que el visitante pudiera encontrarse con alg\u00fan Guardaparque, cumpliendo la funci\u00f3n indelegable de custodiar el ambiente y a los senderistas. Junto al Servicio de Gu\u00edas, sostenido por la Cooperadora, recib\u00edan la informaci\u00f3n. Las visitas eran autoguiadas, la contrataci\u00f3n de un Gu\u00eda quedaba en la decisi\u00f3n del visitante, con excepci\u00f3n del acceso a la Cueva de Toro, que requer\u00eda ingreso con veh\u00edculos.<\/p>\n<p><a title=\"PPET (3)\" href=\"https:\/\/www.flickr.com\/photos\/182279889@N02\/52566099535\/in\/dateposted-public\/\" data-flickr-embed=\"true\"><img loading=\"lazy\" decoding=\"async\" src=\"https:\/\/live.staticflickr.com\/65535\/52566099535_29a321b887_c.jpg\" alt=\"PPET (3)\" width=\"800\" height=\"660\" \/><\/a><br \/>\n<span style=\"color: #003300;\"><em><strong>Curso de gu\u00edas interpretes dirigido a estudiantes del nivel secundario del distrito<\/strong><\/em><\/span><\/p>\n<p>&nbsp;<\/p>\n<p>El Servicio de Gu\u00edas tambi\u00e9n era considerado imprescindible desde la hora cero. Se\u00f1or Encargado del Parque Tornquist: el diario del lunes se escribi\u00f3 hace cerca de cuarenta a\u00f1os. \u00a0M\u00e1s precisamente en el a\u00f1o 1984, con el primer curso de \u201cGu\u00edas interpretes\u201d dirigido a estudiantes del Nivel Secundario del distrito, quienes fueron nuestros primeros prestadores locales. Eso era \u201cambientalismo popular\u201d.<\/p>\n<p>Hoy el Parque Provincial es el que m\u00e1s personal tiene en el Sistema de \u00c1reas Protegidas. Se habla de cerca de veinte personas. En cambio, el promedio, en el resto de las unidades de conservaci\u00f3n, no llega a tres agentes por Reserva, para cumplir todas las funciones, incluidas la atenci\u00f3n al visitante. Sin embargo, el Parque Tornquist, es el \u00fanico que terciariza este servicio y cierra sus puertas al menos dos veces por semana.<\/p>\n<p>El actual Director Provincial de Bienes Comunes y Ordenamiento Ambiental del territorio, de quien depende el Parque, es harto conocido del tambi\u00e9n actual, Secretario de Turismo de Tornquist. Juntos recibieron las capacitaciones del parque y ofrecieron sus servicios como Gu\u00edas, bajo el ala de la Cooperadora, hace algo m\u00e1s de 20 a\u00f1os. Adem\u00e1s, el funcionario municipal fue uno de los ocho gu\u00edas que ejerci\u00f3 el derecho a un reclamo laboral, a la Asociaci\u00f3n Cooperadora del Parque, gracias a lo cual obtuvo una indemnizaci\u00f3n, en aquellas \u00e9pocas.<\/p>\n<p>Una pregunta al pasar: \u00bfque evitar\u00e1 que los actuales prestadores privados, no tengan tambi\u00e9n el derecho a llevar adelante un reclamo por los servicios que ofrecen a la provincia\/municipio?<\/p>\n<p>La toma del Parque va cerrando por todos lados. La historia une al municipio y a la provincia en una \u201camistosa\u201d alianza que privatiza servicios, municipaliza el Parque y finalmente regala el problema de ex\u00f3ticas a la universidad para que extraiga hasta la \u00faltima gota del ecosistema agonizando.<\/p>\n<p>Al Cerro Ventana hay que cuidarlo porque es un Monumento Natural. Pero esa es una tarea exclusiva del personal del estado. Si est\u00e1n tan preocupados por la conservaci\u00f3n del Cerro, ensayemos una idea: cierren el sendero. Pero seguramente eso no es conveniente a muchos intereses que nada tienen que ver con la conservaci\u00f3n del ecosistema serrano. La trampa esta puesta y condena a la naturaleza a quedar subordinada a las prioridades humanas. Nada nuevo.<\/p>\n<p>Las ex\u00f3ticas avanzan, las nativas dan sus \u00faltimos suspiros y el Parque entrega servida la materia prima (el turista) a un grupo de Gu\u00edas privados, quienes ya no tiene que hacer esfuerzos marquetineros, como muchos otros prestadores que la pelean d\u00eda a d\u00eda. Seg\u00fan se dijo, solo al sector del Cerro Ventana ingresan 40.000 personas al a\u00f1o, que acceden a los diferentes senderos. Estas personas abonan primero un derecho de entrada y luego quienes acceden al sendero al Hueco (unas diez mil) deben abonar, adem\u00e1s, el honorario al Gu\u00eda. Sintetizando el Municipio recauda un promedio de 10 millones de pesos anuales y el Servicio de Gu\u00edas 13 millones, solo en ese sector. Cu\u00e1nto de esto le queda al Parque para posibles inversiones, no lo sabemos. Y cuanto se invierte en conservaci\u00f3n, que es nuestra primer preocupaci\u00f3n, tampoco. Es hora de que rindan p\u00fablicamente las cuentas.<\/p>\n<p>Otro detalle, la comunidad local no abona la entrada al parque, pero para subir el sendero al hueco, al Monumento Natural, que es la insignia del partido que habita y en muchos casos su lugar natal, donde crecieron y crecen sus hijos, nietos, sobrinos, debe pagar el servicio del Gu\u00eda. De nuevo: \u00bfambientalismo popular?<\/p>\n<p>&nbsp;<\/p>\n<p><span style=\"color: #003300;\"><em><strong>Foto de Portada: inauguraci\u00f3n en el a\u00f1o 2000 de las instalaciones actuales en el Cerro Ventana.\u00a0<\/strong><\/em><\/span><\/p>\n<p>&nbsp;<\/p>\n<p>&nbsp;<\/p>\n","protected":false},"excerpt":{"rendered":"<p>El Parque Provincial Ernesto Tornquist, tiene \u201cel doble prop\u00f3sito de proteger la naturaleza y ofrecer solaz al pueblo\u2026\u201d. Qu\u00e9 parad\u00f3jico que esta unidad de conservaci\u00f3n sea la Reserva con m\u00e1s requisitos de ingreso. Para subir al Cerro Ventana se requiere, adem\u00e1s de abonar el derecho de entrada, pagar los honorarios de un Gu\u00eda privado. Siendo [&hellip;]<\/p>\n","protected":false},"author":3,"featured_media":81400,"comment_status":"closed","ping_status":"closed","sticky":false,"template":"","format":"standard","meta":{"footnotes":""},"categories":[24],"tags":[],"class_list":["post-81399","post","type-post","status-publish","format-standard","has-post-thumbnail","hentry","category-politica"],"yoast_head":"<!-- This site is optimized with the Yoast SEO plugin v25.9 - https:\/\/yoast.com\/wordpress\/plugins\/seo\/ -->\n<title>PARQUE TOMADO. \u00bfAMBIENTALISMO POPULAR? - Noticias Radio Reflejos<\/title>\n<meta name=\"robots\" content=\"index, follow, max-snippet:-1, max-image-preview:large, max-video-preview:-1\" \/>\n<link rel=\"canonical\" href=\"https:\/\/www.noticiasradioreflejos.com.ar\/2021\/parque-tomado-ambientalismo-popular\/\" \/>\n<meta property=\"og:locale\" content=\"es_ES\" \/>\n<meta property=\"og:type\" content=\"article\" \/>\n<meta property=\"og:title\" content=\"PARQUE TOMADO. \u00bfAMBIENTALISMO POPULAR? - Noticias Radio Reflejos\" \/>\n<meta property=\"og:description\" content=\"El Parque Provincial Ernesto Tornquist, tiene \u201cel doble prop\u00f3sito de proteger la naturaleza y ofrecer solaz al pueblo\u2026\u201d. Qu\u00e9 parad\u00f3jico que esta unidad de conservaci\u00f3n sea la Reserva con m\u00e1s requisitos de ingreso. Para subir al Cerro Ventana se requiere, adem\u00e1s de abonar el derecho de entrada, pagar los honorarios de un Gu\u00eda privado. Siendo [&hellip;]\" \/>\n<meta property=\"og:url\" content=\"https:\/\/www.noticiasradioreflejos.com.ar\/2021\/parque-tomado-ambientalismo-popular\/\" \/>\n<meta property=\"og:site_name\" content=\"Noticias Radio Reflejos\" \/>\n<meta property=\"article:published_time\" content=\"2022-12-15T20:08:45+00:00\" \/>\n<meta property=\"article:modified_time\" content=\"2022-12-16T16:48:21+00:00\" \/>\n<meta property=\"og:image\" content=\"https:\/\/www.noticiasradioreflejos.com.ar\/2021\/wp-content\/uploads\/2022\/12\/PPET-4-scaled.jpg\" \/>\n\t<meta property=\"og:image:width\" content=\"2560\" \/>\n\t<meta property=\"og:image:height\" content=\"1798\" \/>\n\t<meta property=\"og:image:type\" content=\"image\/jpeg\" \/>\n<meta name=\"author\" content=\"Arnaldo Botto\" \/>\n<meta name=\"twitter:card\" content=\"summary_large_image\" \/>\n<script type=\"application\/ld+json\" class=\"yoast-schema-graph\">{\"@context\":\"https:\/\/schema.org\",\"@graph\":[{\"@type\":\"WebPage\",\"@id\":\"https:\/\/www.noticiasradioreflejos.com.ar\/2021\/parque-tomado-ambientalismo-popular\/\",\"url\":\"https:\/\/www.noticiasradioreflejos.com.ar\/2021\/parque-tomado-ambientalismo-popular\/\",\"name\":\"PARQUE TOMADO. \u00bfAMBIENTALISMO POPULAR? - Noticias Radio Reflejos\",\"isPartOf\":{\"@id\":\"https:\/\/www.noticiasradioreflejos.com.ar\/2021\/#website\"},\"primaryImageOfPage\":{\"@id\":\"https:\/\/www.noticiasradioreflejos.com.ar\/2021\/parque-tomado-ambientalismo-popular\/#primaryimage\"},\"image\":{\"@id\":\"https:\/\/www.noticiasradioreflejos.com.ar\/2021\/parque-tomado-ambientalismo-popular\/#primaryimage\"},\"thumbnailUrl\":\"https:\/\/www.noticiasradioreflejos.com.ar\/2021\/wp-content\/uploads\/2022\/12\/PPET-4-scaled.jpg\",\"datePublished\":\"2022-12-15T20:08:45+00:00\",\"dateModified\":\"2022-12-16T16:48:21+00:00\",\"author\":{\"@id\":\"https:\/\/www.noticiasradioreflejos.com.ar\/2021\/#\/schema\/person\/ad82545263dcc5ec0996818884fd5fb1\"},\"breadcrumb\":{\"@id\":\"https:\/\/www.noticiasradioreflejos.com.ar\/2021\/parque-tomado-ambientalismo-popular\/#breadcrumb\"},\"inLanguage\":\"es\",\"potentialAction\":[{\"@type\":\"ReadAction\",\"target\":[\"https:\/\/www.noticiasradioreflejos.com.ar\/2021\/parque-tomado-ambientalismo-popular\/\"]}]},{\"@type\":\"ImageObject\",\"inLanguage\":\"es\",\"@id\":\"https:\/\/www.noticiasradioreflejos.com.ar\/2021\/parque-tomado-ambientalismo-popular\/#primaryimage\",\"url\":\"https:\/\/www.noticiasradioreflejos.com.ar\/2021\/wp-content\/uploads\/2022\/12\/PPET-4-scaled.jpg\",\"contentUrl\":\"https:\/\/www.noticiasradioreflejos.com.ar\/2021\/wp-content\/uploads\/2022\/12\/PPET-4-scaled.jpg\",\"width\":2560,\"height\":1798},{\"@type\":\"BreadcrumbList\",\"@id\":\"https:\/\/www.noticiasradioreflejos.com.ar\/2021\/parque-tomado-ambientalismo-popular\/#breadcrumb\",\"itemListElement\":[{\"@type\":\"ListItem\",\"position\":1,\"name\":\"Portada\",\"item\":\"https:\/\/www.noticiasradioreflejos.com.ar\/2021\/\"},{\"@type\":\"ListItem\",\"position\":2,\"name\":\"PARQUE TOMADO. \u00bfAMBIENTALISMO POPULAR?\"}]},{\"@type\":\"WebSite\",\"@id\":\"https:\/\/www.noticiasradioreflejos.com.ar\/2021\/#website\",\"url\":\"https:\/\/www.noticiasradioreflejos.com.ar\/2021\/\",\"name\":\"Noticias Radio Reflejos\",\"description\":\"Las noticias de mi comarca\",\"potentialAction\":[{\"@type\":\"SearchAction\",\"target\":{\"@type\":\"EntryPoint\",\"urlTemplate\":\"https:\/\/www.noticiasradioreflejos.com.ar\/2021\/?s={search_term_string}\"},\"query-input\":{\"@type\":\"PropertyValueSpecification\",\"valueRequired\":true,\"valueName\":\"search_term_string\"}}],\"inLanguage\":\"es\"},{\"@type\":\"Person\",\"@id\":\"https:\/\/www.noticiasradioreflejos.com.ar\/2021\/#\/schema\/person\/ad82545263dcc5ec0996818884fd5fb1\",\"name\":\"Arnaldo Botto\",\"image\":{\"@type\":\"ImageObject\",\"inLanguage\":\"es\",\"@id\":\"https:\/\/www.noticiasradioreflejos.com.ar\/2021\/#\/schema\/person\/image\/\",\"url\":\"https:\/\/secure.gravatar.com\/avatar\/55cb5e37c1efa326397366e6974cb338056df65cb50e7d64d1cf314e87504837?s=96&d=mm&r=g\",\"contentUrl\":\"https:\/\/secure.gravatar.com\/avatar\/55cb5e37c1efa326397366e6974cb338056df65cb50e7d64d1cf314e87504837?s=96&d=mm&r=g\",\"caption\":\"Arnaldo Botto\"},\"url\":\"https:\/\/www.noticiasradioreflejos.com.ar\/2021\/author\/arnaldo\/\"}]}<\/script>\n<!-- \/ Yoast SEO plugin. -->","yoast_head_json":{"title":"PARQUE TOMADO. \u00bfAMBIENTALISMO POPULAR? - Noticias Radio Reflejos","robots":{"index":"index","follow":"follow","max-snippet":"max-snippet:-1","max-image-preview":"max-image-preview:large","max-video-preview":"max-video-preview:-1"},"canonical":"https:\/\/www.noticiasradioreflejos.com.ar\/2021\/parque-tomado-ambientalismo-popular\/","og_locale":"es_ES","og_type":"article","og_title":"PARQUE TOMADO. \u00bfAMBIENTALISMO POPULAR? - Noticias Radio Reflejos","og_description":"El Parque Provincial Ernesto Tornquist, tiene \u201cel doble prop\u00f3sito de proteger la naturaleza y ofrecer solaz al pueblo\u2026\u201d. Qu\u00e9 parad\u00f3jico que esta unidad de conservaci\u00f3n sea la Reserva con m\u00e1s requisitos de ingreso. Para subir al Cerro Ventana se requiere, adem\u00e1s de abonar el derecho de entrada, pagar los honorarios de un Gu\u00eda privado. Siendo [&hellip;]","og_url":"https:\/\/www.noticiasradioreflejos.com.ar\/2021\/parque-tomado-ambientalismo-popular\/","og_site_name":"Noticias Radio Reflejos","article_published_time":"2022-12-15T20:08:45+00:00","article_modified_time":"2022-12-16T16:48:21+00:00","og_image":[{"width":2560,"height":1798,"url":"https:\/\/www.noticiasradioreflejos.com.ar\/2021\/wp-content\/uploads\/2022\/12\/PPET-4-scaled.jpg","type":"image\/jpeg"}],"author":"Arnaldo Botto","twitter_card":"summary_large_image","schema":{"@context":"https:\/\/schema.org","@graph":[{"@type":"WebPage","@id":"https:\/\/www.noticiasradioreflejos.com.ar\/2021\/parque-tomado-ambientalismo-popular\/","url":"https:\/\/www.noticiasradioreflejos.com.ar\/2021\/parque-tomado-ambientalismo-popular\/","name":"PARQUE TOMADO. \u00bfAMBIENTALISMO POPULAR? - Noticias Radio Reflejos","isPartOf":{"@id":"https:\/\/www.noticiasradioreflejos.com.ar\/2021\/#website"},"primaryImageOfPage":{"@id":"https:\/\/www.noticiasradioreflejos.com.ar\/2021\/parque-tomado-ambientalismo-popular\/#primaryimage"},"image":{"@id":"https:\/\/www.noticiasradioreflejos.com.ar\/2021\/parque-tomado-ambientalismo-popular\/#primaryimage"},"thumbnailUrl":"https:\/\/www.noticiasradioreflejos.com.ar\/2021\/wp-content\/uploads\/2022\/12\/PPET-4-scaled.jpg","datePublished":"2022-12-15T20:08:45+00:00","dateModified":"2022-12-16T16:48:21+00:00","author":{"@id":"https:\/\/www.noticiasradioreflejos.com.ar\/2021\/#\/schema\/person\/ad82545263dcc5ec0996818884fd5fb1"},"breadcrumb":{"@id":"https:\/\/www.noticiasradioreflejos.com.ar\/2021\/parque-tomado-ambientalismo-popular\/#breadcrumb"},"inLanguage":"es","potentialAction":[{"@type":"ReadAction","target":["https:\/\/www.noticiasradioreflejos.com.ar\/2021\/parque-tomado-ambientalismo-popular\/"]}]},{"@type":"ImageObject","inLanguage":"es","@id":"https:\/\/www.noticiasradioreflejos.com.ar\/2021\/parque-tomado-ambientalismo-popular\/#primaryimage","url":"https:\/\/www.noticiasradioreflejos.com.ar\/2021\/wp-content\/uploads\/2022\/12\/PPET-4-scaled.jpg","contentUrl":"https:\/\/www.noticiasradioreflejos.com.ar\/2021\/wp-content\/uploads\/2022\/12\/PPET-4-scaled.jpg","width":2560,"height":1798},{"@type":"BreadcrumbList","@id":"https:\/\/www.noticiasradioreflejos.com.ar\/2021\/parque-tomado-ambientalismo-popular\/#breadcrumb","itemListElement":[{"@type":"ListItem","position":1,"name":"Portada","item":"https:\/\/www.noticiasradioreflejos.com.ar\/2021\/"},{"@type":"ListItem","position":2,"name":"PARQUE TOMADO. \u00bfAMBIENTALISMO POPULAR?"}]},{"@type":"WebSite","@id":"https:\/\/www.noticiasradioreflejos.com.ar\/2021\/#website","url":"https:\/\/www.noticiasradioreflejos.com.ar\/2021\/","name":"Noticias Radio Reflejos","description":"Las noticias de mi comarca","potentialAction":[{"@type":"SearchAction","target":{"@type":"EntryPoint","urlTemplate":"https:\/\/www.noticiasradioreflejos.com.ar\/2021\/?s={search_term_string}"},"query-input":{"@type":"PropertyValueSpecification","valueRequired":true,"valueName":"search_term_string"}}],"inLanguage":"es"},{"@type":"Person","@id":"https:\/\/www.noticiasradioreflejos.com.ar\/2021\/#\/schema\/person\/ad82545263dcc5ec0996818884fd5fb1","name":"Arnaldo Botto","image":{"@type":"ImageObject","inLanguage":"es","@id":"https:\/\/www.noticiasradioreflejos.com.ar\/2021\/#\/schema\/person\/image\/","url":"https:\/\/secure.gravatar.com\/avatar\/55cb5e37c1efa326397366e6974cb338056df65cb50e7d64d1cf314e87504837?s=96&d=mm&r=g","contentUrl":"https:\/\/secure.gravatar.com\/avatar\/55cb5e37c1efa326397366e6974cb338056df65cb50e7d64d1cf314e87504837?s=96&d=mm&r=g","caption":"Arnaldo Botto"},"url":"https:\/\/www.noticiasradioreflejos.com.ar\/2021\/author\/arnaldo\/"}]}},"_links":{"self":[{"href":"https:\/\/www.noticiasradioreflejos.com.ar\/2021\/wp-json\/wp\/v2\/posts\/81399","targetHints":{"allow":["GET"]}}],"collection":[{"href":"https:\/\/www.noticiasradioreflejos.com.ar\/2021\/wp-json\/wp\/v2\/posts"}],"about":[{"href":"https:\/\/www.noticiasradioreflejos.com.ar\/2021\/wp-json\/wp\/v2\/types\/post"}],"author":[{"embeddable":true,"href":"https:\/\/www.noticiasradioreflejos.com.ar\/2021\/wp-json\/wp\/v2\/users\/3"}],"replies":[{"embeddable":true,"href":"https:\/\/www.noticiasradioreflejos.com.ar\/2021\/wp-json\/wp\/v2\/comments?post=81399"}],"version-history":[{"count":1,"href":"https:\/\/www.noticiasradioreflejos.com.ar\/2021\/wp-json\/wp\/v2\/posts\/81399\/revisions"}],"predecessor-version":[{"id":81401,"href":"https:\/\/www.noticiasradioreflejos.com.ar\/2021\/wp-json\/wp\/v2\/posts\/81399\/revisions\/81401"}],"wp:featuredmedia":[{"embeddable":true,"href":"https:\/\/www.noticiasradioreflejos.com.ar\/2021\/wp-json\/wp\/v2\/media\/81400"}],"wp:attachment":[{"href":"https:\/\/www.noticiasradioreflejos.com.ar\/2021\/wp-json\/wp\/v2\/media?parent=81399"}],"wp:term":[{"taxonomy":"category","embeddable":true,"href":"https:\/\/www.noticiasradioreflejos.com.ar\/2021\/wp-json\/wp\/v2\/categories?post=81399"},{"taxonomy":"post_tag","embeddable":true,"href":"https:\/\/www.noticiasradioreflejos.com.ar\/2021\/wp-json\/wp\/v2\/tags?post=81399"}],"curies":[{"name":"wp","href":"https:\/\/api.w.org\/{rel}","templated":true}]}}