{"id":81389,"date":"2022-12-15T11:52:11","date_gmt":"2022-12-15T11:52:11","guid":{"rendered":"http:\/\/www.noticiasradioreflejos.com.ar\/2021\/?p=81389"},"modified":"2022-12-15T11:52:11","modified_gmt":"2022-12-15T11:52:11","slug":"el-senasa-declaro-el-estado-de-alerta-preventiva-ante-el-avance-de-la-gripe-aviar","status":"publish","type":"post","link":"https:\/\/www.noticiasradioreflejos.com.ar\/2021\/el-senasa-declaro-el-estado-de-alerta-preventiva-ante-el-avance-de-la-gripe-aviar\/","title":{"rendered":"El Senasa declar\u00f3 el estado de alerta preventiva ante el avance de la gripe aviar"},"content":{"rendered":"<p>El organismo busca \u00abreforzar las medidas de preparaci\u00f3n y prevenci\u00f3n, as\u00ed como las dirigidas a la detecci\u00f3n precoz y atenci\u00f3n temprana\u201d, dado que la enfermedad puede provocar, de entrar al pa\u00eds, \u201cun alto impacto en la producci\u00f3n y el comercio\u201d de la producci\u00f3n av\u00edcola industrial.<!--more--><\/p>\n<figure class=\"mb-3\"><img decoding=\"async\" src=\"https:\/\/www.telam.com.ar\/thumbs\/bluesteel\/advf\/imagenes\/2022\/12\/63922a4568db1_1200.jpg\" alt=\"El alerta del Senasa busca reforzar las medidas de preparacin y prevencin as como las dirigidas a la deteccin precoz y atencin temprana Foto archivo\" width=\"100%\" height=\"100%\" \/><\/p>\n<div class=\"media-icons\"><\/div><figcaption>El alerta del Senasa busca reforzar las medidas de preparaci\u00f3n y prevenci\u00f3n as\u00ed como las dirigidas a la detecci\u00f3n precoz y atenci\u00f3n temprana \/ Foto: archivo.<\/figcaption><\/figure>\n<p>El Servicio Nacional de Sanidad y Calidad Agroalimentaria (Senasa) declar\u00f3 este mi\u00e9rcoles el\u00a0<strong>estado de alerta preventiva sanitaria en todo el territorio nacional<\/strong>, debido a la presencia de brotes de Influenza Aviar Altamente Pat\u00f3gena en el continente americano.<\/p>\n<p>La medida, ordenada a trav\u00e9s de la Resoluci\u00f3n 803\/2022 publicada este mi\u00e9rcoles en el Bolet\u00edn Oficial, implementa la adopci\u00f3n de nuevas<strong>\u00a0medidas de prevenci\u00f3n, detecci\u00f3n precoz y atenci\u00f3n temprana<\/strong>, y el fortalecimiento de las ya existentes con el objetivo de disminuir el riesgo del ingreso, exposici\u00f3n y diseminaci\u00f3n de la enfermedad en aves de corral comerciales, y en las aves de traspatio y silvestres en el territorio nacional.<\/p>\n<p>El alerta responde a recomendaciones del<strong>\u00a0Consejo Agropecuario del Sur frente a los brotes detectados originalmente en Am\u00e9rica del Norte<\/strong>\u00a0y su \u00abactual dispersi\u00f3n hacia Am\u00e9rica del Sur a trav\u00e9s de las rutas migratorias que las aves silvestres inician en \u00e9poca primaveral\u00bb, al dirigirse de las zonas de invernada ubicadas en el hemisferio norte a las de reproducci\u00f3n en las latitudes septentrionales.<\/p>\n<p>Esta situaci\u00f3n implica una \u201cpotencial propagaci\u00f3n al resto del continente americano\u201d, seg\u00fan se indic\u00f3.<\/p>\n<p>La resoluci\u00f3n de este mi\u00e9rcoles tambi\u00e9n faculta a la Direcci\u00f3n Nacional de Sanidad Animal del Senasa a<strong>\u00a0ordenar normas complementarias con medidas extraordinarias para evitar el ingreso y eventual diseminaci\u00f3n de la influenza en el pa\u00eds<\/strong>; y a la Direcci\u00f3n General T\u00e9cnica y Administrativa a adoptar gestiones administrativas urgentes para \u201cacelerar o facilitar la provisi\u00f3n de recursos\u201d a las \u00e1reas competentes.<\/p>\n<h2 class=\"\">El virus<\/h2>\n<p>La mayor\u00eda de los virus de la influenza<strong>\u00a0afectan s\u00f3lo a las aves y no son zoon\u00f3ticos aunque<\/strong>, con menor frecuencia, tambi\u00e9n algunas cepas tienen la capacidad de infectar a especies de mam\u00edferos, incluyendo seres humanos.<\/p>\n<p><strong>En las aves, el virus tiene una alta mortalidad\u00a0<\/strong>\u2013no existe vacuna al momento- y provoca s\u00edntomas como s\u00edndromes respiratorios, nerviosos o digestivos; alteraciones de los par\u00e1metros productivos, temblores, incoordinaci\u00f3n, diarrea, edema facial, y baja de consumo de agua o alimentos.<\/p>\n<p>Las aves pueden portar normalmente virus de influenza en sus sistemas respiratorio o intestinal y pese a que, en general, no se enferman, transmiten la enfermedad a otras aves funcionado as\u00ed como vectores, explic\u00f3 el Senasa en la normativa.<\/p>\n<p>Si bien la\u00a0<strong>Argentina ostenta la condici\u00f3n de libre de esa enfermedad dado que no hubo casos ni sospechas del virus localmente, desde principios de este a\u00f1o se detectaron \u201cbrotes recurrentes\u201d en Estados Unidos\u00a0<\/strong>y Canad\u00e1, y su dispersi\u00f3n avanz\u00f3 recientemente a Sudam\u00e9rica con casos en Colombia, Per\u00fa y Ecuador.<\/p>\n<blockquote class=\"\"><p>En ocasi\u00f3n de sospecha de s\u00edntomas compatibles en aves, los casos deben ser inmediatamente comunicados al Senasa.<\/p><\/blockquote>\n<p>En ese sentido, desde que comenz\u00f3 el brote a mediados de noviembre, se registr\u00f3 la muerte de m\u00e1s de 22.000 aves marinas y costeras \u2013en su mayor\u00eda, pel\u00edcanos- en Per\u00fa.<\/p>\n<p>La<strong>\u00a0enfermedad puede provocar, de ingresar al pa\u00eds, \u201cun alto impacto en la producci\u00f3n y el comercio\u201d<\/strong>\u00a0de la producci\u00f3n av\u00edcola industrial con \u201cgraves p\u00e9rdidas econ\u00f3micas\u201d por la alta mortalidad en las aves, y las consecuentes restricciones al comercio internacional.<\/p>\n<p>En ese marco, el alerta del Senasa busca reforzar las medidas de preparaci\u00f3n y prevenci\u00f3n as\u00ed como las dirigidas a la detecci\u00f3n precoz y atenci\u00f3n temprana ante un eventual ingreso\u201d, se\u00f1ala el decreto.<\/p>\n<p>En ocasi\u00f3n de sospecha de s\u00edntomas compatibles en aves, los casos deben ser inmediatamente comunicados al Senasa a trav\u00e9s de sus oficinas, por contacto telef\u00f3nico, la web \u00abAvisa al Senasa\u00bb, o a trav\u00e9s del mail notificaciones@senasa.gob.ar.<\/p>\n<p>Entre otros consejos, el Senasa recomienda evitar visitar granjas de aves luego de estar en contacto con aves silvestres, desinfectar los elementos utilizados a campo como balanzas y bolsas, utilizar elementos de protecci\u00f3n personal para manipular las aves silvestres, y mantener encerradas las aves dom\u00e9sticas en los gallineros para evitar el contacto con las silvestres.<\/p>\n","protected":false},"excerpt":{"rendered":"<p>El organismo busca \u00abreforzar las medidas de preparaci\u00f3n y prevenci\u00f3n, as\u00ed como las dirigidas a la detecci\u00f3n precoz y atenci\u00f3n temprana\u201d, dado que la enfermedad puede provocar, de entrar al pa\u00eds, \u201cun alto impacto en la producci\u00f3n y el comercio\u201d de la producci\u00f3n av\u00edcola industrial.<\/p>\n","protected":false},"author":3,"featured_media":0,"comment_status":"closed","ping_status":"closed","sticky":false,"template":"","format":"standard","meta":{"footnotes":""},"categories":[46,30],"tags":[],"class_list":["post-81389","post","type-post","status-publish","format-standard","hentry","category-ciencia-y-tecnologia","category-salud"],"yoast_head":"<!-- This site is optimized with the Yoast SEO plugin v25.9 - https:\/\/yoast.com\/wordpress\/plugins\/seo\/ -->\n<title>El Senasa declar\u00f3 el estado de alerta preventiva ante el avance de la gripe aviar - Noticias Radio Reflejos<\/title>\n<meta name=\"robots\" content=\"index, follow, max-snippet:-1, max-image-preview:large, max-video-preview:-1\" \/>\n<link rel=\"canonical\" href=\"https:\/\/www.noticiasradioreflejos.com.ar\/2021\/el-senasa-declaro-el-estado-de-alerta-preventiva-ante-el-avance-de-la-gripe-aviar\/\" \/>\n<meta property=\"og:locale\" content=\"es_ES\" \/>\n<meta property=\"og:type\" content=\"article\" \/>\n<meta property=\"og:title\" content=\"El Senasa declar\u00f3 el estado de alerta preventiva ante el avance de la gripe aviar - Noticias Radio Reflejos\" \/>\n<meta property=\"og:description\" content=\"El organismo busca \u00abreforzar las medidas de preparaci\u00f3n y prevenci\u00f3n, as\u00ed como las dirigidas a la detecci\u00f3n precoz y atenci\u00f3n temprana\u201d, dado que la enfermedad puede provocar, de entrar al pa\u00eds, \u201cun alto impacto en la producci\u00f3n y el comercio\u201d de la producci\u00f3n av\u00edcola industrial.\" \/>\n<meta property=\"og:url\" content=\"https:\/\/www.noticiasradioreflejos.com.ar\/2021\/el-senasa-declaro-el-estado-de-alerta-preventiva-ante-el-avance-de-la-gripe-aviar\/\" \/>\n<meta property=\"og:site_name\" content=\"Noticias Radio Reflejos\" \/>\n<meta property=\"article:published_time\" content=\"2022-12-15T11:52:11+00:00\" \/>\n<meta property=\"og:image\" content=\"https:\/\/www.telam.com.ar\/thumbs\/bluesteel\/advf\/imagenes\/2022\/12\/63922a4568db1_1200.jpg\" \/>\n<meta name=\"author\" content=\"Arnaldo Botto\" \/>\n<meta name=\"twitter:card\" content=\"summary_large_image\" \/>\n<script type=\"application\/ld+json\" class=\"yoast-schema-graph\">{\"@context\":\"https:\/\/schema.org\",\"@graph\":[{\"@type\":\"WebPage\",\"@id\":\"https:\/\/www.noticiasradioreflejos.com.ar\/2021\/el-senasa-declaro-el-estado-de-alerta-preventiva-ante-el-avance-de-la-gripe-aviar\/\",\"url\":\"https:\/\/www.noticiasradioreflejos.com.ar\/2021\/el-senasa-declaro-el-estado-de-alerta-preventiva-ante-el-avance-de-la-gripe-aviar\/\",\"name\":\"El Senasa declar\u00f3 el estado de alerta preventiva ante el avance de la gripe aviar - Noticias Radio Reflejos\",\"isPartOf\":{\"@id\":\"https:\/\/www.noticiasradioreflejos.com.ar\/2021\/#website\"},\"primaryImageOfPage\":{\"@id\":\"https:\/\/www.noticiasradioreflejos.com.ar\/2021\/el-senasa-declaro-el-estado-de-alerta-preventiva-ante-el-avance-de-la-gripe-aviar\/#primaryimage\"},\"image\":{\"@id\":\"https:\/\/www.noticiasradioreflejos.com.ar\/2021\/el-senasa-declaro-el-estado-de-alerta-preventiva-ante-el-avance-de-la-gripe-aviar\/#primaryimage\"},\"thumbnailUrl\":\"https:\/\/www.telam.com.ar\/thumbs\/bluesteel\/advf\/imagenes\/2022\/12\/63922a4568db1_1200.jpg\",\"datePublished\":\"2022-12-15T11:52:11+00:00\",\"author\":{\"@id\":\"https:\/\/www.noticiasradioreflejos.com.ar\/2021\/#\/schema\/person\/ad82545263dcc5ec0996818884fd5fb1\"},\"breadcrumb\":{\"@id\":\"https:\/\/www.noticiasradioreflejos.com.ar\/2021\/el-senasa-declaro-el-estado-de-alerta-preventiva-ante-el-avance-de-la-gripe-aviar\/#breadcrumb\"},\"inLanguage\":\"es\",\"potentialAction\":[{\"@type\":\"ReadAction\",\"target\":[\"https:\/\/www.noticiasradioreflejos.com.ar\/2021\/el-senasa-declaro-el-estado-de-alerta-preventiva-ante-el-avance-de-la-gripe-aviar\/\"]}]},{\"@type\":\"ImageObject\",\"inLanguage\":\"es\",\"@id\":\"https:\/\/www.noticiasradioreflejos.com.ar\/2021\/el-senasa-declaro-el-estado-de-alerta-preventiva-ante-el-avance-de-la-gripe-aviar\/#primaryimage\",\"url\":\"https:\/\/www.telam.com.ar\/thumbs\/bluesteel\/advf\/imagenes\/2022\/12\/63922a4568db1_1200.jpg\",\"contentUrl\":\"https:\/\/www.telam.com.ar\/thumbs\/bluesteel\/advf\/imagenes\/2022\/12\/63922a4568db1_1200.jpg\"},{\"@type\":\"BreadcrumbList\",\"@id\":\"https:\/\/www.noticiasradioreflejos.com.ar\/2021\/el-senasa-declaro-el-estado-de-alerta-preventiva-ante-el-avance-de-la-gripe-aviar\/#breadcrumb\",\"itemListElement\":[{\"@type\":\"ListItem\",\"position\":1,\"name\":\"Portada\",\"item\":\"https:\/\/www.noticiasradioreflejos.com.ar\/2021\/\"},{\"@type\":\"ListItem\",\"position\":2,\"name\":\"El Senasa declar\u00f3 el estado de alerta preventiva ante el avance de la gripe aviar\"}]},{\"@type\":\"WebSite\",\"@id\":\"https:\/\/www.noticiasradioreflejos.com.ar\/2021\/#website\",\"url\":\"https:\/\/www.noticiasradioreflejos.com.ar\/2021\/\",\"name\":\"Noticias Radio Reflejos\",\"description\":\"Las noticias de mi comarca\",\"potentialAction\":[{\"@type\":\"SearchAction\",\"target\":{\"@type\":\"EntryPoint\",\"urlTemplate\":\"https:\/\/www.noticiasradioreflejos.com.ar\/2021\/?s={search_term_string}\"},\"query-input\":{\"@type\":\"PropertyValueSpecification\",\"valueRequired\":true,\"valueName\":\"search_term_string\"}}],\"inLanguage\":\"es\"},{\"@type\":\"Person\",\"@id\":\"https:\/\/www.noticiasradioreflejos.com.ar\/2021\/#\/schema\/person\/ad82545263dcc5ec0996818884fd5fb1\",\"name\":\"Arnaldo Botto\",\"image\":{\"@type\":\"ImageObject\",\"inLanguage\":\"es\",\"@id\":\"https:\/\/www.noticiasradioreflejos.com.ar\/2021\/#\/schema\/person\/image\/\",\"url\":\"https:\/\/secure.gravatar.com\/avatar\/55cb5e37c1efa326397366e6974cb338056df65cb50e7d64d1cf314e87504837?s=96&d=mm&r=g\",\"contentUrl\":\"https:\/\/secure.gravatar.com\/avatar\/55cb5e37c1efa326397366e6974cb338056df65cb50e7d64d1cf314e87504837?s=96&d=mm&r=g\",\"caption\":\"Arnaldo Botto\"},\"url\":\"https:\/\/www.noticiasradioreflejos.com.ar\/2021\/author\/arnaldo\/\"}]}<\/script>\n<!-- \/ Yoast SEO plugin. -->","yoast_head_json":{"title":"El Senasa declar\u00f3 el estado de alerta preventiva ante el avance de la gripe aviar - Noticias Radio Reflejos","robots":{"index":"index","follow":"follow","max-snippet":"max-snippet:-1","max-image-preview":"max-image-preview:large","max-video-preview":"max-video-preview:-1"},"canonical":"https:\/\/www.noticiasradioreflejos.com.ar\/2021\/el-senasa-declaro-el-estado-de-alerta-preventiva-ante-el-avance-de-la-gripe-aviar\/","og_locale":"es_ES","og_type":"article","og_title":"El Senasa declar\u00f3 el estado de alerta preventiva ante el avance de la gripe aviar - Noticias Radio Reflejos","og_description":"El organismo busca \u00abreforzar las medidas de preparaci\u00f3n y prevenci\u00f3n, as\u00ed como las dirigidas a la detecci\u00f3n precoz y atenci\u00f3n temprana\u201d, dado que la enfermedad puede provocar, de entrar al pa\u00eds, \u201cun alto impacto en la producci\u00f3n y el comercio\u201d de la producci\u00f3n av\u00edcola industrial.","og_url":"https:\/\/www.noticiasradioreflejos.com.ar\/2021\/el-senasa-declaro-el-estado-de-alerta-preventiva-ante-el-avance-de-la-gripe-aviar\/","og_site_name":"Noticias Radio Reflejos","article_published_time":"2022-12-15T11:52:11+00:00","og_image":[{"url":"https:\/\/www.telam.com.ar\/thumbs\/bluesteel\/advf\/imagenes\/2022\/12\/63922a4568db1_1200.jpg","type":"","width":"","height":""}],"author":"Arnaldo Botto","twitter_card":"summary_large_image","schema":{"@context":"https:\/\/schema.org","@graph":[{"@type":"WebPage","@id":"https:\/\/www.noticiasradioreflejos.com.ar\/2021\/el-senasa-declaro-el-estado-de-alerta-preventiva-ante-el-avance-de-la-gripe-aviar\/","url":"https:\/\/www.noticiasradioreflejos.com.ar\/2021\/el-senasa-declaro-el-estado-de-alerta-preventiva-ante-el-avance-de-la-gripe-aviar\/","name":"El Senasa declar\u00f3 el estado de alerta preventiva ante el avance de la gripe aviar - Noticias Radio Reflejos","isPartOf":{"@id":"https:\/\/www.noticiasradioreflejos.com.ar\/2021\/#website"},"primaryImageOfPage":{"@id":"https:\/\/www.noticiasradioreflejos.com.ar\/2021\/el-senasa-declaro-el-estado-de-alerta-preventiva-ante-el-avance-de-la-gripe-aviar\/#primaryimage"},"image":{"@id":"https:\/\/www.noticiasradioreflejos.com.ar\/2021\/el-senasa-declaro-el-estado-de-alerta-preventiva-ante-el-avance-de-la-gripe-aviar\/#primaryimage"},"thumbnailUrl":"https:\/\/www.telam.com.ar\/thumbs\/bluesteel\/advf\/imagenes\/2022\/12\/63922a4568db1_1200.jpg","datePublished":"2022-12-15T11:52:11+00:00","author":{"@id":"https:\/\/www.noticiasradioreflejos.com.ar\/2021\/#\/schema\/person\/ad82545263dcc5ec0996818884fd5fb1"},"breadcrumb":{"@id":"https:\/\/www.noticiasradioreflejos.com.ar\/2021\/el-senasa-declaro-el-estado-de-alerta-preventiva-ante-el-avance-de-la-gripe-aviar\/#breadcrumb"},"inLanguage":"es","potentialAction":[{"@type":"ReadAction","target":["https:\/\/www.noticiasradioreflejos.com.ar\/2021\/el-senasa-declaro-el-estado-de-alerta-preventiva-ante-el-avance-de-la-gripe-aviar\/"]}]},{"@type":"ImageObject","inLanguage":"es","@id":"https:\/\/www.noticiasradioreflejos.com.ar\/2021\/el-senasa-declaro-el-estado-de-alerta-preventiva-ante-el-avance-de-la-gripe-aviar\/#primaryimage","url":"https:\/\/www.telam.com.ar\/thumbs\/bluesteel\/advf\/imagenes\/2022\/12\/63922a4568db1_1200.jpg","contentUrl":"https:\/\/www.telam.com.ar\/thumbs\/bluesteel\/advf\/imagenes\/2022\/12\/63922a4568db1_1200.jpg"},{"@type":"BreadcrumbList","@id":"https:\/\/www.noticiasradioreflejos.com.ar\/2021\/el-senasa-declaro-el-estado-de-alerta-preventiva-ante-el-avance-de-la-gripe-aviar\/#breadcrumb","itemListElement":[{"@type":"ListItem","position":1,"name":"Portada","item":"https:\/\/www.noticiasradioreflejos.com.ar\/2021\/"},{"@type":"ListItem","position":2,"name":"El Senasa declar\u00f3 el estado de alerta preventiva ante el avance de la gripe aviar"}]},{"@type":"WebSite","@id":"https:\/\/www.noticiasradioreflejos.com.ar\/2021\/#website","url":"https:\/\/www.noticiasradioreflejos.com.ar\/2021\/","name":"Noticias Radio Reflejos","description":"Las noticias de mi comarca","potentialAction":[{"@type":"SearchAction","target":{"@type":"EntryPoint","urlTemplate":"https:\/\/www.noticiasradioreflejos.com.ar\/2021\/?s={search_term_string}"},"query-input":{"@type":"PropertyValueSpecification","valueRequired":true,"valueName":"search_term_string"}}],"inLanguage":"es"},{"@type":"Person","@id":"https:\/\/www.noticiasradioreflejos.com.ar\/2021\/#\/schema\/person\/ad82545263dcc5ec0996818884fd5fb1","name":"Arnaldo Botto","image":{"@type":"ImageObject","inLanguage":"es","@id":"https:\/\/www.noticiasradioreflejos.com.ar\/2021\/#\/schema\/person\/image\/","url":"https:\/\/secure.gravatar.com\/avatar\/55cb5e37c1efa326397366e6974cb338056df65cb50e7d64d1cf314e87504837?s=96&d=mm&r=g","contentUrl":"https:\/\/secure.gravatar.com\/avatar\/55cb5e37c1efa326397366e6974cb338056df65cb50e7d64d1cf314e87504837?s=96&d=mm&r=g","caption":"Arnaldo Botto"},"url":"https:\/\/www.noticiasradioreflejos.com.ar\/2021\/author\/arnaldo\/"}]}},"_links":{"self":[{"href":"https:\/\/www.noticiasradioreflejos.com.ar\/2021\/wp-json\/wp\/v2\/posts\/81389","targetHints":{"allow":["GET"]}}],"collection":[{"href":"https:\/\/www.noticiasradioreflejos.com.ar\/2021\/wp-json\/wp\/v2\/posts"}],"about":[{"href":"https:\/\/www.noticiasradioreflejos.com.ar\/2021\/wp-json\/wp\/v2\/types\/post"}],"author":[{"embeddable":true,"href":"https:\/\/www.noticiasradioreflejos.com.ar\/2021\/wp-json\/wp\/v2\/users\/3"}],"replies":[{"embeddable":true,"href":"https:\/\/www.noticiasradioreflejos.com.ar\/2021\/wp-json\/wp\/v2\/comments?post=81389"}],"version-history":[{"count":1,"href":"https:\/\/www.noticiasradioreflejos.com.ar\/2021\/wp-json\/wp\/v2\/posts\/81389\/revisions"}],"predecessor-version":[{"id":81390,"href":"https:\/\/www.noticiasradioreflejos.com.ar\/2021\/wp-json\/wp\/v2\/posts\/81389\/revisions\/81390"}],"wp:attachment":[{"href":"https:\/\/www.noticiasradioreflejos.com.ar\/2021\/wp-json\/wp\/v2\/media?parent=81389"}],"wp:term":[{"taxonomy":"category","embeddable":true,"href":"https:\/\/www.noticiasradioreflejos.com.ar\/2021\/wp-json\/wp\/v2\/categories?post=81389"},{"taxonomy":"post_tag","embeddable":true,"href":"https:\/\/www.noticiasradioreflejos.com.ar\/2021\/wp-json\/wp\/v2\/tags?post=81389"}],"curies":[{"name":"wp","href":"https:\/\/api.w.org\/{rel}","templated":true}]}}