{"id":81382,"date":"2022-12-15T00:03:36","date_gmt":"2022-12-15T00:03:36","guid":{"rendered":"http:\/\/www.noticiasradioreflejos.com.ar\/2021\/?p=81382"},"modified":"2022-12-15T00:16:46","modified_gmt":"2022-12-15T00:16:46","slug":"francia-elimino-a-marruecos-y-definira-con-argentina-el-mundial-de-qatar","status":"publish","type":"post","link":"https:\/\/www.noticiasradioreflejos.com.ar\/2021\/francia-elimino-a-marruecos-y-definira-con-argentina-el-mundial-de-qatar\/","title":{"rendered":"Francia elimin\u00f3 a Marruecos y definir\u00e1 con Argentina el Mundial de Qatar"},"content":{"rendered":"<p>Les Bleus se impuso por 2 a 0 con goles de Theo Hern\u00e1ndez a los 4 minutos del primer tiempo y Randal Kolo Muani a los 34 del segundo.<!--more--><\/p>\n<figure class=\"mb-3\"><img decoding=\"async\" src=\"https:\/\/www.telam.com.ar\/thumbs\/bluesteel\/advf\/imagenes\/2022\/12\/639a3c4dc339f_1200.jpg\" alt=\"Las dos caras del partido en una misma imagen Foto Maximiliano Luna\" width=\"100%\" height=\"100%\" \/><\/p>\n<div class=\"media-icons\"><\/div><figcaption>Las dos caras del partido en una misma imagen. (Foto: Maximiliano Luna)<\/figcaption><\/figure>\n<p>El vigente campe\u00f3n, Francia, elimin\u00f3 este mi\u00e9rcoles a Marruecos con una victoria por 2-0 en la semifinal disputada en Al Bayt y definir\u00e1 el domingo pr\u00f3ximo con Argentina el t\u00edtulo del Mundial Qatar 2022.<\/p>\n<p><strong>El lateral del Milan Theo Hern\u00e1ndez (5m.PT) y el delantero Randal Kolo Muaini (34m.ST)<\/strong>\u00a0anotaron los goles del partido observado desde el palco por el presidente franc\u00e9s, Emmanuel Macron, en compa\u00f1\u00eda de la m\u00e1xima autoridad de la FIFA, el suizo Gianni Infantino.<\/p>\n<p>Los finalistas de la primera Copa del Mundo en Medio Oriente se encontrar\u00e1n\u00a0<strong>este domingo desde las 12.00\u00a0<\/strong>en el Estadio Lusail, liderados por\u00a0<strong>Lionel Messi y Kylian Mbapp\u00e9, compa\u00f1eros en Par\u00eds Saint-Germain<\/strong>\u00a0y m\u00e1ximos anotadores de esta edici\u00f3n con 5 tantos cada uno.<\/p>\n<figure class=\"mb-3\"><img decoding=\"async\" src=\"https:\/\/www.telam.com.ar\/thumbs\/bluesteel\/advf\/imagenes\/2022\/12\/639a2e6fa13d4_1200.jpg\" alt=\"Foto Fernando Gens\" width=\"100%\" height=\"100%\" \/><\/p>\n<div class=\"media-icons\"><\/div><figcaption>Foto: Fernando Gens.<\/figcaption><\/figure>\n<figure class=\"mb-3\"><img decoding=\"async\" src=\"https:\/\/www.telam.com.ar\/thumbs\/bluesteel\/advf\/imagenes\/2022\/12\/639a2a4b64665_1200.jpg\" alt=\"Foto Maximiliano Luna\" width=\"100%\" height=\"100%\" \/><\/p>\n<div class=\"media-icons\"><\/div><figcaption>Foto: Maximiliano Luna.<\/figcaption><\/figure>\n<p>Francia ir\u00e1 en busca de un bicampeonato consecutivo que solo lograron Italia en la etapa fascista (1934-1938) y Brasil (1958-1962) durante los primeros a\u00f1os de \u00abO Rei\u00bb Pel\u00e9.<\/p>\n<p><strong>Argentina, que no corona desde 1986 con Diego Maradona, tiene ventaja de 2-1 en el historial mundialista<\/strong>\u00a0con los franceses pero perdi\u00f3 en el \u00fanico antecedente de eliminaci\u00f3n directa (3-4 por los octavos de final de Rusia 2018). Sus dos triunfos fueron en la fase de grupos de 1930 (1-0) y 1978 (2-1).<\/p>\n<p>Marruecos y Croacia, que compartieron el Grupo F en Qatar e igualaron sin goles, volver\u00e1n a enfrentarse por el tercer puesto el s\u00e1bado a las 12.00 en el estadio Khalifa Internacional.<\/p>\n<h2 class=\"\">Una semifinal en franc\u00e9s<\/h2>\n<figure class=\"mb-3\"><img decoding=\"async\" src=\"https:\/\/www.telam.com.ar\/thumbs\/bluesteel\/advf\/imagenes\/2022\/12\/639a2a4b4ca65_1200.jpg\" alt=\"Foto Maximiliano Luna\" width=\"100%\" height=\"100%\" \/><\/p>\n<div class=\"media-icons\"><\/div><figcaption>Foto: Maximiliano Luna.<\/figcaption><\/figure>\n<p>Un error individual, un instante fatal, puede cambiar todos los planes en un partido. Eso le sucedi\u00f3 a Marruecos a partir de un cierre fallido de El Yamiq le dio tiempo y espacio para desequilibrar a\u00a0<strong>Griezmann\u00a0<\/strong>en su interesante versi\u00f3n de atacante retrasado detr\u00e1s del punta.\u00a0El futbolista de Atl\u00e9tico de Madrid pis\u00f3 el \u00e1rea con pelota dominada, ubic\u00f3 a Mbapp\u00e9 y\u00a0<strong>Hern\u00e1ndez, por la izquierda, apareci\u00f3 para capitalizar un rebote y poner el 1-0.<\/strong><\/p>\n<p>La temprana apertura del marcador habilit\u00f3 a una semifinal de tr\u00e1mite abierto en la primera parte. El seleccionado africano, estructurado con una l\u00ednea defensiva de 5 hombres,\u00a0<strong>se vio forzado a soltar a sus laterales y Hakimi hizo notar su jerarqu\u00eda<\/strong>\u00a0para iniciar avances en sociedad con Ziyech por la banda derecha.<\/p>\n<figure class=\"mb-3\"><img decoding=\"async\" src=\"https:\/\/www.telam.com.ar\/thumbs\/bluesteel\/advf\/imagenes\/2022\/12\/639a2d5576605_1200.jpg\" alt=\"Foto Fernando Gens\" width=\"100%\" height=\"100%\" \/><\/p>\n<div class=\"media-icons\"><\/div><figcaption>Foto: Fernando Gens.<\/figcaption><\/figure>\n<figure class=\"mb-3\"><img decoding=\"async\" src=\"https:\/\/www.telam.com.ar\/thumbs\/bluesteel\/advf\/imagenes\/2022\/12\/639a2d5505db5_1200.jpg\" alt=\"Foto Fernando Gens\" width=\"100%\" height=\"100%\" \/><\/p>\n<div class=\"media-icons\"><\/div><figcaption>Foto: Fernando Gens.<\/figcaption><\/figure>\n<p>Marruecos mostr\u00f3 buen concepto para construir juego pero no tuvo la defensa rocosa en la que se sustent\u00f3 para convertirse en el primer equipo \u00e1rabe entre los cuatro mejores de una Copa del Mundo.<\/p>\n<p>Antes de salir reemplazado por lesi\u00f3n, su capit\u00e1n Romain Saiss perdi\u00f3 la espalda y\u00a0<strong>Giroud\u00a0revent\u00f3 el palo derecho tras ingresar al \u00e1rea con pelota dominada.<\/strong>\u00a0En cada corte, Francia atacaba los espacios con la peligrosidad de sus delanteros, asistidos por Griezmann y un centromediocampista completo como Tchouam\u00e9ni.<\/p>\n<p>A los 35 minutos, el jugador de Real Madrid asisti\u00f3 a Mbapp\u00e9, picante de izquierda al centro, en una jugada que estuvo cerca de transformarse en el segundo, antes de la reacci\u00f3n de Marruecos al final de la primer etapa.\u00a0<strong>El palo salv\u00f3 a Lloris ante una chilena de El Yamiq<\/strong><\/p>\n<figure class=\"mb-3\"><img decoding=\"async\" src=\"https:\/\/www.telam.com.ar\/thumbs\/bluesteel\/advf\/imagenes\/2022\/12\/639a2d553dee5_1200.jpg\" alt=\"Foto Fernando Gens\" width=\"100%\" height=\"100%\" \/><\/p>\n<div class=\"media-icons\"><\/div><figcaption>Foto: Fernando Gens.<\/figcaption><\/figure>\n<figure class=\"mb-3\"><img decoding=\"async\" src=\"https:\/\/www.telam.com.ar\/thumbs\/bluesteel\/advf\/imagenes\/2022\/12\/639a2a4b34e4b_1200.jpg\" alt=\"Foto Maximiliano Luna\" width=\"100%\" height=\"100%\" \/><\/p>\n<div class=\"media-icons\"><\/div><figcaption>Foto: Maximiliano Luna.<\/figcaption><\/figure>\n<p>Regragui busc\u00f3 mayor profundidad por el costado izquierdo con Attiat-Allah para explotar los espacios en el retroceso franc\u00e9s y el lateral tuvo dos apariciones a los 7 minutos del segundo tiempo que casi se transforman en el 1-1.<\/p>\n<p><strong>Francia se repleg\u00f3 con todos sus hombres en campo propio y Mbapp\u00e9 dispuso terreno para su velocidad felina\u00a0<\/strong>y dotes art\u00edsticos para simular faltas en cada pelota dividida. El juego se plante\u00f3 con un desenlace incierto porque Marruecos expuso debilidades defensivas del rival, aunque sin eficacia para llegar al gol.<\/p>\n<figure class=\"mb-3\"><img decoding=\"async\" src=\"https:\/\/www.telam.com.ar\/thumbs\/bluesteel\/advf\/imagenes\/2022\/12\/639a31d747837_1200.jpg\" alt=\"Foto Fernando Gens\" width=\"100%\" height=\"100%\" \/><\/p>\n<div class=\"media-icons\"><\/div><figcaption>Foto: Fernando Gens.<\/figcaption><\/figure>\n<p>Todo se resolvi\u00f3 con el ingreso de<strong>\u00a0Randal Kolo Muani<\/strong>, un jugador que se meti\u00f3 en la lista definitivas a d\u00edas del Mundial por la lesi\u00f3n de Christopher Nkunku. El franco-congole\u00f1o, al igual que Theo, factur\u00f3 una pelota perdida tras una gesti\u00f3n de Mbapp\u00e9 en el \u00e1rea.<\/p>\n<p>Con su numerosa parcialidad apagada, los marroqu\u00edes intentaron la haza\u00f1a en el tramo final y\u00a0<strong>merecieron el gol del descuento pero la fortuna y las buenas respuestas de Lloris lo impidieron.<\/strong><\/p>\n<p>Mientras los franceses ya permanec\u00edan en el vestuario, tras un demorado festejo, los africanos se quedaron en la cancha para agradecer el respaldo a su p\u00fablico en una actuaci\u00f3n para la historia.<\/p>\n<h2 class=\"\">S\u00edntesis<\/h2>\n<figure class=\"mb-3\"><img decoding=\"async\" src=\"https:\/\/www.telam.com.ar\/thumbs\/bluesteel\/advf\/imagenes\/2022\/12\/639a20c349bdd_1200.jpg\" alt=\"Foto Maximiliano Luna\" width=\"100%\" height=\"100%\" \/><\/p>\n<div class=\"media-icons\"><\/div><figcaption>Foto: Maximiliano Luna.<\/figcaption><\/figure>\n<p><strong>Francia:<\/strong>\u00a0Hugo Lloris; Jules Kound\u00e9, Raphael Varane, Ibrahima Konate y Theo Hern\u00e1ndez; Aurelien Tchouam\u00e9ni y Youssouf Fofana; Ousmane Demb\u00e9l\u00e9, Antoine Griezmann y Kylian Mbapp\u00e9; Olivier Giroud. DT: Didier Deschamps.<\/p>\n<p><strong>Marruecos:<\/strong>\u00a0Bono; Achraf Hakimi, Jawad El Yamiq, Nayer Aguerd, Romain Saiss y Noussair Mazraouni; Hakim Ziyech, Azzedine Ounahi, Sofyan Amrabat y Sofiane Boufal; Youssef En-Nesyri. DT: Walid Regragui.<\/p>\n<p><strong>Gol en el primer tiempo:<\/strong>\u00a05m. Hern\u00e1ndez (F).<\/p>\n<p><strong>Gol en el segundo tiempo<\/strong>: 34m. Kolo Muani (F).<\/p>\n<p><strong>Cambios:<\/strong>\u00a0en el primer tiempo: 21m. Selim Amallah por Saiss (M).\u00a0<strong>En el segundo tiempo<\/strong>, al comenzar, Yahya Attiat-Allah por Mazraouni (M); 20m. Marcus Thuram por Giroud (F); 22m. Abderrazak Hamdallah por Boufal y Zakaria Aboukhlal por En-Nesyri (M); 33m. Abde Ezzalzouli por Amallah (M) y Randal Kolo Muani por Dembel\u00e9 (F).<\/p>\n<p><strong>Amonestados:\u00a0<\/strong>Boufal (M).<\/p>\n<p><strong>\u00c1rbitro:\u00a0<\/strong>C\u00e9sar Ramos (M\u00e9xico), asistido por sus compatriotas Alberto Morin (l\u00ednea 1), Miguel Hern\u00e1ndez (l\u00ednea 2) y el canadiense Drew Fischer (VAR).<\/p>\n<p><strong>Estadio:\u00a0<\/strong>Al Bayt.<\/p>\n<p><strong>P\u00fablico:<\/strong>\u00a068.294 espectadores.<\/p>\n<h2 class=\"\">As\u00ed jug\u00f3 Francia<\/h2>\n<div class=\"info-sizer cuadrada\"><iframe src=\"https:\/\/qatar2022.telam.com.ar\/info-estadisticas-equipo-vs.php?c=mundial&amp;v=605199&amp;f=cuadrada\" frameborder=\"0\"><\/iframe><\/div>\n<h2 class=\"\">As\u00ed jug\u00f3 Marruecos<\/h2>\n<div class=\"info-sizer cuadrada\"><iframe src=\"https:\/\/qatar2022.telam.com.ar\/info-estadisticas-equipo-vs.php?c=mundial&amp;v=605199&amp;f=cuadrada&amp;z=1\" frameborder=\"0\"><\/iframe><\/div>\n<div class=\"card col-md-10 offset-md-1 mb-4\"><\/div>\n","protected":false},"excerpt":{"rendered":"<p>Les Bleus se impuso por 2 a 0 con goles de Theo Hern\u00e1ndez a los 4 minutos del primer tiempo y Randal Kolo Muani a los 34 del segundo.<\/p>\n","protected":false},"author":3,"featured_media":0,"comment_status":"closed","ping_status":"closed","sticky":false,"template":"","format":"standard","meta":{"footnotes":""},"categories":[27],"tags":[],"class_list":["post-81382","post","type-post","status-publish","format-standard","hentry","category-deportes"],"yoast_head":"<!-- This site is optimized with the Yoast SEO plugin v25.9 - https:\/\/yoast.com\/wordpress\/plugins\/seo\/ -->\n<title>Francia elimin\u00f3 a Marruecos y definir\u00e1 con Argentina el Mundial de Qatar - Noticias Radio Reflejos<\/title>\n<meta name=\"robots\" content=\"index, follow, max-snippet:-1, max-image-preview:large, max-video-preview:-1\" \/>\n<link rel=\"canonical\" href=\"https:\/\/www.noticiasradioreflejos.com.ar\/2021\/francia-elimino-a-marruecos-y-definira-con-argentina-el-mundial-de-qatar\/\" \/>\n<meta property=\"og:locale\" content=\"es_ES\" \/>\n<meta property=\"og:type\" content=\"article\" \/>\n<meta property=\"og:title\" content=\"Francia elimin\u00f3 a Marruecos y definir\u00e1 con Argentina el Mundial de Qatar - Noticias Radio Reflejos\" \/>\n<meta property=\"og:description\" content=\"Les Bleus se impuso por 2 a 0 con goles de Theo Hern\u00e1ndez a los 4 minutos del primer tiempo y Randal Kolo Muani a los 34 del segundo.\" \/>\n<meta property=\"og:url\" content=\"https:\/\/www.noticiasradioreflejos.com.ar\/2021\/francia-elimino-a-marruecos-y-definira-con-argentina-el-mundial-de-qatar\/\" \/>\n<meta property=\"og:site_name\" content=\"Noticias Radio Reflejos\" \/>\n<meta property=\"article:published_time\" content=\"2022-12-15T00:03:36+00:00\" \/>\n<meta property=\"article:modified_time\" content=\"2022-12-15T00:16:46+00:00\" \/>\n<meta property=\"og:image\" content=\"https:\/\/www.telam.com.ar\/thumbs\/bluesteel\/advf\/imagenes\/2022\/12\/639a3c4dc339f_1200.jpg\" \/>\n<meta name=\"author\" content=\"Arnaldo Botto\" \/>\n<meta name=\"twitter:card\" content=\"summary_large_image\" \/>\n<script type=\"application\/ld+json\" class=\"yoast-schema-graph\">{\"@context\":\"https:\/\/schema.org\",\"@graph\":[{\"@type\":\"WebPage\",\"@id\":\"https:\/\/www.noticiasradioreflejos.com.ar\/2021\/francia-elimino-a-marruecos-y-definira-con-argentina-el-mundial-de-qatar\/\",\"url\":\"https:\/\/www.noticiasradioreflejos.com.ar\/2021\/francia-elimino-a-marruecos-y-definira-con-argentina-el-mundial-de-qatar\/\",\"name\":\"Francia elimin\u00f3 a Marruecos y definir\u00e1 con Argentina el Mundial de Qatar - Noticias Radio Reflejos\",\"isPartOf\":{\"@id\":\"https:\/\/www.noticiasradioreflejos.com.ar\/2021\/#website\"},\"primaryImageOfPage\":{\"@id\":\"https:\/\/www.noticiasradioreflejos.com.ar\/2021\/francia-elimino-a-marruecos-y-definira-con-argentina-el-mundial-de-qatar\/#primaryimage\"},\"image\":{\"@id\":\"https:\/\/www.noticiasradioreflejos.com.ar\/2021\/francia-elimino-a-marruecos-y-definira-con-argentina-el-mundial-de-qatar\/#primaryimage\"},\"thumbnailUrl\":\"https:\/\/www.telam.com.ar\/thumbs\/bluesteel\/advf\/imagenes\/2022\/12\/639a3c4dc339f_1200.jpg\",\"datePublished\":\"2022-12-15T00:03:36+00:00\",\"dateModified\":\"2022-12-15T00:16:46+00:00\",\"author\":{\"@id\":\"https:\/\/www.noticiasradioreflejos.com.ar\/2021\/#\/schema\/person\/ad82545263dcc5ec0996818884fd5fb1\"},\"breadcrumb\":{\"@id\":\"https:\/\/www.noticiasradioreflejos.com.ar\/2021\/francia-elimino-a-marruecos-y-definira-con-argentina-el-mundial-de-qatar\/#breadcrumb\"},\"inLanguage\":\"es\",\"potentialAction\":[{\"@type\":\"ReadAction\",\"target\":[\"https:\/\/www.noticiasradioreflejos.com.ar\/2021\/francia-elimino-a-marruecos-y-definira-con-argentina-el-mundial-de-qatar\/\"]}]},{\"@type\":\"ImageObject\",\"inLanguage\":\"es\",\"@id\":\"https:\/\/www.noticiasradioreflejos.com.ar\/2021\/francia-elimino-a-marruecos-y-definira-con-argentina-el-mundial-de-qatar\/#primaryimage\",\"url\":\"https:\/\/www.telam.com.ar\/thumbs\/bluesteel\/advf\/imagenes\/2022\/12\/639a3c4dc339f_1200.jpg\",\"contentUrl\":\"https:\/\/www.telam.com.ar\/thumbs\/bluesteel\/advf\/imagenes\/2022\/12\/639a3c4dc339f_1200.jpg\"},{\"@type\":\"BreadcrumbList\",\"@id\":\"https:\/\/www.noticiasradioreflejos.com.ar\/2021\/francia-elimino-a-marruecos-y-definira-con-argentina-el-mundial-de-qatar\/#breadcrumb\",\"itemListElement\":[{\"@type\":\"ListItem\",\"position\":1,\"name\":\"Portada\",\"item\":\"https:\/\/www.noticiasradioreflejos.com.ar\/2021\/\"},{\"@type\":\"ListItem\",\"position\":2,\"name\":\"Francia elimin\u00f3 a Marruecos y definir\u00e1 con Argentina el Mundial de Qatar\"}]},{\"@type\":\"WebSite\",\"@id\":\"https:\/\/www.noticiasradioreflejos.com.ar\/2021\/#website\",\"url\":\"https:\/\/www.noticiasradioreflejos.com.ar\/2021\/\",\"name\":\"Noticias Radio Reflejos\",\"description\":\"Las noticias de mi comarca\",\"potentialAction\":[{\"@type\":\"SearchAction\",\"target\":{\"@type\":\"EntryPoint\",\"urlTemplate\":\"https:\/\/www.noticiasradioreflejos.com.ar\/2021\/?s={search_term_string}\"},\"query-input\":{\"@type\":\"PropertyValueSpecification\",\"valueRequired\":true,\"valueName\":\"search_term_string\"}}],\"inLanguage\":\"es\"},{\"@type\":\"Person\",\"@id\":\"https:\/\/www.noticiasradioreflejos.com.ar\/2021\/#\/schema\/person\/ad82545263dcc5ec0996818884fd5fb1\",\"name\":\"Arnaldo Botto\",\"image\":{\"@type\":\"ImageObject\",\"inLanguage\":\"es\",\"@id\":\"https:\/\/www.noticiasradioreflejos.com.ar\/2021\/#\/schema\/person\/image\/\",\"url\":\"https:\/\/secure.gravatar.com\/avatar\/55cb5e37c1efa326397366e6974cb338056df65cb50e7d64d1cf314e87504837?s=96&d=mm&r=g\",\"contentUrl\":\"https:\/\/secure.gravatar.com\/avatar\/55cb5e37c1efa326397366e6974cb338056df65cb50e7d64d1cf314e87504837?s=96&d=mm&r=g\",\"caption\":\"Arnaldo Botto\"},\"url\":\"https:\/\/www.noticiasradioreflejos.com.ar\/2021\/author\/arnaldo\/\"}]}<\/script>\n<!-- \/ Yoast SEO plugin. -->","yoast_head_json":{"title":"Francia elimin\u00f3 a Marruecos y definir\u00e1 con Argentina el Mundial de Qatar - Noticias Radio Reflejos","robots":{"index":"index","follow":"follow","max-snippet":"max-snippet:-1","max-image-preview":"max-image-preview:large","max-video-preview":"max-video-preview:-1"},"canonical":"https:\/\/www.noticiasradioreflejos.com.ar\/2021\/francia-elimino-a-marruecos-y-definira-con-argentina-el-mundial-de-qatar\/","og_locale":"es_ES","og_type":"article","og_title":"Francia elimin\u00f3 a Marruecos y definir\u00e1 con Argentina el Mundial de Qatar - Noticias Radio Reflejos","og_description":"Les Bleus se impuso por 2 a 0 con goles de Theo Hern\u00e1ndez a los 4 minutos del primer tiempo y Randal Kolo Muani a los 34 del segundo.","og_url":"https:\/\/www.noticiasradioreflejos.com.ar\/2021\/francia-elimino-a-marruecos-y-definira-con-argentina-el-mundial-de-qatar\/","og_site_name":"Noticias Radio Reflejos","article_published_time":"2022-12-15T00:03:36+00:00","article_modified_time":"2022-12-15T00:16:46+00:00","og_image":[{"url":"https:\/\/www.telam.com.ar\/thumbs\/bluesteel\/advf\/imagenes\/2022\/12\/639a3c4dc339f_1200.jpg","type":"","width":"","height":""}],"author":"Arnaldo Botto","twitter_card":"summary_large_image","schema":{"@context":"https:\/\/schema.org","@graph":[{"@type":"WebPage","@id":"https:\/\/www.noticiasradioreflejos.com.ar\/2021\/francia-elimino-a-marruecos-y-definira-con-argentina-el-mundial-de-qatar\/","url":"https:\/\/www.noticiasradioreflejos.com.ar\/2021\/francia-elimino-a-marruecos-y-definira-con-argentina-el-mundial-de-qatar\/","name":"Francia elimin\u00f3 a Marruecos y definir\u00e1 con Argentina el Mundial de Qatar - Noticias Radio Reflejos","isPartOf":{"@id":"https:\/\/www.noticiasradioreflejos.com.ar\/2021\/#website"},"primaryImageOfPage":{"@id":"https:\/\/www.noticiasradioreflejos.com.ar\/2021\/francia-elimino-a-marruecos-y-definira-con-argentina-el-mundial-de-qatar\/#primaryimage"},"image":{"@id":"https:\/\/www.noticiasradioreflejos.com.ar\/2021\/francia-elimino-a-marruecos-y-definira-con-argentina-el-mundial-de-qatar\/#primaryimage"},"thumbnailUrl":"https:\/\/www.telam.com.ar\/thumbs\/bluesteel\/advf\/imagenes\/2022\/12\/639a3c4dc339f_1200.jpg","datePublished":"2022-12-15T00:03:36+00:00","dateModified":"2022-12-15T00:16:46+00:00","author":{"@id":"https:\/\/www.noticiasradioreflejos.com.ar\/2021\/#\/schema\/person\/ad82545263dcc5ec0996818884fd5fb1"},"breadcrumb":{"@id":"https:\/\/www.noticiasradioreflejos.com.ar\/2021\/francia-elimino-a-marruecos-y-definira-con-argentina-el-mundial-de-qatar\/#breadcrumb"},"inLanguage":"es","potentialAction":[{"@type":"ReadAction","target":["https:\/\/www.noticiasradioreflejos.com.ar\/2021\/francia-elimino-a-marruecos-y-definira-con-argentina-el-mundial-de-qatar\/"]}]},{"@type":"ImageObject","inLanguage":"es","@id":"https:\/\/www.noticiasradioreflejos.com.ar\/2021\/francia-elimino-a-marruecos-y-definira-con-argentina-el-mundial-de-qatar\/#primaryimage","url":"https:\/\/www.telam.com.ar\/thumbs\/bluesteel\/advf\/imagenes\/2022\/12\/639a3c4dc339f_1200.jpg","contentUrl":"https:\/\/www.telam.com.ar\/thumbs\/bluesteel\/advf\/imagenes\/2022\/12\/639a3c4dc339f_1200.jpg"},{"@type":"BreadcrumbList","@id":"https:\/\/www.noticiasradioreflejos.com.ar\/2021\/francia-elimino-a-marruecos-y-definira-con-argentina-el-mundial-de-qatar\/#breadcrumb","itemListElement":[{"@type":"ListItem","position":1,"name":"Portada","item":"https:\/\/www.noticiasradioreflejos.com.ar\/2021\/"},{"@type":"ListItem","position":2,"name":"Francia elimin\u00f3 a Marruecos y definir\u00e1 con Argentina el Mundial de Qatar"}]},{"@type":"WebSite","@id":"https:\/\/www.noticiasradioreflejos.com.ar\/2021\/#website","url":"https:\/\/www.noticiasradioreflejos.com.ar\/2021\/","name":"Noticias Radio Reflejos","description":"Las noticias de mi comarca","potentialAction":[{"@type":"SearchAction","target":{"@type":"EntryPoint","urlTemplate":"https:\/\/www.noticiasradioreflejos.com.ar\/2021\/?s={search_term_string}"},"query-input":{"@type":"PropertyValueSpecification","valueRequired":true,"valueName":"search_term_string"}}],"inLanguage":"es"},{"@type":"Person","@id":"https:\/\/www.noticiasradioreflejos.com.ar\/2021\/#\/schema\/person\/ad82545263dcc5ec0996818884fd5fb1","name":"Arnaldo Botto","image":{"@type":"ImageObject","inLanguage":"es","@id":"https:\/\/www.noticiasradioreflejos.com.ar\/2021\/#\/schema\/person\/image\/","url":"https:\/\/secure.gravatar.com\/avatar\/55cb5e37c1efa326397366e6974cb338056df65cb50e7d64d1cf314e87504837?s=96&d=mm&r=g","contentUrl":"https:\/\/secure.gravatar.com\/avatar\/55cb5e37c1efa326397366e6974cb338056df65cb50e7d64d1cf314e87504837?s=96&d=mm&r=g","caption":"Arnaldo Botto"},"url":"https:\/\/www.noticiasradioreflejos.com.ar\/2021\/author\/arnaldo\/"}]}},"_links":{"self":[{"href":"https:\/\/www.noticiasradioreflejos.com.ar\/2021\/wp-json\/wp\/v2\/posts\/81382","targetHints":{"allow":["GET"]}}],"collection":[{"href":"https:\/\/www.noticiasradioreflejos.com.ar\/2021\/wp-json\/wp\/v2\/posts"}],"about":[{"href":"https:\/\/www.noticiasradioreflejos.com.ar\/2021\/wp-json\/wp\/v2\/types\/post"}],"author":[{"embeddable":true,"href":"https:\/\/www.noticiasradioreflejos.com.ar\/2021\/wp-json\/wp\/v2\/users\/3"}],"replies":[{"embeddable":true,"href":"https:\/\/www.noticiasradioreflejos.com.ar\/2021\/wp-json\/wp\/v2\/comments?post=81382"}],"version-history":[{"count":1,"href":"https:\/\/www.noticiasradioreflejos.com.ar\/2021\/wp-json\/wp\/v2\/posts\/81382\/revisions"}],"predecessor-version":[{"id":81384,"href":"https:\/\/www.noticiasradioreflejos.com.ar\/2021\/wp-json\/wp\/v2\/posts\/81382\/revisions\/81384"}],"wp:attachment":[{"href":"https:\/\/www.noticiasradioreflejos.com.ar\/2021\/wp-json\/wp\/v2\/media?parent=81382"}],"wp:term":[{"taxonomy":"category","embeddable":true,"href":"https:\/\/www.noticiasradioreflejos.com.ar\/2021\/wp-json\/wp\/v2\/categories?post=81382"},{"taxonomy":"post_tag","embeddable":true,"href":"https:\/\/www.noticiasradioreflejos.com.ar\/2021\/wp-json\/wp\/v2\/tags?post=81382"}],"curies":[{"name":"wp","href":"https:\/\/api.w.org\/{rel}","templated":true}]}}