{"id":81358,"date":"2022-12-14T15:14:08","date_gmt":"2022-12-14T15:14:08","guid":{"rendered":"http:\/\/www.noticiasradioreflejos.com.ar\/2021\/?p=81358"},"modified":"2022-12-14T15:14:08","modified_gmt":"2022-12-14T15:14:08","slug":"messi-acapara-las-portadas-de-los-principales-medios-deportivos-del-mundo","status":"publish","type":"post","link":"https:\/\/www.noticiasradioreflejos.com.ar\/2021\/messi-acapara-las-portadas-de-los-principales-medios-deportivos-del-mundo\/","title":{"rendered":"Messi acapara las portadas de los principales medios deportivos del mundo"},"content":{"rendered":"<p>Mundo Deportivo titula \u00abMacanudos\u00bb, con la foto del abrazo entre Messi y \u00c1lvarez y agrega: \u00abMessi y Juli\u00e1n \u00c1lvarez meten a la Argentina en su sexta final mundial en pos de su tercer t\u00edtulo: un genial Leo marc\u00f3 y asisti\u00f3 para el doblete de su protegido\u00bb.<!--more--><\/p>\n<p>El astro rosarino Lionel Messi, genio y figura en el triunfo de Argentina sobre Croacia por 3-0 que clasific\u00f3 al equipo a la final del Mundial de Qatar, acapar\u00f3 las portadas de los principales medios deportivos.<\/p>\n<p><strong>El peri\u00f3dico espa\u00f1ol AS titul\u00f3 \u00abDe qu\u00e9 planeta viniste\u00bb con la foto de Messi<\/strong>\u00a0y su abrazo con el cordob\u00e9s Juli\u00e1n \u00c1lvarez en el festejo del tercero gol argentino ante Croacia.<\/p>\n<p>En la bajada del titulo, el medio espa\u00f1ol destaca que \u00abMessi da un recital, marca un gol y hace la jugada del Mundial para meter a la Argentina en final\u00bb.<\/p>\n<p><strong>En Italia, la Gazzetta dello Sport se\u00f1ala \u00abMara Messi\u00bb<\/strong>\u00a0y dice \u00abLeo como el Diego (Maradona): gol y magia Argentina en la final\u00bb.<\/p>\n<figure class=\"mb-3\"><img decoding=\"async\" src=\"https:\/\/www.telam.com.ar\/thumbs\/bluesteel\/advf\/imagenes\/2022\/12\/6399bdafaa26b_1200.jpg\" alt=\"Messi mundial\" width=\"100%\" height=\"100%\" \/><\/p>\n<div class=\"media-icons\"><\/div><figcaption>Messi mundial.<\/figcaption><\/figure>\n<p>En tanto,<strong>\u00a0el diario Corriere dello Sport publica \u00abUn Messi estratosf\u00e9rico regala a la Argentina la final del Mundo\u00bb y titula \u00abEl otro Diego\u00bb.<\/strong><\/p>\n<p>Por otro lado,<strong>\u00a0el diario deportivo Marca, de Espa\u00f1a, publica \u00abLeo, ah\u00ed la ten\u00e9s\u00bb<\/strong>\u00a0y destaca en su bajada: \u00abApote\u00f3tica exhibici\u00f3n de Messi: hace el 1-0 de penal y fabrica el tercero tras una maniobra genial\u00bb.<\/p>\n<p>Mundo Deportivo titula \u00abMacanudos\u00bb, con la foto del abrazo entre Messi y \u00c1lvarez y agrega: \u00abMessi y Juli\u00e1n \u00c1lvarez meten a la Argentina en su sexta final mundial en pos de su tercer t\u00edtulo: un genial Leo marc\u00f3 y asisti\u00f3 para el doblete de su protegido\u00bb.<\/p>\n<p>Por \u00faltimo, el diario Sport encabeza su portada con el t\u00edtulo \u00abA la final\u00bb con la misma foto del abrazo entre el capit\u00e1n argentino y el juvenil delantero del Manchester City y destaca:\u00a0<strong>\u00abArgentina optar\u00e1 por ganar el Mundial, tras derrotar a Croacia con un Messi soberbio, autor de un gol y una asistencia\u00bb.<\/strong><\/p>\n","protected":false},"excerpt":{"rendered":"<p>Mundo Deportivo titula \u00abMacanudos\u00bb, con la foto del abrazo entre Messi y \u00c1lvarez y agrega: \u00abMessi y Juli\u00e1n \u00c1lvarez meten a la Argentina en su sexta final mundial en pos de su tercer t\u00edtulo: un genial Leo marc\u00f3 y asisti\u00f3 para el doblete de su protegido\u00bb.<\/p>\n","protected":false},"author":3,"featured_media":0,"comment_status":"closed","ping_status":"closed","sticky":false,"template":"","format":"standard","meta":{"footnotes":""},"categories":[27],"tags":[],"class_list":["post-81358","post","type-post","status-publish","format-standard","hentry","category-deportes"],"yoast_head":"<!-- This site is optimized with the Yoast SEO plugin v25.9 - https:\/\/yoast.com\/wordpress\/plugins\/seo\/ -->\n<title>Messi acapara las portadas de los principales medios deportivos del mundo - Noticias Radio Reflejos<\/title>\n<meta name=\"robots\" content=\"index, follow, max-snippet:-1, max-image-preview:large, max-video-preview:-1\" \/>\n<link rel=\"canonical\" href=\"https:\/\/www.noticiasradioreflejos.com.ar\/2021\/messi-acapara-las-portadas-de-los-principales-medios-deportivos-del-mundo\/\" \/>\n<meta property=\"og:locale\" content=\"es_ES\" \/>\n<meta property=\"og:type\" content=\"article\" \/>\n<meta property=\"og:title\" content=\"Messi acapara las portadas de los principales medios deportivos del mundo - Noticias Radio Reflejos\" \/>\n<meta property=\"og:description\" content=\"Mundo Deportivo titula \u00abMacanudos\u00bb, con la foto del abrazo entre Messi y \u00c1lvarez y agrega: \u00abMessi y Juli\u00e1n \u00c1lvarez meten a la Argentina en su sexta final mundial en pos de su tercer t\u00edtulo: un genial Leo marc\u00f3 y asisti\u00f3 para el doblete de su protegido\u00bb.\" \/>\n<meta property=\"og:url\" content=\"https:\/\/www.noticiasradioreflejos.com.ar\/2021\/messi-acapara-las-portadas-de-los-principales-medios-deportivos-del-mundo\/\" \/>\n<meta property=\"og:site_name\" content=\"Noticias Radio Reflejos\" \/>\n<meta property=\"article:published_time\" content=\"2022-12-14T15:14:08+00:00\" \/>\n<meta property=\"og:image\" content=\"https:\/\/www.telam.com.ar\/thumbs\/bluesteel\/advf\/imagenes\/2022\/12\/6399bdafaa26b_1200.jpg\" \/>\n<meta name=\"author\" content=\"Arnaldo Botto\" \/>\n<meta name=\"twitter:card\" content=\"summary_large_image\" \/>\n<script type=\"application\/ld+json\" class=\"yoast-schema-graph\">{\"@context\":\"https:\/\/schema.org\",\"@graph\":[{\"@type\":\"WebPage\",\"@id\":\"https:\/\/www.noticiasradioreflejos.com.ar\/2021\/messi-acapara-las-portadas-de-los-principales-medios-deportivos-del-mundo\/\",\"url\":\"https:\/\/www.noticiasradioreflejos.com.ar\/2021\/messi-acapara-las-portadas-de-los-principales-medios-deportivos-del-mundo\/\",\"name\":\"Messi acapara las portadas de los principales medios deportivos del mundo - Noticias Radio Reflejos\",\"isPartOf\":{\"@id\":\"https:\/\/www.noticiasradioreflejos.com.ar\/2021\/#website\"},\"primaryImageOfPage\":{\"@id\":\"https:\/\/www.noticiasradioreflejos.com.ar\/2021\/messi-acapara-las-portadas-de-los-principales-medios-deportivos-del-mundo\/#primaryimage\"},\"image\":{\"@id\":\"https:\/\/www.noticiasradioreflejos.com.ar\/2021\/messi-acapara-las-portadas-de-los-principales-medios-deportivos-del-mundo\/#primaryimage\"},\"thumbnailUrl\":\"https:\/\/www.telam.com.ar\/thumbs\/bluesteel\/advf\/imagenes\/2022\/12\/6399bdafaa26b_1200.jpg\",\"datePublished\":\"2022-12-14T15:14:08+00:00\",\"author\":{\"@id\":\"https:\/\/www.noticiasradioreflejos.com.ar\/2021\/#\/schema\/person\/ad82545263dcc5ec0996818884fd5fb1\"},\"breadcrumb\":{\"@id\":\"https:\/\/www.noticiasradioreflejos.com.ar\/2021\/messi-acapara-las-portadas-de-los-principales-medios-deportivos-del-mundo\/#breadcrumb\"},\"inLanguage\":\"es\",\"potentialAction\":[{\"@type\":\"ReadAction\",\"target\":[\"https:\/\/www.noticiasradioreflejos.com.ar\/2021\/messi-acapara-las-portadas-de-los-principales-medios-deportivos-del-mundo\/\"]}]},{\"@type\":\"ImageObject\",\"inLanguage\":\"es\",\"@id\":\"https:\/\/www.noticiasradioreflejos.com.ar\/2021\/messi-acapara-las-portadas-de-los-principales-medios-deportivos-del-mundo\/#primaryimage\",\"url\":\"https:\/\/www.telam.com.ar\/thumbs\/bluesteel\/advf\/imagenes\/2022\/12\/6399bdafaa26b_1200.jpg\",\"contentUrl\":\"https:\/\/www.telam.com.ar\/thumbs\/bluesteel\/advf\/imagenes\/2022\/12\/6399bdafaa26b_1200.jpg\"},{\"@type\":\"BreadcrumbList\",\"@id\":\"https:\/\/www.noticiasradioreflejos.com.ar\/2021\/messi-acapara-las-portadas-de-los-principales-medios-deportivos-del-mundo\/#breadcrumb\",\"itemListElement\":[{\"@type\":\"ListItem\",\"position\":1,\"name\":\"Portada\",\"item\":\"https:\/\/www.noticiasradioreflejos.com.ar\/2021\/\"},{\"@type\":\"ListItem\",\"position\":2,\"name\":\"Messi acapara las portadas de los principales medios deportivos del mundo\"}]},{\"@type\":\"WebSite\",\"@id\":\"https:\/\/www.noticiasradioreflejos.com.ar\/2021\/#website\",\"url\":\"https:\/\/www.noticiasradioreflejos.com.ar\/2021\/\",\"name\":\"Noticias Radio Reflejos\",\"description\":\"Las noticias de mi comarca\",\"potentialAction\":[{\"@type\":\"SearchAction\",\"target\":{\"@type\":\"EntryPoint\",\"urlTemplate\":\"https:\/\/www.noticiasradioreflejos.com.ar\/2021\/?s={search_term_string}\"},\"query-input\":{\"@type\":\"PropertyValueSpecification\",\"valueRequired\":true,\"valueName\":\"search_term_string\"}}],\"inLanguage\":\"es\"},{\"@type\":\"Person\",\"@id\":\"https:\/\/www.noticiasradioreflejos.com.ar\/2021\/#\/schema\/person\/ad82545263dcc5ec0996818884fd5fb1\",\"name\":\"Arnaldo Botto\",\"image\":{\"@type\":\"ImageObject\",\"inLanguage\":\"es\",\"@id\":\"https:\/\/www.noticiasradioreflejos.com.ar\/2021\/#\/schema\/person\/image\/\",\"url\":\"https:\/\/secure.gravatar.com\/avatar\/55cb5e37c1efa326397366e6974cb338056df65cb50e7d64d1cf314e87504837?s=96&d=mm&r=g\",\"contentUrl\":\"https:\/\/secure.gravatar.com\/avatar\/55cb5e37c1efa326397366e6974cb338056df65cb50e7d64d1cf314e87504837?s=96&d=mm&r=g\",\"caption\":\"Arnaldo Botto\"},\"url\":\"https:\/\/www.noticiasradioreflejos.com.ar\/2021\/author\/arnaldo\/\"}]}<\/script>\n<!-- \/ Yoast SEO plugin. -->","yoast_head_json":{"title":"Messi acapara las portadas de los principales medios deportivos del mundo - Noticias Radio Reflejos","robots":{"index":"index","follow":"follow","max-snippet":"max-snippet:-1","max-image-preview":"max-image-preview:large","max-video-preview":"max-video-preview:-1"},"canonical":"https:\/\/www.noticiasradioreflejos.com.ar\/2021\/messi-acapara-las-portadas-de-los-principales-medios-deportivos-del-mundo\/","og_locale":"es_ES","og_type":"article","og_title":"Messi acapara las portadas de los principales medios deportivos del mundo - Noticias Radio Reflejos","og_description":"Mundo Deportivo titula \u00abMacanudos\u00bb, con la foto del abrazo entre Messi y \u00c1lvarez y agrega: \u00abMessi y Juli\u00e1n \u00c1lvarez meten a la Argentina en su sexta final mundial en pos de su tercer t\u00edtulo: un genial Leo marc\u00f3 y asisti\u00f3 para el doblete de su protegido\u00bb.","og_url":"https:\/\/www.noticiasradioreflejos.com.ar\/2021\/messi-acapara-las-portadas-de-los-principales-medios-deportivos-del-mundo\/","og_site_name":"Noticias Radio Reflejos","article_published_time":"2022-12-14T15:14:08+00:00","og_image":[{"url":"https:\/\/www.telam.com.ar\/thumbs\/bluesteel\/advf\/imagenes\/2022\/12\/6399bdafaa26b_1200.jpg","type":"","width":"","height":""}],"author":"Arnaldo Botto","twitter_card":"summary_large_image","schema":{"@context":"https:\/\/schema.org","@graph":[{"@type":"WebPage","@id":"https:\/\/www.noticiasradioreflejos.com.ar\/2021\/messi-acapara-las-portadas-de-los-principales-medios-deportivos-del-mundo\/","url":"https:\/\/www.noticiasradioreflejos.com.ar\/2021\/messi-acapara-las-portadas-de-los-principales-medios-deportivos-del-mundo\/","name":"Messi acapara las portadas de los principales medios deportivos del mundo - Noticias Radio Reflejos","isPartOf":{"@id":"https:\/\/www.noticiasradioreflejos.com.ar\/2021\/#website"},"primaryImageOfPage":{"@id":"https:\/\/www.noticiasradioreflejos.com.ar\/2021\/messi-acapara-las-portadas-de-los-principales-medios-deportivos-del-mundo\/#primaryimage"},"image":{"@id":"https:\/\/www.noticiasradioreflejos.com.ar\/2021\/messi-acapara-las-portadas-de-los-principales-medios-deportivos-del-mundo\/#primaryimage"},"thumbnailUrl":"https:\/\/www.telam.com.ar\/thumbs\/bluesteel\/advf\/imagenes\/2022\/12\/6399bdafaa26b_1200.jpg","datePublished":"2022-12-14T15:14:08+00:00","author":{"@id":"https:\/\/www.noticiasradioreflejos.com.ar\/2021\/#\/schema\/person\/ad82545263dcc5ec0996818884fd5fb1"},"breadcrumb":{"@id":"https:\/\/www.noticiasradioreflejos.com.ar\/2021\/messi-acapara-las-portadas-de-los-principales-medios-deportivos-del-mundo\/#breadcrumb"},"inLanguage":"es","potentialAction":[{"@type":"ReadAction","target":["https:\/\/www.noticiasradioreflejos.com.ar\/2021\/messi-acapara-las-portadas-de-los-principales-medios-deportivos-del-mundo\/"]}]},{"@type":"ImageObject","inLanguage":"es","@id":"https:\/\/www.noticiasradioreflejos.com.ar\/2021\/messi-acapara-las-portadas-de-los-principales-medios-deportivos-del-mundo\/#primaryimage","url":"https:\/\/www.telam.com.ar\/thumbs\/bluesteel\/advf\/imagenes\/2022\/12\/6399bdafaa26b_1200.jpg","contentUrl":"https:\/\/www.telam.com.ar\/thumbs\/bluesteel\/advf\/imagenes\/2022\/12\/6399bdafaa26b_1200.jpg"},{"@type":"BreadcrumbList","@id":"https:\/\/www.noticiasradioreflejos.com.ar\/2021\/messi-acapara-las-portadas-de-los-principales-medios-deportivos-del-mundo\/#breadcrumb","itemListElement":[{"@type":"ListItem","position":1,"name":"Portada","item":"https:\/\/www.noticiasradioreflejos.com.ar\/2021\/"},{"@type":"ListItem","position":2,"name":"Messi acapara las portadas de los principales medios deportivos del mundo"}]},{"@type":"WebSite","@id":"https:\/\/www.noticiasradioreflejos.com.ar\/2021\/#website","url":"https:\/\/www.noticiasradioreflejos.com.ar\/2021\/","name":"Noticias Radio Reflejos","description":"Las noticias de mi comarca","potentialAction":[{"@type":"SearchAction","target":{"@type":"EntryPoint","urlTemplate":"https:\/\/www.noticiasradioreflejos.com.ar\/2021\/?s={search_term_string}"},"query-input":{"@type":"PropertyValueSpecification","valueRequired":true,"valueName":"search_term_string"}}],"inLanguage":"es"},{"@type":"Person","@id":"https:\/\/www.noticiasradioreflejos.com.ar\/2021\/#\/schema\/person\/ad82545263dcc5ec0996818884fd5fb1","name":"Arnaldo Botto","image":{"@type":"ImageObject","inLanguage":"es","@id":"https:\/\/www.noticiasradioreflejos.com.ar\/2021\/#\/schema\/person\/image\/","url":"https:\/\/secure.gravatar.com\/avatar\/55cb5e37c1efa326397366e6974cb338056df65cb50e7d64d1cf314e87504837?s=96&d=mm&r=g","contentUrl":"https:\/\/secure.gravatar.com\/avatar\/55cb5e37c1efa326397366e6974cb338056df65cb50e7d64d1cf314e87504837?s=96&d=mm&r=g","caption":"Arnaldo Botto"},"url":"https:\/\/www.noticiasradioreflejos.com.ar\/2021\/author\/arnaldo\/"}]}},"_links":{"self":[{"href":"https:\/\/www.noticiasradioreflejos.com.ar\/2021\/wp-json\/wp\/v2\/posts\/81358","targetHints":{"allow":["GET"]}}],"collection":[{"href":"https:\/\/www.noticiasradioreflejos.com.ar\/2021\/wp-json\/wp\/v2\/posts"}],"about":[{"href":"https:\/\/www.noticiasradioreflejos.com.ar\/2021\/wp-json\/wp\/v2\/types\/post"}],"author":[{"embeddable":true,"href":"https:\/\/www.noticiasradioreflejos.com.ar\/2021\/wp-json\/wp\/v2\/users\/3"}],"replies":[{"embeddable":true,"href":"https:\/\/www.noticiasradioreflejos.com.ar\/2021\/wp-json\/wp\/v2\/comments?post=81358"}],"version-history":[{"count":1,"href":"https:\/\/www.noticiasradioreflejos.com.ar\/2021\/wp-json\/wp\/v2\/posts\/81358\/revisions"}],"predecessor-version":[{"id":81360,"href":"https:\/\/www.noticiasradioreflejos.com.ar\/2021\/wp-json\/wp\/v2\/posts\/81358\/revisions\/81360"}],"wp:attachment":[{"href":"https:\/\/www.noticiasradioreflejos.com.ar\/2021\/wp-json\/wp\/v2\/media?parent=81358"}],"wp:term":[{"taxonomy":"category","embeddable":true,"href":"https:\/\/www.noticiasradioreflejos.com.ar\/2021\/wp-json\/wp\/v2\/categories?post=81358"},{"taxonomy":"post_tag","embeddable":true,"href":"https:\/\/www.noticiasradioreflejos.com.ar\/2021\/wp-json\/wp\/v2\/tags?post=81358"}],"curies":[{"name":"wp","href":"https:\/\/api.w.org\/{rel}","templated":true}]}}