{"id":81356,"date":"2022-12-14T16:20:44","date_gmt":"2022-12-14T16:20:44","guid":{"rendered":"http:\/\/www.noticiasradioreflejos.com.ar\/2021\/?p=81356"},"modified":"2022-12-14T16:20:45","modified_gmt":"2022-12-14T16:20:45","slug":"recurso-indispensable-se-esta-llevando-adelante-una-encuesta-enfocada-en-el-agua-de-la-comarca","status":"publish","type":"post","link":"https:\/\/www.noticiasradioreflejos.com.ar\/2021\/recurso-indispensable-se-esta-llevando-adelante-una-encuesta-enfocada-en-el-agua-de-la-comarca\/","title":{"rendered":"Recurso indispensable: Se est\u00e1 llevando adelante una encuesta enfocada en el agua de la comarca."},"content":{"rendered":"<p>La licenciada<strong> Anabella Montico<\/strong> est\u00e1 al frente de una tesis doctoral. A trav\u00e9s de una breve encuesta pueden colaborar con la investigaci\u00f3n. \u201cEsta informaci\u00f3n es relevante para generar conocimiento\u201d asegur\u00f3.<!--more--><\/p>\n<p><a href=\"http:\/\/www.noticiasradioreflejos.com.ar\/2021\/recurso-indispensable-se-esta-llevando-adelante-una-encuesta-enfocada-en-el-agua-de-la-comarca\/agua-de-la-comarca-1\/\" rel=\"attachment wp-att-81364\"><img loading=\"lazy\" decoding=\"async\" class=\"aligncenter size-full wp-image-81364\" src=\"http:\/\/www.noticiasradioreflejos.com.ar\/2021\/wp-content\/uploads\/2022\/12\/Agua-de-la-Comarca-1.jpeg\" alt=\"\" width=\"1600\" height=\"721\" \/><\/a><\/p>\n<p>&nbsp;<\/p>\n<p>&nbsp;<\/p>\n<p>La <strong>licenciada Anabella Montico<\/strong> se encuentra en plena etapa de desarrollo de su tesis doctoral. La misma apunta espec\u00edficamente a cambios de uso del suelo y din\u00e1mica h\u00eddrica, haciendo foco en lo que ocurre dentro de la comarca.<\/p>\n<p>A tal fin, y entre las distintas etapas de su trabajo, puso en la web una encuesta din\u00e1mica y sencilla, en donde los vecinos podr\u00e1n hacer su aporte. La misma se encuentra en <a href=\"http:\/\/forms.gle\/rNmtmTLqHqbJZ84u5\">http:\/\/forms.gle\/rNmtmTLqHqbJZ84u5<\/a><\/p>\n<p>En di\u00e1logo con FM Reflejos, la investigadora explic\u00f3: \u201cEstoy en las primeras instancias de mi tesis, dentro del grupo de geograf\u00eda cient\u00edfica aplicada, que ya viene trabajando hace varios a\u00f1os en varios aspectos de la comarca, siempre enfocado en los recursos h\u00eddricos\u201d.<\/p>\n<p>Y apuntando sobre el link compartido, sostuvo que \u201cestamos haciendo una encuesta sobre la percepci\u00f3n que tienen los habitantes del partido acerca de cambios en los usos y coberturas del suelo y en la din\u00e1mica h\u00eddrica. Esta informaci\u00f3n es relevante para generar conocimiento\u201d.<\/p>\n<p><a data-flickr-embed=\"true\" href=\"https:\/\/www.flickr.com\/photos\/182279889@N02\/52563522964\/in\/dateposted-public\/\" title=\"Agua de la Comarca (2)\"><img loading=\"lazy\" decoding=\"async\" src=\"https:\/\/live.staticflickr.com\/65535\/52563522964_e43f5c90a6_c.jpg\" width=\"800\" height=\"600\" alt=\"Agua de la Comarca (2)\"><\/a><script async src=\"\/\/embedr.flickr.com\/assets\/client-code.js\" charset=\"utf-8\"><\/script><\/p>\n<p>Argumentando la necesidad de la colaboraci\u00f3n de los vecinos, la Licenciada expuso que \u201cmuchas veces las universidades podemos plantear problemas desde afuera, pero es importante que est\u00e9 fundamentado en lo que percibe la poblaci\u00f3n\u201d.<\/p>\n<p>En otro pasaje de la charla, y sobre la investigaci\u00f3n que hicieron los alumnos de Saldungaray sobre el Sauce, Montico asegur\u00f3 que \u201ces muy interesante el proyecto que llevaron adelante los chicos. Hay distintos grupos, y no solo en la universidad, abordando la tem\u00e1tica desde distintos puntos de vista. Nosotros principalmente nos abocamos a la parte de la variabilidad clim\u00e1tica y c\u00f3mo afecta al agua. Otros aspectos como la contaminaci\u00f3n no la trabajamos, pero es igual de importante\u201d.<\/p>\n<p>Y de la mano con esto afirm\u00f3 que \u201cdebe verse todo desde un punto de vista integral. Todo suma a poder entender este sistema y lo que podemos hacer con lo que est\u00e1 ocurriendo\u201d.<\/p>\n<p>Volviendo sobre recopilaci\u00f3n de datos, mencion\u00f3 que \u201cel foco de mi trabajo est\u00e1 puesto en poder analizar no solo la influencia de la variabilidad clim\u00e1tica. Estamos en una zona donde hay periodos muy marcados de humedad y sequ\u00eda. Sabemos c\u00f3mo impacta esto, pero esto es parte de la din\u00e1mica natural. M\u00e1s all\u00e1 de adaptarnos, no tenemos otra alternativa. En cambio, el foco de mi trabajo est\u00e1 puesto en los otros procesos que pueden influir y espec\u00edficamente las actividades humanas\u201d.<\/p>\n<p>Mientras que bajando al llano esto, cont\u00f3 que \u201cpor ejemplo c\u00f3mo y hacia d\u00f3nde crecen las poblaciones. Son procesos que pueden tener influencia y por ah\u00ed no est\u00e1n muy estudiados. La encuesta apunta a ver si la gente percibe estos cambios y luego cuantificarlos\u201d.<\/p>\n<p>Por \u00faltimo reafirm\u00f3 que \u201cla encuesta es relativamente corta. No lleva m\u00e1s de diez minutos responderla. Est\u00e1 en formato digital, pero en alg\u00fan momento del verano iremos a la comarca y la haremos de manera manual as\u00ed todos participan. La estuvimos difundiendo por distintos medios\u201d.<\/p>\n<p>En tanto que sobre la llegada a las instituciones educativas, confirm\u00f3 que esto se hace mediante \u201cproyectos de extensi\u00f3n. El taller que se dio en Villa Ventana hace unas semanas entr\u00f3 en ese marco. Fue para toda la comunidad. Trabajamos todos esos temas que fuimos hablando. Ese caso puntual puede verse en el Instagram<\/p>\n<p>&nbsp;<\/p>\n<p><iframe loading=\"lazy\" src=\"https:\/\/w.soundcloud.com\/player\/?url=https%3A\/\/api.soundcloud.com\/tracks\/1402527040&amp;color=%23ff5500&amp;auto_play=false&amp;hide_related=false&amp;show_comments=true&amp;show_user=true&amp;show_reposts=false&amp;show_teaser=true\" width=\"100%\" height=\"166\" frameborder=\"no\" scrolling=\"no\"><\/iframe><\/p>\n<div style=\"font-size: 10px; color: #cccccc; line-break: anywhere; word-break: normal; overflow: hidden; white-space: nowrap; text-overflow: ellipsis; font-family: Interstate,Lucida Grande,Lucida Sans Unicode,Lucida Sans,Garuda,Verdana,Tahoma,sans-serif; font-weight: 100;\"><a style=\"color: #cccccc; text-decoration: none;\" title=\"fmreflejos 103.7\" href=\"https:\/\/soundcloud.com\/fmreflejos-103-7\" target=\"_blank\" rel=\"noopener\">fmreflejos 103.7<\/a> \u00b7 <a style=\"color: #cccccc; text-decoration: none;\" title=\"Anabella Montico\" href=\"https:\/\/soundcloud.com\/fmreflejos-103-7\/anabella-montico\" target=\"_blank\" rel=\"noopener\">Anabella Montico<\/a><\/div>\n<blockquote class=\"instagram-media\" style=\"background: #FFF; border: 0; border-radius: 3px; box-shadow: 0 0 1px 0 rgba(0,0,0,0.5),0 1px 10px 0 rgba(0,0,0,0.15); margin: 1px; max-width: 540px; min-width: 326px; padding: 0; width: calc(100% - 2px);\" data-instgrm-captioned=\"\" data-instgrm-permalink=\"https:\/\/www.instagram.com\/p\/ClRZunWrrqK\/?utm_source=ig_embed&amp;utm_campaign=loading\" data-instgrm-version=\"14\">\n<div style=\"padding: 16px;\">\n<p>&nbsp;<\/p>\n<div style=\"display: flex; flex-direction: row; align-items: center;\">\n<div style=\"background-color: #f4f4f4; border-radius: 50%; flex-grow: 0; height: 40px; margin-right: 14px; width: 40px;\"><\/div>\n<div style=\"display: flex; flex-direction: column; flex-grow: 1; justify-content: center;\">\n<div style=\"background-color: #f4f4f4; border-radius: 4px; flex-grow: 0; height: 14px; margin-bottom: 6px; width: 100px;\"><\/div>\n<div style=\"background-color: #f4f4f4; border-radius: 4px; flex-grow: 0; height: 14px; width: 60px;\"><\/div>\n<\/div>\n<\/div>\n<div style=\"padding: 19% 0;\"><\/div>\n<div style=\"display: block; height: 50px; margin: 0 auto 12px; width: 50px;\"><\/div>\n<div style=\"padding-top: 8px;\">\n<div style=\"color: #3897f0; font-family: Arial,sans-serif; font-size: 14px; font-style: normal; font-weight: 550; line-height: 18px;\">Ver esta publicaci\u00f3n en Instagram<\/div>\n<\/div>\n<div style=\"padding: 12.5% 0;\"><\/div>\n<div style=\"display: flex; flex-direction: row; margin-bottom: 14px; align-items: center;\">\n<div>\n<div style=\"background-color: #f4f4f4; border-radius: 50%; height: 12.5px; width: 12.5px; transform: translateX(0px) translateY(7px);\"><\/div>\n<div style=\"background-color: #f4f4f4; height: 12.5px; transform: rotate(-45deg) translateX(3px) translateY(1px); width: 12.5px; flex-grow: 0; margin-right: 14px; margin-left: 2px;\"><\/div>\n<div style=\"background-color: #f4f4f4; border-radius: 50%; height: 12.5px; width: 12.5px; transform: translateX(9px) translateY(-18px);\"><\/div>\n<\/div>\n<div style=\"margin-left: 8px;\">\n<div style=\"background-color: #f4f4f4; border-radius: 50%; flex-grow: 0; height: 20px; width: 20px;\"><\/div>\n<div style=\"width: 0; height: 0; border-top: 2px solid transparent; border-left: 6px solid #f4f4f4; border-bottom: 2px solid transparent; transform: translateX(16px) translateY(-4px) rotate(30deg);\"><\/div>\n<\/div>\n<div style=\"margin-left: auto;\">\n<div style=\"width: 0px; border-top: 8px solid #F4F4F4; border-right: 8px solid transparent; transform: translateY(16px);\"><\/div>\n<div style=\"background-color: #f4f4f4; flex-grow: 0; height: 12px; width: 16px; transform: translateY(-4px);\"><\/div>\n<div style=\"width: 0; height: 0; border-top: 8px solid #F4F4F4; border-left: 8px solid transparent; transform: translateY(-4px) translateX(8px);\"><\/div>\n<\/div>\n<\/div>\n<div style=\"display: flex; flex-direction: column; flex-grow: 1; justify-content: center; margin-bottom: 24px;\">\n<div style=\"background-color: #f4f4f4; border-radius: 4px; flex-grow: 0; height: 14px; margin-bottom: 6px; width: 224px;\"><\/div>\n<div style=\"background-color: #f4f4f4; border-radius: 4px; flex-grow: 0; height: 14px; width: 144px;\"><\/div>\n<\/div>\n<p>&nbsp;<\/p>\n<p style=\"color: #c9c8cd; font-family: Arial,sans-serif; font-size: 14px; line-height: 17px; margin-bottom: 0; margin-top: 8px; overflow: hidden; padding: 8px 0 7px; text-align: center; text-overflow: ellipsis; white-space: nowrap;\"><a style=\"color: #c9c8cd; font-family: Arial,sans-serif; font-size: 14px; font-style: normal; font-weight: normal; line-height: 17px; text-decoration: none;\" href=\"https:\/\/www.instagram.com\/p\/ClRZunWrrqK\/?utm_source=ig_embed&amp;utm_campaign=loading\" target=\"_blank\" rel=\"noopener\">Una publicaci\u00f3n compartida de Proyecto de Extensi\u00f3n Universitaria &#8211; SPU (@aguayeducacion.peu)<\/a><\/p>\n<\/div>\n<\/blockquote>\n<p><script async src=\"\/\/www.instagram.com\/embed.js\"><\/script><\/p>\n","protected":false},"excerpt":{"rendered":"<p>La licenciada Anabella Montico est\u00e1 al frente de una tesis doctoral. A trav\u00e9s de una breve encuesta pueden colaborar con la investigaci\u00f3n. \u201cEsta informaci\u00f3n es relevante para generar conocimiento\u201d asegur\u00f3.<\/p>\n","protected":false},"author":3,"featured_media":81363,"comment_status":"closed","ping_status":"closed","sticky":false,"template":"","format":"standard","meta":{"footnotes":""},"categories":[46],"tags":[48],"class_list":["post-81356","post","type-post","status-publish","format-standard","has-post-thumbnail","hentry","category-ciencia-y-tecnologia","tag-destacada"],"yoast_head":"<!-- This site is optimized with the Yoast SEO plugin v25.9 - https:\/\/yoast.com\/wordpress\/plugins\/seo\/ -->\n<title>Recurso indispensable: Se est\u00e1 llevando adelante una encuesta enfocada en el agua de la comarca. - Noticias Radio Reflejos<\/title>\n<meta name=\"robots\" content=\"index, follow, max-snippet:-1, max-image-preview:large, max-video-preview:-1\" \/>\n<link rel=\"canonical\" href=\"https:\/\/www.noticiasradioreflejos.com.ar\/2021\/recurso-indispensable-se-esta-llevando-adelante-una-encuesta-enfocada-en-el-agua-de-la-comarca\/\" \/>\n<meta property=\"og:locale\" content=\"es_ES\" \/>\n<meta property=\"og:type\" content=\"article\" \/>\n<meta property=\"og:title\" content=\"Recurso indispensable: Se est\u00e1 llevando adelante una encuesta enfocada en el agua de la comarca. - Noticias Radio Reflejos\" \/>\n<meta property=\"og:description\" content=\"La licenciada Anabella Montico est\u00e1 al frente de una tesis doctoral. A trav\u00e9s de una breve encuesta pueden colaborar con la investigaci\u00f3n. \u201cEsta informaci\u00f3n es relevante para generar conocimiento\u201d asegur\u00f3.\" \/>\n<meta property=\"og:url\" content=\"https:\/\/www.noticiasradioreflejos.com.ar\/2021\/recurso-indispensable-se-esta-llevando-adelante-una-encuesta-enfocada-en-el-agua-de-la-comarca\/\" \/>\n<meta property=\"og:site_name\" content=\"Noticias Radio Reflejos\" \/>\n<meta property=\"article:published_time\" content=\"2022-12-14T16:20:44+00:00\" \/>\n<meta property=\"article:modified_time\" content=\"2022-12-14T16:20:45+00:00\" \/>\n<meta property=\"og:image\" content=\"https:\/\/www.noticiasradioreflejos.com.ar\/2021\/wp-content\/uploads\/2022\/12\/rio-Sauce-grande.jpg\" \/>\n\t<meta property=\"og:image:width\" content=\"1024\" \/>\n\t<meta property=\"og:image:height\" content=\"576\" \/>\n\t<meta property=\"og:image:type\" content=\"image\/jpeg\" \/>\n<meta name=\"author\" content=\"Arnaldo Botto\" \/>\n<meta name=\"twitter:card\" content=\"summary_large_image\" \/>\n<script type=\"application\/ld+json\" class=\"yoast-schema-graph\">{\"@context\":\"https:\/\/schema.org\",\"@graph\":[{\"@type\":\"WebPage\",\"@id\":\"https:\/\/www.noticiasradioreflejos.com.ar\/2021\/recurso-indispensable-se-esta-llevando-adelante-una-encuesta-enfocada-en-el-agua-de-la-comarca\/\",\"url\":\"https:\/\/www.noticiasradioreflejos.com.ar\/2021\/recurso-indispensable-se-esta-llevando-adelante-una-encuesta-enfocada-en-el-agua-de-la-comarca\/\",\"name\":\"Recurso indispensable: Se est\u00e1 llevando adelante una encuesta enfocada en el agua de la comarca. - Noticias Radio Reflejos\",\"isPartOf\":{\"@id\":\"https:\/\/www.noticiasradioreflejos.com.ar\/2021\/#website\"},\"primaryImageOfPage\":{\"@id\":\"https:\/\/www.noticiasradioreflejos.com.ar\/2021\/recurso-indispensable-se-esta-llevando-adelante-una-encuesta-enfocada-en-el-agua-de-la-comarca\/#primaryimage\"},\"image\":{\"@id\":\"https:\/\/www.noticiasradioreflejos.com.ar\/2021\/recurso-indispensable-se-esta-llevando-adelante-una-encuesta-enfocada-en-el-agua-de-la-comarca\/#primaryimage\"},\"thumbnailUrl\":\"https:\/\/www.noticiasradioreflejos.com.ar\/2021\/wp-content\/uploads\/2022\/12\/rio-Sauce-grande.jpg\",\"datePublished\":\"2022-12-14T16:20:44+00:00\",\"dateModified\":\"2022-12-14T16:20:45+00:00\",\"author\":{\"@id\":\"https:\/\/www.noticiasradioreflejos.com.ar\/2021\/#\/schema\/person\/ad82545263dcc5ec0996818884fd5fb1\"},\"breadcrumb\":{\"@id\":\"https:\/\/www.noticiasradioreflejos.com.ar\/2021\/recurso-indispensable-se-esta-llevando-adelante-una-encuesta-enfocada-en-el-agua-de-la-comarca\/#breadcrumb\"},\"inLanguage\":\"es\",\"potentialAction\":[{\"@type\":\"ReadAction\",\"target\":[\"https:\/\/www.noticiasradioreflejos.com.ar\/2021\/recurso-indispensable-se-esta-llevando-adelante-una-encuesta-enfocada-en-el-agua-de-la-comarca\/\"]}]},{\"@type\":\"ImageObject\",\"inLanguage\":\"es\",\"@id\":\"https:\/\/www.noticiasradioreflejos.com.ar\/2021\/recurso-indispensable-se-esta-llevando-adelante-una-encuesta-enfocada-en-el-agua-de-la-comarca\/#primaryimage\",\"url\":\"https:\/\/www.noticiasradioreflejos.com.ar\/2021\/wp-content\/uploads\/2022\/12\/rio-Sauce-grande.jpg\",\"contentUrl\":\"https:\/\/www.noticiasradioreflejos.com.ar\/2021\/wp-content\/uploads\/2022\/12\/rio-Sauce-grande.jpg\",\"width\":1024,\"height\":576},{\"@type\":\"BreadcrumbList\",\"@id\":\"https:\/\/www.noticiasradioreflejos.com.ar\/2021\/recurso-indispensable-se-esta-llevando-adelante-una-encuesta-enfocada-en-el-agua-de-la-comarca\/#breadcrumb\",\"itemListElement\":[{\"@type\":\"ListItem\",\"position\":1,\"name\":\"Portada\",\"item\":\"https:\/\/www.noticiasradioreflejos.com.ar\/2021\/\"},{\"@type\":\"ListItem\",\"position\":2,\"name\":\"Recurso indispensable: Se est\u00e1 llevando adelante una encuesta enfocada en el agua de la comarca.\"}]},{\"@type\":\"WebSite\",\"@id\":\"https:\/\/www.noticiasradioreflejos.com.ar\/2021\/#website\",\"url\":\"https:\/\/www.noticiasradioreflejos.com.ar\/2021\/\",\"name\":\"Noticias Radio Reflejos\",\"description\":\"Las noticias de mi comarca\",\"potentialAction\":[{\"@type\":\"SearchAction\",\"target\":{\"@type\":\"EntryPoint\",\"urlTemplate\":\"https:\/\/www.noticiasradioreflejos.com.ar\/2021\/?s={search_term_string}\"},\"query-input\":{\"@type\":\"PropertyValueSpecification\",\"valueRequired\":true,\"valueName\":\"search_term_string\"}}],\"inLanguage\":\"es\"},{\"@type\":\"Person\",\"@id\":\"https:\/\/www.noticiasradioreflejos.com.ar\/2021\/#\/schema\/person\/ad82545263dcc5ec0996818884fd5fb1\",\"name\":\"Arnaldo Botto\",\"image\":{\"@type\":\"ImageObject\",\"inLanguage\":\"es\",\"@id\":\"https:\/\/www.noticiasradioreflejos.com.ar\/2021\/#\/schema\/person\/image\/\",\"url\":\"https:\/\/secure.gravatar.com\/avatar\/55cb5e37c1efa326397366e6974cb338056df65cb50e7d64d1cf314e87504837?s=96&d=mm&r=g\",\"contentUrl\":\"https:\/\/secure.gravatar.com\/avatar\/55cb5e37c1efa326397366e6974cb338056df65cb50e7d64d1cf314e87504837?s=96&d=mm&r=g\",\"caption\":\"Arnaldo Botto\"},\"url\":\"https:\/\/www.noticiasradioreflejos.com.ar\/2021\/author\/arnaldo\/\"}]}<\/script>\n<!-- \/ Yoast SEO plugin. -->","yoast_head_json":{"title":"Recurso indispensable: Se est\u00e1 llevando adelante una encuesta enfocada en el agua de la comarca. - Noticias Radio Reflejos","robots":{"index":"index","follow":"follow","max-snippet":"max-snippet:-1","max-image-preview":"max-image-preview:large","max-video-preview":"max-video-preview:-1"},"canonical":"https:\/\/www.noticiasradioreflejos.com.ar\/2021\/recurso-indispensable-se-esta-llevando-adelante-una-encuesta-enfocada-en-el-agua-de-la-comarca\/","og_locale":"es_ES","og_type":"article","og_title":"Recurso indispensable: Se est\u00e1 llevando adelante una encuesta enfocada en el agua de la comarca. - Noticias Radio Reflejos","og_description":"La licenciada Anabella Montico est\u00e1 al frente de una tesis doctoral. A trav\u00e9s de una breve encuesta pueden colaborar con la investigaci\u00f3n. \u201cEsta informaci\u00f3n es relevante para generar conocimiento\u201d asegur\u00f3.","og_url":"https:\/\/www.noticiasradioreflejos.com.ar\/2021\/recurso-indispensable-se-esta-llevando-adelante-una-encuesta-enfocada-en-el-agua-de-la-comarca\/","og_site_name":"Noticias Radio Reflejos","article_published_time":"2022-12-14T16:20:44+00:00","article_modified_time":"2022-12-14T16:20:45+00:00","og_image":[{"width":1024,"height":576,"url":"https:\/\/www.noticiasradioreflejos.com.ar\/2021\/wp-content\/uploads\/2022\/12\/rio-Sauce-grande.jpg","type":"image\/jpeg"}],"author":"Arnaldo Botto","twitter_card":"summary_large_image","schema":{"@context":"https:\/\/schema.org","@graph":[{"@type":"WebPage","@id":"https:\/\/www.noticiasradioreflejos.com.ar\/2021\/recurso-indispensable-se-esta-llevando-adelante-una-encuesta-enfocada-en-el-agua-de-la-comarca\/","url":"https:\/\/www.noticiasradioreflejos.com.ar\/2021\/recurso-indispensable-se-esta-llevando-adelante-una-encuesta-enfocada-en-el-agua-de-la-comarca\/","name":"Recurso indispensable: Se est\u00e1 llevando adelante una encuesta enfocada en el agua de la comarca. - Noticias Radio Reflejos","isPartOf":{"@id":"https:\/\/www.noticiasradioreflejos.com.ar\/2021\/#website"},"primaryImageOfPage":{"@id":"https:\/\/www.noticiasradioreflejos.com.ar\/2021\/recurso-indispensable-se-esta-llevando-adelante-una-encuesta-enfocada-en-el-agua-de-la-comarca\/#primaryimage"},"image":{"@id":"https:\/\/www.noticiasradioreflejos.com.ar\/2021\/recurso-indispensable-se-esta-llevando-adelante-una-encuesta-enfocada-en-el-agua-de-la-comarca\/#primaryimage"},"thumbnailUrl":"https:\/\/www.noticiasradioreflejos.com.ar\/2021\/wp-content\/uploads\/2022\/12\/rio-Sauce-grande.jpg","datePublished":"2022-12-14T16:20:44+00:00","dateModified":"2022-12-14T16:20:45+00:00","author":{"@id":"https:\/\/www.noticiasradioreflejos.com.ar\/2021\/#\/schema\/person\/ad82545263dcc5ec0996818884fd5fb1"},"breadcrumb":{"@id":"https:\/\/www.noticiasradioreflejos.com.ar\/2021\/recurso-indispensable-se-esta-llevando-adelante-una-encuesta-enfocada-en-el-agua-de-la-comarca\/#breadcrumb"},"inLanguage":"es","potentialAction":[{"@type":"ReadAction","target":["https:\/\/www.noticiasradioreflejos.com.ar\/2021\/recurso-indispensable-se-esta-llevando-adelante-una-encuesta-enfocada-en-el-agua-de-la-comarca\/"]}]},{"@type":"ImageObject","inLanguage":"es","@id":"https:\/\/www.noticiasradioreflejos.com.ar\/2021\/recurso-indispensable-se-esta-llevando-adelante-una-encuesta-enfocada-en-el-agua-de-la-comarca\/#primaryimage","url":"https:\/\/www.noticiasradioreflejos.com.ar\/2021\/wp-content\/uploads\/2022\/12\/rio-Sauce-grande.jpg","contentUrl":"https:\/\/www.noticiasradioreflejos.com.ar\/2021\/wp-content\/uploads\/2022\/12\/rio-Sauce-grande.jpg","width":1024,"height":576},{"@type":"BreadcrumbList","@id":"https:\/\/www.noticiasradioreflejos.com.ar\/2021\/recurso-indispensable-se-esta-llevando-adelante-una-encuesta-enfocada-en-el-agua-de-la-comarca\/#breadcrumb","itemListElement":[{"@type":"ListItem","position":1,"name":"Portada","item":"https:\/\/www.noticiasradioreflejos.com.ar\/2021\/"},{"@type":"ListItem","position":2,"name":"Recurso indispensable: Se est\u00e1 llevando adelante una encuesta enfocada en el agua de la comarca."}]},{"@type":"WebSite","@id":"https:\/\/www.noticiasradioreflejos.com.ar\/2021\/#website","url":"https:\/\/www.noticiasradioreflejos.com.ar\/2021\/","name":"Noticias Radio Reflejos","description":"Las noticias de mi comarca","potentialAction":[{"@type":"SearchAction","target":{"@type":"EntryPoint","urlTemplate":"https:\/\/www.noticiasradioreflejos.com.ar\/2021\/?s={search_term_string}"},"query-input":{"@type":"PropertyValueSpecification","valueRequired":true,"valueName":"search_term_string"}}],"inLanguage":"es"},{"@type":"Person","@id":"https:\/\/www.noticiasradioreflejos.com.ar\/2021\/#\/schema\/person\/ad82545263dcc5ec0996818884fd5fb1","name":"Arnaldo Botto","image":{"@type":"ImageObject","inLanguage":"es","@id":"https:\/\/www.noticiasradioreflejos.com.ar\/2021\/#\/schema\/person\/image\/","url":"https:\/\/secure.gravatar.com\/avatar\/55cb5e37c1efa326397366e6974cb338056df65cb50e7d64d1cf314e87504837?s=96&d=mm&r=g","contentUrl":"https:\/\/secure.gravatar.com\/avatar\/55cb5e37c1efa326397366e6974cb338056df65cb50e7d64d1cf314e87504837?s=96&d=mm&r=g","caption":"Arnaldo Botto"},"url":"https:\/\/www.noticiasradioreflejos.com.ar\/2021\/author\/arnaldo\/"}]}},"_links":{"self":[{"href":"https:\/\/www.noticiasradioreflejos.com.ar\/2021\/wp-json\/wp\/v2\/posts\/81356","targetHints":{"allow":["GET"]}}],"collection":[{"href":"https:\/\/www.noticiasradioreflejos.com.ar\/2021\/wp-json\/wp\/v2\/posts"}],"about":[{"href":"https:\/\/www.noticiasradioreflejos.com.ar\/2021\/wp-json\/wp\/v2\/types\/post"}],"author":[{"embeddable":true,"href":"https:\/\/www.noticiasradioreflejos.com.ar\/2021\/wp-json\/wp\/v2\/users\/3"}],"replies":[{"embeddable":true,"href":"https:\/\/www.noticiasradioreflejos.com.ar\/2021\/wp-json\/wp\/v2\/comments?post=81356"}],"version-history":[{"count":3,"href":"https:\/\/www.noticiasradioreflejos.com.ar\/2021\/wp-json\/wp\/v2\/posts\/81356\/revisions"}],"predecessor-version":[{"id":81366,"href":"https:\/\/www.noticiasradioreflejos.com.ar\/2021\/wp-json\/wp\/v2\/posts\/81356\/revisions\/81366"}],"wp:featuredmedia":[{"embeddable":true,"href":"https:\/\/www.noticiasradioreflejos.com.ar\/2021\/wp-json\/wp\/v2\/media\/81363"}],"wp:attachment":[{"href":"https:\/\/www.noticiasradioreflejos.com.ar\/2021\/wp-json\/wp\/v2\/media?parent=81356"}],"wp:term":[{"taxonomy":"category","embeddable":true,"href":"https:\/\/www.noticiasradioreflejos.com.ar\/2021\/wp-json\/wp\/v2\/categories?post=81356"},{"taxonomy":"post_tag","embeddable":true,"href":"https:\/\/www.noticiasradioreflejos.com.ar\/2021\/wp-json\/wp\/v2\/tags?post=81356"}],"curies":[{"name":"wp","href":"https:\/\/api.w.org\/{rel}","templated":true}]}}