{"id":81354,"date":"2022-12-14T13:46:52","date_gmt":"2022-12-14T13:46:52","guid":{"rendered":"http:\/\/www.noticiasradioreflejos.com.ar\/2021\/?p=81354"},"modified":"2022-12-14T13:46:52","modified_gmt":"2022-12-14T13:46:52","slug":"seis-provincias-bajo-alerta-amarilla-por-vientos-fuertes-y-dos-por-tormentas","status":"publish","type":"post","link":"https:\/\/www.noticiasradioreflejos.com.ar\/2021\/seis-provincias-bajo-alerta-amarilla-por-vientos-fuertes-y-dos-por-tormentas\/","title":{"rendered":"Seis provincias bajo alerta amarilla por vientos fuertes y dos por tormentas"},"content":{"rendered":"<p>La Pampa, Mendoza, Neuqu\u00e9n, R\u00edo Negro, San Juan y San Luis registra vientos del sector sur con velocidades entre 35 y 50 kil\u00f3metros por hora, y r\u00e1fagas que pueden superar los 75 kil\u00f3metros por hora. En\u00a0 el centro y oeste de Jujuy y algunos sectores de Salta podr\u00eda haber tormentas.<!--more--><\/p>\n<figure class=\"mb-3\"><img decoding=\"async\" src=\"https:\/\/www.telam.com.ar\/thumbs\/bluesteel\/advf\/imagenes\/2022\/09\/633590a6bbe96_1200.jpg\" alt=\"La Pampa es una de las provincias en alerta amarilla por fuertes vientos Foto Archivo\" width=\"100%\" height=\"100%\" \/><\/p>\n<div class=\"media-icons\"><\/div><figcaption>La Pampa es una de las provincias en alerta amarilla por fuertes vientos. \/ Foto: Archivo<\/figcaption><\/figure>\n<p>El Servicio Meteorol\u00f3gico Nacional (SMN) emiti\u00f3 una alerta amarilla por vientos fuertes para sectores de las provincias de La Pampa, Mendoza, Neuqu\u00e9n, R\u00edo Negro, San Juan y San Luis, mientras que rige otra advertencia por tormentas para algunas localidades de Jujuy y Salta.<\/p>\n<p>En la\u00a0<strong>zona centro del pa\u00eds, la mayor parte de La Pampa y San Luis se encontraba este mi\u00e9rcoles a la ma\u00f1ana bajo alerta por vientos del sector sur<\/strong>\u00a0con velocidades entre 35 y 50 kil\u00f3metros por hora, y r\u00e1fagas que pueden superar los 75 kil\u00f3metros por hora.<\/p>\n<p>La alerta tambi\u00e9n se extend\u00eda hacia la provincia de Mendoza, con la excepci\u00f3n de la zona cordillerana, y a un sector del sur de San Juan que inclu\u00eda la capital provincial y las ciudades de 9 de Julio, Albard\u00f3n, Chimbas, Rawson, Santa Luc\u00eda, la zona baja de Pocito, Rivadavia y Sarmiento, indic\u00f3 el organismo nacional.<\/p>\n<p>Para el noreste de Neuqu\u00e9n, en la capital y las localidades de Confluencia, A\u00f1elo, Pehuenches y Pic\u00fan Leuf\u00fa reg\u00eda otra alerta por vientos tambi\u00e9n del sector sur, pero con velocidades entre 50 y 70 kil\u00f3metros por hora con r\u00e1fagas que pueden superar los 85 kil\u00f3metros por hora.<\/p>\n<h2 class=\"\">Evitar actividades al aire libre<\/h2>\n<p>La misma advertencia fue emitida para una zona del noroeste de R\u00edo Negro, en General Roca y el este de El Cuy, seg\u00fan inform\u00f3 el servicio meteorol\u00f3gico.<\/p>\n<p>Para la poblaci\u00f3n de estas localidades el SMN recomend\u00f3 evitar actividades al aire libre, asegurar los elementos que puedan volarse y mantenerse informado por autoridades.<\/p>\n<p>Por otro lado, el organismo nacional emiti\u00f3 otra\u00a0<strong>alerta amarilla por tormentas de variada intensidad, algunas localmente fuertes, para el centro y oeste de Jujuy y algunos sectores de Salta<\/strong>\u00a0como los valles de Cachi, de Cafayate, de Chicoana, de La Caldera, de La Poma y la puna de Iruya.<\/p>\n<p>Las tormentas podr\u00e1n estar acompa\u00f1adas por r\u00e1fagas, ocasional ca\u00edda de granizo, importante actividad el\u00e9ctrica y abundante ca\u00edda de agua en cortos per\u00edodos.<\/p>\n<p>Se esperan valores de precipitaci\u00f3n acumulada entre 20 y 50 mil\u00edmetros, pudiendo ser superados localmente, indic\u00f3 el organismo<\/p>\n<p>Entre las recomendaciones, el SMN pidi\u00f3 no sacar la basura; retirar objetos que impidan que el agua escurra; evitar actividades al aire libre; no refugiarse cerca de \u00e1rboles y postes de electricidad que puedan caerse; y no permanecer en playas, r\u00edos, lagunas o piletas.<\/p>\n","protected":false},"excerpt":{"rendered":"<p>La Pampa, Mendoza, Neuqu\u00e9n, R\u00edo Negro, San Juan y San Luis registra vientos del sector sur con velocidades entre 35 y 50 kil\u00f3metros por hora, y r\u00e1fagas que pueden superar los 75 kil\u00f3metros por hora. En\u00a0 el centro y oeste de Jujuy y algunos sectores de Salta podr\u00eda haber tormentas.<\/p>\n","protected":false},"author":3,"featured_media":0,"comment_status":"closed","ping_status":"closed","sticky":false,"template":"","format":"standard","meta":{"footnotes":""},"categories":[46],"tags":[],"class_list":["post-81354","post","type-post","status-publish","format-standard","hentry","category-ciencia-y-tecnologia"],"yoast_head":"<!-- This site is optimized with the Yoast SEO plugin v25.9 - https:\/\/yoast.com\/wordpress\/plugins\/seo\/ -->\n<title>Seis provincias bajo alerta amarilla por vientos fuertes y dos por tormentas - Noticias Radio Reflejos<\/title>\n<meta name=\"robots\" content=\"index, follow, max-snippet:-1, max-image-preview:large, max-video-preview:-1\" \/>\n<link rel=\"canonical\" href=\"https:\/\/www.noticiasradioreflejos.com.ar\/2021\/seis-provincias-bajo-alerta-amarilla-por-vientos-fuertes-y-dos-por-tormentas\/\" \/>\n<meta property=\"og:locale\" content=\"es_ES\" \/>\n<meta property=\"og:type\" content=\"article\" \/>\n<meta property=\"og:title\" content=\"Seis provincias bajo alerta amarilla por vientos fuertes y dos por tormentas - Noticias Radio Reflejos\" \/>\n<meta property=\"og:description\" content=\"La Pampa, Mendoza, Neuqu\u00e9n, R\u00edo Negro, San Juan y San Luis registra vientos del sector sur con velocidades entre 35 y 50 kil\u00f3metros por hora, y r\u00e1fagas que pueden superar los 75 kil\u00f3metros por hora. En\u00a0 el centro y oeste de Jujuy y algunos sectores de Salta podr\u00eda haber tormentas.\" \/>\n<meta property=\"og:url\" content=\"https:\/\/www.noticiasradioreflejos.com.ar\/2021\/seis-provincias-bajo-alerta-amarilla-por-vientos-fuertes-y-dos-por-tormentas\/\" \/>\n<meta property=\"og:site_name\" content=\"Noticias Radio Reflejos\" \/>\n<meta property=\"article:published_time\" content=\"2022-12-14T13:46:52+00:00\" \/>\n<meta property=\"og:image\" content=\"https:\/\/www.telam.com.ar\/thumbs\/bluesteel\/advf\/imagenes\/2022\/09\/633590a6bbe96_1200.jpg\" \/>\n<meta name=\"author\" content=\"Arnaldo Botto\" \/>\n<meta name=\"twitter:card\" content=\"summary_large_image\" \/>\n<script type=\"application\/ld+json\" class=\"yoast-schema-graph\">{\"@context\":\"https:\/\/schema.org\",\"@graph\":[{\"@type\":\"WebPage\",\"@id\":\"https:\/\/www.noticiasradioreflejos.com.ar\/2021\/seis-provincias-bajo-alerta-amarilla-por-vientos-fuertes-y-dos-por-tormentas\/\",\"url\":\"https:\/\/www.noticiasradioreflejos.com.ar\/2021\/seis-provincias-bajo-alerta-amarilla-por-vientos-fuertes-y-dos-por-tormentas\/\",\"name\":\"Seis provincias bajo alerta amarilla por vientos fuertes y dos por tormentas - Noticias Radio Reflejos\",\"isPartOf\":{\"@id\":\"https:\/\/www.noticiasradioreflejos.com.ar\/2021\/#website\"},\"primaryImageOfPage\":{\"@id\":\"https:\/\/www.noticiasradioreflejos.com.ar\/2021\/seis-provincias-bajo-alerta-amarilla-por-vientos-fuertes-y-dos-por-tormentas\/#primaryimage\"},\"image\":{\"@id\":\"https:\/\/www.noticiasradioreflejos.com.ar\/2021\/seis-provincias-bajo-alerta-amarilla-por-vientos-fuertes-y-dos-por-tormentas\/#primaryimage\"},\"thumbnailUrl\":\"https:\/\/www.telam.com.ar\/thumbs\/bluesteel\/advf\/imagenes\/2022\/09\/633590a6bbe96_1200.jpg\",\"datePublished\":\"2022-12-14T13:46:52+00:00\",\"author\":{\"@id\":\"https:\/\/www.noticiasradioreflejos.com.ar\/2021\/#\/schema\/person\/ad82545263dcc5ec0996818884fd5fb1\"},\"breadcrumb\":{\"@id\":\"https:\/\/www.noticiasradioreflejos.com.ar\/2021\/seis-provincias-bajo-alerta-amarilla-por-vientos-fuertes-y-dos-por-tormentas\/#breadcrumb\"},\"inLanguage\":\"es\",\"potentialAction\":[{\"@type\":\"ReadAction\",\"target\":[\"https:\/\/www.noticiasradioreflejos.com.ar\/2021\/seis-provincias-bajo-alerta-amarilla-por-vientos-fuertes-y-dos-por-tormentas\/\"]}]},{\"@type\":\"ImageObject\",\"inLanguage\":\"es\",\"@id\":\"https:\/\/www.noticiasradioreflejos.com.ar\/2021\/seis-provincias-bajo-alerta-amarilla-por-vientos-fuertes-y-dos-por-tormentas\/#primaryimage\",\"url\":\"https:\/\/www.telam.com.ar\/thumbs\/bluesteel\/advf\/imagenes\/2022\/09\/633590a6bbe96_1200.jpg\",\"contentUrl\":\"https:\/\/www.telam.com.ar\/thumbs\/bluesteel\/advf\/imagenes\/2022\/09\/633590a6bbe96_1200.jpg\"},{\"@type\":\"BreadcrumbList\",\"@id\":\"https:\/\/www.noticiasradioreflejos.com.ar\/2021\/seis-provincias-bajo-alerta-amarilla-por-vientos-fuertes-y-dos-por-tormentas\/#breadcrumb\",\"itemListElement\":[{\"@type\":\"ListItem\",\"position\":1,\"name\":\"Portada\",\"item\":\"https:\/\/www.noticiasradioreflejos.com.ar\/2021\/\"},{\"@type\":\"ListItem\",\"position\":2,\"name\":\"Seis provincias bajo alerta amarilla por vientos fuertes y dos por tormentas\"}]},{\"@type\":\"WebSite\",\"@id\":\"https:\/\/www.noticiasradioreflejos.com.ar\/2021\/#website\",\"url\":\"https:\/\/www.noticiasradioreflejos.com.ar\/2021\/\",\"name\":\"Noticias Radio Reflejos\",\"description\":\"Las noticias de mi comarca\",\"potentialAction\":[{\"@type\":\"SearchAction\",\"target\":{\"@type\":\"EntryPoint\",\"urlTemplate\":\"https:\/\/www.noticiasradioreflejos.com.ar\/2021\/?s={search_term_string}\"},\"query-input\":{\"@type\":\"PropertyValueSpecification\",\"valueRequired\":true,\"valueName\":\"search_term_string\"}}],\"inLanguage\":\"es\"},{\"@type\":\"Person\",\"@id\":\"https:\/\/www.noticiasradioreflejos.com.ar\/2021\/#\/schema\/person\/ad82545263dcc5ec0996818884fd5fb1\",\"name\":\"Arnaldo Botto\",\"image\":{\"@type\":\"ImageObject\",\"inLanguage\":\"es\",\"@id\":\"https:\/\/www.noticiasradioreflejos.com.ar\/2021\/#\/schema\/person\/image\/\",\"url\":\"https:\/\/secure.gravatar.com\/avatar\/55cb5e37c1efa326397366e6974cb338056df65cb50e7d64d1cf314e87504837?s=96&d=mm&r=g\",\"contentUrl\":\"https:\/\/secure.gravatar.com\/avatar\/55cb5e37c1efa326397366e6974cb338056df65cb50e7d64d1cf314e87504837?s=96&d=mm&r=g\",\"caption\":\"Arnaldo Botto\"},\"url\":\"https:\/\/www.noticiasradioreflejos.com.ar\/2021\/author\/arnaldo\/\"}]}<\/script>\n<!-- \/ Yoast SEO plugin. -->","yoast_head_json":{"title":"Seis provincias bajo alerta amarilla por vientos fuertes y dos por tormentas - Noticias Radio Reflejos","robots":{"index":"index","follow":"follow","max-snippet":"max-snippet:-1","max-image-preview":"max-image-preview:large","max-video-preview":"max-video-preview:-1"},"canonical":"https:\/\/www.noticiasradioreflejos.com.ar\/2021\/seis-provincias-bajo-alerta-amarilla-por-vientos-fuertes-y-dos-por-tormentas\/","og_locale":"es_ES","og_type":"article","og_title":"Seis provincias bajo alerta amarilla por vientos fuertes y dos por tormentas - Noticias Radio Reflejos","og_description":"La Pampa, Mendoza, Neuqu\u00e9n, R\u00edo Negro, San Juan y San Luis registra vientos del sector sur con velocidades entre 35 y 50 kil\u00f3metros por hora, y r\u00e1fagas que pueden superar los 75 kil\u00f3metros por hora. En\u00a0 el centro y oeste de Jujuy y algunos sectores de Salta podr\u00eda haber tormentas.","og_url":"https:\/\/www.noticiasradioreflejos.com.ar\/2021\/seis-provincias-bajo-alerta-amarilla-por-vientos-fuertes-y-dos-por-tormentas\/","og_site_name":"Noticias Radio Reflejos","article_published_time":"2022-12-14T13:46:52+00:00","og_image":[{"url":"https:\/\/www.telam.com.ar\/thumbs\/bluesteel\/advf\/imagenes\/2022\/09\/633590a6bbe96_1200.jpg","type":"","width":"","height":""}],"author":"Arnaldo Botto","twitter_card":"summary_large_image","schema":{"@context":"https:\/\/schema.org","@graph":[{"@type":"WebPage","@id":"https:\/\/www.noticiasradioreflejos.com.ar\/2021\/seis-provincias-bajo-alerta-amarilla-por-vientos-fuertes-y-dos-por-tormentas\/","url":"https:\/\/www.noticiasradioreflejos.com.ar\/2021\/seis-provincias-bajo-alerta-amarilla-por-vientos-fuertes-y-dos-por-tormentas\/","name":"Seis provincias bajo alerta amarilla por vientos fuertes y dos por tormentas - Noticias Radio Reflejos","isPartOf":{"@id":"https:\/\/www.noticiasradioreflejos.com.ar\/2021\/#website"},"primaryImageOfPage":{"@id":"https:\/\/www.noticiasradioreflejos.com.ar\/2021\/seis-provincias-bajo-alerta-amarilla-por-vientos-fuertes-y-dos-por-tormentas\/#primaryimage"},"image":{"@id":"https:\/\/www.noticiasradioreflejos.com.ar\/2021\/seis-provincias-bajo-alerta-amarilla-por-vientos-fuertes-y-dos-por-tormentas\/#primaryimage"},"thumbnailUrl":"https:\/\/www.telam.com.ar\/thumbs\/bluesteel\/advf\/imagenes\/2022\/09\/633590a6bbe96_1200.jpg","datePublished":"2022-12-14T13:46:52+00:00","author":{"@id":"https:\/\/www.noticiasradioreflejos.com.ar\/2021\/#\/schema\/person\/ad82545263dcc5ec0996818884fd5fb1"},"breadcrumb":{"@id":"https:\/\/www.noticiasradioreflejos.com.ar\/2021\/seis-provincias-bajo-alerta-amarilla-por-vientos-fuertes-y-dos-por-tormentas\/#breadcrumb"},"inLanguage":"es","potentialAction":[{"@type":"ReadAction","target":["https:\/\/www.noticiasradioreflejos.com.ar\/2021\/seis-provincias-bajo-alerta-amarilla-por-vientos-fuertes-y-dos-por-tormentas\/"]}]},{"@type":"ImageObject","inLanguage":"es","@id":"https:\/\/www.noticiasradioreflejos.com.ar\/2021\/seis-provincias-bajo-alerta-amarilla-por-vientos-fuertes-y-dos-por-tormentas\/#primaryimage","url":"https:\/\/www.telam.com.ar\/thumbs\/bluesteel\/advf\/imagenes\/2022\/09\/633590a6bbe96_1200.jpg","contentUrl":"https:\/\/www.telam.com.ar\/thumbs\/bluesteel\/advf\/imagenes\/2022\/09\/633590a6bbe96_1200.jpg"},{"@type":"BreadcrumbList","@id":"https:\/\/www.noticiasradioreflejos.com.ar\/2021\/seis-provincias-bajo-alerta-amarilla-por-vientos-fuertes-y-dos-por-tormentas\/#breadcrumb","itemListElement":[{"@type":"ListItem","position":1,"name":"Portada","item":"https:\/\/www.noticiasradioreflejos.com.ar\/2021\/"},{"@type":"ListItem","position":2,"name":"Seis provincias bajo alerta amarilla por vientos fuertes y dos por tormentas"}]},{"@type":"WebSite","@id":"https:\/\/www.noticiasradioreflejos.com.ar\/2021\/#website","url":"https:\/\/www.noticiasradioreflejos.com.ar\/2021\/","name":"Noticias Radio Reflejos","description":"Las noticias de mi comarca","potentialAction":[{"@type":"SearchAction","target":{"@type":"EntryPoint","urlTemplate":"https:\/\/www.noticiasradioreflejos.com.ar\/2021\/?s={search_term_string}"},"query-input":{"@type":"PropertyValueSpecification","valueRequired":true,"valueName":"search_term_string"}}],"inLanguage":"es"},{"@type":"Person","@id":"https:\/\/www.noticiasradioreflejos.com.ar\/2021\/#\/schema\/person\/ad82545263dcc5ec0996818884fd5fb1","name":"Arnaldo Botto","image":{"@type":"ImageObject","inLanguage":"es","@id":"https:\/\/www.noticiasradioreflejos.com.ar\/2021\/#\/schema\/person\/image\/","url":"https:\/\/secure.gravatar.com\/avatar\/55cb5e37c1efa326397366e6974cb338056df65cb50e7d64d1cf314e87504837?s=96&d=mm&r=g","contentUrl":"https:\/\/secure.gravatar.com\/avatar\/55cb5e37c1efa326397366e6974cb338056df65cb50e7d64d1cf314e87504837?s=96&d=mm&r=g","caption":"Arnaldo Botto"},"url":"https:\/\/www.noticiasradioreflejos.com.ar\/2021\/author\/arnaldo\/"}]}},"_links":{"self":[{"href":"https:\/\/www.noticiasradioreflejos.com.ar\/2021\/wp-json\/wp\/v2\/posts\/81354","targetHints":{"allow":["GET"]}}],"collection":[{"href":"https:\/\/www.noticiasradioreflejos.com.ar\/2021\/wp-json\/wp\/v2\/posts"}],"about":[{"href":"https:\/\/www.noticiasradioreflejos.com.ar\/2021\/wp-json\/wp\/v2\/types\/post"}],"author":[{"embeddable":true,"href":"https:\/\/www.noticiasradioreflejos.com.ar\/2021\/wp-json\/wp\/v2\/users\/3"}],"replies":[{"embeddable":true,"href":"https:\/\/www.noticiasradioreflejos.com.ar\/2021\/wp-json\/wp\/v2\/comments?post=81354"}],"version-history":[{"count":1,"href":"https:\/\/www.noticiasradioreflejos.com.ar\/2021\/wp-json\/wp\/v2\/posts\/81354\/revisions"}],"predecessor-version":[{"id":81355,"href":"https:\/\/www.noticiasradioreflejos.com.ar\/2021\/wp-json\/wp\/v2\/posts\/81354\/revisions\/81355"}],"wp:attachment":[{"href":"https:\/\/www.noticiasradioreflejos.com.ar\/2021\/wp-json\/wp\/v2\/media?parent=81354"}],"wp:term":[{"taxonomy":"category","embeddable":true,"href":"https:\/\/www.noticiasradioreflejos.com.ar\/2021\/wp-json\/wp\/v2\/categories?post=81354"},{"taxonomy":"post_tag","embeddable":true,"href":"https:\/\/www.noticiasradioreflejos.com.ar\/2021\/wp-json\/wp\/v2\/tags?post=81354"}],"curies":[{"name":"wp","href":"https:\/\/api.w.org\/{rel}","templated":true}]}}