{"id":81351,"date":"2022-12-14T12:11:47","date_gmt":"2022-12-14T12:11:47","guid":{"rendered":"http:\/\/www.noticiasradioreflejos.com.ar\/2021\/?p=81351"},"modified":"2022-12-14T12:11:47","modified_gmt":"2022-12-14T12:11:47","slug":"francia-y-marruecos-buscan-su-lugar-en-la-final","status":"publish","type":"post","link":"https:\/\/www.noticiasradioreflejos.com.ar\/2021\/francia-y-marruecos-buscan-su-lugar-en-la-final\/","title":{"rendered":"Francia y Marruecos buscan su lugar en la final"},"content":{"rendered":"<p>Los galos quieren retener el t\u00edtulo, un logro que obtuvo por \u00faltima vez Brasil hace 60 a\u00f1os, al ganar en Suecia 1958 y Chile 1962. Los dirigidos por Regragui ya lograron ser el primer seleccionado africano en llegar a semifinales y quieren seguir escribiendo su p\u00e1gina en el libro grande del f\u00fatbol.<\/p>\n<div class=\"paragraph\">\n<p><!--more--><\/p>\n<figure class=\"mb-3\"><img decoding=\"async\" src=\"https:\/\/www.telam.com.ar\/thumbs\/bluesteel\/advf\/imagenes\/2022\/12\/6394f88653ef6_1200.jpg\" alt=\"Foto Fernando Gens enviado especial\" width=\"100%\" height=\"100%\" \/><\/p>\n<div class=\"media-icons\"><\/div><figcaption>Foto: Fernando Gens, enviado especial.<\/figcaption><\/figure>\n<p>El seleccionado de Francia, vigente campe\u00f3n y en busca del tricampeonato mundial, deber\u00e1 justificar este mi\u00e9rcoles su favoritismo cuando juegue ante Marruecos, la revelaci\u00f3n del certamen y que intentar\u00e1 ser el primer equipo africano finalista de una Copa del Mundo, en una de las semifinales de Qatar 2022.<\/p>\n<p>El encuentro se desarrollar\u00e1 desde las 16 de Argentina en el Estadio Al Bayt, en la ciudad de Jor, a 45 kil\u00f3metros de Doha,\u00a0<a href=\"https:\/\/www.telam.com.ar\/notas\/202212\/613976-mundial-qatar-arbitro-ramos-semifinal-francia-marruecos.html\" target=\"_blank\" rel=\"noopener\">con el arbitraje del mexicano C\u00e9sar Ramos<\/a>, quien estar\u00e1 asistido por su compatriotas Alberto Mor\u00edn y Miguel Hern\u00e1ndez.\u00a0El venezolano Jes\u00fas Valenzuela ser\u00e1 el cuarto \u00e1rbitro.<\/p>\n<p>En caso de empate al t\u00e9rmino de lo 90 minutos, habr\u00e1 30 minutos de suplementario y de seguir la igualdad se dirimir\u00e1 el finalista mediante remates desde el punto penal.<\/p>\n<p><strong>Francia lleg\u00f3 con el r\u00f3tulo de favorita, pese a que a pocos d\u00edas del inicio del mundial se lesionaron N&#8217;Golo Kante, Presnel Kimpembe, Didier Pogba y, el Bal\u00f3n de Oro, Karim Benzema.<\/strong>\u00a0El campe\u00f3n deber\u00e1 justificar sus intenciones de retener el t\u00edtulo, algo que no se da hace 60 a\u00f1os, cuando Brasil lo consigui\u00f3 en Suecia 1958 y Chile 1962.<\/p>\n<figure class=\"mb-3\"><img decoding=\"async\" src=\"https:\/\/www.telam.com.ar\/thumbs\/bluesteel\/advf\/imagenes\/2022\/12\/6394d6b278fae.55.51_1200.jpg\" alt=\"Foto Fernando Gens enviado especial\" width=\"100%\" height=\"100%\" \/><\/p>\n<div class=\"media-icons\"><\/div><figcaption>Foto: Fernando Gens, enviado especial.<\/figcaption><\/figure>\n<p>El equipo de Didier Deschamps es sin\u00f3nimo de jerarqu\u00eda y calidad, comenzando por su mayor estrella, Kylian Mbbap\u00e9, el compa\u00f1ero de equipo de Lionel Messi y Neymar en el PSG, que cuando recibe el bal\u00f3n encara con velocidad y habilidad.<\/p>\n<p>El equipo galo\u00a0<a href=\"https:\/\/www.telam.com.ar\/notas\/202212\/613768-inglaterra-francia-cuartos-qatar.html\" target=\"_blank\" rel=\"noopener\">venci\u00f3 a Inglaterra en los cuartos de final<\/a>\u00a0y adem\u00e1s del l\u00f3gico conformismo por el triunfo se le sum\u00f3 la tranquilidad que haber ganado con un Mbbap\u00e9 bien tomado por los brit\u00e1nicos y con pocas luces, dejando de lado la idea de un equipo muy dependiente del astro parisino.<\/p>\n<p>El delantero\u00a0<strong>Olivier Giroud es otra pieza fundamental en este semifinalista<\/strong>, al sumar cuatro goles, con un rendimiento que es la ant\u00edtesis del que tuvo en Rusia 2018, cuando tuvo un gran nivel pero no pudo marcar.<\/p>\n<p>El resto del equipo \u00abBlue\u00bb cuanta con un notable arquero como\u00a0<strong>Hugo lloris<\/strong>\u00a0(figura ante Inglaterra), los defensores Raphael Varane y Dayot Upamecano, un mediocampo con Aur\u00e9lien Tchouam\u00e9ni (22 a\u00f1os), Ousmane Demb\u00e9l\u00e9 y el incansable Adien Rabiot, y la menci\u00f3n al gran momento que pasa\u00a0<strong>Antoine Griezmann<\/strong>.<\/p>\n<figure class=\"mb-3\"><img decoding=\"async\" src=\"https:\/\/www.telam.com.ar\/thumbs\/bluesteel\/advf\/imagenes\/2022\/12\/6394d3411268e_1200.jpg\" alt=\"Foto Maximiliano Luna enviado especial\" width=\"100%\" height=\"100%\" \/><\/p>\n<div class=\"media-icons\"><\/div><figcaption>Foto: Maximiliano Luna, enviado especial.<\/figcaption><\/figure>\n<p><strong>Marruecos es el invitado a la fiesta que nadie esperaba<\/strong>. Los dirigidos por\u00a0<a href=\"https:\/\/www.telam.com.ar\/notas\/202212\/614017-regragui-dt-marruecos-ilusionado-previa-francia-estamos-aqui-ganar-mundial.html\" target=\"_blank\" rel=\"noopener\">Walid Regragui<\/a>\u00a0han llegado a una instancia desconocida para un seleccionado africano,\u00a0<strong>es la primera vez que un equipo de ese continente avanza a una semifinal<\/strong>,\u00a0<a href=\"https:\/\/www.telam.com.ar\/notas\/202212\/613766-marruecos-portugal-cuartos-qatar.html\" target=\"_blank\" rel=\"noopener\">dejando en el camino a Espa\u00f1a y Portugal<\/a>.<\/p>\n<p>Hasta ahora Camer\u00fan, en Italia 1990, y Senegal en Jap\u00f3n-Corea del Sur 2002, eran los equipos africanos que m\u00e1s lejos hab\u00eda nllegado al acceder a cuartos de final, luego de que 13 seleccionados de ese continente han participado de los mundiales a partir de 1970.<\/p>\n<p><strong>Marruecos llega invicto a esta instancia, con tres triunfos y dos empates<\/strong>\u00a0(ante Espa\u00f1a gan\u00f3 en definici\u00f3n con tiros desde el punto), recibiendo solo un gol en contra (de Canad\u00e1) en 480 minutos, mostrando una muralla en defensa.<\/p>\n<p>Es solidez defensiva pasa por el excelente nivel del arquero\u00a0<strong>Yassine Bono<\/strong>\u00a0(Sevilla espa\u00f1ol) y un notable trabajo defensivo, con\u00a0<strong>Achraf Hakimi<\/strong>\u00a0(figura del PSG),\u00a0<strong>Jawad El Yamiq<\/strong>\u00a0(Valladolid de Espa\u00f1a) y\u00a0<strong>Romain Saiss<\/strong>\u00a0(Besiktas de Turqu\u00eda).<\/p>\n<p>Marruecos es un equipo que maneja muy bien el bal\u00f3n. En ese aspecto sobresale\u00a0<strong>Hakim Ziyech<\/strong>\u00a0(del Chelsea ingl\u00e9s), pero maneja su juegue en aguardar las acciones del adversario, saliendo de contra en velocidad, un equipo que sabe a qu\u00e9 juega y que est\u00e1 viviendo una coyuntura en la que todo los que logre es gloria.<\/p>\n<figure class=\"mb-3\"><img decoding=\"async\" src=\"https:\/\/www.telam.com.ar\/thumbs\/bluesteel\/advf\/imagenes\/2022\/12\/6394d34140bce_1200.jpg\" alt=\"Foto Maximiliano Luna enviado especial\" width=\"100%\" height=\"100%\" \/><\/p>\n<div class=\"media-icons\"><\/div><figcaption>Foto: Maximiliano Luna, enviado especial.<\/figcaption><\/figure>\n<\/div>\n","protected":false},"excerpt":{"rendered":"<p>Los galos quieren retener el t\u00edtulo, un logro que obtuvo por \u00faltima vez Brasil hace 60 a\u00f1os, al ganar en Suecia 1958 y Chile 1962. Los dirigidos por Regragui ya lograron ser el primer seleccionado africano en llegar a semifinales y quieren seguir escribiendo su p\u00e1gina en el libro grande del f\u00fatbol.<\/p>\n","protected":false},"author":3,"featured_media":0,"comment_status":"closed","ping_status":"closed","sticky":false,"template":"","format":"standard","meta":{"footnotes":""},"categories":[27],"tags":[],"class_list":["post-81351","post","type-post","status-publish","format-standard","hentry","category-deportes"],"yoast_head":"<!-- This site is optimized with the Yoast SEO plugin v25.9 - https:\/\/yoast.com\/wordpress\/plugins\/seo\/ -->\n<title>Francia y Marruecos buscan su lugar en la final - Noticias Radio Reflejos<\/title>\n<meta name=\"robots\" content=\"index, follow, max-snippet:-1, max-image-preview:large, max-video-preview:-1\" \/>\n<link rel=\"canonical\" href=\"https:\/\/www.noticiasradioreflejos.com.ar\/2021\/francia-y-marruecos-buscan-su-lugar-en-la-final\/\" \/>\n<meta property=\"og:locale\" content=\"es_ES\" \/>\n<meta property=\"og:type\" content=\"article\" \/>\n<meta property=\"og:title\" content=\"Francia y Marruecos buscan su lugar en la final - Noticias Radio Reflejos\" \/>\n<meta property=\"og:description\" content=\"Los galos quieren retener el t\u00edtulo, un logro que obtuvo por \u00faltima vez Brasil hace 60 a\u00f1os, al ganar en Suecia 1958 y Chile 1962. Los dirigidos por Regragui ya lograron ser el primer seleccionado africano en llegar a semifinales y quieren seguir escribiendo su p\u00e1gina en el libro grande del f\u00fatbol.\" \/>\n<meta property=\"og:url\" content=\"https:\/\/www.noticiasradioreflejos.com.ar\/2021\/francia-y-marruecos-buscan-su-lugar-en-la-final\/\" \/>\n<meta property=\"og:site_name\" content=\"Noticias Radio Reflejos\" \/>\n<meta property=\"article:published_time\" content=\"2022-12-14T12:11:47+00:00\" \/>\n<meta property=\"og:image\" content=\"https:\/\/www.telam.com.ar\/thumbs\/bluesteel\/advf\/imagenes\/2022\/12\/6394f88653ef6_1200.jpg\" \/>\n<meta name=\"author\" content=\"Arnaldo Botto\" \/>\n<meta name=\"twitter:card\" content=\"summary_large_image\" \/>\n<script type=\"application\/ld+json\" class=\"yoast-schema-graph\">{\"@context\":\"https:\/\/schema.org\",\"@graph\":[{\"@type\":\"WebPage\",\"@id\":\"https:\/\/www.noticiasradioreflejos.com.ar\/2021\/francia-y-marruecos-buscan-su-lugar-en-la-final\/\",\"url\":\"https:\/\/www.noticiasradioreflejos.com.ar\/2021\/francia-y-marruecos-buscan-su-lugar-en-la-final\/\",\"name\":\"Francia y Marruecos buscan su lugar en la final - Noticias Radio Reflejos\",\"isPartOf\":{\"@id\":\"https:\/\/www.noticiasradioreflejos.com.ar\/2021\/#website\"},\"primaryImageOfPage\":{\"@id\":\"https:\/\/www.noticiasradioreflejos.com.ar\/2021\/francia-y-marruecos-buscan-su-lugar-en-la-final\/#primaryimage\"},\"image\":{\"@id\":\"https:\/\/www.noticiasradioreflejos.com.ar\/2021\/francia-y-marruecos-buscan-su-lugar-en-la-final\/#primaryimage\"},\"thumbnailUrl\":\"https:\/\/www.telam.com.ar\/thumbs\/bluesteel\/advf\/imagenes\/2022\/12\/6394f88653ef6_1200.jpg\",\"datePublished\":\"2022-12-14T12:11:47+00:00\",\"author\":{\"@id\":\"https:\/\/www.noticiasradioreflejos.com.ar\/2021\/#\/schema\/person\/ad82545263dcc5ec0996818884fd5fb1\"},\"breadcrumb\":{\"@id\":\"https:\/\/www.noticiasradioreflejos.com.ar\/2021\/francia-y-marruecos-buscan-su-lugar-en-la-final\/#breadcrumb\"},\"inLanguage\":\"es\",\"potentialAction\":[{\"@type\":\"ReadAction\",\"target\":[\"https:\/\/www.noticiasradioreflejos.com.ar\/2021\/francia-y-marruecos-buscan-su-lugar-en-la-final\/\"]}]},{\"@type\":\"ImageObject\",\"inLanguage\":\"es\",\"@id\":\"https:\/\/www.noticiasradioreflejos.com.ar\/2021\/francia-y-marruecos-buscan-su-lugar-en-la-final\/#primaryimage\",\"url\":\"https:\/\/www.telam.com.ar\/thumbs\/bluesteel\/advf\/imagenes\/2022\/12\/6394f88653ef6_1200.jpg\",\"contentUrl\":\"https:\/\/www.telam.com.ar\/thumbs\/bluesteel\/advf\/imagenes\/2022\/12\/6394f88653ef6_1200.jpg\"},{\"@type\":\"BreadcrumbList\",\"@id\":\"https:\/\/www.noticiasradioreflejos.com.ar\/2021\/francia-y-marruecos-buscan-su-lugar-en-la-final\/#breadcrumb\",\"itemListElement\":[{\"@type\":\"ListItem\",\"position\":1,\"name\":\"Portada\",\"item\":\"https:\/\/www.noticiasradioreflejos.com.ar\/2021\/\"},{\"@type\":\"ListItem\",\"position\":2,\"name\":\"Francia y Marruecos buscan su lugar en la final\"}]},{\"@type\":\"WebSite\",\"@id\":\"https:\/\/www.noticiasradioreflejos.com.ar\/2021\/#website\",\"url\":\"https:\/\/www.noticiasradioreflejos.com.ar\/2021\/\",\"name\":\"Noticias Radio Reflejos\",\"description\":\"Las noticias de mi comarca\",\"potentialAction\":[{\"@type\":\"SearchAction\",\"target\":{\"@type\":\"EntryPoint\",\"urlTemplate\":\"https:\/\/www.noticiasradioreflejos.com.ar\/2021\/?s={search_term_string}\"},\"query-input\":{\"@type\":\"PropertyValueSpecification\",\"valueRequired\":true,\"valueName\":\"search_term_string\"}}],\"inLanguage\":\"es\"},{\"@type\":\"Person\",\"@id\":\"https:\/\/www.noticiasradioreflejos.com.ar\/2021\/#\/schema\/person\/ad82545263dcc5ec0996818884fd5fb1\",\"name\":\"Arnaldo Botto\",\"image\":{\"@type\":\"ImageObject\",\"inLanguage\":\"es\",\"@id\":\"https:\/\/www.noticiasradioreflejos.com.ar\/2021\/#\/schema\/person\/image\/\",\"url\":\"https:\/\/secure.gravatar.com\/avatar\/55cb5e37c1efa326397366e6974cb338056df65cb50e7d64d1cf314e87504837?s=96&d=mm&r=g\",\"contentUrl\":\"https:\/\/secure.gravatar.com\/avatar\/55cb5e37c1efa326397366e6974cb338056df65cb50e7d64d1cf314e87504837?s=96&d=mm&r=g\",\"caption\":\"Arnaldo Botto\"},\"url\":\"https:\/\/www.noticiasradioreflejos.com.ar\/2021\/author\/arnaldo\/\"}]}<\/script>\n<!-- \/ Yoast SEO plugin. -->","yoast_head_json":{"title":"Francia y Marruecos buscan su lugar en la final - Noticias Radio Reflejos","robots":{"index":"index","follow":"follow","max-snippet":"max-snippet:-1","max-image-preview":"max-image-preview:large","max-video-preview":"max-video-preview:-1"},"canonical":"https:\/\/www.noticiasradioreflejos.com.ar\/2021\/francia-y-marruecos-buscan-su-lugar-en-la-final\/","og_locale":"es_ES","og_type":"article","og_title":"Francia y Marruecos buscan su lugar en la final - Noticias Radio Reflejos","og_description":"Los galos quieren retener el t\u00edtulo, un logro que obtuvo por \u00faltima vez Brasil hace 60 a\u00f1os, al ganar en Suecia 1958 y Chile 1962. Los dirigidos por Regragui ya lograron ser el primer seleccionado africano en llegar a semifinales y quieren seguir escribiendo su p\u00e1gina en el libro grande del f\u00fatbol.","og_url":"https:\/\/www.noticiasradioreflejos.com.ar\/2021\/francia-y-marruecos-buscan-su-lugar-en-la-final\/","og_site_name":"Noticias Radio Reflejos","article_published_time":"2022-12-14T12:11:47+00:00","og_image":[{"url":"https:\/\/www.telam.com.ar\/thumbs\/bluesteel\/advf\/imagenes\/2022\/12\/6394f88653ef6_1200.jpg","type":"","width":"","height":""}],"author":"Arnaldo Botto","twitter_card":"summary_large_image","schema":{"@context":"https:\/\/schema.org","@graph":[{"@type":"WebPage","@id":"https:\/\/www.noticiasradioreflejos.com.ar\/2021\/francia-y-marruecos-buscan-su-lugar-en-la-final\/","url":"https:\/\/www.noticiasradioreflejos.com.ar\/2021\/francia-y-marruecos-buscan-su-lugar-en-la-final\/","name":"Francia y Marruecos buscan su lugar en la final - Noticias Radio Reflejos","isPartOf":{"@id":"https:\/\/www.noticiasradioreflejos.com.ar\/2021\/#website"},"primaryImageOfPage":{"@id":"https:\/\/www.noticiasradioreflejos.com.ar\/2021\/francia-y-marruecos-buscan-su-lugar-en-la-final\/#primaryimage"},"image":{"@id":"https:\/\/www.noticiasradioreflejos.com.ar\/2021\/francia-y-marruecos-buscan-su-lugar-en-la-final\/#primaryimage"},"thumbnailUrl":"https:\/\/www.telam.com.ar\/thumbs\/bluesteel\/advf\/imagenes\/2022\/12\/6394f88653ef6_1200.jpg","datePublished":"2022-12-14T12:11:47+00:00","author":{"@id":"https:\/\/www.noticiasradioreflejos.com.ar\/2021\/#\/schema\/person\/ad82545263dcc5ec0996818884fd5fb1"},"breadcrumb":{"@id":"https:\/\/www.noticiasradioreflejos.com.ar\/2021\/francia-y-marruecos-buscan-su-lugar-en-la-final\/#breadcrumb"},"inLanguage":"es","potentialAction":[{"@type":"ReadAction","target":["https:\/\/www.noticiasradioreflejos.com.ar\/2021\/francia-y-marruecos-buscan-su-lugar-en-la-final\/"]}]},{"@type":"ImageObject","inLanguage":"es","@id":"https:\/\/www.noticiasradioreflejos.com.ar\/2021\/francia-y-marruecos-buscan-su-lugar-en-la-final\/#primaryimage","url":"https:\/\/www.telam.com.ar\/thumbs\/bluesteel\/advf\/imagenes\/2022\/12\/6394f88653ef6_1200.jpg","contentUrl":"https:\/\/www.telam.com.ar\/thumbs\/bluesteel\/advf\/imagenes\/2022\/12\/6394f88653ef6_1200.jpg"},{"@type":"BreadcrumbList","@id":"https:\/\/www.noticiasradioreflejos.com.ar\/2021\/francia-y-marruecos-buscan-su-lugar-en-la-final\/#breadcrumb","itemListElement":[{"@type":"ListItem","position":1,"name":"Portada","item":"https:\/\/www.noticiasradioreflejos.com.ar\/2021\/"},{"@type":"ListItem","position":2,"name":"Francia y Marruecos buscan su lugar en la final"}]},{"@type":"WebSite","@id":"https:\/\/www.noticiasradioreflejos.com.ar\/2021\/#website","url":"https:\/\/www.noticiasradioreflejos.com.ar\/2021\/","name":"Noticias Radio Reflejos","description":"Las noticias de mi comarca","potentialAction":[{"@type":"SearchAction","target":{"@type":"EntryPoint","urlTemplate":"https:\/\/www.noticiasradioreflejos.com.ar\/2021\/?s={search_term_string}"},"query-input":{"@type":"PropertyValueSpecification","valueRequired":true,"valueName":"search_term_string"}}],"inLanguage":"es"},{"@type":"Person","@id":"https:\/\/www.noticiasradioreflejos.com.ar\/2021\/#\/schema\/person\/ad82545263dcc5ec0996818884fd5fb1","name":"Arnaldo Botto","image":{"@type":"ImageObject","inLanguage":"es","@id":"https:\/\/www.noticiasradioreflejos.com.ar\/2021\/#\/schema\/person\/image\/","url":"https:\/\/secure.gravatar.com\/avatar\/55cb5e37c1efa326397366e6974cb338056df65cb50e7d64d1cf314e87504837?s=96&d=mm&r=g","contentUrl":"https:\/\/secure.gravatar.com\/avatar\/55cb5e37c1efa326397366e6974cb338056df65cb50e7d64d1cf314e87504837?s=96&d=mm&r=g","caption":"Arnaldo Botto"},"url":"https:\/\/www.noticiasradioreflejos.com.ar\/2021\/author\/arnaldo\/"}]}},"_links":{"self":[{"href":"https:\/\/www.noticiasradioreflejos.com.ar\/2021\/wp-json\/wp\/v2\/posts\/81351","targetHints":{"allow":["GET"]}}],"collection":[{"href":"https:\/\/www.noticiasradioreflejos.com.ar\/2021\/wp-json\/wp\/v2\/posts"}],"about":[{"href":"https:\/\/www.noticiasradioreflejos.com.ar\/2021\/wp-json\/wp\/v2\/types\/post"}],"author":[{"embeddable":true,"href":"https:\/\/www.noticiasradioreflejos.com.ar\/2021\/wp-json\/wp\/v2\/users\/3"}],"replies":[{"embeddable":true,"href":"https:\/\/www.noticiasradioreflejos.com.ar\/2021\/wp-json\/wp\/v2\/comments?post=81351"}],"version-history":[{"count":1,"href":"https:\/\/www.noticiasradioreflejos.com.ar\/2021\/wp-json\/wp\/v2\/posts\/81351\/revisions"}],"predecessor-version":[{"id":81353,"href":"https:\/\/www.noticiasradioreflejos.com.ar\/2021\/wp-json\/wp\/v2\/posts\/81351\/revisions\/81353"}],"wp:attachment":[{"href":"https:\/\/www.noticiasradioreflejos.com.ar\/2021\/wp-json\/wp\/v2\/media?parent=81351"}],"wp:term":[{"taxonomy":"category","embeddable":true,"href":"https:\/\/www.noticiasradioreflejos.com.ar\/2021\/wp-json\/wp\/v2\/categories?post=81351"},{"taxonomy":"post_tag","embeddable":true,"href":"https:\/\/www.noticiasradioreflejos.com.ar\/2021\/wp-json\/wp\/v2\/tags?post=81351"}],"curies":[{"name":"wp","href":"https:\/\/api.w.org\/{rel}","templated":true}]}}