{"id":81340,"date":"2022-12-14T00:39:47","date_gmt":"2022-12-14T00:39:47","guid":{"rendered":"http:\/\/www.noticiasradioreflejos.com.ar\/2021\/?p=81340"},"modified":"2022-12-14T00:39:48","modified_gmt":"2022-12-14T00:39:48","slug":"asi-se-disfruto-la-contundente-victoria-de-argentina-en-el-pais","status":"publish","type":"post","link":"https:\/\/www.noticiasradioreflejos.com.ar\/2021\/asi-se-disfruto-la-contundente-victoria-de-argentina-en-el-pais\/","title":{"rendered":"As\u00ed se disfrut\u00f3 la contundente victoria de Argentina en el pa\u00eds"},"content":{"rendered":"<p>Plazas, bares, oficinas, no importa d\u00f3nde, la pasi\u00f3n por la \u00abScaloneta\u00bb se hace sentir en todos los rincones de la patria<!--more--><\/p>\n<p><a href=\"http:\/\/www.noticiasradioreflejos.com.ar\/2021\/asi-se-disfruto-la-contundente-victoria-de-argentina-en-el-pais\/319510208_440325704979403_2447199405330916186_n\/\" rel=\"attachment wp-att-81342\"><img loading=\"lazy\" decoding=\"async\" class=\"aligncenter size-full wp-image-81342\" src=\"http:\/\/www.noticiasradioreflejos.com.ar\/2021\/wp-content\/uploads\/2022\/12\/319510208_440325704979403_2447199405330916186_n.jpg\" alt=\"\" width=\"2048\" height=\"1365\" \/><\/a><\/p>\n<p>Una multitud celeste y blanca invadi\u00f3 las calles de todas las ciudades del pa\u00eds en celebraci\u00f3n por la clasificaci\u00f3n de la selecci\u00f3n argentina de f\u00fatbol para la final del Mundial de Qatar.<\/p>\n<p>Apenas se consum\u00f3 la victoria por 3-0 sobre Croacia de los conducidos por Lionel Messi, los hinchas salieron a las calles con banderas, camisetas de la selecci\u00f3n, disfraces, cornetas y bombos para festejar la llegada a la esperada final, que se jugar\u00e1 el pr\u00f3ximo domingo ante el ganador de Marruecos y Francia.<\/p>\n<h2 class=\"\">Aeropuerto de Ezeiza<\/h2>\n<figure class=\"mb-3\"><img decoding=\"async\" src=\"https:\/\/www.telam.com.ar\/thumbs\/bluesteel\/advf\/imagenes\/2022\/12\/6398de0022258_1200.jpg\" alt=\"Foto Pepe Mateos\" width=\"100%\" height=\"100%\" \/><\/p>\n<div class=\"media-icons\"><\/div><figcaption>Foto: Pepe Mateos.<\/figcaption><\/figure>\n<figure class=\"mb-3\"><img decoding=\"async\" src=\"https:\/\/www.telam.com.ar\/thumbs\/bluesteel\/advf\/imagenes\/2022\/12\/6398de0009e70_1200.jpg\" alt=\"Foto Pepe Mateos\" width=\"100%\" height=\"100%\" \/><\/p>\n<div class=\"media-icons\"><\/div><figcaption>Foto: Pepe Mateos.<\/figcaption><\/figure>\n<figure class=\"mb-3\"><img decoding=\"async\" src=\"https:\/\/www.telam.com.ar\/thumbs\/bluesteel\/advf\/imagenes\/2022\/12\/6398ddffe49e9_1200.jpg\" alt=\"Foto Pepe Mateos\" width=\"100%\" height=\"100%\" \/><\/p>\n<div class=\"media-icons\"><\/div><figcaption>Foto: Pepe Mateos.<\/figcaption><\/figure>\n<h2 class=\"\">Misiones<\/h2>\n<figure class=\"mb-3\"><img decoding=\"async\" src=\"https:\/\/www.telam.com.ar\/thumbs\/bluesteel\/advf\/imagenes\/2022\/12\/6398de0039fe9_1200.jpg\" alt=\"Foto Sergio Centenaro\" width=\"100%\" height=\"100%\" \/><\/p>\n<div class=\"media-icons\"><\/div><figcaption>Foto: Sergio Centenaro.<\/figcaption><\/figure>\n<figure class=\"mb-3\"><img decoding=\"async\" src=\"https:\/\/www.telam.com.ar\/thumbs\/bluesteel\/advf\/imagenes\/2022\/12\/6398de00539ac_1200.jpg\" alt=\"Foto Sergio Centenaro\" width=\"100%\" height=\"100%\" \/><\/p>\n<div class=\"media-icons\"><\/div><figcaption>Foto: Sergio Centenaro.<\/figcaption><\/figure>\n<figure class=\"mb-3\"><img decoding=\"async\" src=\"https:\/\/www.telam.com.ar\/thumbs\/bluesteel\/advf\/imagenes\/2022\/12\/6398de006c06e_1200.jpg\" alt=\"Foto Sergio Centenaro\" width=\"100%\" height=\"100%\" \/><\/p>\n<div class=\"media-icons\"><\/div><figcaption>Foto: Sergio Centenaro.<\/figcaption><\/figure>\n<h2 class=\"\">Ciudad de Buenos Aires<\/h2>\n<figure class=\"mb-3\"><img decoding=\"async\" src=\"https:\/\/www.telam.com.ar\/thumbs\/bluesteel\/advf\/imagenes\/2022\/12\/6398df6b62fa3_1200.jpg\" alt=\"Foto Ral Ferrari\" width=\"100%\" height=\"100%\" \/><\/p>\n<div class=\"media-icons\"><\/div><figcaption>Foto: Ra\u00fal Ferrari.<\/figcaption><\/figure>\n<p>Una multitud se concentraba esta tarde en el Obelisco porte\u00f1o para celebrar el pase de la selecci\u00f3n a la final del Mundial de Qatar 2022, mientras que miles de personas vibraron en distintos espacios p\u00fablicos en los que pudieron seguir a trav\u00e9s de pantallas gigantes las alternativas del partido en el que los dirigidos por Lionel Scaloni se impusieron por 3-0 frente al combinado croata.<\/p>\n<div class=\"video_repositive\">\n<div id=\"9DcjIQ2UJCg\" class=\"video_telam\">\n<div class=\"feature_article_inner\">\n<div class=\"feature_article_title\">\n<h2 class=\"text-center\">Una multitud en el Obelisco por el triunfo de Argentina<\/h2>\n<p><iframe loading=\"lazy\" title=\"Una multitud en el Obelisco por el triunfo de Argentina\" src=\"https:\/\/www.youtube.com\/embed\/9DcjIQ2UJCg\" width=\"843\" height=\"474\" frameborder=\"0\" allowfullscreen=\"allowfullscreen\"><\/iframe><\/p>\n<p>Subidos a las vallas que el Gobierno porte\u00f1o dispuso frente al Obelisco, los hinchas comenzaron a celebrar la victoria desde antes del final del encuentro con bombos, redoblantes y la canci\u00f3n ya hecha himno por la hinchada argentina en este torneo y en la que todos se sub\u00edan al estribillo de \u00abmuchachos, ahora nos volvimos a ilusionar, quiero ganar la tercera, quiero ser campe\u00f3n mundial\u00bb.<\/p>\n<figure class=\"mb-3\"><img decoding=\"async\" src=\"https:\/\/www.telam.com.ar\/thumbs\/bluesteel\/advf\/imagenes\/2022\/12\/6398df6b7b18b_1200.jpg\" alt=\"Foto Ral Ferrari\" width=\"100%\" height=\"100%\" \/><\/p>\n<div class=\"media-icons\"><\/div><figcaption>Foto: Ra\u00fal Ferrari.<\/figcaption><\/figure>\n<figure class=\"mb-3\"><img decoding=\"async\" src=\"https:\/\/www.telam.com.ar\/thumbs\/bluesteel\/advf\/imagenes\/2022\/12\/6398df6b916bd_1200.jpg\" alt=\"Foto Ral Ferrari\" width=\"100%\" height=\"100%\" \/><\/p>\n<div class=\"media-icons\"><\/div><figcaption>Foto: Ra\u00fal Ferrari.<\/figcaption><\/figure>\n<p>La concentraci\u00f3n de fan\u00e1ticos provoc\u00f3 el corte del tr\u00e1nsito sobre Corrientes entre Libertad y Suipacha, en Roque S\u00e1enz Pe\u00f1a entre Libertad y Cerrito, y en la esquina de Corrientes y Callao, mientras que los colectivos que habitualmente utilizan el Metrob\u00fas de la 9 de Julio vieron afectado su recorrido.<\/p>\n<p>Los cantos de los hinchas eran acompa\u00f1ados por los bocinazos de los veh\u00edculos que todav\u00eda pod\u00edan circular en calles aleda\u00f1as al Obelisco.<\/p>\n<figure class=\"mb-3\"><img decoding=\"async\" src=\"https:\/\/www.telam.com.ar\/thumbs\/bluesteel\/advf\/imagenes\/2022\/12\/6398df6ba84f3_1200.jpg\" alt=\"Foto Ral Ferrari\" width=\"100%\" height=\"100%\" \/><\/p>\n<div class=\"media-icons\"><\/div><figcaption>Foto: Ra\u00fal Ferrari.<\/figcaption><\/figure>\n<figure class=\"mb-3\"><img decoding=\"async\" src=\"https:\/\/www.telam.com.ar\/thumbs\/bluesteel\/advf\/imagenes\/2022\/12\/6398f3af7d776_1200.jpg\" alt=\"Foto Ral Ferrari\" width=\"100%\" height=\"100%\" \/><\/p>\n<div class=\"media-icons\"><\/div><figcaption>Foto: Ra\u00fal Ferrari.<\/figcaption><\/figure>\n<figure class=\"mb-3\"><img decoding=\"async\" src=\"https:\/\/www.telam.com.ar\/thumbs\/bluesteel\/advf\/imagenes\/2022\/12\/6398f3af667ed_1200.jpg\" alt=\"Foto Ral Ferrari\" width=\"100%\" height=\"100%\" \/><\/p>\n<div class=\"media-icons\"><\/div><figcaption>Foto: Ra\u00fal Ferrari.<\/figcaption><\/figure>\n<p>Con l\u00e1grimas en las mejillas Fabio contaba: \u00abEstoy muy emocionado porque estamos en la final, siempre vengo ac\u00e1. Con este equipo seguro vamos a ganar la final\u00bb.<\/p>\n<p>Nicol\u00e1s Adi llevaba puesta peluca y su cara pintada completamente de celeste y blanco. \u00abFue un desahogo tremendo de alegr\u00eda; pens\u00e9 que iba a ser un resultado m\u00e1s apretado sobre el final pero estoy re feliz. Ahora estoy nervioso por definir el rival y lo \u00fanico que quiero el domingo es llorar de alegr\u00eda\u00bb.<\/p>\n<p>Entre otros sitios, miles de hinchas siguieron las alternativas del partido en la pantalla gigante montada en la plaza Seeber del barrio porte\u00f1o de Palermo, que fue cubierta de celeste y blanco por los visitantes que llegaban con camisetas de la selecci\u00f3n argentina de distintas \u00e9pocas, la mayor\u00eda de ellas con el 10 en la espalda y el apellido \u00abMessi\u00bb.<\/p>\n<p>Los vendedores ambulantes aprovecharon para sumar a su oferta de las tradicionales camisetas de la selecci\u00f3n banderas, gorros, vuvuzelas, vinchas, remeras y mu\u00f1ecos con la cara de Messi y remeras con la frase ya hist\u00f3rica \u00abAnd\u00e1 pa all\u00e1, bobo\u00bb.<\/p>\n<p>En el llamado \u00abFan fest\u00bb una multitud tambi\u00e9n celebr\u00f3 el triunfo con el cl\u00e1sico c\u00e1ntico \u00abel que no salta es un ingl\u00e9s\u00bb, lo que caus\u00f3 una niebla roja, producto del polvo de ladrillo de la plaza levantado por los saltos de la hinchada, y muchos desconcentraron para ir caminando hasta el Obelisco .<\/p>\n<p>Con una peluca de rulos celeste y blanca y brillos en la cara, la payasa \u00abCampanita\u00bb, de 71 a\u00f1os, acompa\u00f1aba a sus nietas mientras coloreaba los rostros de los visitantes que se lo solicitaban; en di\u00e1logo con T\u00e9lam se\u00f1al\u00f3: \u00abNuestro pa\u00eds necesita un poco de felicidad para nuestro coraz\u00f3n, soy payasa hace muchos a\u00f1os y este traje me lo pongo para las fechas patrias, pero este d\u00eda se prestaba para estar bien argenta. Dios bendiga a Argentina, no solamente en el f\u00fatbol sino a todos sus habitantes\u00bb.<\/p>\n<p>Los dos goles de Juli\u00e1n \u00c1lvarez, y el penal provocado por el 9 de la Selecci\u00f3n, parecen haber despertado la pasi\u00f3n de los hinchas que visten su camiseta y le dedican frases al aire como \u00abJuli te amo!!\u00bb.<\/p>\n<p>Cubierta con la bandera argentina y con la vuvuzela en mano, estaba Ver\u00f3nica Padilla, que cont\u00f3 a esta agencia que sufri\u00f3 un poquito a pesar del resultado abultado, pero que vivi\u00f3 el triunfo \u00abcon mucha felicidad\u00bb.<\/p>\n<p>Con el pitazo final, la felicidad del pueblo se desat\u00f3 y, entre los c\u00e1nticos m\u00e1s escuchados, reson\u00f3: \u00abVen\u00ed ven\u00ed, cant\u00e1 conmigo, que un amigo vas a encontrar, que de la mano de Leo Messi, todos la vuelta vamos a dar\u00bb.<\/p>\n<figure class=\"mb-3\"><img decoding=\"async\" src=\"https:\/\/www.telam.com.ar\/thumbs\/bluesteel\/advf\/imagenes\/2022\/12\/6398f3af4e602_1200.jpg\" alt=\"Foto Ral Ferrari\" width=\"100%\" height=\"100%\" \/><\/p>\n<div class=\"media-icons\"><\/div><figcaption>Foto: Ra\u00fal Ferrari.<\/figcaption><\/figure>\n<h2 class=\"\">Santa Fe<\/h2>\n<figure class=\"mb-3\"><img decoding=\"async\" src=\"https:\/\/www.telam.com.ar\/thumbs\/bluesteel\/advf\/imagenes\/2022\/12\/6398e3147a57c_1200.jpg\" alt=\"Foto Luis Cetraro\" width=\"100%\" height=\"100%\" \/><\/p>\n<div class=\"media-icons\"><\/div><figcaption>Foto: Luis Cetraro.<\/figcaption><\/figure>\n<figure class=\"mb-3\"><img decoding=\"async\" src=\"https:\/\/www.telam.com.ar\/thumbs\/bluesteel\/advf\/imagenes\/2022\/12\/6398e31462cff_1200.jpg\" alt=\"Foto Luis Cetraro\" width=\"100%\" height=\"100%\" \/><\/p>\n<div class=\"media-icons\"><\/div><figcaption>Foto: Luis Cetraro.<\/figcaption><\/figure>\n<h2 class=\"\">Mar del Plata<\/h2>\n<figure class=\"mb-3\"><img decoding=\"async\" src=\"https:\/\/www.telam.com.ar\/thumbs\/bluesteel\/advf\/imagenes\/2022\/12\/6398ee1b9a4fd_1200.jpg\" alt=\"Foto Diego Izquierdo\" width=\"100%\" height=\"100%\" \/><\/p>\n<div class=\"media-icons\"><\/div><figcaption>Foto: Diego Izquierdo.<\/figcaption><\/figure>\n<p>En Mar del Plata, unas 90.000 personas llegaron al Arena Fan Fest en el paseo Las Toscas, donde vieron en pantalla gigante Argentina-Croacia.<\/p>\n<p>\u00abLa Scaloneta demostr\u00f3 una vez m\u00e1s que es el mejor equipo de Am\u00e9rica Latina\u00bb dijo a T\u00e9lam Patricia Berdejo, quien vino a Mar del Plata desde Asunci\u00f3n del Paraguay a visitar a un familiar.<\/p>\n<p>Por su parte, Carmen y Jorge del barrio San Carlos de Mar del Plata, dijeron: \u00abrealmente este es un regalo inmenso que nos da la \u00b4Scaloneta\u00b4 en un momento tan dif\u00edcil para todos los argentinos\u00bb.<\/p>\n<p>Muchos sacaron sus veh\u00edculos para dar una vuelta por la costanera Patricio Peralta Ramos y llegar hasta el monumento a San Mart\u00edn ubicado en la Avenida Luro y Mitre, donde es tradicional festejar por partido.<\/p>\n<figure class=\"mb-3\"><img decoding=\"async\" src=\"https:\/\/www.telam.com.ar\/thumbs\/bluesteel\/advf\/imagenes\/2022\/12\/6398ee1baff38_1200.jpg\" alt=\"Foto Diego Izquierdo\" width=\"100%\" height=\"100%\" \/><\/p>\n<div class=\"media-icons\"><\/div><figcaption>Foto: Diego Izquierdo.<\/figcaption><\/figure>\n<figure class=\"mb-3\"><img decoding=\"async\" src=\"https:\/\/www.telam.com.ar\/thumbs\/bluesteel\/advf\/imagenes\/2022\/12\/6398ee1bc6ce1_1200.jpg\" alt=\"Foto Diego Izquierdo\" width=\"100%\" height=\"100%\" \/><\/p>\n<div class=\"media-icons\"><\/div><figcaption>Foto: Diego Izquierdo.<\/figcaption><\/figure>\n<h2 class=\"\">Bariloche<\/h2>\n<figure class=\"mb-3\"><img decoding=\"async\" src=\"https:\/\/www.telam.com.ar\/thumbs\/bluesteel\/advf\/imagenes\/2022\/12\/6398f968c9bf5_1200.jpg\" alt=\"Foto Eugenia Leme\" width=\"100%\" height=\"100%\" \/><\/p>\n<div class=\"media-icons\"><\/div><figcaption>Foto: Eugenia Leme<\/figcaption><\/figure>\n<p>En la provincia de R\u00edo Negro, San Carlos de Bariloche, Viedma, General Roca y Cipolletti fueron las principales ciudades que vivieron la alegr\u00eda de la victoria conseguida hoy por el seleccionado.<\/p>\n<p>En Bariloche, la calle principal, Mitre, fue colmada por una multitud de residentes y turistas que festejo el triunfo de la selecci\u00f3n.<\/p>\n<figure class=\"mb-3\"><img decoding=\"async\" src=\"https:\/\/www.telam.com.ar\/thumbs\/bluesteel\/advf\/imagenes\/2022\/12\/6398f968e19fa_1200.jpg\" alt=\"Foto Eugenia Leme\" width=\"100%\" height=\"100%\" \/><\/p>\n<div class=\"media-icons\"><\/div><figcaption>Foto: Eugenia Leme<\/figcaption><\/figure>\n<figure class=\"mb-3\"><img decoding=\"async\" src=\"https:\/\/www.telam.com.ar\/thumbs\/bluesteel\/advf\/imagenes\/2022\/12\/6398f96907082_1200.jpg\" alt=\"Foto Eugenia Leme\" width=\"100%\" height=\"100%\" \/><\/p>\n<div class=\"media-icons\"><\/div><figcaption>Foto: Eugenia Leme<\/figcaption><\/figure>\n<h2 class=\"\">Santiago del Estero<\/h2>\n<figure class=\"mb-3\"><img decoding=\"async\" src=\"https:\/\/www.telam.com.ar\/thumbs\/bluesteel\/advf\/imagenes\/2022\/12\/6398fd84b12a5_1200.jpg\" alt=\"Foto Emilio Rapetti\" width=\"100%\" height=\"100%\" \/><\/p>\n<div class=\"media-icons\"><\/div><figcaption>Foto: Emilio Rapetti.<\/figcaption><\/figure>\n<p>La victoria tambi\u00e9n desat\u00f3 una locura en la plaza Libertad de la capital de Santiago del Estero, donde los hinchas agradecieron que los jugadores porque \u00abpusieron todo en la cancha para darnos esta inmensa felicidad\u00bb.<\/p>\n<p>La Banda de M\u00fasica de la Polic\u00eda de la Provincia tambi\u00e9n arrib\u00f3 a la plaza Libertad y con todos sus instrumentos le puso ritmo a la tarde santiague\u00f1a, y toc\u00f3 ante una multitud que cantaba: \u00abMuchachos\u2026.ahora nos volvimos a ilusionar, quiero ganar la tercera, quiero ser campe\u00f3n mundial\u00bb.<\/p>\n<figure class=\"mb-3\"><img decoding=\"async\" src=\"https:\/\/www.telam.com.ar\/thumbs\/bluesteel\/advf\/imagenes\/2022\/12\/6398fd84972b9_1200.jpg\" alt=\"Foto Emilio Rapetti\" width=\"100%\" height=\"100%\" \/><\/p>\n<div class=\"media-icons\"><\/div><figcaption>Foto: Emilio Rapetti.<\/figcaption><\/figure>\n<h2 class=\"\">Rosario<\/h2>\n<figure class=\"mb-3\"><img decoding=\"async\" src=\"https:\/\/www.telam.com.ar\/thumbs\/bluesteel\/advf\/imagenes\/2022\/12\/6398fe19082c1_1200.jpg\" alt=\"Foto Sebastin Granata\" width=\"100%\" height=\"100%\" \/><\/p>\n<div class=\"media-icons\"><\/div><figcaption>Foto: Sebasti\u00e1n Granata.<\/figcaption><\/figure>\n<p>En Rosario, miles de personas se acercaron al Monumento Nacional a la Bandera, con muestras de alegr\u00eda desbordante.<\/p>\n<p>Tambi\u00e9n una extensa hilera de autos festejaba por avenida Belgrano haciendo sonar sus bocinas, acompa\u00f1ando a quienes celebraban a los saltos en el Monumento a la Bandera.<\/p>\n<figure class=\"mb-3\"><img decoding=\"async\" src=\"https:\/\/www.telam.com.ar\/thumbs\/bluesteel\/advf\/imagenes\/2022\/12\/6398fe191f4d9_1200.jpg\" alt=\"Foto Sebastin Granata\" width=\"100%\" height=\"100%\" \/><\/p>\n<div class=\"media-icons\"><\/div><figcaption>Foto: Sebasti\u00e1n Granata.<\/figcaption><\/figure>\n<h2 class=\"\">Viedma<\/h2>\n<figure class=\"mb-3\"><img decoding=\"async\" src=\"https:\/\/www.telam.com.ar\/thumbs\/bluesteel\/advf\/imagenes\/2022\/12\/6398fe19353eb_1200.jpg\" alt=\"Foto Marcelo Ochoa\" width=\"100%\" height=\"100%\" \/><\/p>\n<div class=\"media-icons\"><\/div><figcaption>Foto: Marcelo Ochoa.<\/figcaption><\/figure>\n<figure class=\"mb-3\"><img decoding=\"async\" src=\"https:\/\/www.telam.com.ar\/thumbs\/bluesteel\/advf\/imagenes\/2022\/12\/6398fe194de79_1200.jpg\" alt=\"Foto Marcelo Ochoa\" width=\"100%\" height=\"100%\" \/><\/p>\n<div class=\"media-icons\"><\/div><figcaption>Foto: Marcelo Ochoa.<\/figcaption><\/figure>\n<h2 class=\"\">San Luis<\/h2>\n<figure class=\"mb-3\"><img decoding=\"async\" src=\"https:\/\/www.telam.com.ar\/thumbs\/bluesteel\/advf\/imagenes\/2022\/12\/639905a114637_1200.jpg\" alt=\"Foto Nicols Varvara\" width=\"100%\" height=\"100%\" \/><\/p>\n<div class=\"media-icons\"><\/div><figcaption>Foto: Nicol\u00e1s Varvara<\/figcaption><\/figure>\n<p>En la ciudad de San Luis, miles de personas, con banderas, cornetas, pogos y al c\u00e1ntico \u00abEl que no salta es un ingl\u00e9s\u00bb y \u00abQue lindo es ser argentino\u00bb, se congregaron frente a la iglesia Catedral, epicentro de los festejos puntanos por el triunfo de la selecci\u00f3n<\/p>\n<p>Tambi\u00e9n, en las principales avenidas de la ciudad, caravanas de autos y motos recorrieron varios kil\u00f3metros con banderas y bocinas festejando el triunfo de Argentina.<\/p>\n<p>Festejos similares se replicaron a Villa Mercedes y Villa de Merlo, donde los vecinos vivieron el partido en las plazas centrales de esas ciudades.<\/p>\n<figure class=\"mb-3\"><img decoding=\"async\" src=\"https:\/\/www.telam.com.ar\/thumbs\/bluesteel\/advf\/imagenes\/2022\/12\/639905a129099_1200.jpg\" alt=\"Foto Nicols Varvara\" width=\"100%\" height=\"100%\" \/><\/p>\n<div class=\"media-icons\"><\/div><figcaption>Foto: Nicol\u00e1s Varvara<\/figcaption><\/figure>\n<h2 class=\"\">La Pampa<\/h2>\n<figure class=\"mb-3\"><img decoding=\"async\" src=\"https:\/\/www.telam.com.ar\/thumbs\/bluesteel\/advf\/imagenes\/2022\/12\/639905a0f09ee_1200.jpg\" alt=\"Foto Julin Varela\" width=\"100%\" height=\"100%\" \/><\/p>\n<div class=\"media-icons\"><\/div><figcaption>Foto: Juli\u00e1n Varela.<\/figcaption><\/figure>\n<figure class=\"mb-3\"><img decoding=\"async\" src=\"https:\/\/www.telam.com.ar\/thumbs\/bluesteel\/advf\/imagenes\/2022\/12\/639905a0d7585_1200.jpg\" alt=\"Foto Julin Varela\" width=\"100%\" height=\"100%\" \/><\/p>\n<div class=\"media-icons\"><\/div><figcaption>Foto: Juli\u00e1n Varela.<\/figcaption><\/figure>\n<h2 class=\"\">Chaco<\/h2>\n<figure class=\"mb-3\"><img decoding=\"async\" src=\"https:\/\/www.telam.com.ar\/thumbs\/bluesteel\/advf\/imagenes\/2022\/12\/639905a0c0340_1200.jpg\" alt=\"Foto Pablo Caprarulo\" width=\"100%\" height=\"100%\" \/><\/p>\n<div class=\"media-icons\"><\/div><figcaption>Foto: Pablo Caprarulo<\/figcaption><\/figure>\n<figure class=\"mb-3\"><img decoding=\"async\" src=\"https:\/\/www.telam.com.ar\/thumbs\/bluesteel\/advf\/imagenes\/2022\/12\/639905a0a724a_1200.jpg\" alt=\"Foto Pablo Caprarulo\" width=\"100%\" height=\"100%\" \/><\/p>\n<div class=\"media-icons\"><\/div><figcaption>Foto: Pablo Caprarulo<\/figcaption><\/figure>\n<h2 class=\"\">Posadas<\/h2>\n<figure class=\"mb-3\"><img decoding=\"async\" src=\"https:\/\/www.telam.com.ar\/thumbs\/bluesteel\/advf\/imagenes\/2022\/12\/639909682bf58_1200.jpg\" alt=\"Foto Natalia Guerrero Zabrodiec\" width=\"100%\" height=\"100%\" \/><\/p>\n<div class=\"media-icons\"><\/div><figcaption>Foto: Natalia Guerrero Zabrodiec.<\/figcaption><\/figure>\n<figure class=\"mb-3\"><img decoding=\"async\" src=\"https:\/\/www.telam.com.ar\/thumbs\/bluesteel\/advf\/imagenes\/2022\/12\/639909681782f_1200.jpg\" alt=\"Foto Natalia Guerrero Zabrodiec\" width=\"100%\" height=\"100%\" \/><\/p>\n<div class=\"media-icons\"><\/div><figcaption>Foto: Natalia Guerrero Zabrodiec.<\/figcaption><\/figure>\n<h2 class=\"\">Ushuaia<\/h2>\n<figure class=\"mb-3\"><img decoding=\"async\" src=\"https:\/\/www.telam.com.ar\/thumbs\/bluesteel\/advf\/imagenes\/2022\/12\/63990967f0b77_1200.jpg\" alt=\"Foto Cristian Urrutia\" width=\"100%\" height=\"100%\" \/><\/p>\n<div class=\"media-icons\"><\/div><figcaption>Foto: Cristian Urrutia.<\/figcaption><\/figure>\n<p>En el extremo sur del pa\u00eds, los turistas nacionales y extranjeros que visitan por estas horas la ciudad de Ushuaia se sumaron a los festejos del triunfo de la selecci\u00f3n argentina.<\/p>\n<p>Asombrados por la pasi\u00f3n futbolera nacional, a\u00fan en el Fin del Mundo, los turistas se entregaron tambi\u00e9n a los saltos, bailes y todo de tipo de demostraci\u00f3n de alegr\u00eda que caracterizaron los festejos en esquinas como la de las calles San Mart\u00edn y 9 de Julio, y en la costanera frente al Canal Beagle.<\/p>\n<figure class=\"mb-3\"><img decoding=\"async\" src=\"https:\/\/www.telam.com.ar\/thumbs\/bluesteel\/advf\/imagenes\/2022\/12\/63990967d1af2_1200.jpg\" alt=\"Foto Cristian Urrutia\" width=\"100%\" height=\"100%\" \/><\/p>\n<div class=\"media-icons\"><\/div><figcaption>Foto: Cristian Urrutia.<\/figcaption><\/figure>\n<h2 class=\"\">La Plata<\/h2>\n<figure class=\"mb-3\"><img decoding=\"async\" src=\"https:\/\/www.telam.com.ar\/thumbs\/bluesteel\/advf\/imagenes\/2022\/12\/63990818542bb_1200.jpg\" alt=\"Foto Eva Cabrera\" width=\"100%\" height=\"100%\" \/><\/p>\n<div class=\"media-icons\"><\/div><figcaption>Foto: Eva Cabrera.<\/figcaption><\/figure>\n<p>En la capital bonaerense, La Plata, miles de personas recordaron con sus c\u00e1nticos en el centro de la ciudad el triunfo ante el Inglaterra en el Mundial &#8216; 86 y la \u00abpaternidad\u00bb futbolera sobre Brasil.<\/p>\n<p>Apenas minutos despu\u00e9s de finalizado el partido con Croacia, los platenses comenzaron a salir de sus casas y de los bares donde vieron el partido para ir a pie y en autom\u00f3viles, en alegre procesi\u00f3n albiceleste, hasta la tradicional esquina de 7 y 50 de La Plata.<\/p>\n<p>\u00abPor suerte este partido no fue para el infarto como el que jugamos con Holanda\u00bb, dijo a T\u00e9lam con alivio Alejandra, quien vio el partido con sus compa\u00f1eros de una casa de venta de ropa de calle 7..<\/p>\n<p>\u00abEl domingo ganamos, no tengo dudas\u00bb, dijo por su parte a T\u00e9lam Mia.<\/p>\n<figure class=\"mb-3\"><img decoding=\"async\" src=\"https:\/\/www.telam.com.ar\/thumbs\/bluesteel\/advf\/imagenes\/2022\/12\/639908186d614_1200.jpg\" alt=\"Foto Eva Cabrera\" width=\"100%\" height=\"100%\" \/><\/p>\n<div class=\"media-icons\"><\/div><figcaption>Foto: Eva Cabrera.<\/figcaption><\/figure>\n<h2 class=\"\">Bah\u00eda Blanca<\/h2>\n<figure class=\"mb-3\"><img decoding=\"async\" src=\"https:\/\/www.telam.com.ar\/thumbs\/bluesteel\/advf\/imagenes\/2022\/12\/639906d26b6dd_1200.jpg\" alt=\"Foto Horacio Culaciatti \" width=\"100%\" height=\"100%\" \/><\/p>\n<div class=\"media-icons\"><\/div><figcaption>Foto: Horacio Culaciatti<\/figcaption><\/figure>\n<p>Miles de vecinos y vecinas de Bah\u00eda Blanca, al igual que localidades aleda\u00f1as del sur bonaerense, salieron a las calles para festejar el pase a la final del Mundial.<\/p>\n<p>En Bah\u00eda Blanca, como en los partidos anteriores, los festejos tuvieron como escenario al Teatro Municipal, ubicado en Alem y Alsina, en pleno centro y lugar elegido para todo tipo de festejos deportivos.<\/p>\n<figure class=\"mb-3\"><img decoding=\"async\" src=\"https:\/\/www.telam.com.ar\/thumbs\/bluesteel\/advf\/imagenes\/2022\/12\/639906d28b269_1200.jpg\" alt=\"Foto Horacio Culaciatti \" width=\"100%\" height=\"100%\" \/><\/p>\n<div class=\"media-icons\"><\/div><figcaption>Foto: Horacio Culaciatti<\/figcaption><\/figure>\n<h2 class=\"\">Tucum\u00e1n<\/h2>\n<figure class=\"mb-3\"><img decoding=\"async\" src=\"https:\/\/www.telam.com.ar\/thumbs\/bluesteel\/advf\/imagenes\/2022\/12\/639906d2518eb_1200.jpg\" alt=\"Foto Diego Araoz\" width=\"100%\" height=\"100%\" \/><\/p>\n<div class=\"media-icons\"><\/div><figcaption>Foto: Diego Araoz<\/figcaption><\/figure>\n<figure class=\"mb-3\"><img decoding=\"async\" src=\"https:\/\/www.telam.com.ar\/thumbs\/bluesteel\/advf\/imagenes\/2022\/12\/639906d22dfe1_1200.jpg\" alt=\"Foto Diego Araoz\" width=\"100%\" height=\"100%\" \/><\/p>\n<div class=\"media-icons\"><\/div><figcaption>Foto: Diego Araoz<\/figcaption><\/figure>\n<h2 class=\"\">C\u00f3rdoba<\/h2>\n<p>Una multitudinaria procesi\u00f3n se apoder\u00f3 de las calles de la ciudad de C\u00f3rdoba, con caravanas de autom\u00f3viles y gente a pie en la zona comercial del Patio Olmos y alrededores, portando banderas, a quienes se sumaron parroquianos que estaban en los bares.<\/p>\n<p>\u201cVamos por la tercera copa. El domingo somos campeones. Vamos Argentina\u2026!!!. Gracias Messi. Aguante la Scaloneta\u201d, son algunas de las expresiones que se escucharon en las distintas arterias de la ciudad cordobesa.<\/p>\n<h2 class=\"\">Jujuy<\/h2>\n<p>En Jujuy, las principales plazas de las distintas localidades volvieron a te\u00f1irse de celeste y blanco, con miles de hinchas celebrando entre c\u00e1nticos, agite de banderas y bocinazos.<\/p>\n<figure class=\"mb-3\"><img decoding=\"async\" src=\"https:\/\/www.telam.com.ar\/thumbs\/bluesteel\/advf\/imagenes\/2022\/12\/63990fb37a748_1200.jpg\" alt=\"Foto Edgardo Valera\" width=\"100%\" height=\"100%\" \/><\/p>\n<div class=\"media-icons\"><\/div><figcaption>Foto: Edgardo Valera.<\/figcaption><\/figure>\n<figure class=\"mb-3\"><img decoding=\"async\" src=\"https:\/\/www.telam.com.ar\/thumbs\/bluesteel\/advf\/imagenes\/2022\/12\/63990fb35e99b_1200.jpg\" alt=\"Foto Edgardo Valera\" width=\"100%\" height=\"100%\" \/><\/p>\n<div class=\"media-icons\"><\/div><figcaption>Foto: Edgardo Valera.<\/figcaption><\/figure>\n<p>En el microcentro de la capital juje\u00f1a, los festejos llevaron a m\u00faltiples caravanas por las principales calles y una gran concentraci\u00f3n de grupos de amigos y familias en plaza Belgrano.<\/p>\n<p>\u00abEl domingo cueste lo que cueste, el domingo tenemos que ganar\u00bb, cantaban los juje\u00f1os al un\u00edsono, como ser en Humahuaca, ante bombos y redoblantes que incluso hicieron sonar una y otra vez el himno nacional.<\/p>\n<h2 class=\"\">San Juan<\/h2>\n<p>A su vez, la Plaza 25 de Mayo en el microcentro de San Juan fue el escenario donde miles de hinchas se concentraron para celebrar el triunfo.<\/p>\n<p>Autos embanderados, familias completas y j\u00f3venes cantando la reversionada canci\u00f3n de La Mosca que alienta a la selecci\u00f3n, fue la postal que se vivi\u00f3 en San Juan.<\/p>\n<p>Por su parte, una multitud de mendocinos se volc\u00f3 a las calles c\u00e9ntricas de la capital para festejar el triunfo de la selecci\u00f3n argentina.<\/p>\n<h2 class=\"\">Mendoza<\/h2>\n<p>En la Ciudad de Mendoza, el coraz\u00f3n de los festejos fue en el kil\u00f3metro Cero, ubicado en calle San Mart\u00edn y Peatonal Sarmiento, donde, con banderas y camisetas albicelestes, los hinchas alentaron a la selecci\u00f3n.<\/p>\n<figure class=\"mb-3\"><img decoding=\"async\" src=\"https:\/\/www.telam.com.ar\/thumbs\/bluesteel\/advf\/imagenes\/2022\/12\/63990fb2a3700_1200.jpg\" alt=\"Foto Ramiro Gmez\" width=\"100%\" height=\"100%\" \/><\/p>\n<div class=\"media-icons\"><\/div><figcaption>Foto: Ramiro G\u00f3mez.<\/figcaption><\/figure>\n<figure class=\"mb-3\"><img decoding=\"async\" src=\"https:\/\/www.telam.com.ar\/thumbs\/bluesteel\/advf\/imagenes\/2022\/12\/63990fb2bf52d_1200.jpg\" alt=\"Foto Ramiro Gmez\" width=\"100%\" height=\"100%\" \/><\/p>\n<div class=\"media-icons\"><\/div><figcaption>Foto: Ramiro G\u00f3mez.<\/figcaption><\/figure>\n<h2 class=\"\">Rawson<\/h2>\n<p>En Rawson, la capital del Chubut, el lugar de concentraci\u00f3n fue la esquina de 25 de Mayo y San Mart\u00edn, frente a las instalaciones del Banco Naci\u00f3n, con vecinos de todas las edades y grupos familiares completos.<\/p>\n<h2 class=\"\">Comodoro Rivadavia<\/h2>\n<p>En Comodoro Rivadavia, los simpatizantes se concentraron en San Mart\u00edn y ruta 3 y desde all\u00ed formaron largas caravanas por las calles de esa ciudad, la m\u00e1s poblada de esta provincia patag\u00f3nica.<\/p>\n<h2 class=\"\">Corrientes<\/h2>\n<p>A su vez, en la ciudad de Corrientes, el principal punto de concentraci\u00f3n para los festejos volvi\u00f3 a ser la costanera, sobre la intersecci\u00f3n de las avenidas 3 de Abril y Juan Pablo II, donde unas 5.000 personas ocuparon esa esquina bajo el puente interprovincial General Belgrano, y sobre la ribera del r\u00edo Paran\u00e1, para celebrar el triunfo.<\/p>\n<figure class=\"mb-3\"><img decoding=\"async\" src=\"https:\/\/www.telam.com.ar\/thumbs\/bluesteel\/advf\/imagenes\/2022\/12\/63990fb30318e_1200.jpg\" alt=\"Foto German Pomar\" width=\"100%\" height=\"100%\" \/><\/p>\n<div class=\"media-icons\"><\/div><figcaption>Foto: German Pomar.<\/figcaption><\/figure>\n<figure class=\"mb-3\"><img decoding=\"async\" src=\"https:\/\/www.telam.com.ar\/thumbs\/bluesteel\/advf\/imagenes\/2022\/12\/63990fb2dadf3_1200.jpg\" alt=\"Foto German Pomar\" width=\"100%\" height=\"100%\" \/><\/p>\n<div class=\"media-icons\"><\/div><figcaption>Foto: German Pomar.<\/figcaption><\/figure>\n<p>Asimismo, otra multitud se reuni\u00f3 en la rotonda Poncho Verde, que conecta las avenidas Gobernador Ruiz y Pujol, donde la celebraci\u00f3n se ti\u00f1e de celeste y blanco con una mayor afluencia de p\u00fablico joven que por momentos interrumpe el tr\u00e1nsito vehicular.<\/p>\n<h2 class=\"\">Villa La Angostura<\/h2>\n<p>En la localidad neuquina de Villa La Angostura, unas diez cuadras de pobladores y turistas armaron para festejar una procesi\u00f3n espont\u00e1nea durante diez cuadras en la Avenida Arrayanes.<\/p>\n<figure class=\"mb-3\"><img decoding=\"async\" src=\"https:\/\/www.telam.com.ar\/thumbs\/bluesteel\/advf\/imagenes\/2022\/12\/63990fb33c98b_1200.jpg\" alt=\"Foto David Snchez\" width=\"100%\" height=\"100%\" \/><\/p>\n<div class=\"media-icons\"><\/div><figcaption>Foto: David S\u00e1nchez.<\/figcaption><\/figure>\n<figure class=\"mb-3\"><img decoding=\"async\" src=\"https:\/\/www.telam.com.ar\/thumbs\/bluesteel\/advf\/imagenes\/2022\/12\/63990fb32090c_1200.jpg\" alt=\"Foto David Snchez\" width=\"100%\" height=\"100%\" \/><\/p>\n<div class=\"media-icons\"><\/div><figcaption>Foto: David S\u00e1nchez.<\/figcaption><\/figure>\n<p>\u00abEstos pibes nos dan alegr\u00eda\u00bb, dijo a T\u00e9lam con gran felicidad una octogenaria, do\u00f1a Maratea.<\/p>\n<h2 class=\"\">Salta<\/h2>\n<p>En Salta, el principal centro de reuni\u00f3n de los festejos fue la plaza 9 de Julio, en el microcentro capitalino, a donde llegaron miles de salte\u00f1os con banderas, camisetas, sombreros, cornetas y nieve en aerosol.<\/p>\n<p>\u00abEstamos en la final. Es una alegr\u00eda inmensa para todos los argentinos. Sab\u00edamos que pod\u00eda pasar pero ahora es una realidad. Mucha felicidad\u00bb, dijo a T\u00e9lam Cande, una joven que paseaba por la avenida Reyes Cat\u00f3licos, en la zona norte de la ciudad.<\/p>\n<h2 class=\"\">Formosa<\/h2>\n<p>En la capital de Formosa, los hinchas coparon la plaza San Martin, la caravana de autos se iniciaba en la calle Fontana del centro capitalina hasta la costanera a orillas del Rio Paraguay.<\/p>\n<p>En tanto, las avenidas principales de las Lomitas, Ibarreta, Pirane y Clorinda, en el interior provincial, se ti\u00f1eron de las banderas celestes y blancas y canticos que recordaban a Lionel Messi y entonaban \u00abArgentina va a salir campe\u00f3n\u00bb.<\/p>\n<p>R\u00edo Gallegos tambi\u00e9n se volc\u00f3 a las calles para festejar el triunfo de Argentina con una concentraci\u00f3n frente al m\u00e1stil mayor de la ciudad.<\/p>\n<p>\u00abEl que no salta es un ingl\u00e9s\u00bb fue el cantito infaltable, como en las jornadas anteriores, al igual que las banderas con las Islas Malvinas y el \u00abvamos a ganar la copa\u00bb.<\/p>\n<p>Festejos similares se realizaron en las localidades del interior provincial.<\/p>\n<h2 class=\"\">Catamarca<\/h2>\n<p>En la plaza principal de Catamarca, columnas con miles de hinchas llegaron para festejar el triunfo de la selecci\u00f3n.<\/p>\n<p>La explanada del Paseo de la Fe, frente a la Catedral Bas\u00edlica, ubicada en la plaza 25 de mayo, fue el lugar elegido por los miles de catamarque\u00f1os para festejar.<\/p>\n<p>Las calles c\u00e9ntricas de Catamarca estaban colmadas de autos, motos, y colectivos que, con bocinazos, acompa\u00f1an a los hinchas que ingresan a pie para festejar en la plaza principal.<\/p>\n<\/div>\n<\/div>\n<\/div>\n<\/div>\n","protected":false},"excerpt":{"rendered":"<p>Plazas, bares, oficinas, no importa d\u00f3nde, la pasi\u00f3n por la \u00abScaloneta\u00bb se hace sentir en todos los rincones de la patria<\/p>\n","protected":false},"author":3,"featured_media":0,"comment_status":"closed","ping_status":"closed","sticky":false,"template":"","format":"standard","meta":{"footnotes":""},"categories":[26],"tags":[],"class_list":["post-81340","post","type-post","status-publish","format-standard","hentry","category-sociedad"],"yoast_head":"<!-- This site is optimized with the Yoast SEO plugin v25.9 - https:\/\/yoast.com\/wordpress\/plugins\/seo\/ -->\n<title>As\u00ed se disfrut\u00f3 la contundente victoria de Argentina en el pa\u00eds - Noticias Radio Reflejos<\/title>\n<meta name=\"robots\" content=\"index, follow, max-snippet:-1, max-image-preview:large, max-video-preview:-1\" \/>\n<link rel=\"canonical\" href=\"https:\/\/www.noticiasradioreflejos.com.ar\/2021\/asi-se-disfruto-la-contundente-victoria-de-argentina-en-el-pais\/\" \/>\n<meta property=\"og:locale\" content=\"es_ES\" \/>\n<meta property=\"og:type\" content=\"article\" \/>\n<meta property=\"og:title\" content=\"As\u00ed se disfrut\u00f3 la contundente victoria de Argentina en el pa\u00eds - Noticias Radio Reflejos\" \/>\n<meta property=\"og:description\" content=\"Plazas, bares, oficinas, no importa d\u00f3nde, la pasi\u00f3n por la \u00abScaloneta\u00bb se hace sentir en todos los rincones de la patria\" \/>\n<meta property=\"og:url\" content=\"https:\/\/www.noticiasradioreflejos.com.ar\/2021\/asi-se-disfruto-la-contundente-victoria-de-argentina-en-el-pais\/\" \/>\n<meta property=\"og:site_name\" content=\"Noticias Radio Reflejos\" \/>\n<meta property=\"article:published_time\" content=\"2022-12-14T00:39:47+00:00\" \/>\n<meta property=\"article:modified_time\" content=\"2022-12-14T00:39:48+00:00\" \/>\n<meta property=\"og:image\" content=\"http:\/\/www.noticiasradioreflejos.com.ar\/2021\/wp-content\/uploads\/2022\/12\/319510208_440325704979403_2447199405330916186_n.jpg\" \/>\n<meta name=\"author\" content=\"Arnaldo Botto\" \/>\n<meta name=\"twitter:card\" content=\"summary_large_image\" \/>\n<script type=\"application\/ld+json\" class=\"yoast-schema-graph\">{\"@context\":\"https:\/\/schema.org\",\"@graph\":[{\"@type\":\"WebPage\",\"@id\":\"https:\/\/www.noticiasradioreflejos.com.ar\/2021\/asi-se-disfruto-la-contundente-victoria-de-argentina-en-el-pais\/\",\"url\":\"https:\/\/www.noticiasradioreflejos.com.ar\/2021\/asi-se-disfruto-la-contundente-victoria-de-argentina-en-el-pais\/\",\"name\":\"As\u00ed se disfrut\u00f3 la contundente victoria de Argentina en el pa\u00eds - Noticias Radio Reflejos\",\"isPartOf\":{\"@id\":\"https:\/\/www.noticiasradioreflejos.com.ar\/2021\/#website\"},\"primaryImageOfPage\":{\"@id\":\"https:\/\/www.noticiasradioreflejos.com.ar\/2021\/asi-se-disfruto-la-contundente-victoria-de-argentina-en-el-pais\/#primaryimage\"},\"image\":{\"@id\":\"https:\/\/www.noticiasradioreflejos.com.ar\/2021\/asi-se-disfruto-la-contundente-victoria-de-argentina-en-el-pais\/#primaryimage\"},\"thumbnailUrl\":\"http:\/\/www.noticiasradioreflejos.com.ar\/2021\/wp-content\/uploads\/2022\/12\/319510208_440325704979403_2447199405330916186_n.jpg\",\"datePublished\":\"2022-12-14T00:39:47+00:00\",\"dateModified\":\"2022-12-14T00:39:48+00:00\",\"author\":{\"@id\":\"https:\/\/www.noticiasradioreflejos.com.ar\/2021\/#\/schema\/person\/ad82545263dcc5ec0996818884fd5fb1\"},\"breadcrumb\":{\"@id\":\"https:\/\/www.noticiasradioreflejos.com.ar\/2021\/asi-se-disfruto-la-contundente-victoria-de-argentina-en-el-pais\/#breadcrumb\"},\"inLanguage\":\"es\",\"potentialAction\":[{\"@type\":\"ReadAction\",\"target\":[\"https:\/\/www.noticiasradioreflejos.com.ar\/2021\/asi-se-disfruto-la-contundente-victoria-de-argentina-en-el-pais\/\"]}]},{\"@type\":\"ImageObject\",\"inLanguage\":\"es\",\"@id\":\"https:\/\/www.noticiasradioreflejos.com.ar\/2021\/asi-se-disfruto-la-contundente-victoria-de-argentina-en-el-pais\/#primaryimage\",\"url\":\"\",\"contentUrl\":\"\"},{\"@type\":\"BreadcrumbList\",\"@id\":\"https:\/\/www.noticiasradioreflejos.com.ar\/2021\/asi-se-disfruto-la-contundente-victoria-de-argentina-en-el-pais\/#breadcrumb\",\"itemListElement\":[{\"@type\":\"ListItem\",\"position\":1,\"name\":\"Portada\",\"item\":\"https:\/\/www.noticiasradioreflejos.com.ar\/2021\/\"},{\"@type\":\"ListItem\",\"position\":2,\"name\":\"As\u00ed se disfrut\u00f3 la contundente victoria de Argentina en el pa\u00eds\"}]},{\"@type\":\"WebSite\",\"@id\":\"https:\/\/www.noticiasradioreflejos.com.ar\/2021\/#website\",\"url\":\"https:\/\/www.noticiasradioreflejos.com.ar\/2021\/\",\"name\":\"Noticias Radio Reflejos\",\"description\":\"Las noticias de mi comarca\",\"potentialAction\":[{\"@type\":\"SearchAction\",\"target\":{\"@type\":\"EntryPoint\",\"urlTemplate\":\"https:\/\/www.noticiasradioreflejos.com.ar\/2021\/?s={search_term_string}\"},\"query-input\":{\"@type\":\"PropertyValueSpecification\",\"valueRequired\":true,\"valueName\":\"search_term_string\"}}],\"inLanguage\":\"es\"},{\"@type\":\"Person\",\"@id\":\"https:\/\/www.noticiasradioreflejos.com.ar\/2021\/#\/schema\/person\/ad82545263dcc5ec0996818884fd5fb1\",\"name\":\"Arnaldo Botto\",\"image\":{\"@type\":\"ImageObject\",\"inLanguage\":\"es\",\"@id\":\"https:\/\/www.noticiasradioreflejos.com.ar\/2021\/#\/schema\/person\/image\/\",\"url\":\"https:\/\/secure.gravatar.com\/avatar\/55cb5e37c1efa326397366e6974cb338056df65cb50e7d64d1cf314e87504837?s=96&d=mm&r=g\",\"contentUrl\":\"https:\/\/secure.gravatar.com\/avatar\/55cb5e37c1efa326397366e6974cb338056df65cb50e7d64d1cf314e87504837?s=96&d=mm&r=g\",\"caption\":\"Arnaldo Botto\"},\"url\":\"https:\/\/www.noticiasradioreflejos.com.ar\/2021\/author\/arnaldo\/\"}]}<\/script>\n<!-- \/ Yoast SEO plugin. -->","yoast_head_json":{"title":"As\u00ed se disfrut\u00f3 la contundente victoria de Argentina en el pa\u00eds - Noticias Radio Reflejos","robots":{"index":"index","follow":"follow","max-snippet":"max-snippet:-1","max-image-preview":"max-image-preview:large","max-video-preview":"max-video-preview:-1"},"canonical":"https:\/\/www.noticiasradioreflejos.com.ar\/2021\/asi-se-disfruto-la-contundente-victoria-de-argentina-en-el-pais\/","og_locale":"es_ES","og_type":"article","og_title":"As\u00ed se disfrut\u00f3 la contundente victoria de Argentina en el pa\u00eds - Noticias Radio Reflejos","og_description":"Plazas, bares, oficinas, no importa d\u00f3nde, la pasi\u00f3n por la \u00abScaloneta\u00bb se hace sentir en todos los rincones de la patria","og_url":"https:\/\/www.noticiasradioreflejos.com.ar\/2021\/asi-se-disfruto-la-contundente-victoria-de-argentina-en-el-pais\/","og_site_name":"Noticias Radio Reflejos","article_published_time":"2022-12-14T00:39:47+00:00","article_modified_time":"2022-12-14T00:39:48+00:00","og_image":[{"url":"http:\/\/www.noticiasradioreflejos.com.ar\/2021\/wp-content\/uploads\/2022\/12\/319510208_440325704979403_2447199405330916186_n.jpg","type":"","width":"","height":""}],"author":"Arnaldo Botto","twitter_card":"summary_large_image","schema":{"@context":"https:\/\/schema.org","@graph":[{"@type":"WebPage","@id":"https:\/\/www.noticiasradioreflejos.com.ar\/2021\/asi-se-disfruto-la-contundente-victoria-de-argentina-en-el-pais\/","url":"https:\/\/www.noticiasradioreflejos.com.ar\/2021\/asi-se-disfruto-la-contundente-victoria-de-argentina-en-el-pais\/","name":"As\u00ed se disfrut\u00f3 la contundente victoria de Argentina en el pa\u00eds - Noticias Radio Reflejos","isPartOf":{"@id":"https:\/\/www.noticiasradioreflejos.com.ar\/2021\/#website"},"primaryImageOfPage":{"@id":"https:\/\/www.noticiasradioreflejos.com.ar\/2021\/asi-se-disfruto-la-contundente-victoria-de-argentina-en-el-pais\/#primaryimage"},"image":{"@id":"https:\/\/www.noticiasradioreflejos.com.ar\/2021\/asi-se-disfruto-la-contundente-victoria-de-argentina-en-el-pais\/#primaryimage"},"thumbnailUrl":"http:\/\/www.noticiasradioreflejos.com.ar\/2021\/wp-content\/uploads\/2022\/12\/319510208_440325704979403_2447199405330916186_n.jpg","datePublished":"2022-12-14T00:39:47+00:00","dateModified":"2022-12-14T00:39:48+00:00","author":{"@id":"https:\/\/www.noticiasradioreflejos.com.ar\/2021\/#\/schema\/person\/ad82545263dcc5ec0996818884fd5fb1"},"breadcrumb":{"@id":"https:\/\/www.noticiasradioreflejos.com.ar\/2021\/asi-se-disfruto-la-contundente-victoria-de-argentina-en-el-pais\/#breadcrumb"},"inLanguage":"es","potentialAction":[{"@type":"ReadAction","target":["https:\/\/www.noticiasradioreflejos.com.ar\/2021\/asi-se-disfruto-la-contundente-victoria-de-argentina-en-el-pais\/"]}]},{"@type":"ImageObject","inLanguage":"es","@id":"https:\/\/www.noticiasradioreflejos.com.ar\/2021\/asi-se-disfruto-la-contundente-victoria-de-argentina-en-el-pais\/#primaryimage","url":"","contentUrl":""},{"@type":"BreadcrumbList","@id":"https:\/\/www.noticiasradioreflejos.com.ar\/2021\/asi-se-disfruto-la-contundente-victoria-de-argentina-en-el-pais\/#breadcrumb","itemListElement":[{"@type":"ListItem","position":1,"name":"Portada","item":"https:\/\/www.noticiasradioreflejos.com.ar\/2021\/"},{"@type":"ListItem","position":2,"name":"As\u00ed se disfrut\u00f3 la contundente victoria de Argentina en el pa\u00eds"}]},{"@type":"WebSite","@id":"https:\/\/www.noticiasradioreflejos.com.ar\/2021\/#website","url":"https:\/\/www.noticiasradioreflejos.com.ar\/2021\/","name":"Noticias Radio Reflejos","description":"Las noticias de mi comarca","potentialAction":[{"@type":"SearchAction","target":{"@type":"EntryPoint","urlTemplate":"https:\/\/www.noticiasradioreflejos.com.ar\/2021\/?s={search_term_string}"},"query-input":{"@type":"PropertyValueSpecification","valueRequired":true,"valueName":"search_term_string"}}],"inLanguage":"es"},{"@type":"Person","@id":"https:\/\/www.noticiasradioreflejos.com.ar\/2021\/#\/schema\/person\/ad82545263dcc5ec0996818884fd5fb1","name":"Arnaldo Botto","image":{"@type":"ImageObject","inLanguage":"es","@id":"https:\/\/www.noticiasradioreflejos.com.ar\/2021\/#\/schema\/person\/image\/","url":"https:\/\/secure.gravatar.com\/avatar\/55cb5e37c1efa326397366e6974cb338056df65cb50e7d64d1cf314e87504837?s=96&d=mm&r=g","contentUrl":"https:\/\/secure.gravatar.com\/avatar\/55cb5e37c1efa326397366e6974cb338056df65cb50e7d64d1cf314e87504837?s=96&d=mm&r=g","caption":"Arnaldo Botto"},"url":"https:\/\/www.noticiasradioreflejos.com.ar\/2021\/author\/arnaldo\/"}]}},"_links":{"self":[{"href":"https:\/\/www.noticiasradioreflejos.com.ar\/2021\/wp-json\/wp\/v2\/posts\/81340","targetHints":{"allow":["GET"]}}],"collection":[{"href":"https:\/\/www.noticiasradioreflejos.com.ar\/2021\/wp-json\/wp\/v2\/posts"}],"about":[{"href":"https:\/\/www.noticiasradioreflejos.com.ar\/2021\/wp-json\/wp\/v2\/types\/post"}],"author":[{"embeddable":true,"href":"https:\/\/www.noticiasradioreflejos.com.ar\/2021\/wp-json\/wp\/v2\/users\/3"}],"replies":[{"embeddable":true,"href":"https:\/\/www.noticiasradioreflejos.com.ar\/2021\/wp-json\/wp\/v2\/comments?post=81340"}],"version-history":[{"count":2,"href":"https:\/\/www.noticiasradioreflejos.com.ar\/2021\/wp-json\/wp\/v2\/posts\/81340\/revisions"}],"predecessor-version":[{"id":81344,"href":"https:\/\/www.noticiasradioreflejos.com.ar\/2021\/wp-json\/wp\/v2\/posts\/81340\/revisions\/81344"}],"wp:attachment":[{"href":"https:\/\/www.noticiasradioreflejos.com.ar\/2021\/wp-json\/wp\/v2\/media?parent=81340"}],"wp:term":[{"taxonomy":"category","embeddable":true,"href":"https:\/\/www.noticiasradioreflejos.com.ar\/2021\/wp-json\/wp\/v2\/categories?post=81340"},{"taxonomy":"post_tag","embeddable":true,"href":"https:\/\/www.noticiasradioreflejos.com.ar\/2021\/wp-json\/wp\/v2\/tags?post=81340"}],"curies":[{"name":"wp","href":"https:\/\/api.w.org\/{rel}","templated":true}]}}