{"id":81317,"date":"2022-12-13T17:04:06","date_gmt":"2022-12-13T17:04:06","guid":{"rendered":"http:\/\/www.noticiasradioreflejos.com.ar\/2021\/?p=81317"},"modified":"2022-12-13T17:04:06","modified_gmt":"2022-12-13T17:04:06","slug":"gerardo-rohlmann-amo-al-golf-club-es-una-gran-familia","status":"publish","type":"post","link":"https:\/\/www.noticiasradioreflejos.com.ar\/2021\/gerardo-rohlmann-amo-al-golf-club-es-una-gran-familia\/","title":{"rendered":"Gerardo Rohlmann: \u201cAmo al Golf Club, es una gran familia\u201d"},"content":{"rendered":"<p>El flamante campe\u00f3n del torneo repas\u00f3 lo vivido el pasado domingo, y al mismo tiempo record\u00f3 sus comienzos en la instituci\u00f3n. \u201cEmpec\u00e9 en el club a los seis, siete a\u00f1os\u201d rememor\u00f3.<!--more--><\/p>\n<p>El Golf Club de Sierra de la Ventana tiene un nuevo campe\u00f3n. En la tarde del domingo Gerardo Rohlmann alz\u00f3 el trofeo, el mismo que a\u00f1os atr\u00e1s le hab\u00eda sido esquivo por muy poco.<\/p>\n<p>En di\u00e1logo con FM Reflejos, coment\u00f3 que \u201cel domingo se disput\u00f3 la final y tuve la suerte de salir campe\u00f3n. Muy contento porque es uno de los torneos m\u00e1s codiciados por todos los socios. Fue un torneo muy lindo. Tuve dos partidos complejos previos a la final, pero por suerte sali\u00f3 bien\u201d.<\/p>\n<p><a data-flickr-embed=\"true\" href=\"https:\/\/www.flickr.com\/photos\/182279889@N02\/52560857097\/in\/dateposted-public\/\" title=\"Rohlmann (1)\"><img loading=\"lazy\" decoding=\"async\" src=\"https:\/\/live.staticflickr.com\/65535\/52560857097_37bfa7c2c9_c.jpg\" width=\"800\" height=\"600\" alt=\"Rohlmann (1)\"><\/a><script async src=\"\/\/embedr.flickr.com\/assets\/client-code.js\" charset=\"utf-8\"><\/script><\/p>\n<p>Haciendo memoria reconoci\u00f3 que \u201cempec\u00e9 en el club a los seis, siete a\u00f1os. No nos daba el lomo para llevar las bolsas, as\u00ed que pelote\u00e1bamos\u2026 junt\u00e1bamos las pelotitas de los que iban. Y cuando fui m\u00e1s grande empec\u00e9 a trabajar en el club. M\u00e1s all\u00e1 de eso, amamos al club. Es una gran familia. Ahora est\u00e1 desuso el kaddy, pero antes era muy normal\u201d.<\/p>\n<p>Siguiendo con su relato mencion\u00f3 que \u201ca los 18 dej\u00e9 de llevar palos, pero era un trabajo casi constante. Antes se jugaba distinto. Era una o dos veces por semana. Y los fines de semana se jugaban los torneos. Ha cambiado en ese sentido. Pero trabajaban m\u00e1s de 100 personas en los torneos grandes\u201d.<\/p>\n<p>En otro pasaje de la entrevista, y puntualizando sobre el campo de acci\u00f3n, no dud\u00f3 en afirmar que \u201ctenemos una de las canchas m\u00e1s lindas, con un marco natural y dificultades \u00fanicas\u201d.<\/p>\n<p>Al mismo tiempo admiti\u00f3 que \u201cvarias veces he participado. Llegu\u00e9 a una final que me gan\u00f3 Mat\u00edas Juan que es uno de los chicos que tiene varios t\u00edtulos, que juega muy bien\u2026 en esa vez tambi\u00e9n hice un torneo muy lindo y en ambos casos se defini\u00f3 en el mismo hoyo: el 35\u201d.<\/p>\n<p>Por \u00faltimo, y dando m\u00e1s detalles, expres\u00f3 que \u201cme acompa\u00f1\u00f3 todo el torneo mi hermano Alberto que me llev\u00f3 los palos. Se juega sin h\u00e1ndicap, que esa la dificultad que tiene, se juega mano a mano sin ning\u00fan tipo de golpe, y por eso lo hace tan preciado para todos\u201d.<\/p>\n<p><iframe loading=\"lazy\" width=\"100%\" height=\"166\" scrolling=\"no\" frameborder=\"no\" allow=\"autoplay\" src=\"https:\/\/w.soundcloud.com\/player\/?url=https%3A\/\/api.soundcloud.com\/tracks\/1401861283&#038;color=%23ff5500&#038;auto_play=false&#038;hide_related=false&#038;show_comments=true&#038;show_user=true&#038;show_reposts=false&#038;show_teaser=true\"><\/iframe><\/p>\n<div style=\"font-size: 10px; color: #cccccc;line-break: anywhere;word-break: normal;overflow: hidden;white-space: nowrap;text-overflow: ellipsis; font-family: Interstate,Lucida Grande,Lucida Sans Unicode,Lucida Sans,Garuda,Verdana,Tahoma,sans-serif;font-weight: 100;\"><a href=\"https:\/\/soundcloud.com\/fmreflejos-103-7\" title=\"fmreflejos 103.7\" target=\"_blank\" style=\"color: #cccccc; text-decoration: none;\" rel=\"noopener\">fmreflejos 103.7<\/a> \u00b7 <a href=\"https:\/\/soundcloud.com\/fmreflejos-103-7\/gerardo-rolmahann\" title=\"Gerardo Rohlmann\" target=\"_blank\" style=\"color: #cccccc; text-decoration: none;\" rel=\"noopener\">Gerardo Rohlmann<\/a><\/div>\n","protected":false},"excerpt":{"rendered":"<p>El flamante campe\u00f3n del torneo repas\u00f3 lo vivido el pasado domingo, y al mismo tiempo record\u00f3 sus comienzos en la instituci\u00f3n. \u201cEmpec\u00e9 en el club a los seis, siete a\u00f1os\u201d rememor\u00f3.<\/p>\n","protected":false},"author":3,"featured_media":81320,"comment_status":"closed","ping_status":"closed","sticky":false,"template":"","format":"standard","meta":{"footnotes":""},"categories":[27,26],"tags":[48],"class_list":["post-81317","post","type-post","status-publish","format-standard","has-post-thumbnail","hentry","category-deportes","category-sociedad","tag-destacada"],"yoast_head":"<!-- This site is optimized with the Yoast SEO plugin v25.9 - https:\/\/yoast.com\/wordpress\/plugins\/seo\/ -->\n<title>Gerardo Rohlmann: \u201cAmo al Golf Club, es una gran familia\u201d - Noticias Radio Reflejos<\/title>\n<meta name=\"robots\" content=\"index, follow, max-snippet:-1, max-image-preview:large, max-video-preview:-1\" \/>\n<link rel=\"canonical\" href=\"https:\/\/www.noticiasradioreflejos.com.ar\/2021\/gerardo-rohlmann-amo-al-golf-club-es-una-gran-familia\/\" \/>\n<meta property=\"og:locale\" content=\"es_ES\" \/>\n<meta property=\"og:type\" content=\"article\" \/>\n<meta property=\"og:title\" content=\"Gerardo Rohlmann: \u201cAmo al Golf Club, es una gran familia\u201d - Noticias Radio Reflejos\" \/>\n<meta property=\"og:description\" content=\"El flamante campe\u00f3n del torneo repas\u00f3 lo vivido el pasado domingo, y al mismo tiempo record\u00f3 sus comienzos en la instituci\u00f3n. \u201cEmpec\u00e9 en el club a los seis, siete a\u00f1os\u201d rememor\u00f3.\" \/>\n<meta property=\"og:url\" content=\"https:\/\/www.noticiasradioreflejos.com.ar\/2021\/gerardo-rohlmann-amo-al-golf-club-es-una-gran-familia\/\" \/>\n<meta property=\"og:site_name\" content=\"Noticias Radio Reflejos\" \/>\n<meta property=\"article:published_time\" content=\"2022-12-13T17:04:06+00:00\" \/>\n<meta property=\"og:image\" content=\"https:\/\/www.noticiasradioreflejos.com.ar\/2021\/wp-content\/uploads\/2022\/12\/Rohlmann-2.jpeg\" \/>\n\t<meta property=\"og:image:width\" content=\"1600\" \/>\n\t<meta property=\"og:image:height\" content=\"1200\" \/>\n\t<meta property=\"og:image:type\" content=\"image\/jpeg\" \/>\n<meta name=\"author\" content=\"Arnaldo Botto\" \/>\n<meta name=\"twitter:card\" content=\"summary_large_image\" \/>\n<script type=\"application\/ld+json\" class=\"yoast-schema-graph\">{\"@context\":\"https:\/\/schema.org\",\"@graph\":[{\"@type\":\"WebPage\",\"@id\":\"https:\/\/www.noticiasradioreflejos.com.ar\/2021\/gerardo-rohlmann-amo-al-golf-club-es-una-gran-familia\/\",\"url\":\"https:\/\/www.noticiasradioreflejos.com.ar\/2021\/gerardo-rohlmann-amo-al-golf-club-es-una-gran-familia\/\",\"name\":\"Gerardo Rohlmann: \u201cAmo al Golf Club, es una gran familia\u201d - Noticias Radio Reflejos\",\"isPartOf\":{\"@id\":\"https:\/\/www.noticiasradioreflejos.com.ar\/2021\/#website\"},\"primaryImageOfPage\":{\"@id\":\"https:\/\/www.noticiasradioreflejos.com.ar\/2021\/gerardo-rohlmann-amo-al-golf-club-es-una-gran-familia\/#primaryimage\"},\"image\":{\"@id\":\"https:\/\/www.noticiasradioreflejos.com.ar\/2021\/gerardo-rohlmann-amo-al-golf-club-es-una-gran-familia\/#primaryimage\"},\"thumbnailUrl\":\"https:\/\/www.noticiasradioreflejos.com.ar\/2021\/wp-content\/uploads\/2022\/12\/Rohlmann-2.jpeg\",\"datePublished\":\"2022-12-13T17:04:06+00:00\",\"author\":{\"@id\":\"https:\/\/www.noticiasradioreflejos.com.ar\/2021\/#\/schema\/person\/ad82545263dcc5ec0996818884fd5fb1\"},\"breadcrumb\":{\"@id\":\"https:\/\/www.noticiasradioreflejos.com.ar\/2021\/gerardo-rohlmann-amo-al-golf-club-es-una-gran-familia\/#breadcrumb\"},\"inLanguage\":\"es\",\"potentialAction\":[{\"@type\":\"ReadAction\",\"target\":[\"https:\/\/www.noticiasradioreflejos.com.ar\/2021\/gerardo-rohlmann-amo-al-golf-club-es-una-gran-familia\/\"]}]},{\"@type\":\"ImageObject\",\"inLanguage\":\"es\",\"@id\":\"https:\/\/www.noticiasradioreflejos.com.ar\/2021\/gerardo-rohlmann-amo-al-golf-club-es-una-gran-familia\/#primaryimage\",\"url\":\"https:\/\/www.noticiasradioreflejos.com.ar\/2021\/wp-content\/uploads\/2022\/12\/Rohlmann-2.jpeg\",\"contentUrl\":\"https:\/\/www.noticiasradioreflejos.com.ar\/2021\/wp-content\/uploads\/2022\/12\/Rohlmann-2.jpeg\",\"width\":1600,\"height\":1200},{\"@type\":\"BreadcrumbList\",\"@id\":\"https:\/\/www.noticiasradioreflejos.com.ar\/2021\/gerardo-rohlmann-amo-al-golf-club-es-una-gran-familia\/#breadcrumb\",\"itemListElement\":[{\"@type\":\"ListItem\",\"position\":1,\"name\":\"Portada\",\"item\":\"https:\/\/www.noticiasradioreflejos.com.ar\/2021\/\"},{\"@type\":\"ListItem\",\"position\":2,\"name\":\"Gerardo Rohlmann: \u201cAmo al Golf Club, es una gran familia\u201d\"}]},{\"@type\":\"WebSite\",\"@id\":\"https:\/\/www.noticiasradioreflejos.com.ar\/2021\/#website\",\"url\":\"https:\/\/www.noticiasradioreflejos.com.ar\/2021\/\",\"name\":\"Noticias Radio Reflejos\",\"description\":\"Las noticias de mi comarca\",\"potentialAction\":[{\"@type\":\"SearchAction\",\"target\":{\"@type\":\"EntryPoint\",\"urlTemplate\":\"https:\/\/www.noticiasradioreflejos.com.ar\/2021\/?s={search_term_string}\"},\"query-input\":{\"@type\":\"PropertyValueSpecification\",\"valueRequired\":true,\"valueName\":\"search_term_string\"}}],\"inLanguage\":\"es\"},{\"@type\":\"Person\",\"@id\":\"https:\/\/www.noticiasradioreflejos.com.ar\/2021\/#\/schema\/person\/ad82545263dcc5ec0996818884fd5fb1\",\"name\":\"Arnaldo Botto\",\"image\":{\"@type\":\"ImageObject\",\"inLanguage\":\"es\",\"@id\":\"https:\/\/www.noticiasradioreflejos.com.ar\/2021\/#\/schema\/person\/image\/\",\"url\":\"https:\/\/secure.gravatar.com\/avatar\/55cb5e37c1efa326397366e6974cb338056df65cb50e7d64d1cf314e87504837?s=96&d=mm&r=g\",\"contentUrl\":\"https:\/\/secure.gravatar.com\/avatar\/55cb5e37c1efa326397366e6974cb338056df65cb50e7d64d1cf314e87504837?s=96&d=mm&r=g\",\"caption\":\"Arnaldo Botto\"},\"url\":\"https:\/\/www.noticiasradioreflejos.com.ar\/2021\/author\/arnaldo\/\"}]}<\/script>\n<!-- \/ Yoast SEO plugin. -->","yoast_head_json":{"title":"Gerardo Rohlmann: \u201cAmo al Golf Club, es una gran familia\u201d - Noticias Radio Reflejos","robots":{"index":"index","follow":"follow","max-snippet":"max-snippet:-1","max-image-preview":"max-image-preview:large","max-video-preview":"max-video-preview:-1"},"canonical":"https:\/\/www.noticiasradioreflejos.com.ar\/2021\/gerardo-rohlmann-amo-al-golf-club-es-una-gran-familia\/","og_locale":"es_ES","og_type":"article","og_title":"Gerardo Rohlmann: \u201cAmo al Golf Club, es una gran familia\u201d - Noticias Radio Reflejos","og_description":"El flamante campe\u00f3n del torneo repas\u00f3 lo vivido el pasado domingo, y al mismo tiempo record\u00f3 sus comienzos en la instituci\u00f3n. \u201cEmpec\u00e9 en el club a los seis, siete a\u00f1os\u201d rememor\u00f3.","og_url":"https:\/\/www.noticiasradioreflejos.com.ar\/2021\/gerardo-rohlmann-amo-al-golf-club-es-una-gran-familia\/","og_site_name":"Noticias Radio Reflejos","article_published_time":"2022-12-13T17:04:06+00:00","og_image":[{"width":1600,"height":1200,"url":"https:\/\/www.noticiasradioreflejos.com.ar\/2021\/wp-content\/uploads\/2022\/12\/Rohlmann-2.jpeg","type":"image\/jpeg"}],"author":"Arnaldo Botto","twitter_card":"summary_large_image","schema":{"@context":"https:\/\/schema.org","@graph":[{"@type":"WebPage","@id":"https:\/\/www.noticiasradioreflejos.com.ar\/2021\/gerardo-rohlmann-amo-al-golf-club-es-una-gran-familia\/","url":"https:\/\/www.noticiasradioreflejos.com.ar\/2021\/gerardo-rohlmann-amo-al-golf-club-es-una-gran-familia\/","name":"Gerardo Rohlmann: \u201cAmo al Golf Club, es una gran familia\u201d - Noticias Radio Reflejos","isPartOf":{"@id":"https:\/\/www.noticiasradioreflejos.com.ar\/2021\/#website"},"primaryImageOfPage":{"@id":"https:\/\/www.noticiasradioreflejos.com.ar\/2021\/gerardo-rohlmann-amo-al-golf-club-es-una-gran-familia\/#primaryimage"},"image":{"@id":"https:\/\/www.noticiasradioreflejos.com.ar\/2021\/gerardo-rohlmann-amo-al-golf-club-es-una-gran-familia\/#primaryimage"},"thumbnailUrl":"https:\/\/www.noticiasradioreflejos.com.ar\/2021\/wp-content\/uploads\/2022\/12\/Rohlmann-2.jpeg","datePublished":"2022-12-13T17:04:06+00:00","author":{"@id":"https:\/\/www.noticiasradioreflejos.com.ar\/2021\/#\/schema\/person\/ad82545263dcc5ec0996818884fd5fb1"},"breadcrumb":{"@id":"https:\/\/www.noticiasradioreflejos.com.ar\/2021\/gerardo-rohlmann-amo-al-golf-club-es-una-gran-familia\/#breadcrumb"},"inLanguage":"es","potentialAction":[{"@type":"ReadAction","target":["https:\/\/www.noticiasradioreflejos.com.ar\/2021\/gerardo-rohlmann-amo-al-golf-club-es-una-gran-familia\/"]}]},{"@type":"ImageObject","inLanguage":"es","@id":"https:\/\/www.noticiasradioreflejos.com.ar\/2021\/gerardo-rohlmann-amo-al-golf-club-es-una-gran-familia\/#primaryimage","url":"https:\/\/www.noticiasradioreflejos.com.ar\/2021\/wp-content\/uploads\/2022\/12\/Rohlmann-2.jpeg","contentUrl":"https:\/\/www.noticiasradioreflejos.com.ar\/2021\/wp-content\/uploads\/2022\/12\/Rohlmann-2.jpeg","width":1600,"height":1200},{"@type":"BreadcrumbList","@id":"https:\/\/www.noticiasradioreflejos.com.ar\/2021\/gerardo-rohlmann-amo-al-golf-club-es-una-gran-familia\/#breadcrumb","itemListElement":[{"@type":"ListItem","position":1,"name":"Portada","item":"https:\/\/www.noticiasradioreflejos.com.ar\/2021\/"},{"@type":"ListItem","position":2,"name":"Gerardo Rohlmann: \u201cAmo al Golf Club, es una gran familia\u201d"}]},{"@type":"WebSite","@id":"https:\/\/www.noticiasradioreflejos.com.ar\/2021\/#website","url":"https:\/\/www.noticiasradioreflejos.com.ar\/2021\/","name":"Noticias Radio Reflejos","description":"Las noticias de mi comarca","potentialAction":[{"@type":"SearchAction","target":{"@type":"EntryPoint","urlTemplate":"https:\/\/www.noticiasradioreflejos.com.ar\/2021\/?s={search_term_string}"},"query-input":{"@type":"PropertyValueSpecification","valueRequired":true,"valueName":"search_term_string"}}],"inLanguage":"es"},{"@type":"Person","@id":"https:\/\/www.noticiasradioreflejos.com.ar\/2021\/#\/schema\/person\/ad82545263dcc5ec0996818884fd5fb1","name":"Arnaldo Botto","image":{"@type":"ImageObject","inLanguage":"es","@id":"https:\/\/www.noticiasradioreflejos.com.ar\/2021\/#\/schema\/person\/image\/","url":"https:\/\/secure.gravatar.com\/avatar\/55cb5e37c1efa326397366e6974cb338056df65cb50e7d64d1cf314e87504837?s=96&d=mm&r=g","contentUrl":"https:\/\/secure.gravatar.com\/avatar\/55cb5e37c1efa326397366e6974cb338056df65cb50e7d64d1cf314e87504837?s=96&d=mm&r=g","caption":"Arnaldo Botto"},"url":"https:\/\/www.noticiasradioreflejos.com.ar\/2021\/author\/arnaldo\/"}]}},"_links":{"self":[{"href":"https:\/\/www.noticiasradioreflejos.com.ar\/2021\/wp-json\/wp\/v2\/posts\/81317","targetHints":{"allow":["GET"]}}],"collection":[{"href":"https:\/\/www.noticiasradioreflejos.com.ar\/2021\/wp-json\/wp\/v2\/posts"}],"about":[{"href":"https:\/\/www.noticiasradioreflejos.com.ar\/2021\/wp-json\/wp\/v2\/types\/post"}],"author":[{"embeddable":true,"href":"https:\/\/www.noticiasradioreflejos.com.ar\/2021\/wp-json\/wp\/v2\/users\/3"}],"replies":[{"embeddable":true,"href":"https:\/\/www.noticiasradioreflejos.com.ar\/2021\/wp-json\/wp\/v2\/comments?post=81317"}],"version-history":[{"count":2,"href":"https:\/\/www.noticiasradioreflejos.com.ar\/2021\/wp-json\/wp\/v2\/posts\/81317\/revisions"}],"predecessor-version":[{"id":81321,"href":"https:\/\/www.noticiasradioreflejos.com.ar\/2021\/wp-json\/wp\/v2\/posts\/81317\/revisions\/81321"}],"wp:featuredmedia":[{"embeddable":true,"href":"https:\/\/www.noticiasradioreflejos.com.ar\/2021\/wp-json\/wp\/v2\/media\/81320"}],"wp:attachment":[{"href":"https:\/\/www.noticiasradioreflejos.com.ar\/2021\/wp-json\/wp\/v2\/media?parent=81317"}],"wp:term":[{"taxonomy":"category","embeddable":true,"href":"https:\/\/www.noticiasradioreflejos.com.ar\/2021\/wp-json\/wp\/v2\/categories?post=81317"},{"taxonomy":"post_tag","embeddable":true,"href":"https:\/\/www.noticiasradioreflejos.com.ar\/2021\/wp-json\/wp\/v2\/tags?post=81317"}],"curies":[{"name":"wp","href":"https:\/\/api.w.org\/{rel}","templated":true}]}}