{"id":81314,"date":"2022-12-13T16:29:58","date_gmt":"2022-12-13T16:29:58","guid":{"rendered":"http:\/\/www.noticiasradioreflejos.com.ar\/2021\/?p=81314"},"modified":"2022-12-13T16:29:58","modified_gmt":"2022-12-13T16:29:58","slug":"hoy-a-la-noche-sera-el-mejor-momento-para-observar-la-lluvia-de-estrellas-geminidas","status":"publish","type":"post","link":"https:\/\/www.noticiasradioreflejos.com.ar\/2021\/hoy-a-la-noche-sera-el-mejor-momento-para-observar-la-lluvia-de-estrellas-geminidas\/","title":{"rendered":"Hoy a la noche ser\u00e1 el mejor momento para observar la lluvia de estrellas Gem\u00ednidas."},"content":{"rendered":"<p>Con el grupo de Astronom\u00eda de Villa Ventana nos juntamos para salir a verlas a las 22.30hs en la Asoc. de Fomento. Est\u00e1n todos invitados a acompa\u00f1arnos !!<!--more--> Si no podes venir no te preocupes, podes mirarlas desde tu casa. Busca un lugar alejado de las luces y mira hac\u00eda el este. Preferentemente luego de la medianoche.<br \/>\nEste fen\u00f3meno puede apreciarse a simple vista, asique una reposera, una manta por las dudas y a disfrutar.<\/p>\n<p>&nbsp;<\/p>\n<p>El 2022 no terminar\u00e1 de cualquier manera, sino que lo har\u00e1 con una\u00a0<b>espectacular lluvia de estrellas<\/b>\u00a0que podr\u00e1 verse desde\u00a0<b>Argentina<\/b>. Se trata de un evento astron\u00f3mico llamado\u00a0<b>Las Gem\u00ednidas<\/b>.<\/p>\n<p>Este colorido fen\u00f3meno natural tendr\u00e1 lugar entre el<b>\u00a04 y el 17 de diciembre<\/b>. Su pico, explicaron los especialistas, ser\u00e1 entre la noche del\u00a0<b>martes 13<\/b>\u00a0y la madrugada del mi\u00e9rcoles 14.<\/p>\n<p>Las Gem\u00ednidas son una de las lluvias m\u00e1s intensas. Se estima que se podr\u00e1 ver\u00a0<b>120 haces de luz por hora<\/b>\u00a0en su punto m\u00e1ximo. Ser\u00e1n<b>\u00a0\u201cestrellas fugaces\u201d\u00a0<\/b>de tono amarillo se desplazar\u00e1n a gran velocidad por el cielo nocturno.<\/p>\n<p>El mejor lugar para ver el evento ser\u00e1 el Hemisferio Norte. Sin embargo, con menor intensidad podr\u00e1 ser visto desde la parte sur del planeta.<\/p>\n<h2>Los consejos de la NASA para ver Las Gem\u00ednidas<\/h2>\n<p>Para disfrutar del show en su m\u00e1ximo esplendor, la NASA comparte algunos consejos b\u00e1sicos:<\/p>\n<ul>\n<li>En primer lugar, recomienda\u00a0<b>observar el fen\u00f3meno despu\u00e9s de las 22 horas<\/b>\u00a0y hasta el amanecer.<\/li>\n<li>Por otro lado, recomienda\u00a0<b>alejarse lo m\u00e1s posible de grandes focos lum\u00ednicos<\/b>\u00a0como las ciudades.<\/li>\n<li>Finalmente, recomienda recostarse boca arriba y\u00a0<b>esperar al menos media hora<\/b>. Esto har\u00e1 que los ojos se adapten a la oscuridad.<\/li>\n<\/ul>\n<h2>Qu\u00e9 son Las Gem\u00ednidas<\/h2>\n<p>Las Gem\u00ednidas no son, como se suele llamar \u201cuna lluvia de estrellas\u201d, sino que t\u00e9cnicamente se trata de\u00a0<b>desprendimientos de un cuerpo asteroidal<\/b>\u00a0que al chocar con la atm\u00f3sfera se desintegran y crean haces de fuego y color. Esto hace que la cantidad de cometas sea tan intensa.<\/p>\n<p>En concreto, se trata desprendimientos del asteroide\u00a0<b>3200 Faet\u00f3n<\/b>, llamado de forma coloquial como un \u201ccometa de roca\u201d.\u00a0<b>Mide 5,1 km de di\u00e1metro<\/b>, tarda 1,4 a\u00f1os en orbitar alrededor del Sol una vez y fue el\u00a0<b>primer asteroide descubierto por un sat\u00e9lite artificial.<\/b><\/p>\n","protected":false},"excerpt":{"rendered":"<p>Con el grupo de Astronom\u00eda de Villa Ventana nos juntamos para salir a verlas a las 22.30hs en la Asoc. de Fomento. Est\u00e1n todos invitados a acompa\u00f1arnos !!<\/p>\n","protected":false},"author":3,"featured_media":0,"comment_status":"closed","ping_status":"closed","sticky":false,"template":"","format":"standard","meta":{"footnotes":""},"categories":[46],"tags":[],"class_list":["post-81314","post","type-post","status-publish","format-standard","hentry","category-ciencia-y-tecnologia"],"yoast_head":"<!-- This site is optimized with the Yoast SEO plugin v25.9 - https:\/\/yoast.com\/wordpress\/plugins\/seo\/ -->\n<title>Hoy a la noche ser\u00e1 el mejor momento para observar la lluvia de estrellas Gem\u00ednidas. - Noticias Radio Reflejos<\/title>\n<meta name=\"robots\" content=\"index, follow, max-snippet:-1, max-image-preview:large, max-video-preview:-1\" \/>\n<link rel=\"canonical\" href=\"https:\/\/www.noticiasradioreflejos.com.ar\/2021\/hoy-a-la-noche-sera-el-mejor-momento-para-observar-la-lluvia-de-estrellas-geminidas\/\" \/>\n<meta property=\"og:locale\" content=\"es_ES\" \/>\n<meta property=\"og:type\" content=\"article\" \/>\n<meta property=\"og:title\" content=\"Hoy a la noche ser\u00e1 el mejor momento para observar la lluvia de estrellas Gem\u00ednidas. - Noticias Radio Reflejos\" \/>\n<meta property=\"og:description\" content=\"Con el grupo de Astronom\u00eda de Villa Ventana nos juntamos para salir a verlas a las 22.30hs en la Asoc. de Fomento. Est\u00e1n todos invitados a acompa\u00f1arnos !!\" \/>\n<meta property=\"og:url\" content=\"https:\/\/www.noticiasradioreflejos.com.ar\/2021\/hoy-a-la-noche-sera-el-mejor-momento-para-observar-la-lluvia-de-estrellas-geminidas\/\" \/>\n<meta property=\"og:site_name\" content=\"Noticias Radio Reflejos\" \/>\n<meta property=\"article:published_time\" content=\"2022-12-13T16:29:58+00:00\" \/>\n<meta property=\"og:image\" content=\"https:\/\/www.noticiasradioreflejos.com.ar\/2021\/wp-content\/uploads\/2021\/07\/logosol300x200.png\" \/>\n\t<meta property=\"og:image:width\" content=\"300\" \/>\n\t<meta property=\"og:image:height\" content=\"200\" \/>\n\t<meta property=\"og:image:type\" content=\"image\/png\" \/>\n<meta name=\"author\" content=\"Arnaldo Botto\" \/>\n<meta name=\"twitter:card\" content=\"summary_large_image\" \/>\n<script type=\"application\/ld+json\" class=\"yoast-schema-graph\">{\"@context\":\"https:\/\/schema.org\",\"@graph\":[{\"@type\":\"WebPage\",\"@id\":\"https:\/\/www.noticiasradioreflejos.com.ar\/2021\/hoy-a-la-noche-sera-el-mejor-momento-para-observar-la-lluvia-de-estrellas-geminidas\/\",\"url\":\"https:\/\/www.noticiasradioreflejos.com.ar\/2021\/hoy-a-la-noche-sera-el-mejor-momento-para-observar-la-lluvia-de-estrellas-geminidas\/\",\"name\":\"Hoy a la noche ser\u00e1 el mejor momento para observar la lluvia de estrellas Gem\u00ednidas. - Noticias Radio Reflejos\",\"isPartOf\":{\"@id\":\"https:\/\/www.noticiasradioreflejos.com.ar\/2021\/#website\"},\"datePublished\":\"2022-12-13T16:29:58+00:00\",\"author\":{\"@id\":\"https:\/\/www.noticiasradioreflejos.com.ar\/2021\/#\/schema\/person\/ad82545263dcc5ec0996818884fd5fb1\"},\"breadcrumb\":{\"@id\":\"https:\/\/www.noticiasradioreflejos.com.ar\/2021\/hoy-a-la-noche-sera-el-mejor-momento-para-observar-la-lluvia-de-estrellas-geminidas\/#breadcrumb\"},\"inLanguage\":\"es\",\"potentialAction\":[{\"@type\":\"ReadAction\",\"target\":[\"https:\/\/www.noticiasradioreflejos.com.ar\/2021\/hoy-a-la-noche-sera-el-mejor-momento-para-observar-la-lluvia-de-estrellas-geminidas\/\"]}]},{\"@type\":\"BreadcrumbList\",\"@id\":\"https:\/\/www.noticiasradioreflejos.com.ar\/2021\/hoy-a-la-noche-sera-el-mejor-momento-para-observar-la-lluvia-de-estrellas-geminidas\/#breadcrumb\",\"itemListElement\":[{\"@type\":\"ListItem\",\"position\":1,\"name\":\"Portada\",\"item\":\"https:\/\/www.noticiasradioreflejos.com.ar\/2021\/\"},{\"@type\":\"ListItem\",\"position\":2,\"name\":\"Hoy a la noche ser\u00e1 el mejor momento para observar la lluvia de estrellas Gem\u00ednidas.\"}]},{\"@type\":\"WebSite\",\"@id\":\"https:\/\/www.noticiasradioreflejos.com.ar\/2021\/#website\",\"url\":\"https:\/\/www.noticiasradioreflejos.com.ar\/2021\/\",\"name\":\"Noticias Radio Reflejos\",\"description\":\"Las noticias de mi comarca\",\"potentialAction\":[{\"@type\":\"SearchAction\",\"target\":{\"@type\":\"EntryPoint\",\"urlTemplate\":\"https:\/\/www.noticiasradioreflejos.com.ar\/2021\/?s={search_term_string}\"},\"query-input\":{\"@type\":\"PropertyValueSpecification\",\"valueRequired\":true,\"valueName\":\"search_term_string\"}}],\"inLanguage\":\"es\"},{\"@type\":\"Person\",\"@id\":\"https:\/\/www.noticiasradioreflejos.com.ar\/2021\/#\/schema\/person\/ad82545263dcc5ec0996818884fd5fb1\",\"name\":\"Arnaldo Botto\",\"image\":{\"@type\":\"ImageObject\",\"inLanguage\":\"es\",\"@id\":\"https:\/\/www.noticiasradioreflejos.com.ar\/2021\/#\/schema\/person\/image\/\",\"url\":\"https:\/\/secure.gravatar.com\/avatar\/55cb5e37c1efa326397366e6974cb338056df65cb50e7d64d1cf314e87504837?s=96&d=mm&r=g\",\"contentUrl\":\"https:\/\/secure.gravatar.com\/avatar\/55cb5e37c1efa326397366e6974cb338056df65cb50e7d64d1cf314e87504837?s=96&d=mm&r=g\",\"caption\":\"Arnaldo Botto\"},\"url\":\"https:\/\/www.noticiasradioreflejos.com.ar\/2021\/author\/arnaldo\/\"}]}<\/script>\n<!-- \/ Yoast SEO plugin. -->","yoast_head_json":{"title":"Hoy a la noche ser\u00e1 el mejor momento para observar la lluvia de estrellas Gem\u00ednidas. - Noticias Radio Reflejos","robots":{"index":"index","follow":"follow","max-snippet":"max-snippet:-1","max-image-preview":"max-image-preview:large","max-video-preview":"max-video-preview:-1"},"canonical":"https:\/\/www.noticiasradioreflejos.com.ar\/2021\/hoy-a-la-noche-sera-el-mejor-momento-para-observar-la-lluvia-de-estrellas-geminidas\/","og_locale":"es_ES","og_type":"article","og_title":"Hoy a la noche ser\u00e1 el mejor momento para observar la lluvia de estrellas Gem\u00ednidas. - Noticias Radio Reflejos","og_description":"Con el grupo de Astronom\u00eda de Villa Ventana nos juntamos para salir a verlas a las 22.30hs en la Asoc. de Fomento. Est\u00e1n todos invitados a acompa\u00f1arnos !!","og_url":"https:\/\/www.noticiasradioreflejos.com.ar\/2021\/hoy-a-la-noche-sera-el-mejor-momento-para-observar-la-lluvia-de-estrellas-geminidas\/","og_site_name":"Noticias Radio Reflejos","article_published_time":"2022-12-13T16:29:58+00:00","og_image":[{"width":300,"height":200,"url":"https:\/\/www.noticiasradioreflejos.com.ar\/2021\/wp-content\/uploads\/2021\/07\/logosol300x200.png","type":"image\/png"}],"author":"Arnaldo Botto","twitter_card":"summary_large_image","schema":{"@context":"https:\/\/schema.org","@graph":[{"@type":"WebPage","@id":"https:\/\/www.noticiasradioreflejos.com.ar\/2021\/hoy-a-la-noche-sera-el-mejor-momento-para-observar-la-lluvia-de-estrellas-geminidas\/","url":"https:\/\/www.noticiasradioreflejos.com.ar\/2021\/hoy-a-la-noche-sera-el-mejor-momento-para-observar-la-lluvia-de-estrellas-geminidas\/","name":"Hoy a la noche ser\u00e1 el mejor momento para observar la lluvia de estrellas Gem\u00ednidas. - Noticias Radio Reflejos","isPartOf":{"@id":"https:\/\/www.noticiasradioreflejos.com.ar\/2021\/#website"},"datePublished":"2022-12-13T16:29:58+00:00","author":{"@id":"https:\/\/www.noticiasradioreflejos.com.ar\/2021\/#\/schema\/person\/ad82545263dcc5ec0996818884fd5fb1"},"breadcrumb":{"@id":"https:\/\/www.noticiasradioreflejos.com.ar\/2021\/hoy-a-la-noche-sera-el-mejor-momento-para-observar-la-lluvia-de-estrellas-geminidas\/#breadcrumb"},"inLanguage":"es","potentialAction":[{"@type":"ReadAction","target":["https:\/\/www.noticiasradioreflejos.com.ar\/2021\/hoy-a-la-noche-sera-el-mejor-momento-para-observar-la-lluvia-de-estrellas-geminidas\/"]}]},{"@type":"BreadcrumbList","@id":"https:\/\/www.noticiasradioreflejos.com.ar\/2021\/hoy-a-la-noche-sera-el-mejor-momento-para-observar-la-lluvia-de-estrellas-geminidas\/#breadcrumb","itemListElement":[{"@type":"ListItem","position":1,"name":"Portada","item":"https:\/\/www.noticiasradioreflejos.com.ar\/2021\/"},{"@type":"ListItem","position":2,"name":"Hoy a la noche ser\u00e1 el mejor momento para observar la lluvia de estrellas Gem\u00ednidas."}]},{"@type":"WebSite","@id":"https:\/\/www.noticiasradioreflejos.com.ar\/2021\/#website","url":"https:\/\/www.noticiasradioreflejos.com.ar\/2021\/","name":"Noticias Radio Reflejos","description":"Las noticias de mi comarca","potentialAction":[{"@type":"SearchAction","target":{"@type":"EntryPoint","urlTemplate":"https:\/\/www.noticiasradioreflejos.com.ar\/2021\/?s={search_term_string}"},"query-input":{"@type":"PropertyValueSpecification","valueRequired":true,"valueName":"search_term_string"}}],"inLanguage":"es"},{"@type":"Person","@id":"https:\/\/www.noticiasradioreflejos.com.ar\/2021\/#\/schema\/person\/ad82545263dcc5ec0996818884fd5fb1","name":"Arnaldo Botto","image":{"@type":"ImageObject","inLanguage":"es","@id":"https:\/\/www.noticiasradioreflejos.com.ar\/2021\/#\/schema\/person\/image\/","url":"https:\/\/secure.gravatar.com\/avatar\/55cb5e37c1efa326397366e6974cb338056df65cb50e7d64d1cf314e87504837?s=96&d=mm&r=g","contentUrl":"https:\/\/secure.gravatar.com\/avatar\/55cb5e37c1efa326397366e6974cb338056df65cb50e7d64d1cf314e87504837?s=96&d=mm&r=g","caption":"Arnaldo Botto"},"url":"https:\/\/www.noticiasradioreflejos.com.ar\/2021\/author\/arnaldo\/"}]}},"_links":{"self":[{"href":"https:\/\/www.noticiasradioreflejos.com.ar\/2021\/wp-json\/wp\/v2\/posts\/81314","targetHints":{"allow":["GET"]}}],"collection":[{"href":"https:\/\/www.noticiasradioreflejos.com.ar\/2021\/wp-json\/wp\/v2\/posts"}],"about":[{"href":"https:\/\/www.noticiasradioreflejos.com.ar\/2021\/wp-json\/wp\/v2\/types\/post"}],"author":[{"embeddable":true,"href":"https:\/\/www.noticiasradioreflejos.com.ar\/2021\/wp-json\/wp\/v2\/users\/3"}],"replies":[{"embeddable":true,"href":"https:\/\/www.noticiasradioreflejos.com.ar\/2021\/wp-json\/wp\/v2\/comments?post=81314"}],"version-history":[{"count":1,"href":"https:\/\/www.noticiasradioreflejos.com.ar\/2021\/wp-json\/wp\/v2\/posts\/81314\/revisions"}],"predecessor-version":[{"id":81316,"href":"https:\/\/www.noticiasradioreflejos.com.ar\/2021\/wp-json\/wp\/v2\/posts\/81314\/revisions\/81316"}],"wp:attachment":[{"href":"https:\/\/www.noticiasradioreflejos.com.ar\/2021\/wp-json\/wp\/v2\/media?parent=81314"}],"wp:term":[{"taxonomy":"category","embeddable":true,"href":"https:\/\/www.noticiasradioreflejos.com.ar\/2021\/wp-json\/wp\/v2\/categories?post=81314"},{"taxonomy":"post_tag","embeddable":true,"href":"https:\/\/www.noticiasradioreflejos.com.ar\/2021\/wp-json\/wp\/v2\/tags?post=81314"}],"curies":[{"name":"wp","href":"https:\/\/api.w.org\/{rel}","templated":true}]}}