{"id":81300,"date":"2022-12-13T11:15:55","date_gmt":"2022-12-13T11:15:55","guid":{"rendered":"http:\/\/www.noticiasradioreflejos.com.ar\/2021\/?p=81300"},"modified":"2022-12-13T21:11:29","modified_gmt":"2022-12-13T21:11:29","slug":"argentina-enfrenta-a-croacia-en-busca-de-su-sexta-final-mundialista","status":"publish","type":"post","link":"https:\/\/www.noticiasradioreflejos.com.ar\/2021\/argentina-enfrenta-a-croacia-en-busca-de-su-sexta-final-mundialista\/","title":{"rendered":"Argentina enfrenta a Croacia en busca de su sexta final mundialista"},"content":{"rendered":"<p>El campe\u00f3n de Am\u00e9rica, bajo el liderazgo futbol\u00edstico y espiritual de un Messi en su mejor versi\u00f3n, se bate frente al vigente subcampe\u00f3n del mundo, invicto en lo que va del Mundial.<!--more--><\/p>\n<figure class=\"mb-3\"><img decoding=\"async\" src=\"https:\/\/www.telam.com.ar\/thumbs\/bluesteel\/advf\/imagenes\/2022\/12\/6393bad40d2ea_1200.jpg\" alt=\"Foto Maximiliano Luna enviado especial\" width=\"100%\" height=\"100%\" \/><\/p>\n<div class=\"media-icons\"><\/div><figcaption>Foto: Maximiliano Luna, enviado especial.<\/figcaption><\/figure>\n<p>El seleccionado argentino intentar\u00e1 este martes ma\u00f1ana alcanzar la sexta final mundialista de su historia cuando se enfrente con el vigente subcampe\u00f3n e invicto Croacia en una de las semifinales de Qatar 2022 a disputarse en el Estadio Lusail.<\/p>\n<p>El partido comenzar\u00e1 a las 16 con transmisi\u00f3n de la TV P\u00fablica, TyC Sports y DSports. Estar\u00e1\u00a0<a href=\"http:\/\/arbitrado%20por%20el%20italiano%20daniel\/\" target=\"_blank\" rel=\"noopener\">arbitrado por el italiano Daniel Orsato<\/a>, que volver\u00e1 a dirigir al conjunto \u00abalbiceleste\u00bb tras la victoria ante M\u00e9xico (2-0) en ese mismo escenario por la segunda fecha del Grupo C.<\/p>\n<p><strong>El campe\u00f3n de la \u00faltima Copa Am\u00e9rica cumpli\u00f3 el primer objetivo de disputar siete partidos en el Mundial y ahora ir\u00e1 por la pen\u00faltima meta<\/strong>, que es instalarse en la definici\u00f3n del domingo pr\u00f3ximo ante el ganador del cruce entre el defensor del t\u00edtulo, Francia, y la m\u00e1xima sorpresa de la competencia, Marruecos.<\/p>\n<p>Con un\u00a0<a href=\"https:\/\/www.telam.com.ar\/notas\/202212\/613774-messi-asistencias-goles-records-qatar.html\" target=\"_blank\" rel=\"noopener\">Lionel Messi l\u00edder en lo futbol\u00edstico y lo temperamental<\/a>, el equipo argentino ingres\u00f3 entre los cuatro mejores al cabo de un arduo camino que se inici\u00f3 con la inesperada derrota ante Arabia Saudita.<\/p>\n<p>Desde entonces, encaden\u00f3\u00a0<strong>triunfos ante M\u00e9xico (2-0), Polonia (2-0), Australia (2-1) y Pa\u00edses Bajos<\/strong>\u00a0por penales en una llave de cuartos que termin\u00f3 con tumultos por tensiones previas y provocaciones durante un juego mal dirigido por el espa\u00f1ol Antonio Mateu Lahoz.<\/p>\n<figure class=\"mb-3\"><img decoding=\"async\" src=\"https:\/\/www.telam.com.ar\/thumbs\/bluesteel\/advf\/imagenes\/2022\/12\/6393bad47b169_1200.jpg\" alt=\"Foto Maximiliano Luna enviado especial\" width=\"100%\" height=\"100%\" \/><\/p>\n<div class=\"media-icons\"><\/div><figcaption>Foto: Maximiliano Luna, enviado especial.<\/figcaption><\/figure>\n<p><strong>Argentina jug\u00f3 la final por \u00faltima vez en Brasil 2014<\/strong>, de la mano de Alejandro Sabella, lo que termin\u00f3 en una gran frustraci\u00f3n para Messi por la victoria de Alemania 1-0 en tiempo suplementario.<\/p>\n<p>Los germanos tambi\u00e9n le hab\u00edan ganado a la Selecci\u00f3n de Carlos Bilardo la anterior definici\u00f3n en Italia &#8217;90, gracias a un pol\u00e9mico penal sancionado por el \u00e1rbitro mexicano Edgardo Codesal.<\/p>\n<p><strong>Argentina se impuso dos veces en una final de la Copa del Mundo (1978 y 1986) y tambi\u00e9n cay\u00f3 en la primera edici\u00f3n de 1930.<\/strong><\/p>\n<p><strong>Croacia, por su parte, perseguir\u00e1 su segunda definici\u00f3n en seis participaciones<\/strong>, tras quedar en la puerta de la gloria hace cuatro a\u00f1os cuando fue vencida por Francia (4-2) en Mosc\u00fa.\u00a0El seleccionado balc\u00e1nico mantiene la base de aquella edici\u00f3n, con el veterano Luka Modric (37) como referente indiscutido.<\/p>\n<p><strong>Parte de su campa\u00f1a en Rusia fue la goleada 3-0 conseguida ante Argentina en la primera ronda<\/strong>. Ese antecedente fue el segundo de un historial mundialista inaugurado con el 1-0 a favor de la \u00abAlbiceleste\u00bb en la fase de grupos de Francia &#8217;98.<\/p>\n<figure class=\"mb-3\"><img decoding=\"async\" src=\"https:\/\/www.telam.com.ar\/thumbs\/bluesteel\/advf\/imagenes\/2022\/11\/63827d301ceed.51.45_1200.jpg\" alt=\"Foto Fernando Gens enviado especial\" width=\"100%\" height=\"100%\" \/><\/p>\n<div class=\"media-icons\"><\/div><figcaption>Foto: Fernando Gens, enviado especial.<\/figcaption><\/figure>\n<p><strong>Los croatas, junto a los marroqu\u00edes, con quienes compartieron el Grupo F en la primera fase en Qatar, no perdieron en lo transcurrido de este Mundial y llegan a la semifinal con respeto bien ganado tras eliminar por penales a Brasil<\/strong>, uno de los m\u00e1ximos candidatos, con una gran actuaci\u00f3n de su arquero Dominik Livakovic.<\/p>\n<p>Por esa v\u00eda tambi\u00e9n sacaron a Jap\u00f3n en octavos, instancia a la que se clasificaron tras defender el segundo puesto del Grupo G ante B\u00e9lgica (0-0) en la \u00faltima fecha.<\/p>\n<p><a href=\"https:\/\/www.telam.com.ar\/notas\/202212\/613922-seleccionado-croacia-dt-zlatko-dalic-partido-argentina-semifinales-mundial-qatar.html\" target=\"_blank\" rel=\"noopener\">El entrenador Zlatko Dalic<\/a>\u00a0conserva una misma estructura desde el inicio de la competencia, por lo que no se esperan demasiados cambios en la formaci\u00f3n, a diferencia de Lionel Scaloni, quien vari\u00f3 de forma permanente entre un partido y otro.<\/p>\n<p>Este martes, el entrenador argentino no podr\u00e1 contar con dos jugadores suspendidos: los laterales Gonzalo Montiel y Marcos Acu\u00f1a, quien dejar\u00e1 su lugar para el ingreso de Nicol\u00e1s Tagliafico.<\/p>\n<p>En cambio\u00a0<a href=\"https:\/\/www.telam.com.ar\/notas\/202212\/613926-argentina-entrenamiento-croacia-qatar.html\" target=\"_blank\" rel=\"noopener\">s\u00ed tendr\u00e1 disponibles al mediocampista Rodrigo De Paul y al delantero \u00c1ngel Di Mar\u00eda<\/a>, quienes mejoraron de sus molestias f\u00edsicas, seg\u00fan adelant\u00f3 en la conferencia de prensa previa a la semifinal.<\/p>\n<figure class=\"mb-3\"><img decoding=\"async\" src=\"https:\/\/www.telam.com.ar\/thumbs\/bluesteel\/advf\/imagenes\/2022\/12\/63960fb026b81_1200.jpg\" alt=\"Foto Maximiliano Luna enviado especial\" width=\"100%\" height=\"100%\" \/><\/p>\n<div class=\"media-icons\"><\/div><figcaption>Foto: Maximiliano Luna, enviado especial.<\/figcaption><\/figure>\n<p>De Paul, titular frente a Pa\u00edses Bajos, seguir\u00e1 en el once inicial y el futbolista de Juventus pelea por regresar al primer equipo luego de la molestia en el cu\u00e1driceps que sinti\u00f3 ante Polonia el 30 de noviembre.<\/p>\n<p>En caso jugar desde el arranque, \u00abFideo\u00bb desplazar\u00e1 al defensor Lisandro Mart\u00ednez y obligar\u00e1 a una modificaci\u00f3n del dibujo t\u00e1ctico, de 5-3-2 a 4-3-3.<\/p>\n<p>El ganador de la primera semi quedar\u00e1 a la espera del resultado entre Francia-Marruecos (mi\u00e9rcoles a las 16 en Al Bayt) para conocer el adversario en la final del domingo a las 12 en Lusail, el mayor escenario del Mundial con 88.966 localidades.<\/p>\n","protected":false},"excerpt":{"rendered":"<p>El campe\u00f3n de Am\u00e9rica, bajo el liderazgo futbol\u00edstico y espiritual de un Messi en su mejor versi\u00f3n, se bate frente al vigente subcampe\u00f3n del mundo, invicto en lo que va del Mundial.<\/p>\n","protected":false},"author":3,"featured_media":81301,"comment_status":"closed","ping_status":"closed","sticky":false,"template":"","format":"standard","meta":{"footnotes":""},"categories":[27],"tags":[],"class_list":["post-81300","post","type-post","status-publish","format-standard","has-post-thumbnail","hentry","category-deportes"],"yoast_head":"<!-- This site is optimized with the Yoast SEO plugin v25.9 - https:\/\/yoast.com\/wordpress\/plugins\/seo\/ -->\n<title>Argentina enfrenta a Croacia en busca de su sexta final mundialista - Noticias Radio Reflejos<\/title>\n<meta name=\"robots\" content=\"index, follow, max-snippet:-1, max-image-preview:large, max-video-preview:-1\" \/>\n<link rel=\"canonical\" href=\"https:\/\/www.noticiasradioreflejos.com.ar\/2021\/argentina-enfrenta-a-croacia-en-busca-de-su-sexta-final-mundialista\/\" \/>\n<meta property=\"og:locale\" content=\"es_ES\" \/>\n<meta property=\"og:type\" content=\"article\" \/>\n<meta property=\"og:title\" content=\"Argentina enfrenta a Croacia en busca de su sexta final mundialista - Noticias Radio Reflejos\" \/>\n<meta property=\"og:description\" content=\"El campe\u00f3n de Am\u00e9rica, bajo el liderazgo futbol\u00edstico y espiritual de un Messi en su mejor versi\u00f3n, se bate frente al vigente subcampe\u00f3n del mundo, invicto en lo que va del Mundial.\" \/>\n<meta property=\"og:url\" content=\"https:\/\/www.noticiasradioreflejos.com.ar\/2021\/argentina-enfrenta-a-croacia-en-busca-de-su-sexta-final-mundialista\/\" \/>\n<meta property=\"og:site_name\" content=\"Noticias Radio Reflejos\" \/>\n<meta property=\"article:published_time\" content=\"2022-12-13T11:15:55+00:00\" \/>\n<meta property=\"article:modified_time\" content=\"2022-12-13T21:11:29+00:00\" \/>\n<meta property=\"og:image\" content=\"https:\/\/www.noticiasradioreflejos.com.ar\/2021\/wp-content\/uploads\/2022\/12\/6393bad40d2ea_1200.jpg\" \/>\n\t<meta property=\"og:image:width\" content=\"1200\" \/>\n\t<meta property=\"og:image:height\" content=\"675\" \/>\n\t<meta property=\"og:image:type\" content=\"image\/jpeg\" \/>\n<meta name=\"author\" content=\"Arnaldo Botto\" \/>\n<meta name=\"twitter:card\" content=\"summary_large_image\" \/>\n<script type=\"application\/ld+json\" class=\"yoast-schema-graph\">{\"@context\":\"https:\/\/schema.org\",\"@graph\":[{\"@type\":\"WebPage\",\"@id\":\"https:\/\/www.noticiasradioreflejos.com.ar\/2021\/argentina-enfrenta-a-croacia-en-busca-de-su-sexta-final-mundialista\/\",\"url\":\"https:\/\/www.noticiasradioreflejos.com.ar\/2021\/argentina-enfrenta-a-croacia-en-busca-de-su-sexta-final-mundialista\/\",\"name\":\"Argentina enfrenta a Croacia en busca de su sexta final mundialista - Noticias Radio Reflejos\",\"isPartOf\":{\"@id\":\"https:\/\/www.noticiasradioreflejos.com.ar\/2021\/#website\"},\"primaryImageOfPage\":{\"@id\":\"https:\/\/www.noticiasradioreflejos.com.ar\/2021\/argentina-enfrenta-a-croacia-en-busca-de-su-sexta-final-mundialista\/#primaryimage\"},\"image\":{\"@id\":\"https:\/\/www.noticiasradioreflejos.com.ar\/2021\/argentina-enfrenta-a-croacia-en-busca-de-su-sexta-final-mundialista\/#primaryimage\"},\"thumbnailUrl\":\"https:\/\/www.noticiasradioreflejos.com.ar\/2021\/wp-content\/uploads\/2022\/12\/6393bad40d2ea_1200.jpg\",\"datePublished\":\"2022-12-13T11:15:55+00:00\",\"dateModified\":\"2022-12-13T21:11:29+00:00\",\"author\":{\"@id\":\"https:\/\/www.noticiasradioreflejos.com.ar\/2021\/#\/schema\/person\/ad82545263dcc5ec0996818884fd5fb1\"},\"breadcrumb\":{\"@id\":\"https:\/\/www.noticiasradioreflejos.com.ar\/2021\/argentina-enfrenta-a-croacia-en-busca-de-su-sexta-final-mundialista\/#breadcrumb\"},\"inLanguage\":\"es\",\"potentialAction\":[{\"@type\":\"ReadAction\",\"target\":[\"https:\/\/www.noticiasradioreflejos.com.ar\/2021\/argentina-enfrenta-a-croacia-en-busca-de-su-sexta-final-mundialista\/\"]}]},{\"@type\":\"ImageObject\",\"inLanguage\":\"es\",\"@id\":\"https:\/\/www.noticiasradioreflejos.com.ar\/2021\/argentina-enfrenta-a-croacia-en-busca-de-su-sexta-final-mundialista\/#primaryimage\",\"url\":\"https:\/\/www.noticiasradioreflejos.com.ar\/2021\/wp-content\/uploads\/2022\/12\/6393bad40d2ea_1200.jpg\",\"contentUrl\":\"https:\/\/www.noticiasradioreflejos.com.ar\/2021\/wp-content\/uploads\/2022\/12\/6393bad40d2ea_1200.jpg\",\"width\":1200,\"height\":675},{\"@type\":\"BreadcrumbList\",\"@id\":\"https:\/\/www.noticiasradioreflejos.com.ar\/2021\/argentina-enfrenta-a-croacia-en-busca-de-su-sexta-final-mundialista\/#breadcrumb\",\"itemListElement\":[{\"@type\":\"ListItem\",\"position\":1,\"name\":\"Portada\",\"item\":\"https:\/\/www.noticiasradioreflejos.com.ar\/2021\/\"},{\"@type\":\"ListItem\",\"position\":2,\"name\":\"Argentina enfrenta a Croacia en busca de su sexta final mundialista\"}]},{\"@type\":\"WebSite\",\"@id\":\"https:\/\/www.noticiasradioreflejos.com.ar\/2021\/#website\",\"url\":\"https:\/\/www.noticiasradioreflejos.com.ar\/2021\/\",\"name\":\"Noticias Radio Reflejos\",\"description\":\"Las noticias de mi comarca\",\"potentialAction\":[{\"@type\":\"SearchAction\",\"target\":{\"@type\":\"EntryPoint\",\"urlTemplate\":\"https:\/\/www.noticiasradioreflejos.com.ar\/2021\/?s={search_term_string}\"},\"query-input\":{\"@type\":\"PropertyValueSpecification\",\"valueRequired\":true,\"valueName\":\"search_term_string\"}}],\"inLanguage\":\"es\"},{\"@type\":\"Person\",\"@id\":\"https:\/\/www.noticiasradioreflejos.com.ar\/2021\/#\/schema\/person\/ad82545263dcc5ec0996818884fd5fb1\",\"name\":\"Arnaldo Botto\",\"image\":{\"@type\":\"ImageObject\",\"inLanguage\":\"es\",\"@id\":\"https:\/\/www.noticiasradioreflejos.com.ar\/2021\/#\/schema\/person\/image\/\",\"url\":\"https:\/\/secure.gravatar.com\/avatar\/55cb5e37c1efa326397366e6974cb338056df65cb50e7d64d1cf314e87504837?s=96&d=mm&r=g\",\"contentUrl\":\"https:\/\/secure.gravatar.com\/avatar\/55cb5e37c1efa326397366e6974cb338056df65cb50e7d64d1cf314e87504837?s=96&d=mm&r=g\",\"caption\":\"Arnaldo Botto\"},\"url\":\"https:\/\/www.noticiasradioreflejos.com.ar\/2021\/author\/arnaldo\/\"}]}<\/script>\n<!-- \/ Yoast SEO plugin. -->","yoast_head_json":{"title":"Argentina enfrenta a Croacia en busca de su sexta final mundialista - Noticias Radio Reflejos","robots":{"index":"index","follow":"follow","max-snippet":"max-snippet:-1","max-image-preview":"max-image-preview:large","max-video-preview":"max-video-preview:-1"},"canonical":"https:\/\/www.noticiasradioreflejos.com.ar\/2021\/argentina-enfrenta-a-croacia-en-busca-de-su-sexta-final-mundialista\/","og_locale":"es_ES","og_type":"article","og_title":"Argentina enfrenta a Croacia en busca de su sexta final mundialista - Noticias Radio Reflejos","og_description":"El campe\u00f3n de Am\u00e9rica, bajo el liderazgo futbol\u00edstico y espiritual de un Messi en su mejor versi\u00f3n, se bate frente al vigente subcampe\u00f3n del mundo, invicto en lo que va del Mundial.","og_url":"https:\/\/www.noticiasradioreflejos.com.ar\/2021\/argentina-enfrenta-a-croacia-en-busca-de-su-sexta-final-mundialista\/","og_site_name":"Noticias Radio Reflejos","article_published_time":"2022-12-13T11:15:55+00:00","article_modified_time":"2022-12-13T21:11:29+00:00","og_image":[{"width":1200,"height":675,"url":"https:\/\/www.noticiasradioreflejos.com.ar\/2021\/wp-content\/uploads\/2022\/12\/6393bad40d2ea_1200.jpg","type":"image\/jpeg"}],"author":"Arnaldo Botto","twitter_card":"summary_large_image","schema":{"@context":"https:\/\/schema.org","@graph":[{"@type":"WebPage","@id":"https:\/\/www.noticiasradioreflejos.com.ar\/2021\/argentina-enfrenta-a-croacia-en-busca-de-su-sexta-final-mundialista\/","url":"https:\/\/www.noticiasradioreflejos.com.ar\/2021\/argentina-enfrenta-a-croacia-en-busca-de-su-sexta-final-mundialista\/","name":"Argentina enfrenta a Croacia en busca de su sexta final mundialista - Noticias Radio Reflejos","isPartOf":{"@id":"https:\/\/www.noticiasradioreflejos.com.ar\/2021\/#website"},"primaryImageOfPage":{"@id":"https:\/\/www.noticiasradioreflejos.com.ar\/2021\/argentina-enfrenta-a-croacia-en-busca-de-su-sexta-final-mundialista\/#primaryimage"},"image":{"@id":"https:\/\/www.noticiasradioreflejos.com.ar\/2021\/argentina-enfrenta-a-croacia-en-busca-de-su-sexta-final-mundialista\/#primaryimage"},"thumbnailUrl":"https:\/\/www.noticiasradioreflejos.com.ar\/2021\/wp-content\/uploads\/2022\/12\/6393bad40d2ea_1200.jpg","datePublished":"2022-12-13T11:15:55+00:00","dateModified":"2022-12-13T21:11:29+00:00","author":{"@id":"https:\/\/www.noticiasradioreflejos.com.ar\/2021\/#\/schema\/person\/ad82545263dcc5ec0996818884fd5fb1"},"breadcrumb":{"@id":"https:\/\/www.noticiasradioreflejos.com.ar\/2021\/argentina-enfrenta-a-croacia-en-busca-de-su-sexta-final-mundialista\/#breadcrumb"},"inLanguage":"es","potentialAction":[{"@type":"ReadAction","target":["https:\/\/www.noticiasradioreflejos.com.ar\/2021\/argentina-enfrenta-a-croacia-en-busca-de-su-sexta-final-mundialista\/"]}]},{"@type":"ImageObject","inLanguage":"es","@id":"https:\/\/www.noticiasradioreflejos.com.ar\/2021\/argentina-enfrenta-a-croacia-en-busca-de-su-sexta-final-mundialista\/#primaryimage","url":"https:\/\/www.noticiasradioreflejos.com.ar\/2021\/wp-content\/uploads\/2022\/12\/6393bad40d2ea_1200.jpg","contentUrl":"https:\/\/www.noticiasradioreflejos.com.ar\/2021\/wp-content\/uploads\/2022\/12\/6393bad40d2ea_1200.jpg","width":1200,"height":675},{"@type":"BreadcrumbList","@id":"https:\/\/www.noticiasradioreflejos.com.ar\/2021\/argentina-enfrenta-a-croacia-en-busca-de-su-sexta-final-mundialista\/#breadcrumb","itemListElement":[{"@type":"ListItem","position":1,"name":"Portada","item":"https:\/\/www.noticiasradioreflejos.com.ar\/2021\/"},{"@type":"ListItem","position":2,"name":"Argentina enfrenta a Croacia en busca de su sexta final mundialista"}]},{"@type":"WebSite","@id":"https:\/\/www.noticiasradioreflejos.com.ar\/2021\/#website","url":"https:\/\/www.noticiasradioreflejos.com.ar\/2021\/","name":"Noticias Radio Reflejos","description":"Las noticias de mi comarca","potentialAction":[{"@type":"SearchAction","target":{"@type":"EntryPoint","urlTemplate":"https:\/\/www.noticiasradioreflejos.com.ar\/2021\/?s={search_term_string}"},"query-input":{"@type":"PropertyValueSpecification","valueRequired":true,"valueName":"search_term_string"}}],"inLanguage":"es"},{"@type":"Person","@id":"https:\/\/www.noticiasradioreflejos.com.ar\/2021\/#\/schema\/person\/ad82545263dcc5ec0996818884fd5fb1","name":"Arnaldo Botto","image":{"@type":"ImageObject","inLanguage":"es","@id":"https:\/\/www.noticiasradioreflejos.com.ar\/2021\/#\/schema\/person\/image\/","url":"https:\/\/secure.gravatar.com\/avatar\/55cb5e37c1efa326397366e6974cb338056df65cb50e7d64d1cf314e87504837?s=96&d=mm&r=g","contentUrl":"https:\/\/secure.gravatar.com\/avatar\/55cb5e37c1efa326397366e6974cb338056df65cb50e7d64d1cf314e87504837?s=96&d=mm&r=g","caption":"Arnaldo Botto"},"url":"https:\/\/www.noticiasradioreflejos.com.ar\/2021\/author\/arnaldo\/"}]}},"_links":{"self":[{"href":"https:\/\/www.noticiasradioreflejos.com.ar\/2021\/wp-json\/wp\/v2\/posts\/81300","targetHints":{"allow":["GET"]}}],"collection":[{"href":"https:\/\/www.noticiasradioreflejos.com.ar\/2021\/wp-json\/wp\/v2\/posts"}],"about":[{"href":"https:\/\/www.noticiasradioreflejos.com.ar\/2021\/wp-json\/wp\/v2\/types\/post"}],"author":[{"embeddable":true,"href":"https:\/\/www.noticiasradioreflejos.com.ar\/2021\/wp-json\/wp\/v2\/users\/3"}],"replies":[{"embeddable":true,"href":"https:\/\/www.noticiasradioreflejos.com.ar\/2021\/wp-json\/wp\/v2\/comments?post=81300"}],"version-history":[{"count":1,"href":"https:\/\/www.noticiasradioreflejos.com.ar\/2021\/wp-json\/wp\/v2\/posts\/81300\/revisions"}],"predecessor-version":[{"id":81302,"href":"https:\/\/www.noticiasradioreflejos.com.ar\/2021\/wp-json\/wp\/v2\/posts\/81300\/revisions\/81302"}],"wp:featuredmedia":[{"embeddable":true,"href":"https:\/\/www.noticiasradioreflejos.com.ar\/2021\/wp-json\/wp\/v2\/media\/81301"}],"wp:attachment":[{"href":"https:\/\/www.noticiasradioreflejos.com.ar\/2021\/wp-json\/wp\/v2\/media?parent=81300"}],"wp:term":[{"taxonomy":"category","embeddable":true,"href":"https:\/\/www.noticiasradioreflejos.com.ar\/2021\/wp-json\/wp\/v2\/categories?post=81300"},{"taxonomy":"post_tag","embeddable":true,"href":"https:\/\/www.noticiasradioreflejos.com.ar\/2021\/wp-json\/wp\/v2\/tags?post=81300"}],"curies":[{"name":"wp","href":"https:\/\/api.w.org\/{rel}","templated":true}]}}