{"id":81294,"date":"2022-12-12T20:43:15","date_gmt":"2022-12-12T20:43:15","guid":{"rendered":"http:\/\/www.noticiasradioreflejos.com.ar\/2021\/?p=81294"},"modified":"2022-12-12T20:43:15","modified_gmt":"2022-12-12T20:43:15","slug":"con-di-maria-y-de-paul-argentina-completo-la-ultima-practica-antes-de-la-semifinal","status":"publish","type":"post","link":"https:\/\/www.noticiasradioreflejos.com.ar\/2021\/con-di-maria-y-de-paul-argentina-completo-la-ultima-practica-antes-de-la-semifinal\/","title":{"rendered":"Con Di Mar\u00eda y De Paul, Argentina complet\u00f3 la \u00faltima pr\u00e1ctica antes de la semifinal"},"content":{"rendered":"<p>El volante del Sevilla, que arrastra un esguince, realiz\u00f3 trabajos de kinesiolog\u00eda. Di Mar\u00eda y De Paul trabajaron a la par del resto de los jugadores.<!--more--><\/p>\n<figure class=\"mb-3\"><img decoding=\"async\" src=\"https:\/\/www.telam.com.ar\/thumbs\/bluesteel\/advf\/imagenes\/2022\/12\/63975b5de7b4c.12.2022%20%20foto%20maximiliano%20luna_1200.jpg\" alt=\"Foto Maximiliano Luna enviado especial\" width=\"100%\" height=\"100%\" \/><\/p>\n<div class=\"media-icons\"><\/div><figcaption>Foto: Maximiliano Luna, enviado especial.<\/figcaption><\/figure>\n<p>El plantel del seleccionado argentino complet\u00f3 la \u00faltima pr\u00e1ctica previa al partido de este martes ante Croacia por la semifinal del Mundial, con \u00c1ngel Di Mar\u00eda y Rodrigo De Paul a la par del grupo pero sin Alejandro \u00abPapu\u00bb G\u00f3mez, quien fue el \u00fanico que trabaj\u00f3 diferenciado.<\/p>\n<p>En el inicio del entrenamiento en la Universidad de Qatar, \u00c1ngel Di Mar\u00eda y Rodrigo De Paul hicieron los primeros trabajos f\u00edsicos a la par de sus compa\u00f1eros durante los quince minutos que fueron abiertos a la prensa.<\/p>\n<p>Luego de\u00a0<a href=\"http:\/\/www.telam.com.ar\/notas\/202212\/613894-scaloni-di-maria.html\" target=\"_blank\" rel=\"noopener\">la conferencia de prensa que brind\u00f3 en el Centro de Medios de Doha<\/a>, Lionel Scaloni encabez\u00f3 la \u00faltima pr\u00e1ctica y realiz\u00f3 las \u00faltimas pruebas para definir el equipo que enfrentar\u00e1 a Croacia.<\/p>\n<figure class=\"mb-3\"><img decoding=\"async\" src=\"https:\/\/www.telam.com.ar\/thumbs\/bluesteel\/advf\/imagenes\/2022\/12\/63975b5dcf258.12.2022%20foto%20maximiliano%20luna_1200.jpg\" alt=\"Foto Maximiliano Luna enviado especial\" width=\"100%\" height=\"100%\" \/><\/p>\n<div class=\"media-icons\"><\/div><figcaption>Foto: Maximiliano Luna, enviado especial.<\/figcaption><\/figure>\n<p><strong>El \u00fanico que se entren\u00f3 diferenciado fue Alejandro \u00abPapu\u00bb G\u00f3mez, quien se movi\u00f3 junto a uno de los kinesi\u00f3logos en la cancha donde estaban los arqueros<\/strong>\u00a0Emiliano Mart\u00ednez, Franco Armani, Ger\u00f3nimo Rulli y el juvenil Federico Gomes Gerth.<\/p>\n<p>El jugador de Sevilla todav\u00eda no est\u00e1 completamente recuperado del esguince en el tobillo izquierdo que sufri\u00f3 durante el partido ante Australia.<\/p>\n<p>Luego de dos d\u00edas de recuperaci\u00f3n y poca exigencia tras disputar 120 minutos ante Pa\u00edses Bajos en cuartos de final,\u00a0<strong>el cuerpo t\u00e9cnico dispuso<\/strong>, ya a puertas cerradas,\u00a0<strong>unos trabajos t\u00e1cticos en defensa y ataque en los que dej\u00f3 algunos indicios de lo que pretende del equipo para este martes.<\/strong><\/p>\n<p>La primera certeza es que Nicol\u00e1s Tagliafico ingresar\u00e1 por el suspendido Marcos Acu\u00f1a, quien se perder\u00e1 el partido por dos tarjetas amarillas como Gonzalo Montiel.<\/p>\n<p>La segunda es que\u00a0<strong>seguramente desarmar\u00e1 la l\u00ednea de cinco que utiliz\u00f3 ante Pa\u00edses Bajos con la salida del equipo de Lisandro Mart\u00ednez<\/strong>\u00a0pero resta resolver quien lo reemplazar\u00e1.<\/p>\n<figure class=\"mb-3\"><img decoding=\"async\" src=\"https:\/\/www.telam.com.ar\/thumbs\/bluesteel\/advf\/imagenes\/2022\/12\/63975b5db10d6.12.2022%20foto%20maximiliano%20luna_1200.jpg\" alt=\"Foto Maximiliano Luna enviado especial\" width=\"100%\" height=\"100%\" \/><\/p>\n<div class=\"media-icons\"><\/div><figcaption>Foto: Maximiliano Luna, enviado especial.<\/figcaption><\/figure>\n<p><strong>Si juega \u00abFideo\u00bb, la formaci\u00f3n volver\u00e1 al tradicional esquema de cuatro defensores, tres volantes y tres delanteros<\/strong>\u00a0con el rosarino como extremo por preferentemente por la derecha.<\/p>\n<p>La otra variante es el ingreso de Leandro Paredes por Lisandro Mart\u00ednez y armar un mediocampo con cuatro jugadores para contrarrestar el sector m\u00e1s valioso del equipo croata por la presencia de Luka Modric, Marcelo Brozovic y Mateo Kovacic.<\/p>\n<p>Argentina y Croacia se enfrentar\u00e1n desde las 16 en el Estadio Lusail, con\u00a0<a href=\"https:\/\/www.telam.com.ar\/notas\/202212\/613874-italiano-daniele-orsato-arbitro-argentina-croacia-semifinales-qatar-2022.html\" target=\"_blank\" rel=\"noopener\">arbitraje del italiano Daniele Orsato<\/a>, el mismo que estuvo a cargo del segundo partido de la \u00abAlbiceleste\u00bb en el Mundial, que fue victoria por 2-0 ante M\u00e9xico.<\/p>\n","protected":false},"excerpt":{"rendered":"<p>El volante del Sevilla, que arrastra un esguince, realiz\u00f3 trabajos de kinesiolog\u00eda. Di Mar\u00eda y De Paul trabajaron a la par del resto de los jugadores.<\/p>\n","protected":false},"author":3,"featured_media":0,"comment_status":"closed","ping_status":"closed","sticky":false,"template":"","format":"standard","meta":{"footnotes":""},"categories":[27],"tags":[],"class_list":["post-81294","post","type-post","status-publish","format-standard","hentry","category-deportes"],"yoast_head":"<!-- This site is optimized with the Yoast SEO plugin v25.9 - https:\/\/yoast.com\/wordpress\/plugins\/seo\/ -->\n<title>Con Di Mar\u00eda y De Paul, Argentina complet\u00f3 la \u00faltima pr\u00e1ctica antes de la semifinal - Noticias Radio Reflejos<\/title>\n<meta name=\"robots\" content=\"index, follow, max-snippet:-1, max-image-preview:large, max-video-preview:-1\" \/>\n<link rel=\"canonical\" href=\"https:\/\/www.noticiasradioreflejos.com.ar\/2021\/con-di-maria-y-de-paul-argentina-completo-la-ultima-practica-antes-de-la-semifinal\/\" \/>\n<meta property=\"og:locale\" content=\"es_ES\" \/>\n<meta property=\"og:type\" content=\"article\" \/>\n<meta property=\"og:title\" content=\"Con Di Mar\u00eda y De Paul, Argentina complet\u00f3 la \u00faltima pr\u00e1ctica antes de la semifinal - Noticias Radio Reflejos\" \/>\n<meta property=\"og:description\" content=\"El volante del Sevilla, que arrastra un esguince, realiz\u00f3 trabajos de kinesiolog\u00eda. Di Mar\u00eda y De Paul trabajaron a la par del resto de los jugadores.\" \/>\n<meta property=\"og:url\" content=\"https:\/\/www.noticiasradioreflejos.com.ar\/2021\/con-di-maria-y-de-paul-argentina-completo-la-ultima-practica-antes-de-la-semifinal\/\" \/>\n<meta property=\"og:site_name\" content=\"Noticias Radio Reflejos\" \/>\n<meta property=\"article:published_time\" content=\"2022-12-12T20:43:15+00:00\" \/>\n<meta property=\"og:image\" content=\"https:\/\/www.telam.com.ar\/thumbs\/bluesteel\/advf\/imagenes\/2022\/12\/63975b5de7b4c.12.2022%20%20foto%20maximiliano%20luna_1200.jpg\" \/>\n<meta name=\"author\" content=\"Arnaldo Botto\" \/>\n<meta name=\"twitter:card\" content=\"summary_large_image\" \/>\n<script type=\"application\/ld+json\" class=\"yoast-schema-graph\">{\"@context\":\"https:\/\/schema.org\",\"@graph\":[{\"@type\":\"WebPage\",\"@id\":\"https:\/\/www.noticiasradioreflejos.com.ar\/2021\/con-di-maria-y-de-paul-argentina-completo-la-ultima-practica-antes-de-la-semifinal\/\",\"url\":\"https:\/\/www.noticiasradioreflejos.com.ar\/2021\/con-di-maria-y-de-paul-argentina-completo-la-ultima-practica-antes-de-la-semifinal\/\",\"name\":\"Con Di Mar\u00eda y De Paul, Argentina complet\u00f3 la \u00faltima pr\u00e1ctica antes de la semifinal - Noticias Radio Reflejos\",\"isPartOf\":{\"@id\":\"https:\/\/www.noticiasradioreflejos.com.ar\/2021\/#website\"},\"primaryImageOfPage\":{\"@id\":\"https:\/\/www.noticiasradioreflejos.com.ar\/2021\/con-di-maria-y-de-paul-argentina-completo-la-ultima-practica-antes-de-la-semifinal\/#primaryimage\"},\"image\":{\"@id\":\"https:\/\/www.noticiasradioreflejos.com.ar\/2021\/con-di-maria-y-de-paul-argentina-completo-la-ultima-practica-antes-de-la-semifinal\/#primaryimage\"},\"thumbnailUrl\":\"https:\/\/www.telam.com.ar\/thumbs\/bluesteel\/advf\/imagenes\/2022\/12\/63975b5de7b4c.12.2022%20%20foto%20maximiliano%20luna_1200.jpg\",\"datePublished\":\"2022-12-12T20:43:15+00:00\",\"author\":{\"@id\":\"https:\/\/www.noticiasradioreflejos.com.ar\/2021\/#\/schema\/person\/ad82545263dcc5ec0996818884fd5fb1\"},\"breadcrumb\":{\"@id\":\"https:\/\/www.noticiasradioreflejos.com.ar\/2021\/con-di-maria-y-de-paul-argentina-completo-la-ultima-practica-antes-de-la-semifinal\/#breadcrumb\"},\"inLanguage\":\"es\",\"potentialAction\":[{\"@type\":\"ReadAction\",\"target\":[\"https:\/\/www.noticiasradioreflejos.com.ar\/2021\/con-di-maria-y-de-paul-argentina-completo-la-ultima-practica-antes-de-la-semifinal\/\"]}]},{\"@type\":\"ImageObject\",\"inLanguage\":\"es\",\"@id\":\"https:\/\/www.noticiasradioreflejos.com.ar\/2021\/con-di-maria-y-de-paul-argentina-completo-la-ultima-practica-antes-de-la-semifinal\/#primaryimage\",\"url\":\"https:\/\/www.telam.com.ar\/thumbs\/bluesteel\/advf\/imagenes\/2022\/12\/63975b5de7b4c.12.2022%20%20foto%20maximiliano%20luna_1200.jpg\",\"contentUrl\":\"https:\/\/www.telam.com.ar\/thumbs\/bluesteel\/advf\/imagenes\/2022\/12\/63975b5de7b4c.12.2022%20%20foto%20maximiliano%20luna_1200.jpg\"},{\"@type\":\"BreadcrumbList\",\"@id\":\"https:\/\/www.noticiasradioreflejos.com.ar\/2021\/con-di-maria-y-de-paul-argentina-completo-la-ultima-practica-antes-de-la-semifinal\/#breadcrumb\",\"itemListElement\":[{\"@type\":\"ListItem\",\"position\":1,\"name\":\"Portada\",\"item\":\"https:\/\/www.noticiasradioreflejos.com.ar\/2021\/\"},{\"@type\":\"ListItem\",\"position\":2,\"name\":\"Con Di Mar\u00eda y De Paul, Argentina complet\u00f3 la \u00faltima pr\u00e1ctica antes de la semifinal\"}]},{\"@type\":\"WebSite\",\"@id\":\"https:\/\/www.noticiasradioreflejos.com.ar\/2021\/#website\",\"url\":\"https:\/\/www.noticiasradioreflejos.com.ar\/2021\/\",\"name\":\"Noticias Radio Reflejos\",\"description\":\"Las noticias de mi comarca\",\"potentialAction\":[{\"@type\":\"SearchAction\",\"target\":{\"@type\":\"EntryPoint\",\"urlTemplate\":\"https:\/\/www.noticiasradioreflejos.com.ar\/2021\/?s={search_term_string}\"},\"query-input\":{\"@type\":\"PropertyValueSpecification\",\"valueRequired\":true,\"valueName\":\"search_term_string\"}}],\"inLanguage\":\"es\"},{\"@type\":\"Person\",\"@id\":\"https:\/\/www.noticiasradioreflejos.com.ar\/2021\/#\/schema\/person\/ad82545263dcc5ec0996818884fd5fb1\",\"name\":\"Arnaldo Botto\",\"image\":{\"@type\":\"ImageObject\",\"inLanguage\":\"es\",\"@id\":\"https:\/\/www.noticiasradioreflejos.com.ar\/2021\/#\/schema\/person\/image\/\",\"url\":\"https:\/\/secure.gravatar.com\/avatar\/55cb5e37c1efa326397366e6974cb338056df65cb50e7d64d1cf314e87504837?s=96&d=mm&r=g\",\"contentUrl\":\"https:\/\/secure.gravatar.com\/avatar\/55cb5e37c1efa326397366e6974cb338056df65cb50e7d64d1cf314e87504837?s=96&d=mm&r=g\",\"caption\":\"Arnaldo Botto\"},\"url\":\"https:\/\/www.noticiasradioreflejos.com.ar\/2021\/author\/arnaldo\/\"}]}<\/script>\n<!-- \/ Yoast SEO plugin. -->","yoast_head_json":{"title":"Con Di Mar\u00eda y De Paul, Argentina complet\u00f3 la \u00faltima pr\u00e1ctica antes de la semifinal - Noticias Radio Reflejos","robots":{"index":"index","follow":"follow","max-snippet":"max-snippet:-1","max-image-preview":"max-image-preview:large","max-video-preview":"max-video-preview:-1"},"canonical":"https:\/\/www.noticiasradioreflejos.com.ar\/2021\/con-di-maria-y-de-paul-argentina-completo-la-ultima-practica-antes-de-la-semifinal\/","og_locale":"es_ES","og_type":"article","og_title":"Con Di Mar\u00eda y De Paul, Argentina complet\u00f3 la \u00faltima pr\u00e1ctica antes de la semifinal - Noticias Radio Reflejos","og_description":"El volante del Sevilla, que arrastra un esguince, realiz\u00f3 trabajos de kinesiolog\u00eda. Di Mar\u00eda y De Paul trabajaron a la par del resto de los jugadores.","og_url":"https:\/\/www.noticiasradioreflejos.com.ar\/2021\/con-di-maria-y-de-paul-argentina-completo-la-ultima-practica-antes-de-la-semifinal\/","og_site_name":"Noticias Radio Reflejos","article_published_time":"2022-12-12T20:43:15+00:00","og_image":[{"url":"https:\/\/www.telam.com.ar\/thumbs\/bluesteel\/advf\/imagenes\/2022\/12\/63975b5de7b4c.12.2022%20%20foto%20maximiliano%20luna_1200.jpg","type":"","width":"","height":""}],"author":"Arnaldo Botto","twitter_card":"summary_large_image","schema":{"@context":"https:\/\/schema.org","@graph":[{"@type":"WebPage","@id":"https:\/\/www.noticiasradioreflejos.com.ar\/2021\/con-di-maria-y-de-paul-argentina-completo-la-ultima-practica-antes-de-la-semifinal\/","url":"https:\/\/www.noticiasradioreflejos.com.ar\/2021\/con-di-maria-y-de-paul-argentina-completo-la-ultima-practica-antes-de-la-semifinal\/","name":"Con Di Mar\u00eda y De Paul, Argentina complet\u00f3 la \u00faltima pr\u00e1ctica antes de la semifinal - Noticias Radio Reflejos","isPartOf":{"@id":"https:\/\/www.noticiasradioreflejos.com.ar\/2021\/#website"},"primaryImageOfPage":{"@id":"https:\/\/www.noticiasradioreflejos.com.ar\/2021\/con-di-maria-y-de-paul-argentina-completo-la-ultima-practica-antes-de-la-semifinal\/#primaryimage"},"image":{"@id":"https:\/\/www.noticiasradioreflejos.com.ar\/2021\/con-di-maria-y-de-paul-argentina-completo-la-ultima-practica-antes-de-la-semifinal\/#primaryimage"},"thumbnailUrl":"https:\/\/www.telam.com.ar\/thumbs\/bluesteel\/advf\/imagenes\/2022\/12\/63975b5de7b4c.12.2022%20%20foto%20maximiliano%20luna_1200.jpg","datePublished":"2022-12-12T20:43:15+00:00","author":{"@id":"https:\/\/www.noticiasradioreflejos.com.ar\/2021\/#\/schema\/person\/ad82545263dcc5ec0996818884fd5fb1"},"breadcrumb":{"@id":"https:\/\/www.noticiasradioreflejos.com.ar\/2021\/con-di-maria-y-de-paul-argentina-completo-la-ultima-practica-antes-de-la-semifinal\/#breadcrumb"},"inLanguage":"es","potentialAction":[{"@type":"ReadAction","target":["https:\/\/www.noticiasradioreflejos.com.ar\/2021\/con-di-maria-y-de-paul-argentina-completo-la-ultima-practica-antes-de-la-semifinal\/"]}]},{"@type":"ImageObject","inLanguage":"es","@id":"https:\/\/www.noticiasradioreflejos.com.ar\/2021\/con-di-maria-y-de-paul-argentina-completo-la-ultima-practica-antes-de-la-semifinal\/#primaryimage","url":"https:\/\/www.telam.com.ar\/thumbs\/bluesteel\/advf\/imagenes\/2022\/12\/63975b5de7b4c.12.2022%20%20foto%20maximiliano%20luna_1200.jpg","contentUrl":"https:\/\/www.telam.com.ar\/thumbs\/bluesteel\/advf\/imagenes\/2022\/12\/63975b5de7b4c.12.2022%20%20foto%20maximiliano%20luna_1200.jpg"},{"@type":"BreadcrumbList","@id":"https:\/\/www.noticiasradioreflejos.com.ar\/2021\/con-di-maria-y-de-paul-argentina-completo-la-ultima-practica-antes-de-la-semifinal\/#breadcrumb","itemListElement":[{"@type":"ListItem","position":1,"name":"Portada","item":"https:\/\/www.noticiasradioreflejos.com.ar\/2021\/"},{"@type":"ListItem","position":2,"name":"Con Di Mar\u00eda y De Paul, Argentina complet\u00f3 la \u00faltima pr\u00e1ctica antes de la semifinal"}]},{"@type":"WebSite","@id":"https:\/\/www.noticiasradioreflejos.com.ar\/2021\/#website","url":"https:\/\/www.noticiasradioreflejos.com.ar\/2021\/","name":"Noticias Radio Reflejos","description":"Las noticias de mi comarca","potentialAction":[{"@type":"SearchAction","target":{"@type":"EntryPoint","urlTemplate":"https:\/\/www.noticiasradioreflejos.com.ar\/2021\/?s={search_term_string}"},"query-input":{"@type":"PropertyValueSpecification","valueRequired":true,"valueName":"search_term_string"}}],"inLanguage":"es"},{"@type":"Person","@id":"https:\/\/www.noticiasradioreflejos.com.ar\/2021\/#\/schema\/person\/ad82545263dcc5ec0996818884fd5fb1","name":"Arnaldo Botto","image":{"@type":"ImageObject","inLanguage":"es","@id":"https:\/\/www.noticiasradioreflejos.com.ar\/2021\/#\/schema\/person\/image\/","url":"https:\/\/secure.gravatar.com\/avatar\/55cb5e37c1efa326397366e6974cb338056df65cb50e7d64d1cf314e87504837?s=96&d=mm&r=g","contentUrl":"https:\/\/secure.gravatar.com\/avatar\/55cb5e37c1efa326397366e6974cb338056df65cb50e7d64d1cf314e87504837?s=96&d=mm&r=g","caption":"Arnaldo Botto"},"url":"https:\/\/www.noticiasradioreflejos.com.ar\/2021\/author\/arnaldo\/"}]}},"_links":{"self":[{"href":"https:\/\/www.noticiasradioreflejos.com.ar\/2021\/wp-json\/wp\/v2\/posts\/81294","targetHints":{"allow":["GET"]}}],"collection":[{"href":"https:\/\/www.noticiasradioreflejos.com.ar\/2021\/wp-json\/wp\/v2\/posts"}],"about":[{"href":"https:\/\/www.noticiasradioreflejos.com.ar\/2021\/wp-json\/wp\/v2\/types\/post"}],"author":[{"embeddable":true,"href":"https:\/\/www.noticiasradioreflejos.com.ar\/2021\/wp-json\/wp\/v2\/users\/3"}],"replies":[{"embeddable":true,"href":"https:\/\/www.noticiasradioreflejos.com.ar\/2021\/wp-json\/wp\/v2\/comments?post=81294"}],"version-history":[{"count":1,"href":"https:\/\/www.noticiasradioreflejos.com.ar\/2021\/wp-json\/wp\/v2\/posts\/81294\/revisions"}],"predecessor-version":[{"id":81296,"href":"https:\/\/www.noticiasradioreflejos.com.ar\/2021\/wp-json\/wp\/v2\/posts\/81294\/revisions\/81296"}],"wp:attachment":[{"href":"https:\/\/www.noticiasradioreflejos.com.ar\/2021\/wp-json\/wp\/v2\/media?parent=81294"}],"wp:term":[{"taxonomy":"category","embeddable":true,"href":"https:\/\/www.noticiasradioreflejos.com.ar\/2021\/wp-json\/wp\/v2\/categories?post=81294"},{"taxonomy":"post_tag","embeddable":true,"href":"https:\/\/www.noticiasradioreflejos.com.ar\/2021\/wp-json\/wp\/v2\/tags?post=81294"}],"curies":[{"name":"wp","href":"https:\/\/api.w.org\/{rel}","templated":true}]}}